{"id":150,"date":"2021-01-18T11:18:49","date_gmt":"2021-01-18T10:18:49","guid":{"rendered":"https:\/\/www.diocese-limoges.fr\/creuse\/?p=150"},"modified":"2021-01-18T12:37:59","modified_gmt":"2021-01-18T11:37:59","slug":"semaine-de-priere-pour-lunite-des-chretiens","status":"publish","type":"post","link":"https:\/\/www.diocese-limoges.fr\/creuse\/actualites\/semaine-de-priere-pour-lunite-des-chretiens\/","title":{"rendered":"Semaine de pri\u00e8re pour l\u2019unit\u00e9 des chr\u00e9tiens"},"content":{"rendered":"\n<p class=\"has-normal-font-size\">Chaque ann\u00e9e, fin janvier, a lieu la Semaine de pri\u00e8re pour l\u2019unit\u00e9 des chr\u00e9tiens. <br>Elle est pr\u00e9par\u00e9e pour 2021 par la Communaut\u00e9 de Grandchamp en Suisse sur le th\u00e8me \u00ab Demeurez dans mon amour \u00bb ( Jn 15,9).<br>Un feuillet de pri\u00e8re que vous trouverez<a href=\"https:\/\/www.diocese-limoges.fr\/creuse\/wp-content\/uploads\/sites\/3\/2021\/01\/2021-reflexions-bibliques.pdf\" target=\"_blank\" rel=\"noreferrer noopener\"><strong> ici<\/strong><\/a> reprend et commente verset par verset le texte de l\u2019\u00c9vangile de J\u00e9sus-Christ selon saint Jean, pour chaque jour, du 18 au 25 janvier 2021.<br><\/p>\n\n\n\n<p class=\"has-text-align-center has-vivid-red-color has-text-color\"><strong>Proposition pour le Lundi 18 janvier 2021<\/strong><\/p>\n\n\n\n<p class=\"has-text-align-center has-black-color has-text-color\"><strong>Appel\u00e9s par Dieu<\/strong><br>Jean 15,16<br>\u00ab Ce n\u2019est pas vous qui m\u2019avez choisi,<br>c\u2019est moi qui vous ai choisis \u00bb.<\/p>\n\n\n\n<p><\/p>\n\n\n\n<h5 class=\"alignwide has-text-align-center has-vivid-red-color has-text-color wp-block-heading\">M\u00e9ditation__________________________<\/h5>\n\n\n\n<p class=\"has-text-align-center\">Dieu dans son amour nous cherche. Il s\u2019est fait homme en J\u00e9sus en qui nous rencontrons son regard.<br>Dans nos vies, comme dans l\u2019\u00c9vangile de Jean, l\u2019appel de Dieu se fait entendre de diff\u00e9rentes mani\u00e8res. <br>Touch\u00e9s par son amour, nous nous mettons en route. Dans cette rencontre un chemin de transformation se vit. <br>D\u00e9but lumineux d\u2019une relation d\u2019amour toujours \u00e0 reprendre.<br>\u00ab Un jour, tu as compris qu\u2019\u00e0 ton insu un oui \u00e9tait d\u00e9j\u00e0 grav\u00e9 au tr\u00e9fonds de ton \u00eatre. <br>Et tu as choisi d\u2019avancer \u00e0 la suite du Christ. En silence, en pr\u00e9sence du Christ, tu<br>as saisi sa parole : \u201cViens et suis moi, je te donnerai o\u00f9 reposer ton coeur\u201d \u00bb. Taiz\u00e9 *.<br><\/p>\n\n\n\n<h5 class=\"has-text-align-center has-vivid-red-color has-text-color wp-block-heading\">Pri\u00e8re___________________________<\/h5>\n\n\n\n<p class=\"has-text-align-center\">J\u00e9sus le Christ, tu nous cherches,<br>tu d\u00e9sires nous offrir ton amiti\u00e9 et<br>nous conduire dans une vie toujours<br>plus pleine. Donne-nous la<br>confiance pour r\u00e9pondre \u00e0 ton<br>appel. Ainsi, tu transformeras ce<br>qui en nous est trouble et nous<br>deviendrons t\u00e9moins de ta tendresse<br>pour notre monde.<\/p>\n\n\n\n<p class=\"has-text-align-center\"><em>Les citations \u00ab Taiz\u00e9 \u00bb sont tir\u00e9es du livre du fr\u00e8re Roger :<\/em> <em>Les \u00c9crits fondateurs, Dieu nous veut heureux, Taiz\u00e9, Presses de Taiz\u00e9, 2011.<\/em><\/p>\n","protected":false},"excerpt":{"rendered":"<p>Chaque ann\u00e9e, fin janvier, a lieu la Semaine de pri\u00e8re pour l\u2019unit\u00e9 des chr\u00e9tiens. Elle est pr\u00e9par\u00e9e pour 2021 par la Communaut\u00e9 de Grandchamp en Suisse sur le th\u00e8me \u00ab Demeurez dans mon amour \u00bb ( Jn 15,9).Un feuillet de pri\u00e8re que vous trouverez ici reprend et commente verset par verset le texte de l\u2019\u00c9vangile [&hellip;]<\/p>\n","protected":false},"author":43,"featured_media":159,"comment_status":"closed","ping_status":"open","sticky":false,"template":"","format":"standard","meta":{"_acf_changed":false,"footnotes":""},"categories":[1,3],"tags":[10],"class_list":["post-150","post","type-post","status-publish","format-standard","has-post-thumbnail","hentry","category-actualites","category-saint-jacques","tag-unite-des-chretiens"],"acf":[],"yoast_head":"<!-- This site is optimized with the Yoast SEO plugin v26.4 - https:\/\/yoast.com\/wordpress\/plugins\/seo\/ -->\n<title>Semaine de pri\u00e8re pour l\u2019unit\u00e9 des chr\u00e9tiens - Doyenn\u00e9s de la Creuse<\/title>\n<meta name=\"description\" content=\"Chaque ann\u00e9e, fin janvier, a lieu la Semaine de pri\u00e8re pour l\u2019unit\u00e9 des chr\u00e9tiens. Elle est pr\u00e9par\u00e9e pour 2021 sur le th\u00e8me \u00ab Demeurez dans mon amour \u00bb ( Jn 15,9).Un feuillet de pri\u00e8re reprend et commente verset par verset le texte de l\u2019\u00c9vangile de J\u00e9sus-Christ selon saint Jean, pour chaque jour, du 18 au 25 janvier 2021.\" \/>\n<meta name=\"robots\" content=\"index, follow, max-snippet:-1, max-image-preview:large, max-video-preview:-1\" \/>\n<link rel=\"canonical\" href=\"https:\/\/www.diocese-limoges.fr\/creuse\/actualites\/semaine-de-priere-pour-lunite-des-chretiens\/\" \/>\n<meta property=\"og:locale\" content=\"fr_FR\" \/>\n<meta property=\"og:type\" content=\"article\" \/>\n<meta property=\"og:title\" content=\"Semaine de pri\u00e8re pour l\u2019unit\u00e9 des chr\u00e9tiens - Doyenn\u00e9s de la Creuse\" \/>\n<meta property=\"og:description\" content=\"Chaque ann\u00e9e, fin janvier, a lieu la Semaine de pri\u00e8re pour l\u2019unit\u00e9 des chr\u00e9tiens. Elle est pr\u00e9par\u00e9e pour 2021 sur le th\u00e8me \u00ab Demeurez dans mon amour \u00bb ( Jn 15,9).Un feuillet de pri\u00e8re reprend et commente verset par verset le texte de l\u2019\u00c9vangile de J\u00e9sus-Christ selon saint Jean, pour chaque jour, du 18 au 25 janvier 2021.\" \/>\n<meta property=\"og:url\" content=\"https:\/\/www.diocese-limoges.fr\/creuse\/actualites\/semaine-de-priere-pour-lunite-des-chretiens\/\" \/>\n<meta property=\"og:site_name\" content=\"Doyenn\u00e9s de la Creuse\" \/>\n<meta property=\"article:published_time\" content=\"2021-01-18T10:18:49+00:00\" \/>\n<meta property=\"article:modified_time\" content=\"2021-01-18T11:37:59+00:00\" \/>\n<meta property=\"og:image\" content=\"https:\/\/www.diocese-limoges.fr\/creuse\/wp-content\/uploads\/sites\/3\/2021\/01\/unite-des-chretiens.png\" \/>\n\t<meta property=\"og:image:width\" content=\"501\" \/>\n\t<meta property=\"og:image:height\" content=\"718\" \/>\n\t<meta property=\"og:image:type\" content=\"image\/png\" \/>\n<meta name=\"author\" content=\"saintjacques\" \/>\n<meta name=\"twitter:card\" content=\"summary_large_image\" \/>\n<meta name=\"twitter:label1\" content=\"\u00c9crit par\" \/>\n\t<meta name=\"twitter:data1\" content=\"saintjacques\" \/>\n\t<meta name=\"twitter:label2\" content=\"Dur\u00e9e de lecture estim\u00e9e\" \/>\n\t<meta name=\"twitter:data2\" content=\"1 minute\" \/>\n<script type=\"application\/ld+json\" class=\"yoast-schema-graph\">{\"@context\":\"https:\/\/schema.org\",\"@graph\":[{\"@type\":\"WebPage\",\"@id\":\"https:\/\/www.diocese-limoges.fr\/creuse\/actualites\/semaine-de-priere-pour-lunite-des-chretiens\/\",\"url\":\"https:\/\/www.diocese-limoges.fr\/creuse\/actualites\/semaine-de-priere-pour-lunite-des-chretiens\/\",\"name\":\"Semaine de pri\u00e8re pour l\u2019unit\u00e9 des chr\u00e9tiens - Doyenn\u00e9s de la Creuse\",\"isPartOf\":{\"@id\":\"https:\/\/www.diocese-limoges.fr\/creuse\/#website\"},\"primaryImageOfPage\":{\"@id\":\"https:\/\/www.diocese-limoges.fr\/creuse\/actualites\/semaine-de-priere-pour-lunite-des-chretiens\/#primaryimage\"},\"image\":{\"@id\":\"https:\/\/www.diocese-limoges.fr\/creuse\/actualites\/semaine-de-priere-pour-lunite-des-chretiens\/#primaryimage\"},\"thumbnailUrl\":\"https:\/\/www.diocese-limoges.fr\/creuse\/wp-content\/uploads\/sites\/3\/2021\/01\/unite-des-chretiens.png\",\"datePublished\":\"2021-01-18T10:18:49+00:00\",\"dateModified\":\"2021-01-18T11:37:59+00:00\",\"author\":{\"@id\":\"https:\/\/www.diocese-limoges.fr\/creuse\/#\/schema\/person\/3ad77524b5a0aac842e8a0962743b8be\"},\"description\":\"Chaque ann\u00e9e, fin janvier, a lieu la Semaine de pri\u00e8re pour l\u2019unit\u00e9 des chr\u00e9tiens. Elle est pr\u00e9par\u00e9e pour 2021 sur le th\u00e8me \u00ab Demeurez dans mon amour \u00bb ( Jn 15,9).Un feuillet de pri\u00e8re reprend et commente verset par verset le texte de l\u2019\u00c9vangile de J\u00e9sus-Christ selon saint Jean, pour chaque jour, du 18 au 25 janvier 2021.\",\"breadcrumb\":{\"@id\":\"https:\/\/www.diocese-limoges.fr\/creuse\/actualites\/semaine-de-priere-pour-lunite-des-chretiens\/#breadcrumb\"},\"inLanguage\":\"fr-FR\",\"potentialAction\":[{\"@type\":\"ReadAction\",\"target\":[\"https:\/\/www.diocese-limoges.fr\/creuse\/actualites\/semaine-de-priere-pour-lunite-des-chretiens\/\"]}]},{\"@type\":\"ImageObject\",\"inLanguage\":\"fr-FR\",\"@id\":\"https:\/\/www.diocese-limoges.fr\/creuse\/actualites\/semaine-de-priere-pour-lunite-des-chretiens\/#primaryimage\",\"url\":\"https:\/\/www.diocese-limoges.fr\/creuse\/wp-content\/uploads\/sites\/3\/2021\/01\/unite-des-chretiens.png\",\"contentUrl\":\"https:\/\/www.diocese-limoges.fr\/creuse\/wp-content\/uploads\/sites\/3\/2021\/01\/unite-des-chretiens.png\",\"width\":501,\"height\":718},{\"@type\":\"BreadcrumbList\",\"@id\":\"https:\/\/www.diocese-limoges.fr\/creuse\/actualites\/semaine-de-priere-pour-lunite-des-chretiens\/#breadcrumb\",\"itemListElement\":[{\"@type\":\"ListItem\",\"position\":1,\"name\":\"Accueil\",\"item\":\"https:\/\/www.diocese-limoges.fr\/creuse\/\"},{\"@type\":\"ListItem\",\"position\":2,\"name\":\"Semaine de pri\u00e8re pour l\u2019unit\u00e9 des chr\u00e9tiens\"}]},{\"@type\":\"WebSite\",\"@id\":\"https:\/\/www.diocese-limoges.fr\/creuse\/#website\",\"url\":\"https:\/\/www.diocese-limoges.fr\/creuse\/\",\"name\":\"Doyenn\u00e9s de la Creuse\",\"description\":\"Dioc\u00e8se de Limoges\",\"potentialAction\":[{\"@type\":\"SearchAction\",\"target\":{\"@type\":\"EntryPoint\",\"urlTemplate\":\"https:\/\/www.diocese-limoges.fr\/creuse\/?s={search_term_string}\"},\"query-input\":{\"@type\":\"PropertyValueSpecification\",\"valueRequired\":true,\"valueName\":\"search_term_string\"}}],\"inLanguage\":\"fr-FR\"},{\"@type\":\"Person\",\"@id\":\"https:\/\/www.diocese-limoges.fr\/creuse\/#\/schema\/person\/3ad77524b5a0aac842e8a0962743b8be\",\"name\":\"saintjacques\",\"image\":{\"@type\":\"ImageObject\",\"inLanguage\":\"fr-FR\",\"@id\":\"https:\/\/www.diocese-limoges.fr\/creuse\/#\/schema\/person\/image\/\",\"url\":\"https:\/\/secure.gravatar.com\/avatar\/50f8b140430ccf70197cd84af6b2ec49f4f6a7bc91f4fc5949276cbe855ae55d?s=96&d=mm&r=g\",\"contentUrl\":\"https:\/\/secure.gravatar.com\/avatar\/50f8b140430ccf70197cd84af6b2ec49f4f6a7bc91f4fc5949276cbe855ae55d?s=96&d=mm&r=g\",\"caption\":\"saintjacques\"},\"url\":\"https:\/\/www.diocese-limoges.fr\/creuse\/author\/saintjacques\/\"}]}<\/script>\n<!-- \/ Yoast SEO plugin. -->","yoast_head_json":{"title":"Semaine de pri\u00e8re pour l\u2019unit\u00e9 des chr\u00e9tiens - Doyenn\u00e9s de la Creuse","description":"Chaque ann\u00e9e, fin janvier, a lieu la Semaine de pri\u00e8re pour l\u2019unit\u00e9 des chr\u00e9tiens. Elle est pr\u00e9par\u00e9e pour 2021 sur le th\u00e8me \u00ab Demeurez dans mon amour \u00bb ( Jn 15,9).Un feuillet de pri\u00e8re reprend et commente verset par verset le texte de l\u2019\u00c9vangile de J\u00e9sus-Christ selon saint Jean, pour chaque jour, du 18 au 25 janvier 2021.","robots":{"index":"index","follow":"follow","max-snippet":"max-snippet:-1","max-image-preview":"max-image-preview:large","max-video-preview":"max-video-preview:-1"},"canonical":"https:\/\/www.diocese-limoges.fr\/creuse\/actualites\/semaine-de-priere-pour-lunite-des-chretiens\/","og_locale":"fr_FR","og_type":"article","og_title":"Semaine de pri\u00e8re pour l\u2019unit\u00e9 des chr\u00e9tiens - Doyenn\u00e9s de la Creuse","og_description":"Chaque ann\u00e9e, fin janvier, a lieu la Semaine de pri\u00e8re pour l\u2019unit\u00e9 des chr\u00e9tiens. Elle est pr\u00e9par\u00e9e pour 2021 sur le th\u00e8me \u00ab Demeurez dans mon amour \u00bb ( Jn 15,9).Un feuillet de pri\u00e8re reprend et commente verset par verset le texte de l\u2019\u00c9vangile de J\u00e9sus-Christ selon saint Jean, pour chaque jour, du 18 au 25 janvier 2021.","og_url":"https:\/\/www.diocese-limoges.fr\/creuse\/actualites\/semaine-de-priere-pour-lunite-des-chretiens\/","og_site_name":"Doyenn\u00e9s de la Creuse","article_published_time":"2021-01-18T10:18:49+00:00","article_modified_time":"2021-01-18T11:37:59+00:00","og_image":[{"width":501,"height":718,"url":"https:\/\/www.diocese-limoges.fr\/creuse\/wp-content\/uploads\/sites\/3\/2021\/01\/unite-des-chretiens.png","type":"image\/png"}],"author":"saintjacques","twitter_card":"summary_large_image","twitter_misc":{"\u00c9crit par":"saintjacques","Dur\u00e9e de lecture estim\u00e9e":"1 minute"},"schema":{"@context":"https:\/\/schema.org","@graph":[{"@type":"WebPage","@id":"https:\/\/www.diocese-limoges.fr\/creuse\/actualites\/semaine-de-priere-pour-lunite-des-chretiens\/","url":"https:\/\/www.diocese-limoges.fr\/creuse\/actualites\/semaine-de-priere-pour-lunite-des-chretiens\/","name":"Semaine de pri\u00e8re pour l\u2019unit\u00e9 des chr\u00e9tiens - Doyenn\u00e9s de la Creuse","isPartOf":{"@id":"https:\/\/www.diocese-limoges.fr\/creuse\/#website"},"primaryImageOfPage":{"@id":"https:\/\/www.diocese-limoges.fr\/creuse\/actualites\/semaine-de-priere-pour-lunite-des-chretiens\/#primaryimage"},"image":{"@id":"https:\/\/www.diocese-limoges.fr\/creuse\/actualites\/semaine-de-priere-pour-lunite-des-chretiens\/#primaryimage"},"thumbnailUrl":"https:\/\/www.diocese-limoges.fr\/creuse\/wp-content\/uploads\/sites\/3\/2021\/01\/unite-des-chretiens.png","datePublished":"2021-01-18T10:18:49+00:00","dateModified":"2021-01-18T11:37:59+00:00","author":{"@id":"https:\/\/www.diocese-limoges.fr\/creuse\/#\/schema\/person\/3ad77524b5a0aac842e8a0962743b8be"},"description":"Chaque ann\u00e9e, fin janvier, a lieu la Semaine de pri\u00e8re pour l\u2019unit\u00e9 des chr\u00e9tiens. Elle est pr\u00e9par\u00e9e pour 2021 sur le th\u00e8me \u00ab Demeurez dans mon amour \u00bb ( Jn 15,9).Un feuillet de pri\u00e8re reprend et commente verset par verset le texte de l\u2019\u00c9vangile de J\u00e9sus-Christ selon saint Jean, pour chaque jour, du 18 au 25 janvier 2021.","breadcrumb":{"@id":"https:\/\/www.diocese-limoges.fr\/creuse\/actualites\/semaine-de-priere-pour-lunite-des-chretiens\/#breadcrumb"},"inLanguage":"fr-FR","potentialAction":[{"@type":"ReadAction","target":["https:\/\/www.diocese-limoges.fr\/creuse\/actualites\/semaine-de-priere-pour-lunite-des-chretiens\/"]}]},{"@type":"ImageObject","inLanguage":"fr-FR","@id":"https:\/\/www.diocese-limoges.fr\/creuse\/actualites\/semaine-de-priere-pour-lunite-des-chretiens\/#primaryimage","url":"https:\/\/www.diocese-limoges.fr\/creuse\/wp-content\/uploads\/sites\/3\/2021\/01\/unite-des-chretiens.png","contentUrl":"https:\/\/www.diocese-limoges.fr\/creuse\/wp-content\/uploads\/sites\/3\/2021\/01\/unite-des-chretiens.png","width":501,"height":718},{"@type":"BreadcrumbList","@id":"https:\/\/www.diocese-limoges.fr\/creuse\/actualites\/semaine-de-priere-pour-lunite-des-chretiens\/#breadcrumb","itemListElement":[{"@type":"ListItem","position":1,"name":"Accueil","item":"https:\/\/www.diocese-limoges.fr\/creuse\/"},{"@type":"ListItem","position":2,"name":"Semaine de pri\u00e8re pour l\u2019unit\u00e9 des chr\u00e9tiens"}]},{"@type":"WebSite","@id":"https:\/\/www.diocese-limoges.fr\/creuse\/#website","url":"https:\/\/www.diocese-limoges.fr\/creuse\/","name":"Doyenn\u00e9s de la Creuse","description":"Dioc\u00e8se de Limoges","potentialAction":[{"@type":"SearchAction","target":{"@type":"EntryPoint","urlTemplate":"https:\/\/www.diocese-limoges.fr\/creuse\/?s={search_term_string}"},"query-input":{"@type":"PropertyValueSpecification","valueRequired":true,"valueName":"search_term_string"}}],"inLanguage":"fr-FR"},{"@type":"Person","@id":"https:\/\/www.diocese-limoges.fr\/creuse\/#\/schema\/person\/3ad77524b5a0aac842e8a0962743b8be","name":"saintjacques","image":{"@type":"ImageObject","inLanguage":"fr-FR","@id":"https:\/\/www.diocese-limoges.fr\/creuse\/#\/schema\/person\/image\/","url":"https:\/\/secure.gravatar.com\/avatar\/50f8b140430ccf70197cd84af6b2ec49f4f6a7bc91f4fc5949276cbe855ae55d?s=96&d=mm&r=g","contentUrl":"https:\/\/secure.gravatar.com\/avatar\/50f8b140430ccf70197cd84af6b2ec49f4f6a7bc91f4fc5949276cbe855ae55d?s=96&d=mm&r=g","caption":"saintjacques"},"url":"https:\/\/www.diocese-limoges.fr\/creuse\/author\/saintjacques\/"}]}},"_links":{"self":[{"href":"https:\/\/www.diocese-limoges.fr\/creuse\/wp-json\/wp\/v2\/posts\/150","targetHints":{"allow":["GET"]}}],"collection":[{"href":"https:\/\/www.diocese-limoges.fr\/creuse\/wp-json\/wp\/v2\/posts"}],"about":[{"href":"https:\/\/www.diocese-limoges.fr\/creuse\/wp-json\/wp\/v2\/types\/post"}],"author":[{"embeddable":true,"href":"https:\/\/www.diocese-limoges.fr\/creuse\/wp-json\/wp\/v2\/users\/43"}],"replies":[{"embeddable":true,"href":"https:\/\/www.diocese-limoges.fr\/creuse\/wp-json\/wp\/v2\/comments?post=150"}],"version-history":[{"count":9,"href":"https:\/\/www.diocese-limoges.fr\/creuse\/wp-json\/wp\/v2\/posts\/150\/revisions"}],"predecessor-version":[{"id":162,"href":"https:\/\/www.diocese-limoges.fr\/creuse\/wp-json\/wp\/v2\/posts\/150\/revisions\/162"}],"wp:featuredmedia":[{"embeddable":true,"href":"https:\/\/www.diocese-limoges.fr\/creuse\/wp-json\/wp\/v2\/media\/159"}],"wp:attachment":[{"href":"https:\/\/www.diocese-limoges.fr\/creuse\/wp-json\/wp\/v2\/media?parent=150"}],"wp:term":[{"taxonomy":"category","embeddable":true,"href":"https:\/\/www.diocese-limoges.fr\/creuse\/wp-json\/wp\/v2\/categories?post=150"},{"taxonomy":"post_tag","embeddable":true,"href":"https:\/\/www.diocese-limoges.fr\/creuse\/wp-json\/wp\/v2\/tags?post=150"}],"curies":[{"name":"wp","href":"https:\/\/api.w.org\/{rel}","templated":true}]}}