{"id":213,"date":"2021-02-18T12:34:05","date_gmt":"2021-02-18T11:34:05","guid":{"rendered":"https:\/\/www.diocese-limoges.fr\/creuse\/?p=213"},"modified":"2021-02-19T12:28:34","modified_gmt":"2021-02-19T11:28:34","slug":"videos-de-careme","status":"publish","type":"post","link":"https:\/\/www.diocese-limoges.fr\/creuse\/actualites\/videos-de-careme\/","title":{"rendered":"Vid\u00e9os de Car\u00eame"},"content":{"rendered":"\n<p class=\"has-medium-font-size\">Le dioc\u00e8se de Limoges avec l&rsquo;\u00e9quipe de pr\u00e9paration de l&rsquo;Assembl\u00e9e dioc\u00e9saine synodale de Pentec\u00f4te 2022 vous propose sept courtes vid\u00e9os de car\u00eame sur le th\u00e8me \u00ab\u00a0Nous sommes le peuple de Dieu en chemin\u00a0\u00bb, parce que le Car\u00eame, c&rsquo;est une marche de toute l&rsquo;Eglise vers P\u00e2ques !<\/p>\n\n\n\n<p class=\"has-medium-font-size\">Voici la premi\u00e8re de Monseigneur BOZO. Chaque vendredi une nouvelle vid\u00e9o \u00e0 retrouver sur la <a href=\"https:\/\/www.youtube.com\/channel\/UCbKcpuBV4QoHqPBbvr_SBMg\" target=\"_blank\" rel=\"noreferrer noopener\">chaine youtube de notre dioc\u00e8se <\/a>: Le vendredi 19 f\u00e9vrier,  le P\u00e8re Xavier DURAND : \u00ab\u00a0la marche du Peuple de Dieu dans la Bible\u00a0\u00bb<\/p>\n\n\n\n<p class=\"has-medium-font-size\">Bon cheminement \u00e0 tous !<\/p>\n\n\n\n<figure class=\"wp-block-embed is-type-video is-provider-youtube wp-block-embed-youtube wp-embed-aspect-16-9 wp-has-aspect-ratio\"><div class=\"wp-block-embed__wrapper\">\n<iframe loading=\"lazy\" title=\"Vide\u0301o 1 du Care\u0302me avec Mgr Bozo sur le th\u00e8me \u00ab nous sommes le peuple de Dieu en chemin \u00bb\" width=\"500\" height=\"281\" src=\"https:\/\/www.youtube.com\/embed\/62AtKrN5lOo?feature=oembed\" frameborder=\"0\" allow=\"accelerometer; autoplay; clipboard-write; encrypted-media; gyroscope; picture-in-picture; web-share\" referrerpolicy=\"strict-origin-when-cross-origin\" allowfullscreen><\/iframe>\n<\/div><\/figure>\n","protected":false},"excerpt":{"rendered":"<p>Le dioc\u00e8se de Limoges avec l&rsquo;\u00e9quipe de pr\u00e9paration de l&rsquo;Assembl\u00e9e dioc\u00e9saine synodale de Pentec\u00f4te 2022 vous propose sept courtes vid\u00e9os de car\u00eame sur le th\u00e8me \u00ab\u00a0Nous sommes le peuple de Dieu en chemin\u00a0\u00bb, parce que le Car\u00eame, c&rsquo;est une marche de toute l&rsquo;Eglise vers P\u00e2ques ! Voici la premi\u00e8re de Monseigneur BOZO. Chaque vendredi une [&hellip;]<\/p>\n","protected":false},"author":43,"featured_media":217,"comment_status":"closed","ping_status":"open","sticky":false,"template":"","format":"standard","meta":{"_acf_changed":false,"footnotes":""},"categories":[1],"tags":[],"class_list":["post-213","post","type-post","status-publish","format-standard","has-post-thumbnail","hentry","category-actualites"],"acf":[],"yoast_head":"<!-- This site is optimized with the Yoast SEO plugin v26.4 - https:\/\/yoast.com\/wordpress\/plugins\/seo\/ -->\n<title>Vid\u00e9os de Car\u00eame - Doyenn\u00e9s de la Creuse<\/title>\n<meta name=\"robots\" content=\"index, follow, max-snippet:-1, max-image-preview:large, max-video-preview:-1\" \/>\n<link rel=\"canonical\" href=\"https:\/\/www.diocese-limoges.fr\/creuse\/actualites\/videos-de-careme\/\" \/>\n<meta property=\"og:locale\" content=\"fr_FR\" \/>\n<meta property=\"og:type\" content=\"article\" \/>\n<meta property=\"og:title\" content=\"Vid\u00e9os de Car\u00eame - Doyenn\u00e9s de la Creuse\" \/>\n<meta property=\"og:description\" content=\"Le dioc\u00e8se de Limoges avec l&rsquo;\u00e9quipe de pr\u00e9paration de l&rsquo;Assembl\u00e9e dioc\u00e9saine synodale de Pentec\u00f4te 2022 vous propose sept courtes vid\u00e9os de car\u00eame sur le th\u00e8me \u00ab\u00a0Nous sommes le peuple de Dieu en chemin\u00a0\u00bb, parce que le Car\u00eame, c&rsquo;est une marche de toute l&rsquo;Eglise vers P\u00e2ques ! Voici la premi\u00e8re de Monseigneur BOZO. Chaque vendredi une [&hellip;]\" \/>\n<meta property=\"og:url\" content=\"https:\/\/www.diocese-limoges.fr\/creuse\/actualites\/videos-de-careme\/\" \/>\n<meta property=\"og:site_name\" content=\"Doyenn\u00e9s de la Creuse\" \/>\n<meta property=\"article:published_time\" content=\"2021-02-18T11:34:05+00:00\" \/>\n<meta property=\"article:modified_time\" content=\"2021-02-19T11:28:34+00:00\" \/>\n<meta property=\"og:image\" content=\"https:\/\/www.diocese-limoges.fr\/creuse\/wp-content\/uploads\/sites\/3\/2021\/02\/careme-4.png\" \/>\n\t<meta property=\"og:image:width\" content=\"940\" \/>\n\t<meta property=\"og:image:height\" content=\"788\" \/>\n\t<meta property=\"og:image:type\" content=\"image\/png\" \/>\n<meta name=\"author\" content=\"saintjacques\" \/>\n<meta name=\"twitter:card\" content=\"summary_large_image\" \/>\n<meta name=\"twitter:label1\" content=\"\u00c9crit par\" \/>\n\t<meta name=\"twitter:data1\" content=\"saintjacques\" \/>\n\t<meta name=\"twitter:label2\" content=\"Dur\u00e9e de lecture estim\u00e9e\" \/>\n\t<meta name=\"twitter:data2\" content=\"1 minute\" \/>\n<script type=\"application\/ld+json\" class=\"yoast-schema-graph\">{\"@context\":\"https:\/\/schema.org\",\"@graph\":[{\"@type\":\"WebPage\",\"@id\":\"https:\/\/www.diocese-limoges.fr\/creuse\/actualites\/videos-de-careme\/\",\"url\":\"https:\/\/www.diocese-limoges.fr\/creuse\/actualites\/videos-de-careme\/\",\"name\":\"Vid\u00e9os de Car\u00eame - Doyenn\u00e9s de la Creuse\",\"isPartOf\":{\"@id\":\"https:\/\/www.diocese-limoges.fr\/creuse\/#website\"},\"primaryImageOfPage\":{\"@id\":\"https:\/\/www.diocese-limoges.fr\/creuse\/actualites\/videos-de-careme\/#primaryimage\"},\"image\":{\"@id\":\"https:\/\/www.diocese-limoges.fr\/creuse\/actualites\/videos-de-careme\/#primaryimage\"},\"thumbnailUrl\":\"https:\/\/www.diocese-limoges.fr\/creuse\/wp-content\/uploads\/sites\/3\/2021\/02\/careme-4.png\",\"datePublished\":\"2021-02-18T11:34:05+00:00\",\"dateModified\":\"2021-02-19T11:28:34+00:00\",\"author\":{\"@id\":\"https:\/\/www.diocese-limoges.fr\/creuse\/#\/schema\/person\/3ad77524b5a0aac842e8a0962743b8be\"},\"breadcrumb\":{\"@id\":\"https:\/\/www.diocese-limoges.fr\/creuse\/actualites\/videos-de-careme\/#breadcrumb\"},\"inLanguage\":\"fr-FR\",\"potentialAction\":[{\"@type\":\"ReadAction\",\"target\":[\"https:\/\/www.diocese-limoges.fr\/creuse\/actualites\/videos-de-careme\/\"]}]},{\"@type\":\"ImageObject\",\"inLanguage\":\"fr-FR\",\"@id\":\"https:\/\/www.diocese-limoges.fr\/creuse\/actualites\/videos-de-careme\/#primaryimage\",\"url\":\"https:\/\/www.diocese-limoges.fr\/creuse\/wp-content\/uploads\/sites\/3\/2021\/02\/careme-4.png\",\"contentUrl\":\"https:\/\/www.diocese-limoges.fr\/creuse\/wp-content\/uploads\/sites\/3\/2021\/02\/careme-4.png\",\"width\":940,\"height\":788},{\"@type\":\"BreadcrumbList\",\"@id\":\"https:\/\/www.diocese-limoges.fr\/creuse\/actualites\/videos-de-careme\/#breadcrumb\",\"itemListElement\":[{\"@type\":\"ListItem\",\"position\":1,\"name\":\"Accueil\",\"item\":\"https:\/\/www.diocese-limoges.fr\/creuse\/\"},{\"@type\":\"ListItem\",\"position\":2,\"name\":\"Vid\u00e9os de Car\u00eame\"}]},{\"@type\":\"WebSite\",\"@id\":\"https:\/\/www.diocese-limoges.fr\/creuse\/#website\",\"url\":\"https:\/\/www.diocese-limoges.fr\/creuse\/\",\"name\":\"Doyenn\u00e9s de la Creuse\",\"description\":\"Dioc\u00e8se de Limoges\",\"potentialAction\":[{\"@type\":\"SearchAction\",\"target\":{\"@type\":\"EntryPoint\",\"urlTemplate\":\"https:\/\/www.diocese-limoges.fr\/creuse\/?s={search_term_string}\"},\"query-input\":{\"@type\":\"PropertyValueSpecification\",\"valueRequired\":true,\"valueName\":\"search_term_string\"}}],\"inLanguage\":\"fr-FR\"},{\"@type\":\"Person\",\"@id\":\"https:\/\/www.diocese-limoges.fr\/creuse\/#\/schema\/person\/3ad77524b5a0aac842e8a0962743b8be\",\"name\":\"saintjacques\",\"image\":{\"@type\":\"ImageObject\",\"inLanguage\":\"fr-FR\",\"@id\":\"https:\/\/www.diocese-limoges.fr\/creuse\/#\/schema\/person\/image\/\",\"url\":\"https:\/\/secure.gravatar.com\/avatar\/50f8b140430ccf70197cd84af6b2ec49f4f6a7bc91f4fc5949276cbe855ae55d?s=96&d=mm&r=g\",\"contentUrl\":\"https:\/\/secure.gravatar.com\/avatar\/50f8b140430ccf70197cd84af6b2ec49f4f6a7bc91f4fc5949276cbe855ae55d?s=96&d=mm&r=g\",\"caption\":\"saintjacques\"},\"url\":\"https:\/\/www.diocese-limoges.fr\/creuse\/author\/saintjacques\/\"}]}<\/script>\n<!-- \/ Yoast SEO plugin. -->","yoast_head_json":{"title":"Vid\u00e9os de Car\u00eame - Doyenn\u00e9s de la Creuse","robots":{"index":"index","follow":"follow","max-snippet":"max-snippet:-1","max-image-preview":"max-image-preview:large","max-video-preview":"max-video-preview:-1"},"canonical":"https:\/\/www.diocese-limoges.fr\/creuse\/actualites\/videos-de-careme\/","og_locale":"fr_FR","og_type":"article","og_title":"Vid\u00e9os de Car\u00eame - Doyenn\u00e9s de la Creuse","og_description":"Le dioc\u00e8se de Limoges avec l&rsquo;\u00e9quipe de pr\u00e9paration de l&rsquo;Assembl\u00e9e dioc\u00e9saine synodale de Pentec\u00f4te 2022 vous propose sept courtes vid\u00e9os de car\u00eame sur le th\u00e8me \u00ab\u00a0Nous sommes le peuple de Dieu en chemin\u00a0\u00bb, parce que le Car\u00eame, c&rsquo;est une marche de toute l&rsquo;Eglise vers P\u00e2ques ! Voici la premi\u00e8re de Monseigneur BOZO. Chaque vendredi une [&hellip;]","og_url":"https:\/\/www.diocese-limoges.fr\/creuse\/actualites\/videos-de-careme\/","og_site_name":"Doyenn\u00e9s de la Creuse","article_published_time":"2021-02-18T11:34:05+00:00","article_modified_time":"2021-02-19T11:28:34+00:00","og_image":[{"width":940,"height":788,"url":"https:\/\/www.diocese-limoges.fr\/creuse\/wp-content\/uploads\/sites\/3\/2021\/02\/careme-4.png","type":"image\/png"}],"author":"saintjacques","twitter_card":"summary_large_image","twitter_misc":{"\u00c9crit par":"saintjacques","Dur\u00e9e de lecture estim\u00e9e":"1 minute"},"schema":{"@context":"https:\/\/schema.org","@graph":[{"@type":"WebPage","@id":"https:\/\/www.diocese-limoges.fr\/creuse\/actualites\/videos-de-careme\/","url":"https:\/\/www.diocese-limoges.fr\/creuse\/actualites\/videos-de-careme\/","name":"Vid\u00e9os de Car\u00eame - Doyenn\u00e9s de la Creuse","isPartOf":{"@id":"https:\/\/www.diocese-limoges.fr\/creuse\/#website"},"primaryImageOfPage":{"@id":"https:\/\/www.diocese-limoges.fr\/creuse\/actualites\/videos-de-careme\/#primaryimage"},"image":{"@id":"https:\/\/www.diocese-limoges.fr\/creuse\/actualites\/videos-de-careme\/#primaryimage"},"thumbnailUrl":"https:\/\/www.diocese-limoges.fr\/creuse\/wp-content\/uploads\/sites\/3\/2021\/02\/careme-4.png","datePublished":"2021-02-18T11:34:05+00:00","dateModified":"2021-02-19T11:28:34+00:00","author":{"@id":"https:\/\/www.diocese-limoges.fr\/creuse\/#\/schema\/person\/3ad77524b5a0aac842e8a0962743b8be"},"breadcrumb":{"@id":"https:\/\/www.diocese-limoges.fr\/creuse\/actualites\/videos-de-careme\/#breadcrumb"},"inLanguage":"fr-FR","potentialAction":[{"@type":"ReadAction","target":["https:\/\/www.diocese-limoges.fr\/creuse\/actualites\/videos-de-careme\/"]}]},{"@type":"ImageObject","inLanguage":"fr-FR","@id":"https:\/\/www.diocese-limoges.fr\/creuse\/actualites\/videos-de-careme\/#primaryimage","url":"https:\/\/www.diocese-limoges.fr\/creuse\/wp-content\/uploads\/sites\/3\/2021\/02\/careme-4.png","contentUrl":"https:\/\/www.diocese-limoges.fr\/creuse\/wp-content\/uploads\/sites\/3\/2021\/02\/careme-4.png","width":940,"height":788},{"@type":"BreadcrumbList","@id":"https:\/\/www.diocese-limoges.fr\/creuse\/actualites\/videos-de-careme\/#breadcrumb","itemListElement":[{"@type":"ListItem","position":1,"name":"Accueil","item":"https:\/\/www.diocese-limoges.fr\/creuse\/"},{"@type":"ListItem","position":2,"name":"Vid\u00e9os de Car\u00eame"}]},{"@type":"WebSite","@id":"https:\/\/www.diocese-limoges.fr\/creuse\/#website","url":"https:\/\/www.diocese-limoges.fr\/creuse\/","name":"Doyenn\u00e9s de la Creuse","description":"Dioc\u00e8se de Limoges","potentialAction":[{"@type":"SearchAction","target":{"@type":"EntryPoint","urlTemplate":"https:\/\/www.diocese-limoges.fr\/creuse\/?s={search_term_string}"},"query-input":{"@type":"PropertyValueSpecification","valueRequired":true,"valueName":"search_term_string"}}],"inLanguage":"fr-FR"},{"@type":"Person","@id":"https:\/\/www.diocese-limoges.fr\/creuse\/#\/schema\/person\/3ad77524b5a0aac842e8a0962743b8be","name":"saintjacques","image":{"@type":"ImageObject","inLanguage":"fr-FR","@id":"https:\/\/www.diocese-limoges.fr\/creuse\/#\/schema\/person\/image\/","url":"https:\/\/secure.gravatar.com\/avatar\/50f8b140430ccf70197cd84af6b2ec49f4f6a7bc91f4fc5949276cbe855ae55d?s=96&d=mm&r=g","contentUrl":"https:\/\/secure.gravatar.com\/avatar\/50f8b140430ccf70197cd84af6b2ec49f4f6a7bc91f4fc5949276cbe855ae55d?s=96&d=mm&r=g","caption":"saintjacques"},"url":"https:\/\/www.diocese-limoges.fr\/creuse\/author\/saintjacques\/"}]}},"_links":{"self":[{"href":"https:\/\/www.diocese-limoges.fr\/creuse\/wp-json\/wp\/v2\/posts\/213","targetHints":{"allow":["GET"]}}],"collection":[{"href":"https:\/\/www.diocese-limoges.fr\/creuse\/wp-json\/wp\/v2\/posts"}],"about":[{"href":"https:\/\/www.diocese-limoges.fr\/creuse\/wp-json\/wp\/v2\/types\/post"}],"author":[{"embeddable":true,"href":"https:\/\/www.diocese-limoges.fr\/creuse\/wp-json\/wp\/v2\/users\/43"}],"replies":[{"embeddable":true,"href":"https:\/\/www.diocese-limoges.fr\/creuse\/wp-json\/wp\/v2\/comments?post=213"}],"version-history":[{"count":2,"href":"https:\/\/www.diocese-limoges.fr\/creuse\/wp-json\/wp\/v2\/posts\/213\/revisions"}],"predecessor-version":[{"id":216,"href":"https:\/\/www.diocese-limoges.fr\/creuse\/wp-json\/wp\/v2\/posts\/213\/revisions\/216"}],"wp:featuredmedia":[{"embeddable":true,"href":"https:\/\/www.diocese-limoges.fr\/creuse\/wp-json\/wp\/v2\/media\/217"}],"wp:attachment":[{"href":"https:\/\/www.diocese-limoges.fr\/creuse\/wp-json\/wp\/v2\/media?parent=213"}],"wp:term":[{"taxonomy":"category","embeddable":true,"href":"https:\/\/www.diocese-limoges.fr\/creuse\/wp-json\/wp\/v2\/categories?post=213"},{"taxonomy":"post_tag","embeddable":true,"href":"https:\/\/www.diocese-limoges.fr\/creuse\/wp-json\/wp\/v2\/tags?post=213"}],"curies":[{"name":"wp","href":"https:\/\/api.w.org\/{rel}","templated":true}]}}