{"id":398,"date":"2021-12-15T09:19:00","date_gmt":"2021-12-15T08:19:00","guid":{"rendered":"https:\/\/www.diocese-limoges.fr\/creuse\/?p=398"},"modified":"2021-12-14T09:23:40","modified_gmt":"2021-12-14T08:23:40","slug":"a-la-rencontre-des-petites-eglises-de-la-paroisse-saint-jacques-deuxieme-episode","status":"publish","type":"post","link":"https:\/\/www.diocese-limoges.fr\/creuse\/actualites\/a-la-rencontre-des-petites-eglises-de-la-paroisse-saint-jacques-deuxieme-episode\/","title":{"rendered":"A la rencontre des petites \u00e9glises de la paroisse Saint-Jacques \u2013 deuxi\u00e8me \u00e9pisode"},"content":{"rendered":"\n<p>Ma compagne et moi aimons parcourir les distances, grandes ou petites. Faire l\u2019exp\u00e9rience sensible du monde et rencontrer nos semblables.<\/p>\n\n\n\n<p>Dans cette autre petite \u00e9glise, de petites mains au grand c\u0153ur avaient d\u00e9j\u00e0 allum\u00e9 le chauffage, pr\u00e9par\u00e9 l\u2019autel, install\u00e9 la couronne de l\u2019Avent. Il y a des curieux et des curieuses, comme nous, qui profitent de l\u2019occasion pour visiter le lieu, que l\u2019on entende par-l\u00e0 l\u2019\u00e9glise ou tout le village, ou encore la campagne alentour, comme \u00e0 Mourioux-Vieilleville.<\/p>\n\n\n\n<p>Ce petit \u00e9v\u00e8nement est un geste qui change beaucoup de choses. Comme le dit Gandalf dans le film \u00ab&nbsp;Le Hobbit&nbsp;\u00bb&nbsp;: \u00ab&nbsp;J&rsquo;ai d\u00e9couvert que ce sont les petits gestes quotidiens des gens ordinaires qui gardent les t\u00e9n\u00e8bres \u00e0 distance. De petits actes de gentillesse et d&rsquo;amour.&nbsp;\u00bb (voir La-Croix, n\u00b041543, 27\/10\/2019). Ainsi, c\u00e9l\u00e9brer le Seigneur dans d\u2019humbles maisons construites \u00e0 Sa gloire, c\u2019est aller \u00e0 Sa rencontre, L\u2019accueillir en communion profonde avec nos fr\u00e8res et nos s\u0153urs, au nom de notre foi en J\u00e9sus-Sauveur.<\/p>\n\n\n\n<div class=\"wp-block-image is-style-default\"><figure class=\"aligncenter size-large is-resized\"><img loading=\"lazy\" decoding=\"async\" src=\"https:\/\/www.diocese-limoges.fr\/creuse\/wp-content\/uploads\/sites\/3\/2021\/12\/eglise-de-mourioux-vieilleville-christ-redempteur-2021-573x1024.jpg\" alt=\"La statue du Christ R\u00e9dempteur \u00e0 l\u2019\u00e9glise de Mourioux-Vieilleville\" class=\"wp-image-401\" width=\"287\" height=\"512\" srcset=\"https:\/\/www.diocese-limoges.fr\/creuse\/wp-content\/uploads\/sites\/3\/2021\/12\/eglise-de-mourioux-vieilleville-christ-redempteur-2021-573x1024.jpg 573w, https:\/\/www.diocese-limoges.fr\/creuse\/wp-content\/uploads\/sites\/3\/2021\/12\/eglise-de-mourioux-vieilleville-christ-redempteur-2021-168x300.jpg 168w, https:\/\/www.diocese-limoges.fr\/creuse\/wp-content\/uploads\/sites\/3\/2021\/12\/eglise-de-mourioux-vieilleville-christ-redempteur-2021-768x1371.jpg 768w, https:\/\/www.diocese-limoges.fr\/creuse\/wp-content\/uploads\/sites\/3\/2021\/12\/eglise-de-mourioux-vieilleville-christ-redempteur-2021.jpg 775w\" sizes=\"auto, (max-width: 287px) 100vw, 287px\" \/><figcaption>La statue du Christ R\u00e9dempteur \u00e0 l\u2019\u00e9glise de Mourioux-Vieilleville<\/figcaption><\/figure><\/div>\n\n\n\n<p><\/p>\n","protected":false},"excerpt":{"rendered":"<p>Ma compagne et moi aimons parcourir les distances, grandes ou petites. Faire l\u2019exp\u00e9rience sensible du monde et rencontrer nos semblables. Dans cette autre petite \u00e9glise, de petites mains au grand c\u0153ur avaient d\u00e9j\u00e0 allum\u00e9 le chauffage, pr\u00e9par\u00e9 l\u2019autel, install\u00e9 la couronne de l\u2019Avent. Il y a des curieux et des curieuses, comme nous, qui profitent [&hellip;]<\/p>\n","protected":false},"author":43,"featured_media":246,"comment_status":"closed","ping_status":"open","sticky":false,"template":"","format":"standard","meta":{"_acf_changed":false,"footnotes":""},"categories":[1],"tags":[],"class_list":["post-398","post","type-post","status-publish","format-standard","has-post-thumbnail","hentry","category-actualites"],"acf":[],"yoast_head":"<!-- This site is optimized with the Yoast SEO plugin v26.4 - https:\/\/yoast.com\/wordpress\/plugins\/seo\/ -->\n<title>A la rencontre des petites \u00e9glises de la paroisse Saint-Jacques \u2013 deuxi\u00e8me \u00e9pisode - Doyenn\u00e9s de la Creuse<\/title>\n<meta name=\"description\" content=\"Ma compagne et moi aimons parcourir les distances, grandes ou petites. Faire l\u2019exp\u00e9rience sensible du monde et rencontrer nos semblables.\" \/>\n<meta name=\"robots\" content=\"index, follow, max-snippet:-1, max-image-preview:large, max-video-preview:-1\" \/>\n<link rel=\"canonical\" href=\"https:\/\/www.diocese-limoges.fr\/creuse\/actualites\/a-la-rencontre-des-petites-eglises-de-la-paroisse-saint-jacques-deuxieme-episode\/\" \/>\n<meta property=\"og:locale\" content=\"fr_FR\" \/>\n<meta property=\"og:type\" content=\"article\" \/>\n<meta property=\"og:title\" content=\"A la rencontre des petites \u00e9glises de la paroisse Saint-Jacques \u2013 deuxi\u00e8me \u00e9pisode - Doyenn\u00e9s de la Creuse\" \/>\n<meta property=\"og:description\" content=\"Ma compagne et moi aimons parcourir les distances, grandes ou petites. Faire l\u2019exp\u00e9rience sensible du monde et rencontrer nos semblables.\" \/>\n<meta property=\"og:url\" content=\"https:\/\/www.diocese-limoges.fr\/creuse\/actualites\/a-la-rencontre-des-petites-eglises-de-la-paroisse-saint-jacques-deuxieme-episode\/\" \/>\n<meta property=\"og:site_name\" content=\"Doyenn\u00e9s de la Creuse\" \/>\n<meta property=\"article:published_time\" content=\"2021-12-15T08:19:00+00:00\" \/>\n<meta property=\"og:image\" content=\"https:\/\/www.diocese-limoges.fr\/creuse\/wp-content\/uploads\/sites\/3\/2021\/03\/sans-titre.png\" \/>\n\t<meta property=\"og:image:width\" content=\"940\" \/>\n\t<meta property=\"og:image:height\" content=\"788\" \/>\n\t<meta property=\"og:image:type\" content=\"image\/png\" \/>\n<meta name=\"author\" content=\"saintjacques\" \/>\n<meta name=\"twitter:card\" content=\"summary_large_image\" \/>\n<meta name=\"twitter:label1\" content=\"\u00c9crit par\" \/>\n\t<meta name=\"twitter:data1\" content=\"saintjacques\" \/>\n\t<meta name=\"twitter:label2\" content=\"Dur\u00e9e de lecture estim\u00e9e\" \/>\n\t<meta name=\"twitter:data2\" content=\"1 minute\" \/>\n<script type=\"application\/ld+json\" class=\"yoast-schema-graph\">{\"@context\":\"https:\/\/schema.org\",\"@graph\":[{\"@type\":\"WebPage\",\"@id\":\"https:\/\/www.diocese-limoges.fr\/creuse\/actualites\/a-la-rencontre-des-petites-eglises-de-la-paroisse-saint-jacques-deuxieme-episode\/\",\"url\":\"https:\/\/www.diocese-limoges.fr\/creuse\/actualites\/a-la-rencontre-des-petites-eglises-de-la-paroisse-saint-jacques-deuxieme-episode\/\",\"name\":\"A la rencontre des petites \u00e9glises de la paroisse Saint-Jacques \u2013 deuxi\u00e8me \u00e9pisode - Doyenn\u00e9s de la Creuse\",\"isPartOf\":{\"@id\":\"https:\/\/www.diocese-limoges.fr\/creuse\/#website\"},\"primaryImageOfPage\":{\"@id\":\"https:\/\/www.diocese-limoges.fr\/creuse\/actualites\/a-la-rencontre-des-petites-eglises-de-la-paroisse-saint-jacques-deuxieme-episode\/#primaryimage\"},\"image\":{\"@id\":\"https:\/\/www.diocese-limoges.fr\/creuse\/actualites\/a-la-rencontre-des-petites-eglises-de-la-paroisse-saint-jacques-deuxieme-episode\/#primaryimage\"},\"thumbnailUrl\":\"https:\/\/www.diocese-limoges.fr\/creuse\/wp-content\/uploads\/sites\/3\/2021\/03\/sans-titre.png\",\"datePublished\":\"2021-12-15T08:19:00+00:00\",\"author\":{\"@id\":\"https:\/\/www.diocese-limoges.fr\/creuse\/#\/schema\/person\/3ad77524b5a0aac842e8a0962743b8be\"},\"description\":\"Ma compagne et moi aimons parcourir les distances, grandes ou petites. Faire l\u2019exp\u00e9rience sensible du monde et rencontrer nos semblables.\",\"breadcrumb\":{\"@id\":\"https:\/\/www.diocese-limoges.fr\/creuse\/actualites\/a-la-rencontre-des-petites-eglises-de-la-paroisse-saint-jacques-deuxieme-episode\/#breadcrumb\"},\"inLanguage\":\"fr-FR\",\"potentialAction\":[{\"@type\":\"ReadAction\",\"target\":[\"https:\/\/www.diocese-limoges.fr\/creuse\/actualites\/a-la-rencontre-des-petites-eglises-de-la-paroisse-saint-jacques-deuxieme-episode\/\"]}]},{\"@type\":\"ImageObject\",\"inLanguage\":\"fr-FR\",\"@id\":\"https:\/\/www.diocese-limoges.fr\/creuse\/actualites\/a-la-rencontre-des-petites-eglises-de-la-paroisse-saint-jacques-deuxieme-episode\/#primaryimage\",\"url\":\"https:\/\/www.diocese-limoges.fr\/creuse\/wp-content\/uploads\/sites\/3\/2021\/03\/sans-titre.png\",\"contentUrl\":\"https:\/\/www.diocese-limoges.fr\/creuse\/wp-content\/uploads\/sites\/3\/2021\/03\/sans-titre.png\",\"width\":940,\"height\":788},{\"@type\":\"BreadcrumbList\",\"@id\":\"https:\/\/www.diocese-limoges.fr\/creuse\/actualites\/a-la-rencontre-des-petites-eglises-de-la-paroisse-saint-jacques-deuxieme-episode\/#breadcrumb\",\"itemListElement\":[{\"@type\":\"ListItem\",\"position\":1,\"name\":\"Accueil\",\"item\":\"https:\/\/www.diocese-limoges.fr\/creuse\/\"},{\"@type\":\"ListItem\",\"position\":2,\"name\":\"A la rencontre des petites \u00e9glises de la paroisse Saint-Jacques \u2013 deuxi\u00e8me \u00e9pisode\"}]},{\"@type\":\"WebSite\",\"@id\":\"https:\/\/www.diocese-limoges.fr\/creuse\/#website\",\"url\":\"https:\/\/www.diocese-limoges.fr\/creuse\/\",\"name\":\"Doyenn\u00e9s de la Creuse\",\"description\":\"Dioc\u00e8se de Limoges\",\"potentialAction\":[{\"@type\":\"SearchAction\",\"target\":{\"@type\":\"EntryPoint\",\"urlTemplate\":\"https:\/\/www.diocese-limoges.fr\/creuse\/?s={search_term_string}\"},\"query-input\":{\"@type\":\"PropertyValueSpecification\",\"valueRequired\":true,\"valueName\":\"search_term_string\"}}],\"inLanguage\":\"fr-FR\"},{\"@type\":\"Person\",\"@id\":\"https:\/\/www.diocese-limoges.fr\/creuse\/#\/schema\/person\/3ad77524b5a0aac842e8a0962743b8be\",\"name\":\"saintjacques\",\"image\":{\"@type\":\"ImageObject\",\"inLanguage\":\"fr-FR\",\"@id\":\"https:\/\/www.diocese-limoges.fr\/creuse\/#\/schema\/person\/image\/\",\"url\":\"https:\/\/secure.gravatar.com\/avatar\/50f8b140430ccf70197cd84af6b2ec49f4f6a7bc91f4fc5949276cbe855ae55d?s=96&d=mm&r=g\",\"contentUrl\":\"https:\/\/secure.gravatar.com\/avatar\/50f8b140430ccf70197cd84af6b2ec49f4f6a7bc91f4fc5949276cbe855ae55d?s=96&d=mm&r=g\",\"caption\":\"saintjacques\"},\"url\":\"https:\/\/www.diocese-limoges.fr\/creuse\/author\/saintjacques\/\"}]}<\/script>\n<!-- \/ Yoast SEO plugin. -->","yoast_head_json":{"title":"A la rencontre des petites \u00e9glises de la paroisse Saint-Jacques \u2013 deuxi\u00e8me \u00e9pisode - Doyenn\u00e9s de la Creuse","description":"Ma compagne et moi aimons parcourir les distances, grandes ou petites. Faire l\u2019exp\u00e9rience sensible du monde et rencontrer nos semblables.","robots":{"index":"index","follow":"follow","max-snippet":"max-snippet:-1","max-image-preview":"max-image-preview:large","max-video-preview":"max-video-preview:-1"},"canonical":"https:\/\/www.diocese-limoges.fr\/creuse\/actualites\/a-la-rencontre-des-petites-eglises-de-la-paroisse-saint-jacques-deuxieme-episode\/","og_locale":"fr_FR","og_type":"article","og_title":"A la rencontre des petites \u00e9glises de la paroisse Saint-Jacques \u2013 deuxi\u00e8me \u00e9pisode - Doyenn\u00e9s de la Creuse","og_description":"Ma compagne et moi aimons parcourir les distances, grandes ou petites. Faire l\u2019exp\u00e9rience sensible du monde et rencontrer nos semblables.","og_url":"https:\/\/www.diocese-limoges.fr\/creuse\/actualites\/a-la-rencontre-des-petites-eglises-de-la-paroisse-saint-jacques-deuxieme-episode\/","og_site_name":"Doyenn\u00e9s de la Creuse","article_published_time":"2021-12-15T08:19:00+00:00","og_image":[{"width":940,"height":788,"url":"https:\/\/www.diocese-limoges.fr\/creuse\/wp-content\/uploads\/sites\/3\/2021\/03\/sans-titre.png","type":"image\/png"}],"author":"saintjacques","twitter_card":"summary_large_image","twitter_misc":{"\u00c9crit par":"saintjacques","Dur\u00e9e de lecture estim\u00e9e":"1 minute"},"schema":{"@context":"https:\/\/schema.org","@graph":[{"@type":"WebPage","@id":"https:\/\/www.diocese-limoges.fr\/creuse\/actualites\/a-la-rencontre-des-petites-eglises-de-la-paroisse-saint-jacques-deuxieme-episode\/","url":"https:\/\/www.diocese-limoges.fr\/creuse\/actualites\/a-la-rencontre-des-petites-eglises-de-la-paroisse-saint-jacques-deuxieme-episode\/","name":"A la rencontre des petites \u00e9glises de la paroisse Saint-Jacques \u2013 deuxi\u00e8me \u00e9pisode - Doyenn\u00e9s de la Creuse","isPartOf":{"@id":"https:\/\/www.diocese-limoges.fr\/creuse\/#website"},"primaryImageOfPage":{"@id":"https:\/\/www.diocese-limoges.fr\/creuse\/actualites\/a-la-rencontre-des-petites-eglises-de-la-paroisse-saint-jacques-deuxieme-episode\/#primaryimage"},"image":{"@id":"https:\/\/www.diocese-limoges.fr\/creuse\/actualites\/a-la-rencontre-des-petites-eglises-de-la-paroisse-saint-jacques-deuxieme-episode\/#primaryimage"},"thumbnailUrl":"https:\/\/www.diocese-limoges.fr\/creuse\/wp-content\/uploads\/sites\/3\/2021\/03\/sans-titre.png","datePublished":"2021-12-15T08:19:00+00:00","author":{"@id":"https:\/\/www.diocese-limoges.fr\/creuse\/#\/schema\/person\/3ad77524b5a0aac842e8a0962743b8be"},"description":"Ma compagne et moi aimons parcourir les distances, grandes ou petites. Faire l\u2019exp\u00e9rience sensible du monde et rencontrer nos semblables.","breadcrumb":{"@id":"https:\/\/www.diocese-limoges.fr\/creuse\/actualites\/a-la-rencontre-des-petites-eglises-de-la-paroisse-saint-jacques-deuxieme-episode\/#breadcrumb"},"inLanguage":"fr-FR","potentialAction":[{"@type":"ReadAction","target":["https:\/\/www.diocese-limoges.fr\/creuse\/actualites\/a-la-rencontre-des-petites-eglises-de-la-paroisse-saint-jacques-deuxieme-episode\/"]}]},{"@type":"ImageObject","inLanguage":"fr-FR","@id":"https:\/\/www.diocese-limoges.fr\/creuse\/actualites\/a-la-rencontre-des-petites-eglises-de-la-paroisse-saint-jacques-deuxieme-episode\/#primaryimage","url":"https:\/\/www.diocese-limoges.fr\/creuse\/wp-content\/uploads\/sites\/3\/2021\/03\/sans-titre.png","contentUrl":"https:\/\/www.diocese-limoges.fr\/creuse\/wp-content\/uploads\/sites\/3\/2021\/03\/sans-titre.png","width":940,"height":788},{"@type":"BreadcrumbList","@id":"https:\/\/www.diocese-limoges.fr\/creuse\/actualites\/a-la-rencontre-des-petites-eglises-de-la-paroisse-saint-jacques-deuxieme-episode\/#breadcrumb","itemListElement":[{"@type":"ListItem","position":1,"name":"Accueil","item":"https:\/\/www.diocese-limoges.fr\/creuse\/"},{"@type":"ListItem","position":2,"name":"A la rencontre des petites \u00e9glises de la paroisse Saint-Jacques \u2013 deuxi\u00e8me \u00e9pisode"}]},{"@type":"WebSite","@id":"https:\/\/www.diocese-limoges.fr\/creuse\/#website","url":"https:\/\/www.diocese-limoges.fr\/creuse\/","name":"Doyenn\u00e9s de la Creuse","description":"Dioc\u00e8se de Limoges","potentialAction":[{"@type":"SearchAction","target":{"@type":"EntryPoint","urlTemplate":"https:\/\/www.diocese-limoges.fr\/creuse\/?s={search_term_string}"},"query-input":{"@type":"PropertyValueSpecification","valueRequired":true,"valueName":"search_term_string"}}],"inLanguage":"fr-FR"},{"@type":"Person","@id":"https:\/\/www.diocese-limoges.fr\/creuse\/#\/schema\/person\/3ad77524b5a0aac842e8a0962743b8be","name":"saintjacques","image":{"@type":"ImageObject","inLanguage":"fr-FR","@id":"https:\/\/www.diocese-limoges.fr\/creuse\/#\/schema\/person\/image\/","url":"https:\/\/secure.gravatar.com\/avatar\/50f8b140430ccf70197cd84af6b2ec49f4f6a7bc91f4fc5949276cbe855ae55d?s=96&d=mm&r=g","contentUrl":"https:\/\/secure.gravatar.com\/avatar\/50f8b140430ccf70197cd84af6b2ec49f4f6a7bc91f4fc5949276cbe855ae55d?s=96&d=mm&r=g","caption":"saintjacques"},"url":"https:\/\/www.diocese-limoges.fr\/creuse\/author\/saintjacques\/"}]}},"_links":{"self":[{"href":"https:\/\/www.diocese-limoges.fr\/creuse\/wp-json\/wp\/v2\/posts\/398","targetHints":{"allow":["GET"]}}],"collection":[{"href":"https:\/\/www.diocese-limoges.fr\/creuse\/wp-json\/wp\/v2\/posts"}],"about":[{"href":"https:\/\/www.diocese-limoges.fr\/creuse\/wp-json\/wp\/v2\/types\/post"}],"author":[{"embeddable":true,"href":"https:\/\/www.diocese-limoges.fr\/creuse\/wp-json\/wp\/v2\/users\/43"}],"replies":[{"embeddable":true,"href":"https:\/\/www.diocese-limoges.fr\/creuse\/wp-json\/wp\/v2\/comments?post=398"}],"version-history":[{"count":3,"href":"https:\/\/www.diocese-limoges.fr\/creuse\/wp-json\/wp\/v2\/posts\/398\/revisions"}],"predecessor-version":[{"id":407,"href":"https:\/\/www.diocese-limoges.fr\/creuse\/wp-json\/wp\/v2\/posts\/398\/revisions\/407"}],"wp:featuredmedia":[{"embeddable":true,"href":"https:\/\/www.diocese-limoges.fr\/creuse\/wp-json\/wp\/v2\/media\/246"}],"wp:attachment":[{"href":"https:\/\/www.diocese-limoges.fr\/creuse\/wp-json\/wp\/v2\/media?parent=398"}],"wp:term":[{"taxonomy":"category","embeddable":true,"href":"https:\/\/www.diocese-limoges.fr\/creuse\/wp-json\/wp\/v2\/categories?post=398"},{"taxonomy":"post_tag","embeddable":true,"href":"https:\/\/www.diocese-limoges.fr\/creuse\/wp-json\/wp\/v2\/tags?post=398"}],"curies":[{"name":"wp","href":"https:\/\/api.w.org\/{rel}","templated":true}]}}