{"id":471,"date":"2022-05-30T10:20:04","date_gmt":"2022-05-30T08:20:04","guid":{"rendered":"https:\/\/www.diocese-limoges.fr\/creuse\/?p=471"},"modified":"2022-05-30T10:20:05","modified_gmt":"2022-05-30T08:20:05","slug":"pentecote-en-diocese-en-paroisse","status":"publish","type":"post","link":"https:\/\/www.diocese-limoges.fr\/creuse\/actualites\/pentecote-en-diocese-en-paroisse\/","title":{"rendered":"Pentec\u00f4te en dioc\u00e8se, en paroisse"},"content":{"rendered":"\n<p><strong>Samedi 4 juin<\/strong> \u00a0se tiendra l&rsquo;Assembl\u00e9e synodale dioc\u00e9saine \u00e0 Limoges avec les d\u00e9l\u00e9gu\u00e9s de chaque paroisse. <\/p>\n\n\n\n<p><strong><u>TOUS LES DIOCESAINS\u00a0QUI LE SOUHAITENT sont invit\u00e9s \u00e0 les rejoindre :<\/u><\/strong><\/p>\n\n\n\n<p>Samedi 4<\/p>\n\n\n\n<ul class=\"wp-block-list\"><li>Festival Flamme de talents \u00e0 19h30 \u00e0 Polaris Formation (rue de la cath\u00e9drale)&nbsp;<\/li><li>V\u00eapres \u00e0 19h et Concert de musique Renaissance de 20h30 \u00e0 21h30 par le groupe Campanaire et Olivier Chardonnet \u00e0 l\u2019orgue, \u00e0 l\u2019\u00e9glise Saint-Michel-des-Lions<\/li><li>Temps spirituel de 20h30 \u00e0 21h45 (\u00e9coute, confessions, adoration)<\/li><li>Vigile de Pentec\u00f4te \u00e0 22h \u00e0 l\u2019\u00e9glise Saint-Pierre-du-Queyroix.<\/li><\/ul>\n\n\n\n<p>Dimanche 5 juin&nbsp;:<\/p>\n\n\n\n<ul class=\"wp-block-list\"><li>Messe de Pentec\u00f4te \u00e0 15h30 \u00e0 l\u2019\u00e9glise Saint-Michel-des-Lions<\/li><li>Envoi en mission et retour sur le forum ouvert.<\/li><\/ul>\n\n\n\n<p>Des messes sont \u00e9galement pr\u00e9vues en paroisse :<br>Samedi 4 juin 19h Saint S\u00e9bastien<br>Dimanche 5 juin 11h La Souterraine<\/p>\n\n\n\n<p>Lundi 6 juin 10h30 retrouvons-nous tous \u00e0 Saint Goussaud pour une Procession et un pique-nique paroissial !<\/p>\n","protected":false},"excerpt":{"rendered":"<p>Samedi 4 juin \u00a0se tiendra l&rsquo;Assembl\u00e9e synodale dioc\u00e9saine \u00e0 Limoges avec les d\u00e9l\u00e9gu\u00e9s de chaque paroisse. TOUS LES DIOCESAINS\u00a0QUI LE SOUHAITENT sont invit\u00e9s \u00e0 les rejoindre : Samedi 4 Festival Flamme de talents \u00e0 19h30 \u00e0 Polaris Formation (rue de la cath\u00e9drale)&nbsp; V\u00eapres \u00e0 19h et Concert de musique Renaissance de 20h30 \u00e0 21h30 par [&hellip;]<\/p>\n","protected":false},"author":43,"featured_media":473,"comment_status":"closed","ping_status":"open","sticky":false,"template":"","format":"standard","meta":{"_acf_changed":false,"footnotes":""},"categories":[1,3],"tags":[],"class_list":["post-471","post","type-post","status-publish","format-standard","has-post-thumbnail","hentry","category-actualites","category-saint-jacques"],"acf":[],"yoast_head":"<!-- This site is optimized with the Yoast SEO plugin v26.4 - https:\/\/yoast.com\/wordpress\/plugins\/seo\/ -->\n<title>Pentec\u00f4te en dioc\u00e8se, en paroisse - Doyenn\u00e9s de la Creuse<\/title>\n<meta name=\"robots\" content=\"index, follow, max-snippet:-1, max-image-preview:large, max-video-preview:-1\" \/>\n<link rel=\"canonical\" href=\"https:\/\/www.diocese-limoges.fr\/creuse\/actualites\/pentecote-en-diocese-en-paroisse\/\" \/>\n<meta property=\"og:locale\" content=\"fr_FR\" \/>\n<meta property=\"og:type\" content=\"article\" \/>\n<meta property=\"og:title\" content=\"Pentec\u00f4te en dioc\u00e8se, en paroisse - Doyenn\u00e9s de la Creuse\" \/>\n<meta property=\"og:description\" content=\"Samedi 4 juin \u00a0se tiendra l&rsquo;Assembl\u00e9e synodale dioc\u00e9saine \u00e0 Limoges avec les d\u00e9l\u00e9gu\u00e9s de chaque paroisse. TOUS LES DIOCESAINS\u00a0QUI LE SOUHAITENT sont invit\u00e9s \u00e0 les rejoindre : Samedi 4 Festival Flamme de talents \u00e0 19h30 \u00e0 Polaris Formation (rue de la cath\u00e9drale)&nbsp; V\u00eapres \u00e0 19h et Concert de musique Renaissance de 20h30 \u00e0 21h30 par [&hellip;]\" \/>\n<meta property=\"og:url\" content=\"https:\/\/www.diocese-limoges.fr\/creuse\/actualites\/pentecote-en-diocese-en-paroisse\/\" \/>\n<meta property=\"og:site_name\" content=\"Doyenn\u00e9s de la Creuse\" \/>\n<meta property=\"article:published_time\" content=\"2022-05-30T08:20:04+00:00\" \/>\n<meta property=\"article:modified_time\" content=\"2022-05-30T08:20:05+00:00\" \/>\n<meta property=\"og:image\" content=\"https:\/\/www.diocese-limoges.fr\/creuse\/wp-content\/uploads\/sites\/3\/2022\/05\/pentecote-2022.png\" \/>\n\t<meta property=\"og:image:width\" content=\"249\" \/>\n\t<meta property=\"og:image:height\" content=\"249\" \/>\n\t<meta property=\"og:image:type\" content=\"image\/png\" \/>\n<meta name=\"author\" content=\"saintjacques\" \/>\n<meta name=\"twitter:card\" content=\"summary_large_image\" \/>\n<meta name=\"twitter:label1\" content=\"\u00c9crit par\" \/>\n\t<meta name=\"twitter:data1\" content=\"saintjacques\" \/>\n\t<meta name=\"twitter:label2\" content=\"Dur\u00e9e de lecture estim\u00e9e\" \/>\n\t<meta name=\"twitter:data2\" content=\"1 minute\" \/>\n<script type=\"application\/ld+json\" class=\"yoast-schema-graph\">{\"@context\":\"https:\/\/schema.org\",\"@graph\":[{\"@type\":\"WebPage\",\"@id\":\"https:\/\/www.diocese-limoges.fr\/creuse\/actualites\/pentecote-en-diocese-en-paroisse\/\",\"url\":\"https:\/\/www.diocese-limoges.fr\/creuse\/actualites\/pentecote-en-diocese-en-paroisse\/\",\"name\":\"Pentec\u00f4te en dioc\u00e8se, en paroisse - Doyenn\u00e9s de la Creuse\",\"isPartOf\":{\"@id\":\"https:\/\/www.diocese-limoges.fr\/creuse\/#website\"},\"primaryImageOfPage\":{\"@id\":\"https:\/\/www.diocese-limoges.fr\/creuse\/actualites\/pentecote-en-diocese-en-paroisse\/#primaryimage\"},\"image\":{\"@id\":\"https:\/\/www.diocese-limoges.fr\/creuse\/actualites\/pentecote-en-diocese-en-paroisse\/#primaryimage\"},\"thumbnailUrl\":\"https:\/\/www.diocese-limoges.fr\/creuse\/wp-content\/uploads\/sites\/3\/2022\/05\/pentecote-2022.png\",\"datePublished\":\"2022-05-30T08:20:04+00:00\",\"dateModified\":\"2022-05-30T08:20:05+00:00\",\"author\":{\"@id\":\"https:\/\/www.diocese-limoges.fr\/creuse\/#\/schema\/person\/3ad77524b5a0aac842e8a0962743b8be\"},\"breadcrumb\":{\"@id\":\"https:\/\/www.diocese-limoges.fr\/creuse\/actualites\/pentecote-en-diocese-en-paroisse\/#breadcrumb\"},\"inLanguage\":\"fr-FR\",\"potentialAction\":[{\"@type\":\"ReadAction\",\"target\":[\"https:\/\/www.diocese-limoges.fr\/creuse\/actualites\/pentecote-en-diocese-en-paroisse\/\"]}]},{\"@type\":\"ImageObject\",\"inLanguage\":\"fr-FR\",\"@id\":\"https:\/\/www.diocese-limoges.fr\/creuse\/actualites\/pentecote-en-diocese-en-paroisse\/#primaryimage\",\"url\":\"https:\/\/www.diocese-limoges.fr\/creuse\/wp-content\/uploads\/sites\/3\/2022\/05\/pentecote-2022.png\",\"contentUrl\":\"https:\/\/www.diocese-limoges.fr\/creuse\/wp-content\/uploads\/sites\/3\/2022\/05\/pentecote-2022.png\",\"width\":249,\"height\":249,\"caption\":\"Pentec\u00f4te 2022\"},{\"@type\":\"BreadcrumbList\",\"@id\":\"https:\/\/www.diocese-limoges.fr\/creuse\/actualites\/pentecote-en-diocese-en-paroisse\/#breadcrumb\",\"itemListElement\":[{\"@type\":\"ListItem\",\"position\":1,\"name\":\"Accueil\",\"item\":\"https:\/\/www.diocese-limoges.fr\/creuse\/\"},{\"@type\":\"ListItem\",\"position\":2,\"name\":\"Pentec\u00f4te en dioc\u00e8se, en paroisse\"}]},{\"@type\":\"WebSite\",\"@id\":\"https:\/\/www.diocese-limoges.fr\/creuse\/#website\",\"url\":\"https:\/\/www.diocese-limoges.fr\/creuse\/\",\"name\":\"Doyenn\u00e9s de la Creuse\",\"description\":\"Dioc\u00e8se de Limoges\",\"potentialAction\":[{\"@type\":\"SearchAction\",\"target\":{\"@type\":\"EntryPoint\",\"urlTemplate\":\"https:\/\/www.diocese-limoges.fr\/creuse\/?s={search_term_string}\"},\"query-input\":{\"@type\":\"PropertyValueSpecification\",\"valueRequired\":true,\"valueName\":\"search_term_string\"}}],\"inLanguage\":\"fr-FR\"},{\"@type\":\"Person\",\"@id\":\"https:\/\/www.diocese-limoges.fr\/creuse\/#\/schema\/person\/3ad77524b5a0aac842e8a0962743b8be\",\"name\":\"saintjacques\",\"image\":{\"@type\":\"ImageObject\",\"inLanguage\":\"fr-FR\",\"@id\":\"https:\/\/www.diocese-limoges.fr\/creuse\/#\/schema\/person\/image\/\",\"url\":\"https:\/\/secure.gravatar.com\/avatar\/50f8b140430ccf70197cd84af6b2ec49f4f6a7bc91f4fc5949276cbe855ae55d?s=96&d=mm&r=g\",\"contentUrl\":\"https:\/\/secure.gravatar.com\/avatar\/50f8b140430ccf70197cd84af6b2ec49f4f6a7bc91f4fc5949276cbe855ae55d?s=96&d=mm&r=g\",\"caption\":\"saintjacques\"},\"url\":\"https:\/\/www.diocese-limoges.fr\/creuse\/author\/saintjacques\/\"}]}<\/script>\n<!-- \/ Yoast SEO plugin. -->","yoast_head_json":{"title":"Pentec\u00f4te en dioc\u00e8se, en paroisse - Doyenn\u00e9s de la Creuse","robots":{"index":"index","follow":"follow","max-snippet":"max-snippet:-1","max-image-preview":"max-image-preview:large","max-video-preview":"max-video-preview:-1"},"canonical":"https:\/\/www.diocese-limoges.fr\/creuse\/actualites\/pentecote-en-diocese-en-paroisse\/","og_locale":"fr_FR","og_type":"article","og_title":"Pentec\u00f4te en dioc\u00e8se, en paroisse - Doyenn\u00e9s de la Creuse","og_description":"Samedi 4 juin \u00a0se tiendra l&rsquo;Assembl\u00e9e synodale dioc\u00e9saine \u00e0 Limoges avec les d\u00e9l\u00e9gu\u00e9s de chaque paroisse. TOUS LES DIOCESAINS\u00a0QUI LE SOUHAITENT sont invit\u00e9s \u00e0 les rejoindre : Samedi 4 Festival Flamme de talents \u00e0 19h30 \u00e0 Polaris Formation (rue de la cath\u00e9drale)&nbsp; V\u00eapres \u00e0 19h et Concert de musique Renaissance de 20h30 \u00e0 21h30 par [&hellip;]","og_url":"https:\/\/www.diocese-limoges.fr\/creuse\/actualites\/pentecote-en-diocese-en-paroisse\/","og_site_name":"Doyenn\u00e9s de la Creuse","article_published_time":"2022-05-30T08:20:04+00:00","article_modified_time":"2022-05-30T08:20:05+00:00","og_image":[{"width":249,"height":249,"url":"https:\/\/www.diocese-limoges.fr\/creuse\/wp-content\/uploads\/sites\/3\/2022\/05\/pentecote-2022.png","type":"image\/png"}],"author":"saintjacques","twitter_card":"summary_large_image","twitter_misc":{"\u00c9crit par":"saintjacques","Dur\u00e9e de lecture estim\u00e9e":"1 minute"},"schema":{"@context":"https:\/\/schema.org","@graph":[{"@type":"WebPage","@id":"https:\/\/www.diocese-limoges.fr\/creuse\/actualites\/pentecote-en-diocese-en-paroisse\/","url":"https:\/\/www.diocese-limoges.fr\/creuse\/actualites\/pentecote-en-diocese-en-paroisse\/","name":"Pentec\u00f4te en dioc\u00e8se, en paroisse - Doyenn\u00e9s de la Creuse","isPartOf":{"@id":"https:\/\/www.diocese-limoges.fr\/creuse\/#website"},"primaryImageOfPage":{"@id":"https:\/\/www.diocese-limoges.fr\/creuse\/actualites\/pentecote-en-diocese-en-paroisse\/#primaryimage"},"image":{"@id":"https:\/\/www.diocese-limoges.fr\/creuse\/actualites\/pentecote-en-diocese-en-paroisse\/#primaryimage"},"thumbnailUrl":"https:\/\/www.diocese-limoges.fr\/creuse\/wp-content\/uploads\/sites\/3\/2022\/05\/pentecote-2022.png","datePublished":"2022-05-30T08:20:04+00:00","dateModified":"2022-05-30T08:20:05+00:00","author":{"@id":"https:\/\/www.diocese-limoges.fr\/creuse\/#\/schema\/person\/3ad77524b5a0aac842e8a0962743b8be"},"breadcrumb":{"@id":"https:\/\/www.diocese-limoges.fr\/creuse\/actualites\/pentecote-en-diocese-en-paroisse\/#breadcrumb"},"inLanguage":"fr-FR","potentialAction":[{"@type":"ReadAction","target":["https:\/\/www.diocese-limoges.fr\/creuse\/actualites\/pentecote-en-diocese-en-paroisse\/"]}]},{"@type":"ImageObject","inLanguage":"fr-FR","@id":"https:\/\/www.diocese-limoges.fr\/creuse\/actualites\/pentecote-en-diocese-en-paroisse\/#primaryimage","url":"https:\/\/www.diocese-limoges.fr\/creuse\/wp-content\/uploads\/sites\/3\/2022\/05\/pentecote-2022.png","contentUrl":"https:\/\/www.diocese-limoges.fr\/creuse\/wp-content\/uploads\/sites\/3\/2022\/05\/pentecote-2022.png","width":249,"height":249,"caption":"Pentec\u00f4te 2022"},{"@type":"BreadcrumbList","@id":"https:\/\/www.diocese-limoges.fr\/creuse\/actualites\/pentecote-en-diocese-en-paroisse\/#breadcrumb","itemListElement":[{"@type":"ListItem","position":1,"name":"Accueil","item":"https:\/\/www.diocese-limoges.fr\/creuse\/"},{"@type":"ListItem","position":2,"name":"Pentec\u00f4te en dioc\u00e8se, en paroisse"}]},{"@type":"WebSite","@id":"https:\/\/www.diocese-limoges.fr\/creuse\/#website","url":"https:\/\/www.diocese-limoges.fr\/creuse\/","name":"Doyenn\u00e9s de la Creuse","description":"Dioc\u00e8se de Limoges","potentialAction":[{"@type":"SearchAction","target":{"@type":"EntryPoint","urlTemplate":"https:\/\/www.diocese-limoges.fr\/creuse\/?s={search_term_string}"},"query-input":{"@type":"PropertyValueSpecification","valueRequired":true,"valueName":"search_term_string"}}],"inLanguage":"fr-FR"},{"@type":"Person","@id":"https:\/\/www.diocese-limoges.fr\/creuse\/#\/schema\/person\/3ad77524b5a0aac842e8a0962743b8be","name":"saintjacques","image":{"@type":"ImageObject","inLanguage":"fr-FR","@id":"https:\/\/www.diocese-limoges.fr\/creuse\/#\/schema\/person\/image\/","url":"https:\/\/secure.gravatar.com\/avatar\/50f8b140430ccf70197cd84af6b2ec49f4f6a7bc91f4fc5949276cbe855ae55d?s=96&d=mm&r=g","contentUrl":"https:\/\/secure.gravatar.com\/avatar\/50f8b140430ccf70197cd84af6b2ec49f4f6a7bc91f4fc5949276cbe855ae55d?s=96&d=mm&r=g","caption":"saintjacques"},"url":"https:\/\/www.diocese-limoges.fr\/creuse\/author\/saintjacques\/"}]}},"_links":{"self":[{"href":"https:\/\/www.diocese-limoges.fr\/creuse\/wp-json\/wp\/v2\/posts\/471","targetHints":{"allow":["GET"]}}],"collection":[{"href":"https:\/\/www.diocese-limoges.fr\/creuse\/wp-json\/wp\/v2\/posts"}],"about":[{"href":"https:\/\/www.diocese-limoges.fr\/creuse\/wp-json\/wp\/v2\/types\/post"}],"author":[{"embeddable":true,"href":"https:\/\/www.diocese-limoges.fr\/creuse\/wp-json\/wp\/v2\/users\/43"}],"replies":[{"embeddable":true,"href":"https:\/\/www.diocese-limoges.fr\/creuse\/wp-json\/wp\/v2\/comments?post=471"}],"version-history":[{"count":1,"href":"https:\/\/www.diocese-limoges.fr\/creuse\/wp-json\/wp\/v2\/posts\/471\/revisions"}],"predecessor-version":[{"id":472,"href":"https:\/\/www.diocese-limoges.fr\/creuse\/wp-json\/wp\/v2\/posts\/471\/revisions\/472"}],"wp:featuredmedia":[{"embeddable":true,"href":"https:\/\/www.diocese-limoges.fr\/creuse\/wp-json\/wp\/v2\/media\/473"}],"wp:attachment":[{"href":"https:\/\/www.diocese-limoges.fr\/creuse\/wp-json\/wp\/v2\/media?parent=471"}],"wp:term":[{"taxonomy":"category","embeddable":true,"href":"https:\/\/www.diocese-limoges.fr\/creuse\/wp-json\/wp\/v2\/categories?post=471"},{"taxonomy":"post_tag","embeddable":true,"href":"https:\/\/www.diocese-limoges.fr\/creuse\/wp-json\/wp\/v2\/tags?post=471"}],"curies":[{"name":"wp","href":"https:\/\/api.w.org\/{rel}","templated":true}]}}