{"id":474,"date":"2022-05-30T11:01:11","date_gmt":"2022-05-30T09:01:11","guid":{"rendered":"https:\/\/www.diocese-limoges.fr\/creuse\/?p=474"},"modified":"2022-05-30T11:01:12","modified_gmt":"2022-05-30T09:01:12","slug":"pelerinage-a-lourdes","status":"publish","type":"post","link":"https:\/\/www.diocese-limoges.fr\/creuse\/actualites\/pelerinage-a-lourdes\/","title":{"rendered":"P\u00e8lerinage \u00e0 Lourdes"},"content":{"rendered":"\n<div class=\"wp-block-media-text alignwide is-stacked-on-mobile\"><figure class=\"wp-block-media-text__media\"><img loading=\"lazy\" decoding=\"async\" width=\"474\" height=\"315\" src=\"https:\/\/www.diocese-limoges.fr\/creuse\/wp-content\/uploads\/sites\/3\/2022\/05\/lourdes-cancer-esperance.jpg\" alt=\"\" class=\"wp-image-475 size-full\" srcset=\"https:\/\/www.diocese-limoges.fr\/creuse\/wp-content\/uploads\/sites\/3\/2022\/05\/lourdes-cancer-esperance.jpg 474w, https:\/\/www.diocese-limoges.fr\/creuse\/wp-content\/uploads\/sites\/3\/2022\/05\/lourdes-cancer-esperance-300x199.jpg 300w\" sizes=\"auto, (max-width: 474px) 100vw, 474px\" \/><\/figure><div class=\"wp-block-media-text__content\">\n<p class=\"has-text-align-center\"><strong><mark class=\"has-inline-color has-vivid-green-cyan-color\">LOURDES CANCER ESPERANCE<\/mark> vous invite \u00e0 ses P\u00e8lerinages \u00e0 Lourdes<br>Du 20 au 24 septembre 2022<\/strong><br>P\u00e8lerinage ADULTES et P\u00e8lerinage ENFANTS !<\/p>\n\n\n\n<p>Avec Mgr BOUILLERET Archev\u00eaque de Besan\u00e7on<br>Animateur M. Patrick Richard,<br>Conf\u00e9rencier Professeur Jean-Bernard DUBOIS<br><em>Renseignements, inscriptions d\u00e8s maintenant aupr\u00e8s de :<br>M. Daniel VITTE 05 55 63 53 40, d\u00e9l\u00e9gu\u00e9<\/em><\/p>\n<\/div><\/div>\n","protected":false},"excerpt":{"rendered":"<p>LOURDES CANCER ESPERANCE vous invite \u00e0 ses P\u00e8lerinages \u00e0 LourdesDu 20 au 24 septembre 2022P\u00e8lerinage ADULTES et P\u00e8lerinage ENFANTS ! Avec Mgr BOUILLERET Archev\u00eaque de Besan\u00e7onAnimateur M. Patrick Richard,Conf\u00e9rencier Professeur Jean-Bernard DUBOISRenseignements, inscriptions d\u00e8s maintenant aupr\u00e8s de :M. Daniel VITTE 05 55 63 53 40, d\u00e9l\u00e9gu\u00e9<\/p>\n","protected":false},"author":43,"featured_media":477,"comment_status":"closed","ping_status":"open","sticky":false,"template":"","format":"standard","meta":{"_acf_changed":false,"footnotes":""},"categories":[1,3],"tags":[],"class_list":["post-474","post","type-post","status-publish","format-standard","has-post-thumbnail","hentry","category-actualites","category-saint-jacques"],"acf":[],"yoast_head":"<!-- This site is optimized with the Yoast SEO plugin v26.4 - https:\/\/yoast.com\/wordpress\/plugins\/seo\/ -->\n<title>P\u00e8lerinage \u00e0 Lourdes - Doyenn\u00e9s de la Creuse<\/title>\n<meta name=\"robots\" content=\"index, follow, max-snippet:-1, max-image-preview:large, max-video-preview:-1\" \/>\n<link rel=\"canonical\" href=\"https:\/\/www.diocese-limoges.fr\/creuse\/actualites\/pelerinage-a-lourdes\/\" \/>\n<meta property=\"og:locale\" content=\"fr_FR\" \/>\n<meta property=\"og:type\" content=\"article\" \/>\n<meta property=\"og:title\" content=\"P\u00e8lerinage \u00e0 Lourdes - Doyenn\u00e9s de la Creuse\" \/>\n<meta property=\"og:description\" content=\"LOURDES CANCER ESPERANCE vous invite \u00e0 ses P\u00e8lerinages \u00e0 LourdesDu 20 au 24 septembre 2022P\u00e8lerinage ADULTES et P\u00e8lerinage ENFANTS ! Avec Mgr BOUILLERET Archev\u00eaque de Besan\u00e7onAnimateur M. Patrick Richard,Conf\u00e9rencier Professeur Jean-Bernard DUBOISRenseignements, inscriptions d\u00e8s maintenant aupr\u00e8s de :M. Daniel VITTE 05 55 63 53 40, d\u00e9l\u00e9gu\u00e9\" \/>\n<meta property=\"og:url\" content=\"https:\/\/www.diocese-limoges.fr\/creuse\/actualites\/pelerinage-a-lourdes\/\" \/>\n<meta property=\"og:site_name\" content=\"Doyenn\u00e9s de la Creuse\" \/>\n<meta property=\"article:published_time\" content=\"2022-05-30T09:01:11+00:00\" \/>\n<meta property=\"article:modified_time\" content=\"2022-05-30T09:01:12+00:00\" \/>\n<meta property=\"og:image\" content=\"https:\/\/www.diocese-limoges.fr\/creuse\/wp-content\/uploads\/sites\/3\/2022\/05\/lourdes-proche-de-la-grotte_.jpg\" \/>\n\t<meta property=\"og:image:width\" content=\"984\" \/>\n\t<meta property=\"og:image:height\" content=\"500\" \/>\n\t<meta property=\"og:image:type\" content=\"image\/jpeg\" \/>\n<meta name=\"author\" content=\"saintjacques\" \/>\n<meta name=\"twitter:card\" content=\"summary_large_image\" \/>\n<meta name=\"twitter:label1\" content=\"\u00c9crit par\" \/>\n\t<meta name=\"twitter:data1\" content=\"saintjacques\" \/>\n\t<meta name=\"twitter:label2\" content=\"Dur\u00e9e de lecture estim\u00e9e\" \/>\n\t<meta name=\"twitter:data2\" content=\"1 minute\" \/>\n<script type=\"application\/ld+json\" class=\"yoast-schema-graph\">{\"@context\":\"https:\/\/schema.org\",\"@graph\":[{\"@type\":\"WebPage\",\"@id\":\"https:\/\/www.diocese-limoges.fr\/creuse\/actualites\/pelerinage-a-lourdes\/\",\"url\":\"https:\/\/www.diocese-limoges.fr\/creuse\/actualites\/pelerinage-a-lourdes\/\",\"name\":\"P\u00e8lerinage \u00e0 Lourdes - Doyenn\u00e9s de la Creuse\",\"isPartOf\":{\"@id\":\"https:\/\/www.diocese-limoges.fr\/creuse\/#website\"},\"primaryImageOfPage\":{\"@id\":\"https:\/\/www.diocese-limoges.fr\/creuse\/actualites\/pelerinage-a-lourdes\/#primaryimage\"},\"image\":{\"@id\":\"https:\/\/www.diocese-limoges.fr\/creuse\/actualites\/pelerinage-a-lourdes\/#primaryimage\"},\"thumbnailUrl\":\"https:\/\/www.diocese-limoges.fr\/creuse\/wp-content\/uploads\/sites\/3\/2022\/05\/lourdes-proche-de-la-grotte_.jpg\",\"datePublished\":\"2022-05-30T09:01:11+00:00\",\"dateModified\":\"2022-05-30T09:01:12+00:00\",\"author\":{\"@id\":\"https:\/\/www.diocese-limoges.fr\/creuse\/#\/schema\/person\/3ad77524b5a0aac842e8a0962743b8be\"},\"breadcrumb\":{\"@id\":\"https:\/\/www.diocese-limoges.fr\/creuse\/actualites\/pelerinage-a-lourdes\/#breadcrumb\"},\"inLanguage\":\"fr-FR\",\"potentialAction\":[{\"@type\":\"ReadAction\",\"target\":[\"https:\/\/www.diocese-limoges.fr\/creuse\/actualites\/pelerinage-a-lourdes\/\"]}]},{\"@type\":\"ImageObject\",\"inLanguage\":\"fr-FR\",\"@id\":\"https:\/\/www.diocese-limoges.fr\/creuse\/actualites\/pelerinage-a-lourdes\/#primaryimage\",\"url\":\"https:\/\/www.diocese-limoges.fr\/creuse\/wp-content\/uploads\/sites\/3\/2022\/05\/lourdes-proche-de-la-grotte_.jpg\",\"contentUrl\":\"https:\/\/www.diocese-limoges.fr\/creuse\/wp-content\/uploads\/sites\/3\/2022\/05\/lourdes-proche-de-la-grotte_.jpg\",\"width\":984,\"height\":500,\"caption\":\"Lourdes\"},{\"@type\":\"BreadcrumbList\",\"@id\":\"https:\/\/www.diocese-limoges.fr\/creuse\/actualites\/pelerinage-a-lourdes\/#breadcrumb\",\"itemListElement\":[{\"@type\":\"ListItem\",\"position\":1,\"name\":\"Accueil\",\"item\":\"https:\/\/www.diocese-limoges.fr\/creuse\/\"},{\"@type\":\"ListItem\",\"position\":2,\"name\":\"P\u00e8lerinage \u00e0 Lourdes\"}]},{\"@type\":\"WebSite\",\"@id\":\"https:\/\/www.diocese-limoges.fr\/creuse\/#website\",\"url\":\"https:\/\/www.diocese-limoges.fr\/creuse\/\",\"name\":\"Doyenn\u00e9s de la Creuse\",\"description\":\"Dioc\u00e8se de Limoges\",\"potentialAction\":[{\"@type\":\"SearchAction\",\"target\":{\"@type\":\"EntryPoint\",\"urlTemplate\":\"https:\/\/www.diocese-limoges.fr\/creuse\/?s={search_term_string}\"},\"query-input\":{\"@type\":\"PropertyValueSpecification\",\"valueRequired\":true,\"valueName\":\"search_term_string\"}}],\"inLanguage\":\"fr-FR\"},{\"@type\":\"Person\",\"@id\":\"https:\/\/www.diocese-limoges.fr\/creuse\/#\/schema\/person\/3ad77524b5a0aac842e8a0962743b8be\",\"name\":\"saintjacques\",\"image\":{\"@type\":\"ImageObject\",\"inLanguage\":\"fr-FR\",\"@id\":\"https:\/\/www.diocese-limoges.fr\/creuse\/#\/schema\/person\/image\/\",\"url\":\"https:\/\/secure.gravatar.com\/avatar\/50f8b140430ccf70197cd84af6b2ec49f4f6a7bc91f4fc5949276cbe855ae55d?s=96&d=mm&r=g\",\"contentUrl\":\"https:\/\/secure.gravatar.com\/avatar\/50f8b140430ccf70197cd84af6b2ec49f4f6a7bc91f4fc5949276cbe855ae55d?s=96&d=mm&r=g\",\"caption\":\"saintjacques\"},\"url\":\"https:\/\/www.diocese-limoges.fr\/creuse\/author\/saintjacques\/\"}]}<\/script>\n<!-- \/ Yoast SEO plugin. -->","yoast_head_json":{"title":"P\u00e8lerinage \u00e0 Lourdes - Doyenn\u00e9s de la Creuse","robots":{"index":"index","follow":"follow","max-snippet":"max-snippet:-1","max-image-preview":"max-image-preview:large","max-video-preview":"max-video-preview:-1"},"canonical":"https:\/\/www.diocese-limoges.fr\/creuse\/actualites\/pelerinage-a-lourdes\/","og_locale":"fr_FR","og_type":"article","og_title":"P\u00e8lerinage \u00e0 Lourdes - Doyenn\u00e9s de la Creuse","og_description":"LOURDES CANCER ESPERANCE vous invite \u00e0 ses P\u00e8lerinages \u00e0 LourdesDu 20 au 24 septembre 2022P\u00e8lerinage ADULTES et P\u00e8lerinage ENFANTS ! Avec Mgr BOUILLERET Archev\u00eaque de Besan\u00e7onAnimateur M. Patrick Richard,Conf\u00e9rencier Professeur Jean-Bernard DUBOISRenseignements, inscriptions d\u00e8s maintenant aupr\u00e8s de :M. Daniel VITTE 05 55 63 53 40, d\u00e9l\u00e9gu\u00e9","og_url":"https:\/\/www.diocese-limoges.fr\/creuse\/actualites\/pelerinage-a-lourdes\/","og_site_name":"Doyenn\u00e9s de la Creuse","article_published_time":"2022-05-30T09:01:11+00:00","article_modified_time":"2022-05-30T09:01:12+00:00","og_image":[{"width":984,"height":500,"url":"https:\/\/www.diocese-limoges.fr\/creuse\/wp-content\/uploads\/sites\/3\/2022\/05\/lourdes-proche-de-la-grotte_.jpg","type":"image\/jpeg"}],"author":"saintjacques","twitter_card":"summary_large_image","twitter_misc":{"\u00c9crit par":"saintjacques","Dur\u00e9e de lecture estim\u00e9e":"1 minute"},"schema":{"@context":"https:\/\/schema.org","@graph":[{"@type":"WebPage","@id":"https:\/\/www.diocese-limoges.fr\/creuse\/actualites\/pelerinage-a-lourdes\/","url":"https:\/\/www.diocese-limoges.fr\/creuse\/actualites\/pelerinage-a-lourdes\/","name":"P\u00e8lerinage \u00e0 Lourdes - Doyenn\u00e9s de la Creuse","isPartOf":{"@id":"https:\/\/www.diocese-limoges.fr\/creuse\/#website"},"primaryImageOfPage":{"@id":"https:\/\/www.diocese-limoges.fr\/creuse\/actualites\/pelerinage-a-lourdes\/#primaryimage"},"image":{"@id":"https:\/\/www.diocese-limoges.fr\/creuse\/actualites\/pelerinage-a-lourdes\/#primaryimage"},"thumbnailUrl":"https:\/\/www.diocese-limoges.fr\/creuse\/wp-content\/uploads\/sites\/3\/2022\/05\/lourdes-proche-de-la-grotte_.jpg","datePublished":"2022-05-30T09:01:11+00:00","dateModified":"2022-05-30T09:01:12+00:00","author":{"@id":"https:\/\/www.diocese-limoges.fr\/creuse\/#\/schema\/person\/3ad77524b5a0aac842e8a0962743b8be"},"breadcrumb":{"@id":"https:\/\/www.diocese-limoges.fr\/creuse\/actualites\/pelerinage-a-lourdes\/#breadcrumb"},"inLanguage":"fr-FR","potentialAction":[{"@type":"ReadAction","target":["https:\/\/www.diocese-limoges.fr\/creuse\/actualites\/pelerinage-a-lourdes\/"]}]},{"@type":"ImageObject","inLanguage":"fr-FR","@id":"https:\/\/www.diocese-limoges.fr\/creuse\/actualites\/pelerinage-a-lourdes\/#primaryimage","url":"https:\/\/www.diocese-limoges.fr\/creuse\/wp-content\/uploads\/sites\/3\/2022\/05\/lourdes-proche-de-la-grotte_.jpg","contentUrl":"https:\/\/www.diocese-limoges.fr\/creuse\/wp-content\/uploads\/sites\/3\/2022\/05\/lourdes-proche-de-la-grotte_.jpg","width":984,"height":500,"caption":"Lourdes"},{"@type":"BreadcrumbList","@id":"https:\/\/www.diocese-limoges.fr\/creuse\/actualites\/pelerinage-a-lourdes\/#breadcrumb","itemListElement":[{"@type":"ListItem","position":1,"name":"Accueil","item":"https:\/\/www.diocese-limoges.fr\/creuse\/"},{"@type":"ListItem","position":2,"name":"P\u00e8lerinage \u00e0 Lourdes"}]},{"@type":"WebSite","@id":"https:\/\/www.diocese-limoges.fr\/creuse\/#website","url":"https:\/\/www.diocese-limoges.fr\/creuse\/","name":"Doyenn\u00e9s de la Creuse","description":"Dioc\u00e8se de Limoges","potentialAction":[{"@type":"SearchAction","target":{"@type":"EntryPoint","urlTemplate":"https:\/\/www.diocese-limoges.fr\/creuse\/?s={search_term_string}"},"query-input":{"@type":"PropertyValueSpecification","valueRequired":true,"valueName":"search_term_string"}}],"inLanguage":"fr-FR"},{"@type":"Person","@id":"https:\/\/www.diocese-limoges.fr\/creuse\/#\/schema\/person\/3ad77524b5a0aac842e8a0962743b8be","name":"saintjacques","image":{"@type":"ImageObject","inLanguage":"fr-FR","@id":"https:\/\/www.diocese-limoges.fr\/creuse\/#\/schema\/person\/image\/","url":"https:\/\/secure.gravatar.com\/avatar\/50f8b140430ccf70197cd84af6b2ec49f4f6a7bc91f4fc5949276cbe855ae55d?s=96&d=mm&r=g","contentUrl":"https:\/\/secure.gravatar.com\/avatar\/50f8b140430ccf70197cd84af6b2ec49f4f6a7bc91f4fc5949276cbe855ae55d?s=96&d=mm&r=g","caption":"saintjacques"},"url":"https:\/\/www.diocese-limoges.fr\/creuse\/author\/saintjacques\/"}]}},"_links":{"self":[{"href":"https:\/\/www.diocese-limoges.fr\/creuse\/wp-json\/wp\/v2\/posts\/474","targetHints":{"allow":["GET"]}}],"collection":[{"href":"https:\/\/www.diocese-limoges.fr\/creuse\/wp-json\/wp\/v2\/posts"}],"about":[{"href":"https:\/\/www.diocese-limoges.fr\/creuse\/wp-json\/wp\/v2\/types\/post"}],"author":[{"embeddable":true,"href":"https:\/\/www.diocese-limoges.fr\/creuse\/wp-json\/wp\/v2\/users\/43"}],"replies":[{"embeddable":true,"href":"https:\/\/www.diocese-limoges.fr\/creuse\/wp-json\/wp\/v2\/comments?post=474"}],"version-history":[{"count":3,"href":"https:\/\/www.diocese-limoges.fr\/creuse\/wp-json\/wp\/v2\/posts\/474\/revisions"}],"predecessor-version":[{"id":479,"href":"https:\/\/www.diocese-limoges.fr\/creuse\/wp-json\/wp\/v2\/posts\/474\/revisions\/479"}],"wp:featuredmedia":[{"embeddable":true,"href":"https:\/\/www.diocese-limoges.fr\/creuse\/wp-json\/wp\/v2\/media\/477"}],"wp:attachment":[{"href":"https:\/\/www.diocese-limoges.fr\/creuse\/wp-json\/wp\/v2\/media?parent=474"}],"wp:term":[{"taxonomy":"category","embeddable":true,"href":"https:\/\/www.diocese-limoges.fr\/creuse\/wp-json\/wp\/v2\/categories?post=474"},{"taxonomy":"post_tag","embeddable":true,"href":"https:\/\/www.diocese-limoges.fr\/creuse\/wp-json\/wp\/v2\/tags?post=474"}],"curies":[{"name":"wp","href":"https:\/\/api.w.org\/{rel}","templated":true}]}}