{"id":528,"date":"2022-08-29T15:24:43","date_gmt":"2022-08-29T13:24:43","guid":{"rendered":"https:\/\/www.diocese-limoges.fr\/creuse\/?p=528"},"modified":"2022-09-19T17:15:51","modified_gmt":"2022-09-19T15:15:51","slug":"cest-la-rentree","status":"publish","type":"post","link":"https:\/\/www.diocese-limoges.fr\/creuse\/actualites\/cest-la-rentree\/","title":{"rendered":"C&rsquo;est la rentr\u00e9e"},"content":{"rendered":"\n<p id=\"block-dbcde863-6316-4790-809a-df7f2457dbbe\"><br>Vous pouvez sortir vos agendas tous neufs et commencer \u00e0 noter :<\/p>\n\n\n\n<p id=\"block-3cf157d0-2480-4378-9cf9-05914ebed05b\">R\u00e9unions d&rsquo;information et inscriptions :<\/p>\n\n\n\n<ul class=\"wp-block-list\" id=\"block-e562c53d-eae5-4ce1-a362-5765d2681587\"><li>Au cat\u00e9<ul><li><strong>Mercredi 14 septembre \u00e0 La Souterraine, 20 h,<\/strong><\/li><li><strong>Vendredi 16 septembre \u00e0 B\u00e9n\u00e9vent-l\u2019Abbaye, 20h<\/strong><\/li><li><strong>lundi 19 septembre \u00e0 Dun-le-Palestel, 20h.<\/strong><\/li><li><em>Inscription en ligne :<\/em> c&rsquo;est par ICI !<\/li><\/ul><\/li><li>A l&rsquo;aum\u00f4nerie (coll\u00e9giens et lyc\u00e9ens)<ul><li><strong>samedi 17 septembre \u00e0 partir de 15 h \u00e0 la Maison paroissiale de La Souterraine.<\/strong><\/li><li><em>Inscription 6e (premi\u00e8re ann\u00e9e) <\/em>: <strong><a href=\"https:\/\/public.enoria.app\/pubinsc\/gp\/914e2e0456c350b\/open\" target=\"_blank\" rel=\"noreferrer noopener\">ICI<\/a><\/strong><\/li><li><em>Inscription coll\u00e8ge<\/em> : <a href=\"https:\/\/public.enoria.app\/pubinsc\/gp\/227ac8e10ebe6cb\/open\"><strong>ICI<\/strong><\/a><\/li><\/ul><\/li><\/ul>\n\n\n\n<p><\/p>\n\n\n\n<p id=\"block-72c4d66c-f257-4a47-9bf9-84628e4d1e83\">Nous avons h\u00e2te de vous retrouver !<\/p>\n","protected":false},"excerpt":{"rendered":"<p>Vous pouvez sortir vos agendas tous neufs et commencer \u00e0 noter : R\u00e9unions d&rsquo;information et inscriptions : Au cat\u00e9 Mercredi 14 septembre \u00e0 La Souterraine, 20 h, Vendredi 16 septembre \u00e0 B\u00e9n\u00e9vent-l\u2019Abbaye, 20h lundi 19 septembre \u00e0 Dun-le-Palestel, 20h. Inscription en ligne : c&rsquo;est par ICI ! A l&rsquo;aum\u00f4nerie (coll\u00e9giens et lyc\u00e9ens) samedi 17 septembre [&hellip;]<\/p>\n","protected":false},"author":43,"featured_media":180,"comment_status":"closed","ping_status":"open","sticky":false,"template":"","format":"standard","meta":{"_acf_changed":false,"footnotes":""},"categories":[1,3],"tags":[22,21,19],"class_list":["post-528","post","type-post","status-publish","format-standard","has-post-thumbnail","hentry","category-actualites","category-saint-jacques","tag-aumonerie","tag-cate","tag-inscription"],"acf":[],"yoast_head":"<!-- This site is optimized with the Yoast SEO plugin v26.4 - https:\/\/yoast.com\/wordpress\/plugins\/seo\/ -->\n<title>C&#039;est la rentr\u00e9e - Doyenn\u00e9s de la Creuse<\/title>\n<meta name=\"description\" content=\"Retrouvez les dates de r\u00e9unions d&#039;information et inscriptions au cat\u00e9 et \u00e0 l&#039;aum\u00f4nerie (coll\u00e9giens et lyc\u00e9ens)\" \/>\n<meta name=\"robots\" content=\"index, follow, max-snippet:-1, max-image-preview:large, max-video-preview:-1\" \/>\n<link rel=\"canonical\" href=\"https:\/\/www.diocese-limoges.fr\/creuse\/actualites\/cest-la-rentree\/\" \/>\n<meta property=\"og:locale\" content=\"fr_FR\" \/>\n<meta property=\"og:type\" content=\"article\" \/>\n<meta property=\"og:title\" content=\"C&#039;est la rentr\u00e9e - Doyenn\u00e9s de la Creuse\" \/>\n<meta property=\"og:description\" content=\"Retrouvez les dates de r\u00e9unions d&#039;information et inscriptions au cat\u00e9 et \u00e0 l&#039;aum\u00f4nerie (coll\u00e9giens et lyc\u00e9ens)\" \/>\n<meta property=\"og:url\" content=\"https:\/\/www.diocese-limoges.fr\/creuse\/actualites\/cest-la-rentree\/\" \/>\n<meta property=\"og:site_name\" content=\"Doyenn\u00e9s de la Creuse\" \/>\n<meta property=\"article:published_time\" content=\"2022-08-29T13:24:43+00:00\" \/>\n<meta property=\"article:modified_time\" content=\"2022-09-19T15:15:51+00:00\" \/>\n<meta property=\"og:image\" content=\"https:\/\/www.diocese-limoges.fr\/creuse\/wp-content\/uploads\/sites\/3\/2020\/01\/image1-802x1024.png\" \/>\n\t<meta property=\"og:image:width\" content=\"802\" \/>\n\t<meta property=\"og:image:height\" content=\"1024\" \/>\n\t<meta property=\"og:image:type\" content=\"image\/png\" \/>\n<meta name=\"author\" content=\"saintjacques\" \/>\n<meta name=\"twitter:card\" content=\"summary_large_image\" \/>\n<meta name=\"twitter:label1\" content=\"\u00c9crit par\" \/>\n\t<meta name=\"twitter:data1\" content=\"saintjacques\" \/>\n\t<meta name=\"twitter:label2\" content=\"Dur\u00e9e de lecture estim\u00e9e\" \/>\n\t<meta name=\"twitter:data2\" content=\"1 minute\" \/>\n<script type=\"application\/ld+json\" class=\"yoast-schema-graph\">{\"@context\":\"https:\/\/schema.org\",\"@graph\":[{\"@type\":\"WebPage\",\"@id\":\"https:\/\/www.diocese-limoges.fr\/creuse\/actualites\/cest-la-rentree\/\",\"url\":\"https:\/\/www.diocese-limoges.fr\/creuse\/actualites\/cest-la-rentree\/\",\"name\":\"C'est la rentr\u00e9e - Doyenn\u00e9s de la Creuse\",\"isPartOf\":{\"@id\":\"https:\/\/www.diocese-limoges.fr\/creuse\/#website\"},\"primaryImageOfPage\":{\"@id\":\"https:\/\/www.diocese-limoges.fr\/creuse\/actualites\/cest-la-rentree\/#primaryimage\"},\"image\":{\"@id\":\"https:\/\/www.diocese-limoges.fr\/creuse\/actualites\/cest-la-rentree\/#primaryimage\"},\"thumbnailUrl\":\"https:\/\/www.diocese-limoges.fr\/creuse\/wp-content\/uploads\/sites\/3\/2020\/01\/image1.png\",\"datePublished\":\"2022-08-29T13:24:43+00:00\",\"dateModified\":\"2022-09-19T15:15:51+00:00\",\"author\":{\"@id\":\"https:\/\/www.diocese-limoges.fr\/creuse\/#\/schema\/person\/3ad77524b5a0aac842e8a0962743b8be\"},\"description\":\"Retrouvez les dates de r\u00e9unions d'information et inscriptions au cat\u00e9 et \u00e0 l'aum\u00f4nerie (coll\u00e9giens et lyc\u00e9ens)\",\"breadcrumb\":{\"@id\":\"https:\/\/www.diocese-limoges.fr\/creuse\/actualites\/cest-la-rentree\/#breadcrumb\"},\"inLanguage\":\"fr-FR\",\"potentialAction\":[{\"@type\":\"ReadAction\",\"target\":[\"https:\/\/www.diocese-limoges.fr\/creuse\/actualites\/cest-la-rentree\/\"]}]},{\"@type\":\"ImageObject\",\"inLanguage\":\"fr-FR\",\"@id\":\"https:\/\/www.diocese-limoges.fr\/creuse\/actualites\/cest-la-rentree\/#primaryimage\",\"url\":\"https:\/\/www.diocese-limoges.fr\/creuse\/wp-content\/uploads\/sites\/3\/2020\/01\/image1.png\",\"contentUrl\":\"https:\/\/www.diocese-limoges.fr\/creuse\/wp-content\/uploads\/sites\/3\/2020\/01\/image1.png\",\"width\":1585,\"height\":2024},{\"@type\":\"BreadcrumbList\",\"@id\":\"https:\/\/www.diocese-limoges.fr\/creuse\/actualites\/cest-la-rentree\/#breadcrumb\",\"itemListElement\":[{\"@type\":\"ListItem\",\"position\":1,\"name\":\"Accueil\",\"item\":\"https:\/\/www.diocese-limoges.fr\/creuse\/\"},{\"@type\":\"ListItem\",\"position\":2,\"name\":\"C&rsquo;est la rentr\u00e9e\"}]},{\"@type\":\"WebSite\",\"@id\":\"https:\/\/www.diocese-limoges.fr\/creuse\/#website\",\"url\":\"https:\/\/www.diocese-limoges.fr\/creuse\/\",\"name\":\"Doyenn\u00e9s de la Creuse\",\"description\":\"Dioc\u00e8se de Limoges\",\"potentialAction\":[{\"@type\":\"SearchAction\",\"target\":{\"@type\":\"EntryPoint\",\"urlTemplate\":\"https:\/\/www.diocese-limoges.fr\/creuse\/?s={search_term_string}\"},\"query-input\":{\"@type\":\"PropertyValueSpecification\",\"valueRequired\":true,\"valueName\":\"search_term_string\"}}],\"inLanguage\":\"fr-FR\"},{\"@type\":\"Person\",\"@id\":\"https:\/\/www.diocese-limoges.fr\/creuse\/#\/schema\/person\/3ad77524b5a0aac842e8a0962743b8be\",\"name\":\"saintjacques\",\"image\":{\"@type\":\"ImageObject\",\"inLanguage\":\"fr-FR\",\"@id\":\"https:\/\/www.diocese-limoges.fr\/creuse\/#\/schema\/person\/image\/\",\"url\":\"https:\/\/secure.gravatar.com\/avatar\/50f8b140430ccf70197cd84af6b2ec49f4f6a7bc91f4fc5949276cbe855ae55d?s=96&d=mm&r=g\",\"contentUrl\":\"https:\/\/secure.gravatar.com\/avatar\/50f8b140430ccf70197cd84af6b2ec49f4f6a7bc91f4fc5949276cbe855ae55d?s=96&d=mm&r=g\",\"caption\":\"saintjacques\"},\"url\":\"https:\/\/www.diocese-limoges.fr\/creuse\/author\/saintjacques\/\"}]}<\/script>\n<!-- \/ Yoast SEO plugin. -->","yoast_head_json":{"title":"C'est la rentr\u00e9e - Doyenn\u00e9s de la Creuse","description":"Retrouvez les dates de r\u00e9unions d'information et inscriptions au cat\u00e9 et \u00e0 l'aum\u00f4nerie (coll\u00e9giens et lyc\u00e9ens)","robots":{"index":"index","follow":"follow","max-snippet":"max-snippet:-1","max-image-preview":"max-image-preview:large","max-video-preview":"max-video-preview:-1"},"canonical":"https:\/\/www.diocese-limoges.fr\/creuse\/actualites\/cest-la-rentree\/","og_locale":"fr_FR","og_type":"article","og_title":"C'est la rentr\u00e9e - Doyenn\u00e9s de la Creuse","og_description":"Retrouvez les dates de r\u00e9unions d'information et inscriptions au cat\u00e9 et \u00e0 l'aum\u00f4nerie (coll\u00e9giens et lyc\u00e9ens)","og_url":"https:\/\/www.diocese-limoges.fr\/creuse\/actualites\/cest-la-rentree\/","og_site_name":"Doyenn\u00e9s de la Creuse","article_published_time":"2022-08-29T13:24:43+00:00","article_modified_time":"2022-09-19T15:15:51+00:00","og_image":[{"width":802,"height":1024,"url":"https:\/\/www.diocese-limoges.fr\/creuse\/wp-content\/uploads\/sites\/3\/2020\/01\/image1-802x1024.png","type":"image\/png"}],"author":"saintjacques","twitter_card":"summary_large_image","twitter_misc":{"\u00c9crit par":"saintjacques","Dur\u00e9e de lecture estim\u00e9e":"1 minute"},"schema":{"@context":"https:\/\/schema.org","@graph":[{"@type":"WebPage","@id":"https:\/\/www.diocese-limoges.fr\/creuse\/actualites\/cest-la-rentree\/","url":"https:\/\/www.diocese-limoges.fr\/creuse\/actualites\/cest-la-rentree\/","name":"C'est la rentr\u00e9e - Doyenn\u00e9s de la Creuse","isPartOf":{"@id":"https:\/\/www.diocese-limoges.fr\/creuse\/#website"},"primaryImageOfPage":{"@id":"https:\/\/www.diocese-limoges.fr\/creuse\/actualites\/cest-la-rentree\/#primaryimage"},"image":{"@id":"https:\/\/www.diocese-limoges.fr\/creuse\/actualites\/cest-la-rentree\/#primaryimage"},"thumbnailUrl":"https:\/\/www.diocese-limoges.fr\/creuse\/wp-content\/uploads\/sites\/3\/2020\/01\/image1.png","datePublished":"2022-08-29T13:24:43+00:00","dateModified":"2022-09-19T15:15:51+00:00","author":{"@id":"https:\/\/www.diocese-limoges.fr\/creuse\/#\/schema\/person\/3ad77524b5a0aac842e8a0962743b8be"},"description":"Retrouvez les dates de r\u00e9unions d'information et inscriptions au cat\u00e9 et \u00e0 l'aum\u00f4nerie (coll\u00e9giens et lyc\u00e9ens)","breadcrumb":{"@id":"https:\/\/www.diocese-limoges.fr\/creuse\/actualites\/cest-la-rentree\/#breadcrumb"},"inLanguage":"fr-FR","potentialAction":[{"@type":"ReadAction","target":["https:\/\/www.diocese-limoges.fr\/creuse\/actualites\/cest-la-rentree\/"]}]},{"@type":"ImageObject","inLanguage":"fr-FR","@id":"https:\/\/www.diocese-limoges.fr\/creuse\/actualites\/cest-la-rentree\/#primaryimage","url":"https:\/\/www.diocese-limoges.fr\/creuse\/wp-content\/uploads\/sites\/3\/2020\/01\/image1.png","contentUrl":"https:\/\/www.diocese-limoges.fr\/creuse\/wp-content\/uploads\/sites\/3\/2020\/01\/image1.png","width":1585,"height":2024},{"@type":"BreadcrumbList","@id":"https:\/\/www.diocese-limoges.fr\/creuse\/actualites\/cest-la-rentree\/#breadcrumb","itemListElement":[{"@type":"ListItem","position":1,"name":"Accueil","item":"https:\/\/www.diocese-limoges.fr\/creuse\/"},{"@type":"ListItem","position":2,"name":"C&rsquo;est la rentr\u00e9e"}]},{"@type":"WebSite","@id":"https:\/\/www.diocese-limoges.fr\/creuse\/#website","url":"https:\/\/www.diocese-limoges.fr\/creuse\/","name":"Doyenn\u00e9s de la Creuse","description":"Dioc\u00e8se de Limoges","potentialAction":[{"@type":"SearchAction","target":{"@type":"EntryPoint","urlTemplate":"https:\/\/www.diocese-limoges.fr\/creuse\/?s={search_term_string}"},"query-input":{"@type":"PropertyValueSpecification","valueRequired":true,"valueName":"search_term_string"}}],"inLanguage":"fr-FR"},{"@type":"Person","@id":"https:\/\/www.diocese-limoges.fr\/creuse\/#\/schema\/person\/3ad77524b5a0aac842e8a0962743b8be","name":"saintjacques","image":{"@type":"ImageObject","inLanguage":"fr-FR","@id":"https:\/\/www.diocese-limoges.fr\/creuse\/#\/schema\/person\/image\/","url":"https:\/\/secure.gravatar.com\/avatar\/50f8b140430ccf70197cd84af6b2ec49f4f6a7bc91f4fc5949276cbe855ae55d?s=96&d=mm&r=g","contentUrl":"https:\/\/secure.gravatar.com\/avatar\/50f8b140430ccf70197cd84af6b2ec49f4f6a7bc91f4fc5949276cbe855ae55d?s=96&d=mm&r=g","caption":"saintjacques"},"url":"https:\/\/www.diocese-limoges.fr\/creuse\/author\/saintjacques\/"}]}},"_links":{"self":[{"href":"https:\/\/www.diocese-limoges.fr\/creuse\/wp-json\/wp\/v2\/posts\/528","targetHints":{"allow":["GET"]}}],"collection":[{"href":"https:\/\/www.diocese-limoges.fr\/creuse\/wp-json\/wp\/v2\/posts"}],"about":[{"href":"https:\/\/www.diocese-limoges.fr\/creuse\/wp-json\/wp\/v2\/types\/post"}],"author":[{"embeddable":true,"href":"https:\/\/www.diocese-limoges.fr\/creuse\/wp-json\/wp\/v2\/users\/43"}],"replies":[{"embeddable":true,"href":"https:\/\/www.diocese-limoges.fr\/creuse\/wp-json\/wp\/v2\/comments?post=528"}],"version-history":[{"count":4,"href":"https:\/\/www.diocese-limoges.fr\/creuse\/wp-json\/wp\/v2\/posts\/528\/revisions"}],"predecessor-version":[{"id":561,"href":"https:\/\/www.diocese-limoges.fr\/creuse\/wp-json\/wp\/v2\/posts\/528\/revisions\/561"}],"wp:featuredmedia":[{"embeddable":true,"href":"https:\/\/www.diocese-limoges.fr\/creuse\/wp-json\/wp\/v2\/media\/180"}],"wp:attachment":[{"href":"https:\/\/www.diocese-limoges.fr\/creuse\/wp-json\/wp\/v2\/media?parent=528"}],"wp:term":[{"taxonomy":"category","embeddable":true,"href":"https:\/\/www.diocese-limoges.fr\/creuse\/wp-json\/wp\/v2\/categories?post=528"},{"taxonomy":"post_tag","embeddable":true,"href":"https:\/\/www.diocese-limoges.fr\/creuse\/wp-json\/wp\/v2\/tags?post=528"}],"curies":[{"name":"wp","href":"https:\/\/api.w.org\/{rel}","templated":true}]}}