{"id":578,"date":"2022-11-07T16:23:21","date_gmt":"2022-11-07T15:23:21","guid":{"rendered":"https:\/\/www.diocese-limoges.fr\/creuse\/?p=578"},"modified":"2022-11-07T16:23:22","modified_gmt":"2022-11-07T15:23:22","slug":"il-ny-a-que-des-vivants","status":"publish","type":"post","link":"https:\/\/www.diocese-limoges.fr\/creuse\/actualites\/il-ny-a-que-des-vivants\/","title":{"rendered":"Il n\u2019y a que des vivants"},"content":{"rendered":"\n<div class=\"wp-block-columns is-layout-flex wp-container-core-columns-is-layout-28f84493 wp-block-columns-is-layout-flex\">\n<div class=\"wp-block-column is-layout-flow wp-block-column-is-layout-flow\" style=\"flex-basis:100%\">\n<p><\/p>\n<\/div>\n<\/div>\n\n\n\n<div class=\"wp-block-media-text alignwide is-stacked-on-mobile\"><figure class=\"wp-block-media-text__media\"><img loading=\"lazy\" decoding=\"async\" width=\"540\" height=\"399\" src=\"https:\/\/www.diocese-limoges.fr\/creuse\/wp-content\/uploads\/sites\/3\/2022\/11\/2-novembre-relais-eaux-vives.png\" alt=\"\" class=\"wp-image-580 size-full\" srcset=\"https:\/\/www.diocese-limoges.fr\/creuse\/wp-content\/uploads\/sites\/3\/2022\/11\/2-novembre-relais-eaux-vives.png 540w, https:\/\/www.diocese-limoges.fr\/creuse\/wp-content\/uploads\/sites\/3\/2022\/11\/2-novembre-relais-eaux-vives-300x222.png 300w\" sizes=\"auto, (max-width: 540px) 100vw, 540px\" \/><\/figure><div class=\"wp-block-media-text__content\">\n<p class=\"has-text-align-left has-medium-font-size\"><strong>Il n\u2019y a que des vivants<\/strong><\/p>\n\n\n\n<p class=\"has-text-align-left has-small-font-size\">\u201cLe relais des Eaux Vives \u00bb ont pri\u00e9s en l&rsquo;\u00e9glise de Marsac pour tous les d\u00e9funts de la Paroisse Saint Jacques. Il n&rsquo;y a que des vivants.<br>Un texte magnifique de Michel Quoist.<br>\u00ab\u00a0Il n&rsquo;y a pas de morts, Seigneur, il n&rsquo;y a que des vivants sur notre terre et au-del\u00e0. Seigneur, ils sont pr\u00e8s de moi, mes morts, je ne les touche plus des yeux, car ils ont un moment abandonn\u00e9 leur enveloppe charnelle comme on laisse un v\u00eatement us\u00e9 ou d\u00e9mod\u00e9, leur \u00e2me priv\u00e9e de leur d\u00e9guisement, d\u00e9sormais ne me fait plus signe. Mais en toi Seigneur, je les entends qui m&rsquo;appellent, je les vois qui m&rsquo;invitent, je les \u00e9coute qui me conseillent, car ils me sont davantage pr\u00e9sents. Je les rencontre lorsque je Te rencontre. Je les re\u00e7ois en moi lorsque je Te re\u00e7ois. Je les aime lorsque je T&rsquo;aime.<br>O mes morts, vivants \u00e9ternels qui vivez en moi, aidez-moi \u00e0 bien apprendre en cette courte vie, \u00e0 vivre \u00e9ternellement. \u00ab\u00a0<br><em>Catherine Berthier<\/em><\/p>\n<\/div><\/div>\n","protected":false},"excerpt":{"rendered":"<p>Il n\u2019y a que des vivants \u201cLe relais des Eaux Vives \u00bb ont pri\u00e9s en l&rsquo;\u00e9glise de Marsac pour tous les d\u00e9funts de la Paroisse Saint Jacques. Il n&rsquo;y a que des vivants.Un texte magnifique de Michel Quoist.\u00ab\u00a0Il n&rsquo;y a pas de morts, Seigneur, il n&rsquo;y a que des vivants sur notre terre et au-del\u00e0. [&hellip;]<\/p>\n","protected":false},"author":43,"featured_media":0,"comment_status":"closed","ping_status":"open","sticky":false,"template":"","format":"standard","meta":{"_acf_changed":false,"footnotes":""},"categories":[1],"tags":[],"class_list":["post-578","post","type-post","status-publish","format-standard","hentry","category-actualites"],"acf":[],"yoast_head":"<!-- This site is optimized with the Yoast SEO plugin v26.4 - https:\/\/yoast.com\/wordpress\/plugins\/seo\/ -->\n<title>Il n\u2019y a que des vivants - Doyenn\u00e9s de la Creuse<\/title>\n<meta name=\"robots\" content=\"index, follow, max-snippet:-1, max-image-preview:large, max-video-preview:-1\" \/>\n<link rel=\"canonical\" href=\"https:\/\/www.diocese-limoges.fr\/creuse\/actualites\/il-ny-a-que-des-vivants\/\" \/>\n<meta property=\"og:locale\" content=\"fr_FR\" \/>\n<meta property=\"og:type\" content=\"article\" \/>\n<meta property=\"og:title\" content=\"Il n\u2019y a que des vivants - Doyenn\u00e9s de la Creuse\" \/>\n<meta property=\"og:description\" content=\"Il n\u2019y a que des vivants \u201cLe relais des Eaux Vives \u00bb ont pri\u00e9s en l&rsquo;\u00e9glise de Marsac pour tous les d\u00e9funts de la Paroisse Saint Jacques. Il n&rsquo;y a que des vivants.Un texte magnifique de Michel Quoist.\u00ab\u00a0Il n&rsquo;y a pas de morts, Seigneur, il n&rsquo;y a que des vivants sur notre terre et au-del\u00e0. [&hellip;]\" \/>\n<meta property=\"og:url\" content=\"https:\/\/www.diocese-limoges.fr\/creuse\/actualites\/il-ny-a-que-des-vivants\/\" \/>\n<meta property=\"og:site_name\" content=\"Doyenn\u00e9s de la Creuse\" \/>\n<meta property=\"article:published_time\" content=\"2022-11-07T15:23:21+00:00\" \/>\n<meta property=\"article:modified_time\" content=\"2022-11-07T15:23:22+00:00\" \/>\n<meta property=\"og:image\" content=\"https:\/\/www.diocese-limoges.fr\/creuse\/wp-content\/uploads\/sites\/3\/2022\/11\/2-novembre-relais-eaux-vives.png\" \/>\n<meta name=\"author\" content=\"saintjacques\" \/>\n<meta name=\"twitter:card\" content=\"summary_large_image\" \/>\n<meta name=\"twitter:label1\" content=\"\u00c9crit par\" \/>\n\t<meta name=\"twitter:data1\" content=\"saintjacques\" \/>\n\t<meta name=\"twitter:label2\" content=\"Dur\u00e9e de lecture estim\u00e9e\" \/>\n\t<meta name=\"twitter:data2\" content=\"2 minutes\" \/>\n<script type=\"application\/ld+json\" class=\"yoast-schema-graph\">{\"@context\":\"https:\/\/schema.org\",\"@graph\":[{\"@type\":\"WebPage\",\"@id\":\"https:\/\/www.diocese-limoges.fr\/creuse\/actualites\/il-ny-a-que-des-vivants\/\",\"url\":\"https:\/\/www.diocese-limoges.fr\/creuse\/actualites\/il-ny-a-que-des-vivants\/\",\"name\":\"Il n\u2019y a que des vivants - Doyenn\u00e9s de la Creuse\",\"isPartOf\":{\"@id\":\"https:\/\/www.diocese-limoges.fr\/creuse\/#website\"},\"primaryImageOfPage\":{\"@id\":\"https:\/\/www.diocese-limoges.fr\/creuse\/actualites\/il-ny-a-que-des-vivants\/#primaryimage\"},\"image\":{\"@id\":\"https:\/\/www.diocese-limoges.fr\/creuse\/actualites\/il-ny-a-que-des-vivants\/#primaryimage\"},\"thumbnailUrl\":\"https:\/\/www.diocese-limoges.fr\/creuse\/wp-content\/uploads\/sites\/3\/2022\/11\/2-novembre-relais-eaux-vives.png\",\"datePublished\":\"2022-11-07T15:23:21+00:00\",\"dateModified\":\"2022-11-07T15:23:22+00:00\",\"author\":{\"@id\":\"https:\/\/www.diocese-limoges.fr\/creuse\/#\/schema\/person\/3ad77524b5a0aac842e8a0962743b8be\"},\"breadcrumb\":{\"@id\":\"https:\/\/www.diocese-limoges.fr\/creuse\/actualites\/il-ny-a-que-des-vivants\/#breadcrumb\"},\"inLanguage\":\"fr-FR\",\"potentialAction\":[{\"@type\":\"ReadAction\",\"target\":[\"https:\/\/www.diocese-limoges.fr\/creuse\/actualites\/il-ny-a-que-des-vivants\/\"]}]},{\"@type\":\"ImageObject\",\"inLanguage\":\"fr-FR\",\"@id\":\"https:\/\/www.diocese-limoges.fr\/creuse\/actualites\/il-ny-a-que-des-vivants\/#primaryimage\",\"url\":\"https:\/\/www.diocese-limoges.fr\/creuse\/wp-content\/uploads\/sites\/3\/2022\/11\/2-novembre-relais-eaux-vives.png\",\"contentUrl\":\"https:\/\/www.diocese-limoges.fr\/creuse\/wp-content\/uploads\/sites\/3\/2022\/11\/2-novembre-relais-eaux-vives.png\",\"width\":540,\"height\":399},{\"@type\":\"BreadcrumbList\",\"@id\":\"https:\/\/www.diocese-limoges.fr\/creuse\/actualites\/il-ny-a-que-des-vivants\/#breadcrumb\",\"itemListElement\":[{\"@type\":\"ListItem\",\"position\":1,\"name\":\"Accueil\",\"item\":\"https:\/\/www.diocese-limoges.fr\/creuse\/\"},{\"@type\":\"ListItem\",\"position\":2,\"name\":\"Il n\u2019y a que des vivants\"}]},{\"@type\":\"WebSite\",\"@id\":\"https:\/\/www.diocese-limoges.fr\/creuse\/#website\",\"url\":\"https:\/\/www.diocese-limoges.fr\/creuse\/\",\"name\":\"Doyenn\u00e9s de la Creuse\",\"description\":\"Dioc\u00e8se de Limoges\",\"potentialAction\":[{\"@type\":\"SearchAction\",\"target\":{\"@type\":\"EntryPoint\",\"urlTemplate\":\"https:\/\/www.diocese-limoges.fr\/creuse\/?s={search_term_string}\"},\"query-input\":{\"@type\":\"PropertyValueSpecification\",\"valueRequired\":true,\"valueName\":\"search_term_string\"}}],\"inLanguage\":\"fr-FR\"},{\"@type\":\"Person\",\"@id\":\"https:\/\/www.diocese-limoges.fr\/creuse\/#\/schema\/person\/3ad77524b5a0aac842e8a0962743b8be\",\"name\":\"saintjacques\",\"image\":{\"@type\":\"ImageObject\",\"inLanguage\":\"fr-FR\",\"@id\":\"https:\/\/www.diocese-limoges.fr\/creuse\/#\/schema\/person\/image\/\",\"url\":\"https:\/\/secure.gravatar.com\/avatar\/50f8b140430ccf70197cd84af6b2ec49f4f6a7bc91f4fc5949276cbe855ae55d?s=96&d=mm&r=g\",\"contentUrl\":\"https:\/\/secure.gravatar.com\/avatar\/50f8b140430ccf70197cd84af6b2ec49f4f6a7bc91f4fc5949276cbe855ae55d?s=96&d=mm&r=g\",\"caption\":\"saintjacques\"},\"url\":\"https:\/\/www.diocese-limoges.fr\/creuse\/author\/saintjacques\/\"}]}<\/script>\n<!-- \/ Yoast SEO plugin. -->","yoast_head_json":{"title":"Il n\u2019y a que des vivants - Doyenn\u00e9s de la Creuse","robots":{"index":"index","follow":"follow","max-snippet":"max-snippet:-1","max-image-preview":"max-image-preview:large","max-video-preview":"max-video-preview:-1"},"canonical":"https:\/\/www.diocese-limoges.fr\/creuse\/actualites\/il-ny-a-que-des-vivants\/","og_locale":"fr_FR","og_type":"article","og_title":"Il n\u2019y a que des vivants - Doyenn\u00e9s de la Creuse","og_description":"Il n\u2019y a que des vivants \u201cLe relais des Eaux Vives \u00bb ont pri\u00e9s en l&rsquo;\u00e9glise de Marsac pour tous les d\u00e9funts de la Paroisse Saint Jacques. Il n&rsquo;y a que des vivants.Un texte magnifique de Michel Quoist.\u00ab\u00a0Il n&rsquo;y a pas de morts, Seigneur, il n&rsquo;y a que des vivants sur notre terre et au-del\u00e0. [&hellip;]","og_url":"https:\/\/www.diocese-limoges.fr\/creuse\/actualites\/il-ny-a-que-des-vivants\/","og_site_name":"Doyenn\u00e9s de la Creuse","article_published_time":"2022-11-07T15:23:21+00:00","article_modified_time":"2022-11-07T15:23:22+00:00","og_image":[{"url":"https:\/\/www.diocese-limoges.fr\/creuse\/wp-content\/uploads\/sites\/3\/2022\/11\/2-novembre-relais-eaux-vives.png","type":"","width":"","height":""}],"author":"saintjacques","twitter_card":"summary_large_image","twitter_misc":{"\u00c9crit par":"saintjacques","Dur\u00e9e de lecture estim\u00e9e":"2 minutes"},"schema":{"@context":"https:\/\/schema.org","@graph":[{"@type":"WebPage","@id":"https:\/\/www.diocese-limoges.fr\/creuse\/actualites\/il-ny-a-que-des-vivants\/","url":"https:\/\/www.diocese-limoges.fr\/creuse\/actualites\/il-ny-a-que-des-vivants\/","name":"Il n\u2019y a que des vivants - Doyenn\u00e9s de la Creuse","isPartOf":{"@id":"https:\/\/www.diocese-limoges.fr\/creuse\/#website"},"primaryImageOfPage":{"@id":"https:\/\/www.diocese-limoges.fr\/creuse\/actualites\/il-ny-a-que-des-vivants\/#primaryimage"},"image":{"@id":"https:\/\/www.diocese-limoges.fr\/creuse\/actualites\/il-ny-a-que-des-vivants\/#primaryimage"},"thumbnailUrl":"https:\/\/www.diocese-limoges.fr\/creuse\/wp-content\/uploads\/sites\/3\/2022\/11\/2-novembre-relais-eaux-vives.png","datePublished":"2022-11-07T15:23:21+00:00","dateModified":"2022-11-07T15:23:22+00:00","author":{"@id":"https:\/\/www.diocese-limoges.fr\/creuse\/#\/schema\/person\/3ad77524b5a0aac842e8a0962743b8be"},"breadcrumb":{"@id":"https:\/\/www.diocese-limoges.fr\/creuse\/actualites\/il-ny-a-que-des-vivants\/#breadcrumb"},"inLanguage":"fr-FR","potentialAction":[{"@type":"ReadAction","target":["https:\/\/www.diocese-limoges.fr\/creuse\/actualites\/il-ny-a-que-des-vivants\/"]}]},{"@type":"ImageObject","inLanguage":"fr-FR","@id":"https:\/\/www.diocese-limoges.fr\/creuse\/actualites\/il-ny-a-que-des-vivants\/#primaryimage","url":"https:\/\/www.diocese-limoges.fr\/creuse\/wp-content\/uploads\/sites\/3\/2022\/11\/2-novembre-relais-eaux-vives.png","contentUrl":"https:\/\/www.diocese-limoges.fr\/creuse\/wp-content\/uploads\/sites\/3\/2022\/11\/2-novembre-relais-eaux-vives.png","width":540,"height":399},{"@type":"BreadcrumbList","@id":"https:\/\/www.diocese-limoges.fr\/creuse\/actualites\/il-ny-a-que-des-vivants\/#breadcrumb","itemListElement":[{"@type":"ListItem","position":1,"name":"Accueil","item":"https:\/\/www.diocese-limoges.fr\/creuse\/"},{"@type":"ListItem","position":2,"name":"Il n\u2019y a que des vivants"}]},{"@type":"WebSite","@id":"https:\/\/www.diocese-limoges.fr\/creuse\/#website","url":"https:\/\/www.diocese-limoges.fr\/creuse\/","name":"Doyenn\u00e9s de la Creuse","description":"Dioc\u00e8se de Limoges","potentialAction":[{"@type":"SearchAction","target":{"@type":"EntryPoint","urlTemplate":"https:\/\/www.diocese-limoges.fr\/creuse\/?s={search_term_string}"},"query-input":{"@type":"PropertyValueSpecification","valueRequired":true,"valueName":"search_term_string"}}],"inLanguage":"fr-FR"},{"@type":"Person","@id":"https:\/\/www.diocese-limoges.fr\/creuse\/#\/schema\/person\/3ad77524b5a0aac842e8a0962743b8be","name":"saintjacques","image":{"@type":"ImageObject","inLanguage":"fr-FR","@id":"https:\/\/www.diocese-limoges.fr\/creuse\/#\/schema\/person\/image\/","url":"https:\/\/secure.gravatar.com\/avatar\/50f8b140430ccf70197cd84af6b2ec49f4f6a7bc91f4fc5949276cbe855ae55d?s=96&d=mm&r=g","contentUrl":"https:\/\/secure.gravatar.com\/avatar\/50f8b140430ccf70197cd84af6b2ec49f4f6a7bc91f4fc5949276cbe855ae55d?s=96&d=mm&r=g","caption":"saintjacques"},"url":"https:\/\/www.diocese-limoges.fr\/creuse\/author\/saintjacques\/"}]}},"_links":{"self":[{"href":"https:\/\/www.diocese-limoges.fr\/creuse\/wp-json\/wp\/v2\/posts\/578","targetHints":{"allow":["GET"]}}],"collection":[{"href":"https:\/\/www.diocese-limoges.fr\/creuse\/wp-json\/wp\/v2\/posts"}],"about":[{"href":"https:\/\/www.diocese-limoges.fr\/creuse\/wp-json\/wp\/v2\/types\/post"}],"author":[{"embeddable":true,"href":"https:\/\/www.diocese-limoges.fr\/creuse\/wp-json\/wp\/v2\/users\/43"}],"replies":[{"embeddable":true,"href":"https:\/\/www.diocese-limoges.fr\/creuse\/wp-json\/wp\/v2\/comments?post=578"}],"version-history":[{"count":2,"href":"https:\/\/www.diocese-limoges.fr\/creuse\/wp-json\/wp\/v2\/posts\/578\/revisions"}],"predecessor-version":[{"id":582,"href":"https:\/\/www.diocese-limoges.fr\/creuse\/wp-json\/wp\/v2\/posts\/578\/revisions\/582"}],"wp:attachment":[{"href":"https:\/\/www.diocese-limoges.fr\/creuse\/wp-json\/wp\/v2\/media?parent=578"}],"wp:term":[{"taxonomy":"category","embeddable":true,"href":"https:\/\/www.diocese-limoges.fr\/creuse\/wp-json\/wp\/v2\/categories?post=578"},{"taxonomy":"post_tag","embeddable":true,"href":"https:\/\/www.diocese-limoges.fr\/creuse\/wp-json\/wp\/v2\/tags?post=578"}],"curies":[{"name":"wp","href":"https:\/\/api.w.org\/{rel}","templated":true}]}}