{"id":664,"date":"2023-10-16T14:43:25","date_gmt":"2023-10-16T12:43:25","guid":{"rendered":"https:\/\/www.diocese-limoges.fr\/creuse\/?p=664"},"modified":"2023-10-16T14:43:26","modified_gmt":"2023-10-16T12:43:26","slug":"saint-leobon","status":"publish","type":"post","link":"https:\/\/www.diocese-limoges.fr\/creuse\/actualites\/saint-leobon\/","title":{"rendered":"Saint L\u00e9obon"},"content":{"rendered":"\n<div class=\"wp-block-media-text is-stacked-on-mobile\" style=\"grid-template-columns:38% auto\"><figure class=\"wp-block-media-text__media\"><img decoding=\"async\" src=\"https:\/\/www.diocese-limoges.fr\/fed82b7a-5f3c-4c9e-a7e4-1763769a2be2\" \/><\/figure><div class=\"wp-block-media-text__content\">\n<p class=\"has-medium-font-size\">Sur l&rsquo;initiative de l&rsquo;\u00e9quipe du relais des Eaux Vives (B\u00e9n\u00e9vent-L&rsquo;abbaye\/Le Grand-Bourg), une petite d\u00e9l\u00e9gation a d\u00e9fil\u00e9 avec le bras reliquaire de Saint L\u00e9obon pour la cl\u00f4ture des Ostensions \u00e0 Gu\u00e9ret.<\/p>\n\n\n\n<p class=\"has-medium-font-size\">Saint L\u00e9obon, ermite n\u00e9 \u00e0 Fursac, a install\u00e9 son ermitage proche du village de Salagnac dans un lieu qui deviendra Le Grand-Bourg.<\/p>\n\n\n\n<p class=\"has-medium-font-size\">Le dimanche 22 octobre, il y aura la messe et procession en l&rsquo;honneur de Saint L\u00e9obon \u00e0 l&rsquo;\u00e9glise du Grand-Bourg \u00e0 11h.<\/p>\n<\/div><\/div>\n","protected":false},"excerpt":{"rendered":"<p>Sur l&rsquo;initiative de l&rsquo;\u00e9quipe du relais des Eaux Vives (B\u00e9n\u00e9vent-L&rsquo;abbaye\/Le Grand-Bourg), une petite d\u00e9l\u00e9gation a d\u00e9fil\u00e9 avec le bras reliquaire de Saint L\u00e9obon pour la cl\u00f4ture des Ostensions \u00e0 Gu\u00e9ret. Saint L\u00e9obon, ermite n\u00e9 \u00e0 Fursac, a install\u00e9 son ermitage proche du village de Salagnac dans un lieu qui deviendra Le Grand-Bourg. Le dimanche 22 [&hellip;]<\/p>\n","protected":false},"author":43,"featured_media":665,"comment_status":"closed","ping_status":"open","sticky":false,"template":"","format":"standard","meta":{"_acf_changed":false,"footnotes":""},"categories":[1,3,6],"tags":[],"class_list":["post-664","post","type-post","status-publish","format-standard","has-post-thumbnail","hentry","category-actualites","category-saint-jacques","category-saint-pardoux-en-marche"],"acf":[],"yoast_head":"<!-- This site is optimized with the Yoast SEO plugin v26.4 - https:\/\/yoast.com\/wordpress\/plugins\/seo\/ -->\n<title>Saint L\u00e9obon - Doyenn\u00e9s de la Creuse<\/title>\n<meta name=\"description\" content=\"d\u00e9l\u00e9gation avec le bras reliquaire de Saint L\u00e9obon pour la cl\u00f4ture des Ostensions \u00e0 Gu\u00e9ret.\" \/>\n<meta name=\"robots\" content=\"index, follow, max-snippet:-1, max-image-preview:large, max-video-preview:-1\" \/>\n<link rel=\"canonical\" href=\"https:\/\/www.diocese-limoges.fr\/creuse\/actualites\/saint-leobon\/\" \/>\n<meta property=\"og:locale\" content=\"fr_FR\" \/>\n<meta property=\"og:type\" content=\"article\" \/>\n<meta property=\"og:title\" content=\"Saint L\u00e9obon - Doyenn\u00e9s de la Creuse\" \/>\n<meta property=\"og:description\" content=\"d\u00e9l\u00e9gation avec le bras reliquaire de Saint L\u00e9obon pour la cl\u00f4ture des Ostensions \u00e0 Gu\u00e9ret.\" \/>\n<meta property=\"og:url\" content=\"https:\/\/www.diocese-limoges.fr\/creuse\/actualites\/saint-leobon\/\" \/>\n<meta property=\"og:site_name\" content=\"Doyenn\u00e9s de la Creuse\" \/>\n<meta property=\"article:published_time\" content=\"2023-10-16T12:43:25+00:00\" \/>\n<meta property=\"article:modified_time\" content=\"2023-10-16T12:43:26+00:00\" \/>\n<meta property=\"og:image\" content=\"https:\/\/www.diocese-limoges.fr\/creuse\/wp-content\/uploads\/sites\/3\/2023\/10\/bras-de-saint-leobon-a-la-cloture-des-ostensions-2023a-gueret-delegation-de-la-paroisse-grand-bourg-scaled.jpg\" \/>\n\t<meta property=\"og:image:width\" content=\"1915\" \/>\n\t<meta property=\"og:image:height\" content=\"2560\" \/>\n\t<meta property=\"og:image:type\" content=\"image\/jpeg\" \/>\n<meta name=\"author\" content=\"saintjacques\" \/>\n<meta name=\"twitter:card\" content=\"summary_large_image\" \/>\n<meta name=\"twitter:label1\" content=\"\u00c9crit par\" \/>\n\t<meta name=\"twitter:data1\" content=\"saintjacques\" \/>\n\t<meta name=\"twitter:label2\" content=\"Dur\u00e9e de lecture estim\u00e9e\" \/>\n\t<meta name=\"twitter:data2\" content=\"1 minute\" \/>\n<script type=\"application\/ld+json\" class=\"yoast-schema-graph\">{\"@context\":\"https:\/\/schema.org\",\"@graph\":[{\"@type\":\"WebPage\",\"@id\":\"https:\/\/www.diocese-limoges.fr\/creuse\/actualites\/saint-leobon\/\",\"url\":\"https:\/\/www.diocese-limoges.fr\/creuse\/actualites\/saint-leobon\/\",\"name\":\"Saint L\u00e9obon - Doyenn\u00e9s de la Creuse\",\"isPartOf\":{\"@id\":\"https:\/\/www.diocese-limoges.fr\/creuse\/#website\"},\"primaryImageOfPage\":{\"@id\":\"https:\/\/www.diocese-limoges.fr\/creuse\/actualites\/saint-leobon\/#primaryimage\"},\"image\":{\"@id\":\"https:\/\/www.diocese-limoges.fr\/creuse\/actualites\/saint-leobon\/#primaryimage\"},\"thumbnailUrl\":\"https:\/\/www.diocese-limoges.fr\/creuse\/wp-content\/uploads\/sites\/3\/2023\/10\/bras-de-saint-leobon-a-la-cloture-des-ostensions-2023a-gueret-delegation-de-la-paroisse-grand-bourg-scaled.jpg\",\"datePublished\":\"2023-10-16T12:43:25+00:00\",\"dateModified\":\"2023-10-16T12:43:26+00:00\",\"author\":{\"@id\":\"https:\/\/www.diocese-limoges.fr\/creuse\/#\/schema\/person\/3ad77524b5a0aac842e8a0962743b8be\"},\"description\":\"d\u00e9l\u00e9gation avec le bras reliquaire de Saint L\u00e9obon pour la cl\u00f4ture des Ostensions \u00e0 Gu\u00e9ret.\",\"breadcrumb\":{\"@id\":\"https:\/\/www.diocese-limoges.fr\/creuse\/actualites\/saint-leobon\/#breadcrumb\"},\"inLanguage\":\"fr-FR\",\"potentialAction\":[{\"@type\":\"ReadAction\",\"target\":[\"https:\/\/www.diocese-limoges.fr\/creuse\/actualites\/saint-leobon\/\"]}]},{\"@type\":\"ImageObject\",\"inLanguage\":\"fr-FR\",\"@id\":\"https:\/\/www.diocese-limoges.fr\/creuse\/actualites\/saint-leobon\/#primaryimage\",\"url\":\"https:\/\/www.diocese-limoges.fr\/creuse\/wp-content\/uploads\/sites\/3\/2023\/10\/bras-de-saint-leobon-a-la-cloture-des-ostensions-2023a-gueret-delegation-de-la-paroisse-grand-bourg-scaled.jpg\",\"contentUrl\":\"https:\/\/www.diocese-limoges.fr\/creuse\/wp-content\/uploads\/sites\/3\/2023\/10\/bras-de-saint-leobon-a-la-cloture-des-ostensions-2023a-gueret-delegation-de-la-paroisse-grand-bourg-scaled.jpg\",\"width\":1915,\"height\":2560},{\"@type\":\"BreadcrumbList\",\"@id\":\"https:\/\/www.diocese-limoges.fr\/creuse\/actualites\/saint-leobon\/#breadcrumb\",\"itemListElement\":[{\"@type\":\"ListItem\",\"position\":1,\"name\":\"Accueil\",\"item\":\"https:\/\/www.diocese-limoges.fr\/creuse\/\"},{\"@type\":\"ListItem\",\"position\":2,\"name\":\"Saint L\u00e9obon\"}]},{\"@type\":\"WebSite\",\"@id\":\"https:\/\/www.diocese-limoges.fr\/creuse\/#website\",\"url\":\"https:\/\/www.diocese-limoges.fr\/creuse\/\",\"name\":\"Doyenn\u00e9s de la Creuse\",\"description\":\"Dioc\u00e8se de Limoges\",\"potentialAction\":[{\"@type\":\"SearchAction\",\"target\":{\"@type\":\"EntryPoint\",\"urlTemplate\":\"https:\/\/www.diocese-limoges.fr\/creuse\/?s={search_term_string}\"},\"query-input\":{\"@type\":\"PropertyValueSpecification\",\"valueRequired\":true,\"valueName\":\"search_term_string\"}}],\"inLanguage\":\"fr-FR\"},{\"@type\":\"Person\",\"@id\":\"https:\/\/www.diocese-limoges.fr\/creuse\/#\/schema\/person\/3ad77524b5a0aac842e8a0962743b8be\",\"name\":\"saintjacques\",\"image\":{\"@type\":\"ImageObject\",\"inLanguage\":\"fr-FR\",\"@id\":\"https:\/\/www.diocese-limoges.fr\/creuse\/#\/schema\/person\/image\/\",\"url\":\"https:\/\/secure.gravatar.com\/avatar\/50f8b140430ccf70197cd84af6b2ec49f4f6a7bc91f4fc5949276cbe855ae55d?s=96&d=mm&r=g\",\"contentUrl\":\"https:\/\/secure.gravatar.com\/avatar\/50f8b140430ccf70197cd84af6b2ec49f4f6a7bc91f4fc5949276cbe855ae55d?s=96&d=mm&r=g\",\"caption\":\"saintjacques\"},\"url\":\"https:\/\/www.diocese-limoges.fr\/creuse\/author\/saintjacques\/\"}]}<\/script>\n<!-- \/ Yoast SEO plugin. -->","yoast_head_json":{"title":"Saint L\u00e9obon - Doyenn\u00e9s de la Creuse","description":"d\u00e9l\u00e9gation avec le bras reliquaire de Saint L\u00e9obon pour la cl\u00f4ture des Ostensions \u00e0 Gu\u00e9ret.","robots":{"index":"index","follow":"follow","max-snippet":"max-snippet:-1","max-image-preview":"max-image-preview:large","max-video-preview":"max-video-preview:-1"},"canonical":"https:\/\/www.diocese-limoges.fr\/creuse\/actualites\/saint-leobon\/","og_locale":"fr_FR","og_type":"article","og_title":"Saint L\u00e9obon - Doyenn\u00e9s de la Creuse","og_description":"d\u00e9l\u00e9gation avec le bras reliquaire de Saint L\u00e9obon pour la cl\u00f4ture des Ostensions \u00e0 Gu\u00e9ret.","og_url":"https:\/\/www.diocese-limoges.fr\/creuse\/actualites\/saint-leobon\/","og_site_name":"Doyenn\u00e9s de la Creuse","article_published_time":"2023-10-16T12:43:25+00:00","article_modified_time":"2023-10-16T12:43:26+00:00","og_image":[{"width":1915,"height":2560,"url":"https:\/\/www.diocese-limoges.fr\/creuse\/wp-content\/uploads\/sites\/3\/2023\/10\/bras-de-saint-leobon-a-la-cloture-des-ostensions-2023a-gueret-delegation-de-la-paroisse-grand-bourg-scaled.jpg","type":"image\/jpeg"}],"author":"saintjacques","twitter_card":"summary_large_image","twitter_misc":{"\u00c9crit par":"saintjacques","Dur\u00e9e de lecture estim\u00e9e":"1 minute"},"schema":{"@context":"https:\/\/schema.org","@graph":[{"@type":"WebPage","@id":"https:\/\/www.diocese-limoges.fr\/creuse\/actualites\/saint-leobon\/","url":"https:\/\/www.diocese-limoges.fr\/creuse\/actualites\/saint-leobon\/","name":"Saint L\u00e9obon - Doyenn\u00e9s de la Creuse","isPartOf":{"@id":"https:\/\/www.diocese-limoges.fr\/creuse\/#website"},"primaryImageOfPage":{"@id":"https:\/\/www.diocese-limoges.fr\/creuse\/actualites\/saint-leobon\/#primaryimage"},"image":{"@id":"https:\/\/www.diocese-limoges.fr\/creuse\/actualites\/saint-leobon\/#primaryimage"},"thumbnailUrl":"https:\/\/www.diocese-limoges.fr\/creuse\/wp-content\/uploads\/sites\/3\/2023\/10\/bras-de-saint-leobon-a-la-cloture-des-ostensions-2023a-gueret-delegation-de-la-paroisse-grand-bourg-scaled.jpg","datePublished":"2023-10-16T12:43:25+00:00","dateModified":"2023-10-16T12:43:26+00:00","author":{"@id":"https:\/\/www.diocese-limoges.fr\/creuse\/#\/schema\/person\/3ad77524b5a0aac842e8a0962743b8be"},"description":"d\u00e9l\u00e9gation avec le bras reliquaire de Saint L\u00e9obon pour la cl\u00f4ture des Ostensions \u00e0 Gu\u00e9ret.","breadcrumb":{"@id":"https:\/\/www.diocese-limoges.fr\/creuse\/actualites\/saint-leobon\/#breadcrumb"},"inLanguage":"fr-FR","potentialAction":[{"@type":"ReadAction","target":["https:\/\/www.diocese-limoges.fr\/creuse\/actualites\/saint-leobon\/"]}]},{"@type":"ImageObject","inLanguage":"fr-FR","@id":"https:\/\/www.diocese-limoges.fr\/creuse\/actualites\/saint-leobon\/#primaryimage","url":"https:\/\/www.diocese-limoges.fr\/creuse\/wp-content\/uploads\/sites\/3\/2023\/10\/bras-de-saint-leobon-a-la-cloture-des-ostensions-2023a-gueret-delegation-de-la-paroisse-grand-bourg-scaled.jpg","contentUrl":"https:\/\/www.diocese-limoges.fr\/creuse\/wp-content\/uploads\/sites\/3\/2023\/10\/bras-de-saint-leobon-a-la-cloture-des-ostensions-2023a-gueret-delegation-de-la-paroisse-grand-bourg-scaled.jpg","width":1915,"height":2560},{"@type":"BreadcrumbList","@id":"https:\/\/www.diocese-limoges.fr\/creuse\/actualites\/saint-leobon\/#breadcrumb","itemListElement":[{"@type":"ListItem","position":1,"name":"Accueil","item":"https:\/\/www.diocese-limoges.fr\/creuse\/"},{"@type":"ListItem","position":2,"name":"Saint L\u00e9obon"}]},{"@type":"WebSite","@id":"https:\/\/www.diocese-limoges.fr\/creuse\/#website","url":"https:\/\/www.diocese-limoges.fr\/creuse\/","name":"Doyenn\u00e9s de la Creuse","description":"Dioc\u00e8se de Limoges","potentialAction":[{"@type":"SearchAction","target":{"@type":"EntryPoint","urlTemplate":"https:\/\/www.diocese-limoges.fr\/creuse\/?s={search_term_string}"},"query-input":{"@type":"PropertyValueSpecification","valueRequired":true,"valueName":"search_term_string"}}],"inLanguage":"fr-FR"},{"@type":"Person","@id":"https:\/\/www.diocese-limoges.fr\/creuse\/#\/schema\/person\/3ad77524b5a0aac842e8a0962743b8be","name":"saintjacques","image":{"@type":"ImageObject","inLanguage":"fr-FR","@id":"https:\/\/www.diocese-limoges.fr\/creuse\/#\/schema\/person\/image\/","url":"https:\/\/secure.gravatar.com\/avatar\/50f8b140430ccf70197cd84af6b2ec49f4f6a7bc91f4fc5949276cbe855ae55d?s=96&d=mm&r=g","contentUrl":"https:\/\/secure.gravatar.com\/avatar\/50f8b140430ccf70197cd84af6b2ec49f4f6a7bc91f4fc5949276cbe855ae55d?s=96&d=mm&r=g","caption":"saintjacques"},"url":"https:\/\/www.diocese-limoges.fr\/creuse\/author\/saintjacques\/"}]}},"_links":{"self":[{"href":"https:\/\/www.diocese-limoges.fr\/creuse\/wp-json\/wp\/v2\/posts\/664","targetHints":{"allow":["GET"]}}],"collection":[{"href":"https:\/\/www.diocese-limoges.fr\/creuse\/wp-json\/wp\/v2\/posts"}],"about":[{"href":"https:\/\/www.diocese-limoges.fr\/creuse\/wp-json\/wp\/v2\/types\/post"}],"author":[{"embeddable":true,"href":"https:\/\/www.diocese-limoges.fr\/creuse\/wp-json\/wp\/v2\/users\/43"}],"replies":[{"embeddable":true,"href":"https:\/\/www.diocese-limoges.fr\/creuse\/wp-json\/wp\/v2\/comments?post=664"}],"version-history":[{"count":2,"href":"https:\/\/www.diocese-limoges.fr\/creuse\/wp-json\/wp\/v2\/posts\/664\/revisions"}],"predecessor-version":[{"id":667,"href":"https:\/\/www.diocese-limoges.fr\/creuse\/wp-json\/wp\/v2\/posts\/664\/revisions\/667"}],"wp:featuredmedia":[{"embeddable":true,"href":"https:\/\/www.diocese-limoges.fr\/creuse\/wp-json\/wp\/v2\/media\/665"}],"wp:attachment":[{"href":"https:\/\/www.diocese-limoges.fr\/creuse\/wp-json\/wp\/v2\/media?parent=664"}],"wp:term":[{"taxonomy":"category","embeddable":true,"href":"https:\/\/www.diocese-limoges.fr\/creuse\/wp-json\/wp\/v2\/categories?post=664"},{"taxonomy":"post_tag","embeddable":true,"href":"https:\/\/www.diocese-limoges.fr\/creuse\/wp-json\/wp\/v2\/tags?post=664"}],"curies":[{"name":"wp","href":"https:\/\/api.w.org\/{rel}","templated":true}]}}