{"id":784,"date":"2025-04-14T18:15:18","date_gmt":"2025-04-14T16:15:18","guid":{"rendered":"https:\/\/www.diocese-limoges.fr\/creuse\/?p=784"},"modified":"2025-04-14T18:15:19","modified_gmt":"2025-04-14T16:15:19","slug":"chemins-de-croix","status":"publish","type":"post","link":"https:\/\/www.diocese-limoges.fr\/creuse\/actualites\/chemins-de-croix\/","title":{"rendered":"Chemins de Croix"},"content":{"rendered":"\n<figure class=\"wp-block-image size-full\"><img loading=\"lazy\" decoding=\"async\" width=\"940\" height=\"788\" src=\"https:\/\/www.diocese-limoges.fr\/creuse\/wp-content\/uploads\/sites\/3\/2025\/04\/chemins-de-croix.png\" alt=\"\" class=\"wp-image-785\" srcset=\"https:\/\/www.diocese-limoges.fr\/creuse\/wp-content\/uploads\/sites\/3\/2025\/04\/chemins-de-croix.png 940w, https:\/\/www.diocese-limoges.fr\/creuse\/wp-content\/uploads\/sites\/3\/2025\/04\/chemins-de-croix-300x251.png 300w, https:\/\/www.diocese-limoges.fr\/creuse\/wp-content\/uploads\/sites\/3\/2025\/04\/chemins-de-croix-768x644.png 768w\" sizes=\"auto, (max-width: 940px) 100vw, 940px\" \/><\/figure>\n\n\n\n<p><\/p>\n","protected":false},"excerpt":{"rendered":"","protected":false},"author":43,"featured_media":785,"comment_status":"closed","ping_status":"open","sticky":false,"template":"","format":"standard","meta":{"_acf_changed":false,"footnotes":""},"categories":[1,3],"tags":[30,32,17,31],"class_list":["post-784","post","type-post","status-publish","format-standard","has-post-thumbnail","hentry","category-actualites","category-saint-jacques","tag-chemins-de-croix","tag-passion","tag-semaine-sainte","tag-vendredi-saint"],"acf":[],"yoast_head":"<!-- This site is optimized with the Yoast SEO plugin v26.4 - https:\/\/yoast.com\/wordpress\/plugins\/seo\/ -->\n<title>Chemins de Croix - Doyenn\u00e9s de la Creuse<\/title>\n<meta name=\"description\" content=\"Chemins de croix sur la paroisse Saint Jacques\" \/>\n<meta name=\"robots\" content=\"index, follow, max-snippet:-1, max-image-preview:large, max-video-preview:-1\" \/>\n<link rel=\"canonical\" href=\"https:\/\/www.diocese-limoges.fr\/creuse\/actualites\/chemins-de-croix\/\" \/>\n<meta property=\"og:locale\" content=\"fr_FR\" \/>\n<meta property=\"og:type\" content=\"article\" \/>\n<meta property=\"og:title\" content=\"Chemins de Croix - Doyenn\u00e9s de la Creuse\" \/>\n<meta property=\"og:description\" content=\"Chemins de croix sur la paroisse Saint Jacques\" \/>\n<meta property=\"og:url\" content=\"https:\/\/www.diocese-limoges.fr\/creuse\/actualites\/chemins-de-croix\/\" \/>\n<meta property=\"og:site_name\" content=\"Doyenn\u00e9s de la Creuse\" \/>\n<meta property=\"article:published_time\" content=\"2025-04-14T16:15:18+00:00\" \/>\n<meta property=\"article:modified_time\" content=\"2025-04-14T16:15:19+00:00\" \/>\n<meta property=\"og:image\" content=\"https:\/\/www.diocese-limoges.fr\/creuse\/wp-content\/uploads\/sites\/3\/2025\/04\/chemins-de-croix.png\" \/>\n\t<meta property=\"og:image:width\" content=\"940\" \/>\n\t<meta property=\"og:image:height\" content=\"788\" \/>\n\t<meta property=\"og:image:type\" content=\"image\/png\" \/>\n<meta name=\"author\" content=\"saintjacques\" \/>\n<meta name=\"twitter:card\" content=\"summary_large_image\" \/>\n<meta name=\"twitter:label1\" content=\"\u00c9crit par\" \/>\n\t<meta name=\"twitter:data1\" content=\"saintjacques\" \/>\n\t<meta name=\"twitter:label2\" content=\"Dur\u00e9e de lecture estim\u00e9e\" \/>\n\t<meta name=\"twitter:data2\" content=\"1 minute\" \/>\n<script type=\"application\/ld+json\" class=\"yoast-schema-graph\">{\"@context\":\"https:\/\/schema.org\",\"@graph\":[{\"@type\":\"WebPage\",\"@id\":\"https:\/\/www.diocese-limoges.fr\/creuse\/actualites\/chemins-de-croix\/\",\"url\":\"https:\/\/www.diocese-limoges.fr\/creuse\/actualites\/chemins-de-croix\/\",\"name\":\"Chemins de Croix - Doyenn\u00e9s de la Creuse\",\"isPartOf\":{\"@id\":\"https:\/\/www.diocese-limoges.fr\/creuse\/#website\"},\"primaryImageOfPage\":{\"@id\":\"https:\/\/www.diocese-limoges.fr\/creuse\/actualites\/chemins-de-croix\/#primaryimage\"},\"image\":{\"@id\":\"https:\/\/www.diocese-limoges.fr\/creuse\/actualites\/chemins-de-croix\/#primaryimage\"},\"thumbnailUrl\":\"https:\/\/www.diocese-limoges.fr\/creuse\/wp-content\/uploads\/sites\/3\/2025\/04\/chemins-de-croix.png\",\"datePublished\":\"2025-04-14T16:15:18+00:00\",\"dateModified\":\"2025-04-14T16:15:19+00:00\",\"author\":{\"@id\":\"https:\/\/www.diocese-limoges.fr\/creuse\/#\/schema\/person\/3ad77524b5a0aac842e8a0962743b8be\"},\"description\":\"Chemins de croix sur la paroisse Saint Jacques\",\"breadcrumb\":{\"@id\":\"https:\/\/www.diocese-limoges.fr\/creuse\/actualites\/chemins-de-croix\/#breadcrumb\"},\"inLanguage\":\"fr-FR\",\"potentialAction\":[{\"@type\":\"ReadAction\",\"target\":[\"https:\/\/www.diocese-limoges.fr\/creuse\/actualites\/chemins-de-croix\/\"]}]},{\"@type\":\"ImageObject\",\"inLanguage\":\"fr-FR\",\"@id\":\"https:\/\/www.diocese-limoges.fr\/creuse\/actualites\/chemins-de-croix\/#primaryimage\",\"url\":\"https:\/\/www.diocese-limoges.fr\/creuse\/wp-content\/uploads\/sites\/3\/2025\/04\/chemins-de-croix.png\",\"contentUrl\":\"https:\/\/www.diocese-limoges.fr\/creuse\/wp-content\/uploads\/sites\/3\/2025\/04\/chemins-de-croix.png\",\"width\":940,\"height\":788},{\"@type\":\"BreadcrumbList\",\"@id\":\"https:\/\/www.diocese-limoges.fr\/creuse\/actualites\/chemins-de-croix\/#breadcrumb\",\"itemListElement\":[{\"@type\":\"ListItem\",\"position\":1,\"name\":\"Accueil\",\"item\":\"https:\/\/www.diocese-limoges.fr\/creuse\/\"},{\"@type\":\"ListItem\",\"position\":2,\"name\":\"Chemins de Croix\"}]},{\"@type\":\"WebSite\",\"@id\":\"https:\/\/www.diocese-limoges.fr\/creuse\/#website\",\"url\":\"https:\/\/www.diocese-limoges.fr\/creuse\/\",\"name\":\"Doyenn\u00e9s de la Creuse\",\"description\":\"Dioc\u00e8se de Limoges\",\"potentialAction\":[{\"@type\":\"SearchAction\",\"target\":{\"@type\":\"EntryPoint\",\"urlTemplate\":\"https:\/\/www.diocese-limoges.fr\/creuse\/?s={search_term_string}\"},\"query-input\":{\"@type\":\"PropertyValueSpecification\",\"valueRequired\":true,\"valueName\":\"search_term_string\"}}],\"inLanguage\":\"fr-FR\"},{\"@type\":\"Person\",\"@id\":\"https:\/\/www.diocese-limoges.fr\/creuse\/#\/schema\/person\/3ad77524b5a0aac842e8a0962743b8be\",\"name\":\"saintjacques\",\"image\":{\"@type\":\"ImageObject\",\"inLanguage\":\"fr-FR\",\"@id\":\"https:\/\/www.diocese-limoges.fr\/creuse\/#\/schema\/person\/image\/\",\"url\":\"https:\/\/secure.gravatar.com\/avatar\/50f8b140430ccf70197cd84af6b2ec49f4f6a7bc91f4fc5949276cbe855ae55d?s=96&d=mm&r=g\",\"contentUrl\":\"https:\/\/secure.gravatar.com\/avatar\/50f8b140430ccf70197cd84af6b2ec49f4f6a7bc91f4fc5949276cbe855ae55d?s=96&d=mm&r=g\",\"caption\":\"saintjacques\"},\"url\":\"https:\/\/www.diocese-limoges.fr\/creuse\/author\/saintjacques\/\"}]}<\/script>\n<!-- \/ Yoast SEO plugin. -->","yoast_head_json":{"title":"Chemins de Croix - Doyenn\u00e9s de la Creuse","description":"Chemins de croix sur la paroisse Saint Jacques","robots":{"index":"index","follow":"follow","max-snippet":"max-snippet:-1","max-image-preview":"max-image-preview:large","max-video-preview":"max-video-preview:-1"},"canonical":"https:\/\/www.diocese-limoges.fr\/creuse\/actualites\/chemins-de-croix\/","og_locale":"fr_FR","og_type":"article","og_title":"Chemins de Croix - Doyenn\u00e9s de la Creuse","og_description":"Chemins de croix sur la paroisse Saint Jacques","og_url":"https:\/\/www.diocese-limoges.fr\/creuse\/actualites\/chemins-de-croix\/","og_site_name":"Doyenn\u00e9s de la Creuse","article_published_time":"2025-04-14T16:15:18+00:00","article_modified_time":"2025-04-14T16:15:19+00:00","og_image":[{"width":940,"height":788,"url":"https:\/\/www.diocese-limoges.fr\/creuse\/wp-content\/uploads\/sites\/3\/2025\/04\/chemins-de-croix.png","type":"image\/png"}],"author":"saintjacques","twitter_card":"summary_large_image","twitter_misc":{"\u00c9crit par":"saintjacques","Dur\u00e9e de lecture estim\u00e9e":"1 minute"},"schema":{"@context":"https:\/\/schema.org","@graph":[{"@type":"WebPage","@id":"https:\/\/www.diocese-limoges.fr\/creuse\/actualites\/chemins-de-croix\/","url":"https:\/\/www.diocese-limoges.fr\/creuse\/actualites\/chemins-de-croix\/","name":"Chemins de Croix - Doyenn\u00e9s de la Creuse","isPartOf":{"@id":"https:\/\/www.diocese-limoges.fr\/creuse\/#website"},"primaryImageOfPage":{"@id":"https:\/\/www.diocese-limoges.fr\/creuse\/actualites\/chemins-de-croix\/#primaryimage"},"image":{"@id":"https:\/\/www.diocese-limoges.fr\/creuse\/actualites\/chemins-de-croix\/#primaryimage"},"thumbnailUrl":"https:\/\/www.diocese-limoges.fr\/creuse\/wp-content\/uploads\/sites\/3\/2025\/04\/chemins-de-croix.png","datePublished":"2025-04-14T16:15:18+00:00","dateModified":"2025-04-14T16:15:19+00:00","author":{"@id":"https:\/\/www.diocese-limoges.fr\/creuse\/#\/schema\/person\/3ad77524b5a0aac842e8a0962743b8be"},"description":"Chemins de croix sur la paroisse Saint Jacques","breadcrumb":{"@id":"https:\/\/www.diocese-limoges.fr\/creuse\/actualites\/chemins-de-croix\/#breadcrumb"},"inLanguage":"fr-FR","potentialAction":[{"@type":"ReadAction","target":["https:\/\/www.diocese-limoges.fr\/creuse\/actualites\/chemins-de-croix\/"]}]},{"@type":"ImageObject","inLanguage":"fr-FR","@id":"https:\/\/www.diocese-limoges.fr\/creuse\/actualites\/chemins-de-croix\/#primaryimage","url":"https:\/\/www.diocese-limoges.fr\/creuse\/wp-content\/uploads\/sites\/3\/2025\/04\/chemins-de-croix.png","contentUrl":"https:\/\/www.diocese-limoges.fr\/creuse\/wp-content\/uploads\/sites\/3\/2025\/04\/chemins-de-croix.png","width":940,"height":788},{"@type":"BreadcrumbList","@id":"https:\/\/www.diocese-limoges.fr\/creuse\/actualites\/chemins-de-croix\/#breadcrumb","itemListElement":[{"@type":"ListItem","position":1,"name":"Accueil","item":"https:\/\/www.diocese-limoges.fr\/creuse\/"},{"@type":"ListItem","position":2,"name":"Chemins de Croix"}]},{"@type":"WebSite","@id":"https:\/\/www.diocese-limoges.fr\/creuse\/#website","url":"https:\/\/www.diocese-limoges.fr\/creuse\/","name":"Doyenn\u00e9s de la Creuse","description":"Dioc\u00e8se de Limoges","potentialAction":[{"@type":"SearchAction","target":{"@type":"EntryPoint","urlTemplate":"https:\/\/www.diocese-limoges.fr\/creuse\/?s={search_term_string}"},"query-input":{"@type":"PropertyValueSpecification","valueRequired":true,"valueName":"search_term_string"}}],"inLanguage":"fr-FR"},{"@type":"Person","@id":"https:\/\/www.diocese-limoges.fr\/creuse\/#\/schema\/person\/3ad77524b5a0aac842e8a0962743b8be","name":"saintjacques","image":{"@type":"ImageObject","inLanguage":"fr-FR","@id":"https:\/\/www.diocese-limoges.fr\/creuse\/#\/schema\/person\/image\/","url":"https:\/\/secure.gravatar.com\/avatar\/50f8b140430ccf70197cd84af6b2ec49f4f6a7bc91f4fc5949276cbe855ae55d?s=96&d=mm&r=g","contentUrl":"https:\/\/secure.gravatar.com\/avatar\/50f8b140430ccf70197cd84af6b2ec49f4f6a7bc91f4fc5949276cbe855ae55d?s=96&d=mm&r=g","caption":"saintjacques"},"url":"https:\/\/www.diocese-limoges.fr\/creuse\/author\/saintjacques\/"}]}},"_links":{"self":[{"href":"https:\/\/www.diocese-limoges.fr\/creuse\/wp-json\/wp\/v2\/posts\/784","targetHints":{"allow":["GET"]}}],"collection":[{"href":"https:\/\/www.diocese-limoges.fr\/creuse\/wp-json\/wp\/v2\/posts"}],"about":[{"href":"https:\/\/www.diocese-limoges.fr\/creuse\/wp-json\/wp\/v2\/types\/post"}],"author":[{"embeddable":true,"href":"https:\/\/www.diocese-limoges.fr\/creuse\/wp-json\/wp\/v2\/users\/43"}],"replies":[{"embeddable":true,"href":"https:\/\/www.diocese-limoges.fr\/creuse\/wp-json\/wp\/v2\/comments?post=784"}],"version-history":[{"count":2,"href":"https:\/\/www.diocese-limoges.fr\/creuse\/wp-json\/wp\/v2\/posts\/784\/revisions"}],"predecessor-version":[{"id":789,"href":"https:\/\/www.diocese-limoges.fr\/creuse\/wp-json\/wp\/v2\/posts\/784\/revisions\/789"}],"wp:featuredmedia":[{"embeddable":true,"href":"https:\/\/www.diocese-limoges.fr\/creuse\/wp-json\/wp\/v2\/media\/785"}],"wp:attachment":[{"href":"https:\/\/www.diocese-limoges.fr\/creuse\/wp-json\/wp\/v2\/media?parent=784"}],"wp:term":[{"taxonomy":"category","embeddable":true,"href":"https:\/\/www.diocese-limoges.fr\/creuse\/wp-json\/wp\/v2\/categories?post=784"},{"taxonomy":"post_tag","embeddable":true,"href":"https:\/\/www.diocese-limoges.fr\/creuse\/wp-json\/wp\/v2\/tags?post=784"}],"curies":[{"name":"wp","href":"https:\/\/api.w.org\/{rel}","templated":true}]}}