{"id":820,"date":"2025-07-29T14:10:57","date_gmt":"2025-07-29T12:10:57","guid":{"rendered":"https:\/\/www.diocese-limoges.fr\/creuse\/?p=820"},"modified":"2025-07-29T14:10:58","modified_gmt":"2025-07-29T12:10:58","slug":"conference-du-13-aout-18h30-salle-apollo","status":"publish","type":"post","link":"https:\/\/www.diocese-limoges.fr\/creuse\/actualites\/conference-du-13-aout-18h30-salle-apollo\/","title":{"rendered":"Conf\u00e9rence du 13 ao\u00fbt 18h30 \u2013 Salle Apollo"},"content":{"rendered":"<a href=\"https:\/\/www.diocese-limoges.fr\/creuse\/wp-content\/uploads\/sites\/3\/2025\/07\/2025-08-13-affiche-conference-immigration-dun.pdf\" class=\"pdfemb-viewer\" style=\"\" data-width=\"max\" data-height=\"max\" data-toolbar=\"bottom\" data-toolbar-fixed=\"off\">2025-08-13-affiche-conference-immigration-dun<\/a>\n\n\n<p><a><strong>Immigration<\/strong><\/a><\/p>\n\n\n\n<p><strong>Au-del\u00e0 des slogans extr\u00eames, comment envisager des options r\u00e9alistes et engag\u00e9es&nbsp;?<\/strong><\/p>\n\n\n\n<p>Ici en Creuse et partout en France et en Europe, de nombreux migrants en situation de pr\u00e9carit\u00e9 sont pr\u00e9sents. Leur situation au regard de la loi est souvent irr\u00e9guli\u00e8re. Les traditions humaniste et chr\u00e9tienne les situent avant tout comme des hommes, des femmes, des enfants \u00e0 accueillir et accompagner.<\/p>\n\n\n\n<p>Comment, d&rsquo;un point de vue politique, traiter en m\u00eame temps les flux migratoires en Europe et la peur de l&rsquo;\u00e9tranger qui envahit notre soci\u00e9t\u00e9,&nbsp;sans que cette peur soit instrumentalis\u00e9e&nbsp;par les partis politiques ? Comment se situer en tant que chr\u00e9tien&nbsp;?<\/p>\n\n\n\n<p>Enfin, question de conscience, dans quelles circonstances les situations particuli\u00e8res peuvent-elles inviter quelqu\u2019un \u00e0 d\u00e9roger \u00e0 la loi ? Comment alors concilier respect de la loi et accueil&nbsp;? A quel rapport \u00e0 la loi invite l&rsquo;Evangile, notamment en mati\u00e8re d&rsquo;hospitalit\u00e9<em> ?<\/em><\/p>\n\n\n\n<p><em>D\u00e9bat \u2013 Questions (30 minutes)<\/em><\/p>\n\n\n\n<p><strong><em>Animation<\/em><\/strong><em>&nbsp;: Laetitia Forgeot d\u2019Arc, journaliste.<\/em><\/p>\n\n\n\n<p><strong><em>Intervenants&nbsp;:<br><\/em><\/strong><em>Bernard FLICHY (b\u00e9n\u00e9vole CIMADE)<br>Philippe SOULMAGNON (diacre)<br>Jean-Christophe HOUOT (Mission de France)<br>Jean-Paul SUCHAUD (responsable du p\u00f4le solidarit\u00e9 de dioc\u00e8se de Limoges\u2026<\/em><\/p>\n","protected":false},"excerpt":{"rendered":"<p>Immigration Au-del\u00e0 des slogans extr\u00eames, comment envisager des options r\u00e9alistes et engag\u00e9es&nbsp;? Ici en Creuse et partout en France et en Europe, de nombreux migrants en situation de pr\u00e9carit\u00e9 sont pr\u00e9sents. Leur situation au regard de la loi est souvent irr\u00e9guli\u00e8re. Les traditions humaniste et chr\u00e9tienne les situent avant tout comme des hommes, des femmes, [&hellip;]<\/p>\n","protected":false},"author":43,"featured_media":246,"comment_status":"closed","ping_status":"open","sticky":false,"template":"","format":"standard","meta":{"_acf_changed":false,"footnotes":""},"categories":[1,3],"tags":[39,40,27,38,15],"class_list":["post-820","post","type-post","status-publish","format-standard","has-post-thumbnail","hentry","category-actualites","category-saint-jacques","tag-conference","tag-dun-le-palestel","tag-fraternite","tag-migration","tag-paroisse-saint-jacques"],"acf":[],"yoast_head":"<!-- This site is optimized with the Yoast SEO plugin v26.4 - https:\/\/yoast.com\/wordpress\/plugins\/seo\/ -->\n<title>Conf\u00e9rence du 13 ao\u00fbt 18h30 \u2013 Salle Apollo - Doyenn\u00e9s de la Creuse<\/title>\n<meta name=\"robots\" content=\"index, follow, max-snippet:-1, max-image-preview:large, max-video-preview:-1\" \/>\n<link rel=\"canonical\" href=\"https:\/\/www.diocese-limoges.fr\/creuse\/actualites\/conference-du-13-aout-18h30-salle-apollo\/\" \/>\n<meta property=\"og:locale\" content=\"fr_FR\" \/>\n<meta property=\"og:type\" content=\"article\" \/>\n<meta property=\"og:title\" content=\"Conf\u00e9rence du 13 ao\u00fbt 18h30 \u2013 Salle Apollo - Doyenn\u00e9s de la Creuse\" \/>\n<meta property=\"og:description\" content=\"Immigration Au-del\u00e0 des slogans extr\u00eames, comment envisager des options r\u00e9alistes et engag\u00e9es&nbsp;? Ici en Creuse et partout en France et en Europe, de nombreux migrants en situation de pr\u00e9carit\u00e9 sont pr\u00e9sents. Leur situation au regard de la loi est souvent irr\u00e9guli\u00e8re. Les traditions humaniste et chr\u00e9tienne les situent avant tout comme des hommes, des femmes, [&hellip;]\" \/>\n<meta property=\"og:url\" content=\"https:\/\/www.diocese-limoges.fr\/creuse\/actualites\/conference-du-13-aout-18h30-salle-apollo\/\" \/>\n<meta property=\"og:site_name\" content=\"Doyenn\u00e9s de la Creuse\" \/>\n<meta property=\"article:published_time\" content=\"2025-07-29T12:10:57+00:00\" \/>\n<meta property=\"article:modified_time\" content=\"2025-07-29T12:10:58+00:00\" \/>\n<meta property=\"og:image\" content=\"https:\/\/www.diocese-limoges.fr\/creuse\/wp-content\/uploads\/sites\/3\/2021\/03\/sans-titre.png\" \/>\n\t<meta property=\"og:image:width\" content=\"940\" \/>\n\t<meta property=\"og:image:height\" content=\"788\" \/>\n\t<meta property=\"og:image:type\" content=\"image\/png\" \/>\n<meta name=\"author\" content=\"saintjacques\" \/>\n<meta name=\"twitter:card\" content=\"summary_large_image\" \/>\n<meta name=\"twitter:label1\" content=\"\u00c9crit par\" \/>\n\t<meta name=\"twitter:data1\" content=\"saintjacques\" \/>\n\t<meta name=\"twitter:label2\" content=\"Dur\u00e9e de lecture estim\u00e9e\" \/>\n\t<meta name=\"twitter:data2\" content=\"2 minutes\" \/>\n<script type=\"application\/ld+json\" class=\"yoast-schema-graph\">{\"@context\":\"https:\/\/schema.org\",\"@graph\":[{\"@type\":\"WebPage\",\"@id\":\"https:\/\/www.diocese-limoges.fr\/creuse\/actualites\/conference-du-13-aout-18h30-salle-apollo\/\",\"url\":\"https:\/\/www.diocese-limoges.fr\/creuse\/actualites\/conference-du-13-aout-18h30-salle-apollo\/\",\"name\":\"Conf\u00e9rence du 13 ao\u00fbt 18h30 \u2013 Salle Apollo - Doyenn\u00e9s de la Creuse\",\"isPartOf\":{\"@id\":\"https:\/\/www.diocese-limoges.fr\/creuse\/#website\"},\"primaryImageOfPage\":{\"@id\":\"https:\/\/www.diocese-limoges.fr\/creuse\/actualites\/conference-du-13-aout-18h30-salle-apollo\/#primaryimage\"},\"image\":{\"@id\":\"https:\/\/www.diocese-limoges.fr\/creuse\/actualites\/conference-du-13-aout-18h30-salle-apollo\/#primaryimage\"},\"thumbnailUrl\":\"https:\/\/www.diocese-limoges.fr\/creuse\/wp-content\/uploads\/sites\/3\/2021\/03\/sans-titre.png\",\"datePublished\":\"2025-07-29T12:10:57+00:00\",\"dateModified\":\"2025-07-29T12:10:58+00:00\",\"author\":{\"@id\":\"https:\/\/www.diocese-limoges.fr\/creuse\/#\/schema\/person\/3ad77524b5a0aac842e8a0962743b8be\"},\"breadcrumb\":{\"@id\":\"https:\/\/www.diocese-limoges.fr\/creuse\/actualites\/conference-du-13-aout-18h30-salle-apollo\/#breadcrumb\"},\"inLanguage\":\"fr-FR\",\"potentialAction\":[{\"@type\":\"ReadAction\",\"target\":[\"https:\/\/www.diocese-limoges.fr\/creuse\/actualites\/conference-du-13-aout-18h30-salle-apollo\/\"]}]},{\"@type\":\"ImageObject\",\"inLanguage\":\"fr-FR\",\"@id\":\"https:\/\/www.diocese-limoges.fr\/creuse\/actualites\/conference-du-13-aout-18h30-salle-apollo\/#primaryimage\",\"url\":\"https:\/\/www.diocese-limoges.fr\/creuse\/wp-content\/uploads\/sites\/3\/2021\/03\/sans-titre.png\",\"contentUrl\":\"https:\/\/www.diocese-limoges.fr\/creuse\/wp-content\/uploads\/sites\/3\/2021\/03\/sans-titre.png\",\"width\":940,\"height\":788},{\"@type\":\"BreadcrumbList\",\"@id\":\"https:\/\/www.diocese-limoges.fr\/creuse\/actualites\/conference-du-13-aout-18h30-salle-apollo\/#breadcrumb\",\"itemListElement\":[{\"@type\":\"ListItem\",\"position\":1,\"name\":\"Accueil\",\"item\":\"https:\/\/www.diocese-limoges.fr\/creuse\/\"},{\"@type\":\"ListItem\",\"position\":2,\"name\":\"Conf\u00e9rence du 13 ao\u00fbt 18h30 \u2013 Salle Apollo\"}]},{\"@type\":\"WebSite\",\"@id\":\"https:\/\/www.diocese-limoges.fr\/creuse\/#website\",\"url\":\"https:\/\/www.diocese-limoges.fr\/creuse\/\",\"name\":\"Doyenn\u00e9s de la Creuse\",\"description\":\"Dioc\u00e8se de Limoges\",\"potentialAction\":[{\"@type\":\"SearchAction\",\"target\":{\"@type\":\"EntryPoint\",\"urlTemplate\":\"https:\/\/www.diocese-limoges.fr\/creuse\/?s={search_term_string}\"},\"query-input\":{\"@type\":\"PropertyValueSpecification\",\"valueRequired\":true,\"valueName\":\"search_term_string\"}}],\"inLanguage\":\"fr-FR\"},{\"@type\":\"Person\",\"@id\":\"https:\/\/www.diocese-limoges.fr\/creuse\/#\/schema\/person\/3ad77524b5a0aac842e8a0962743b8be\",\"name\":\"saintjacques\",\"image\":{\"@type\":\"ImageObject\",\"inLanguage\":\"fr-FR\",\"@id\":\"https:\/\/www.diocese-limoges.fr\/creuse\/#\/schema\/person\/image\/\",\"url\":\"https:\/\/secure.gravatar.com\/avatar\/50f8b140430ccf70197cd84af6b2ec49f4f6a7bc91f4fc5949276cbe855ae55d?s=96&d=mm&r=g\",\"contentUrl\":\"https:\/\/secure.gravatar.com\/avatar\/50f8b140430ccf70197cd84af6b2ec49f4f6a7bc91f4fc5949276cbe855ae55d?s=96&d=mm&r=g\",\"caption\":\"saintjacques\"},\"url\":\"https:\/\/www.diocese-limoges.fr\/creuse\/author\/saintjacques\/\"}]}<\/script>\n<!-- \/ Yoast SEO plugin. -->","yoast_head_json":{"title":"Conf\u00e9rence du 13 ao\u00fbt 18h30 \u2013 Salle Apollo - Doyenn\u00e9s de la Creuse","robots":{"index":"index","follow":"follow","max-snippet":"max-snippet:-1","max-image-preview":"max-image-preview:large","max-video-preview":"max-video-preview:-1"},"canonical":"https:\/\/www.diocese-limoges.fr\/creuse\/actualites\/conference-du-13-aout-18h30-salle-apollo\/","og_locale":"fr_FR","og_type":"article","og_title":"Conf\u00e9rence du 13 ao\u00fbt 18h30 \u2013 Salle Apollo - Doyenn\u00e9s de la Creuse","og_description":"Immigration Au-del\u00e0 des slogans extr\u00eames, comment envisager des options r\u00e9alistes et engag\u00e9es&nbsp;? Ici en Creuse et partout en France et en Europe, de nombreux migrants en situation de pr\u00e9carit\u00e9 sont pr\u00e9sents. Leur situation au regard de la loi est souvent irr\u00e9guli\u00e8re. Les traditions humaniste et chr\u00e9tienne les situent avant tout comme des hommes, des femmes, [&hellip;]","og_url":"https:\/\/www.diocese-limoges.fr\/creuse\/actualites\/conference-du-13-aout-18h30-salle-apollo\/","og_site_name":"Doyenn\u00e9s de la Creuse","article_published_time":"2025-07-29T12:10:57+00:00","article_modified_time":"2025-07-29T12:10:58+00:00","og_image":[{"width":940,"height":788,"url":"https:\/\/www.diocese-limoges.fr\/creuse\/wp-content\/uploads\/sites\/3\/2021\/03\/sans-titre.png","type":"image\/png"}],"author":"saintjacques","twitter_card":"summary_large_image","twitter_misc":{"\u00c9crit par":"saintjacques","Dur\u00e9e de lecture estim\u00e9e":"2 minutes"},"schema":{"@context":"https:\/\/schema.org","@graph":[{"@type":"WebPage","@id":"https:\/\/www.diocese-limoges.fr\/creuse\/actualites\/conference-du-13-aout-18h30-salle-apollo\/","url":"https:\/\/www.diocese-limoges.fr\/creuse\/actualites\/conference-du-13-aout-18h30-salle-apollo\/","name":"Conf\u00e9rence du 13 ao\u00fbt 18h30 \u2013 Salle Apollo - Doyenn\u00e9s de la Creuse","isPartOf":{"@id":"https:\/\/www.diocese-limoges.fr\/creuse\/#website"},"primaryImageOfPage":{"@id":"https:\/\/www.diocese-limoges.fr\/creuse\/actualites\/conference-du-13-aout-18h30-salle-apollo\/#primaryimage"},"image":{"@id":"https:\/\/www.diocese-limoges.fr\/creuse\/actualites\/conference-du-13-aout-18h30-salle-apollo\/#primaryimage"},"thumbnailUrl":"https:\/\/www.diocese-limoges.fr\/creuse\/wp-content\/uploads\/sites\/3\/2021\/03\/sans-titre.png","datePublished":"2025-07-29T12:10:57+00:00","dateModified":"2025-07-29T12:10:58+00:00","author":{"@id":"https:\/\/www.diocese-limoges.fr\/creuse\/#\/schema\/person\/3ad77524b5a0aac842e8a0962743b8be"},"breadcrumb":{"@id":"https:\/\/www.diocese-limoges.fr\/creuse\/actualites\/conference-du-13-aout-18h30-salle-apollo\/#breadcrumb"},"inLanguage":"fr-FR","potentialAction":[{"@type":"ReadAction","target":["https:\/\/www.diocese-limoges.fr\/creuse\/actualites\/conference-du-13-aout-18h30-salle-apollo\/"]}]},{"@type":"ImageObject","inLanguage":"fr-FR","@id":"https:\/\/www.diocese-limoges.fr\/creuse\/actualites\/conference-du-13-aout-18h30-salle-apollo\/#primaryimage","url":"https:\/\/www.diocese-limoges.fr\/creuse\/wp-content\/uploads\/sites\/3\/2021\/03\/sans-titre.png","contentUrl":"https:\/\/www.diocese-limoges.fr\/creuse\/wp-content\/uploads\/sites\/3\/2021\/03\/sans-titre.png","width":940,"height":788},{"@type":"BreadcrumbList","@id":"https:\/\/www.diocese-limoges.fr\/creuse\/actualites\/conference-du-13-aout-18h30-salle-apollo\/#breadcrumb","itemListElement":[{"@type":"ListItem","position":1,"name":"Accueil","item":"https:\/\/www.diocese-limoges.fr\/creuse\/"},{"@type":"ListItem","position":2,"name":"Conf\u00e9rence du 13 ao\u00fbt 18h30 \u2013 Salle Apollo"}]},{"@type":"WebSite","@id":"https:\/\/www.diocese-limoges.fr\/creuse\/#website","url":"https:\/\/www.diocese-limoges.fr\/creuse\/","name":"Doyenn\u00e9s de la Creuse","description":"Dioc\u00e8se de Limoges","potentialAction":[{"@type":"SearchAction","target":{"@type":"EntryPoint","urlTemplate":"https:\/\/www.diocese-limoges.fr\/creuse\/?s={search_term_string}"},"query-input":{"@type":"PropertyValueSpecification","valueRequired":true,"valueName":"search_term_string"}}],"inLanguage":"fr-FR"},{"@type":"Person","@id":"https:\/\/www.diocese-limoges.fr\/creuse\/#\/schema\/person\/3ad77524b5a0aac842e8a0962743b8be","name":"saintjacques","image":{"@type":"ImageObject","inLanguage":"fr-FR","@id":"https:\/\/www.diocese-limoges.fr\/creuse\/#\/schema\/person\/image\/","url":"https:\/\/secure.gravatar.com\/avatar\/50f8b140430ccf70197cd84af6b2ec49f4f6a7bc91f4fc5949276cbe855ae55d?s=96&d=mm&r=g","contentUrl":"https:\/\/secure.gravatar.com\/avatar\/50f8b140430ccf70197cd84af6b2ec49f4f6a7bc91f4fc5949276cbe855ae55d?s=96&d=mm&r=g","caption":"saintjacques"},"url":"https:\/\/www.diocese-limoges.fr\/creuse\/author\/saintjacques\/"}]}},"_links":{"self":[{"href":"https:\/\/www.diocese-limoges.fr\/creuse\/wp-json\/wp\/v2\/posts\/820","targetHints":{"allow":["GET"]}}],"collection":[{"href":"https:\/\/www.diocese-limoges.fr\/creuse\/wp-json\/wp\/v2\/posts"}],"about":[{"href":"https:\/\/www.diocese-limoges.fr\/creuse\/wp-json\/wp\/v2\/types\/post"}],"author":[{"embeddable":true,"href":"https:\/\/www.diocese-limoges.fr\/creuse\/wp-json\/wp\/v2\/users\/43"}],"replies":[{"embeddable":true,"href":"https:\/\/www.diocese-limoges.fr\/creuse\/wp-json\/wp\/v2\/comments?post=820"}],"version-history":[{"count":2,"href":"https:\/\/www.diocese-limoges.fr\/creuse\/wp-json\/wp\/v2\/posts\/820\/revisions"}],"predecessor-version":[{"id":823,"href":"https:\/\/www.diocese-limoges.fr\/creuse\/wp-json\/wp\/v2\/posts\/820\/revisions\/823"}],"wp:featuredmedia":[{"embeddable":true,"href":"https:\/\/www.diocese-limoges.fr\/creuse\/wp-json\/wp\/v2\/media\/246"}],"wp:attachment":[{"href":"https:\/\/www.diocese-limoges.fr\/creuse\/wp-json\/wp\/v2\/media?parent=820"}],"wp:term":[{"taxonomy":"category","embeddable":true,"href":"https:\/\/www.diocese-limoges.fr\/creuse\/wp-json\/wp\/v2\/categories?post=820"},{"taxonomy":"post_tag","embeddable":true,"href":"https:\/\/www.diocese-limoges.fr\/creuse\/wp-json\/wp\/v2\/tags?post=820"}],"curies":[{"name":"wp","href":"https:\/\/api.w.org\/{rel}","templated":true}]}}