{"id":119,"date":"2020-03-24T16:30:39","date_gmt":"2020-03-24T15:30:39","guid":{"rendered":"https:\/\/www.diocese-limoges.fr\/grand-limoges\/?p=119"},"modified":"2020-03-31T02:23:08","modified_gmt":"2020-03-31T00:23:08","slug":"a-dieu-bernard-mot-daccueil-de-la-paroisse-st-vincent-de-paul-pour-la-sepulture-de-son-ancien-cure","status":"publish","type":"post","link":"https:\/\/www.diocese-limoges.fr\/grand-limoges\/actualites\/a-dieu-bernard-mot-daccueil-de-la-paroisse-st-vincent-de-paul-pour-la-sepulture-de-son-ancien-cure\/","title":{"rendered":"\u00ab A-Dieu Bernard \u00bb Mot d\u2019accueil de la paroisse St Vincent de Paul, pour la s\u00e9pulture de son ancien Cur\u00e9"},"content":{"rendered":"\n<div class=\"wp-block-image\"><figure class=\"alignleft size-large is-resized\"><img loading=\"lazy\" decoding=\"async\" src=\"https:\/\/www.diocese-limoges.fr\/grand-limoges\/wp-content\/uploads\/sites\/2\/2020\/03\/image.png\" alt=\"\" class=\"wp-image-120\" width=\"178\" height=\"235\"\/><\/figure><\/div>\n\n\n\n<p>Bernard, les chr\u00e9tiens qui t\u2019ont connu depuis ton arriv\u00e9e comme cur\u00e9 mod\u00e9rateur de la Paroisse St Vincent de Paul sont heureux que ce dernier temps de pri\u00e8re pr\u00e8s de toi soit c\u00e9l\u00e9br\u00e9 ici \u00e0 Ste Val\u00e9rie o\u00f9 tu r\u00e9sidais.<\/p>\n\n\n\n<p>Nous avions alors encore trois pr\u00eatres \u00e0 notre service: Cl. SOUMAGNE \u00e0\nSt JUST le MARTEL, Xavier DURAND \u00e0 PANAZOL et toi-m\u00eame ici, rempla\u00e7ant le P\u00e8re\nYves LE BORGNE. Et nos trois relais avaient encore du mal \u00e0\nfaire&nbsp;\u00ab&nbsp;Paroisse&nbsp;\u00bb.<\/p>\n\n\n\n<p>A Ste Val\u00e9rie, les paroissiens ont \u00e9t\u00e9 frapp\u00e9s par l\u2019asc\u00e8se exigeante qui\nr\u00e9glait ta vie, par ton amour et ta pratique de la pauvret\u00e9, par la pri\u00e8re qui\ntenait une grande place dans ta vie. Tout cela nous interpellait tr\u00e8s fort et\nnous ramenait \u00e0 l\u2019essentiel.<\/p>\n\n\n\n<p>Tu portais le poids de toute souffrance humaine, le poids de tous les\nmalheurs du monde et de tous les p\u00e9ch\u00e9s. Et te voyant si soucieux d\u2019\u00eatre\nconform\u00e9s au Christ, tu nous \u00e9voquais le Serviteur souffrant d\u2019Isa\u00efe. <\/p>\n\n\n\n<p>Tu illustrais vraiment cette humanit\u00e9 de surcro\u00eet dont le Christ veut\navoir besoin pour continuer l\u2019Incarnation et la R\u00e9demption, et le souci des\nhommes te d\u00e9vorait l\u2019\u00e2me.<\/p>\n\n\n\n<p>Frapp\u00e9s, nous l\u2019avons \u00e9t\u00e9 aussi par ton amour et ton souci de\nl\u2019Alg\u00e9rie, au point d\u2019en avoir \u00e9t\u00e9 un peu jaloux. Pourtant, tu ne n\u00e9gligeais\npas la Paroisse et ceux qui le voulaient pouvaient venir prier avec toi&nbsp;:\nle chant des LAUDES \u00e0 8h45 avant de partir au travail, des messes en semaine o\u00f9\nil y avait toujours un partage sur l\u2019\u00e9vangile du jour, des temps forts de\nCar\u00eame o\u00f9 la pri\u00e8re se terminait par une frugale collation \u00ab&nbsp;pain \/\npomme&nbsp;\u00bb et une offrande \u00e0 partager avec ceux qui manquaient de\nl\u2019essentiel, ce que nous continuons toujours\u2026.<\/p>\n\n\n\n<p>Tu \u00e9tais attentif aussi \u00e0 la Liturgie&nbsp;: une \u00e9quipe \u00e0 l\u2019\u00e9poque de\n10 ou 15 personnes pr\u00e9parait les messes dominicales, en ta pr\u00e9sence le plus\nsouvent.<\/p>\n\n\n\n<p>Tu accompagnais bien s\u00fbr la cat\u00e9ch\u00e8se et divers mouvements.<\/p>\n\n\n\n<p>Bernard, nous sommes venus pour rendre gr\u00e2ce pour tout ce qu\u2019a \u00e9t\u00e9 ta\nvie. En te pr\u00e9sentant \u00e0 Dieu, emm\u00e8ne-nous avec toi. Interc\u00e8de pour que nous\nsoyons plus fid\u00e8les \u00e0 l\u2019Evangile, plus avides de conna\u00eetre le Christ, plus\nproches de nos fr\u00e8res de p\u00e8lerinage sur cette terre.<\/p>\n\n\n\n<p>Genevi\u00e8ve Dessagnes<\/p>\n","protected":false},"excerpt":{"rendered":"<p>Bernard, les chr\u00e9tiens qui t\u2019ont connu depuis ton arriv\u00e9e comme cur\u00e9 mod\u00e9rateur de la Paroisse St Vincent de Paul sont heureux que ce dernier temps de pri\u00e8re pr\u00e8s de toi soit c\u00e9l\u00e9br\u00e9 ici \u00e0 Ste Val\u00e9rie o\u00f9 tu r\u00e9sidais. Nous avions alors encore trois pr\u00eatres \u00e0 notre service: Cl. SOUMAGNE \u00e0 St JUST le MARTEL, [&hellip;]<\/p>\n","protected":false},"author":5,"featured_media":122,"comment_status":"closed","ping_status":"open","sticky":false,"template":"","format":"standard","meta":{"_acf_changed":false,"footnotes":""},"categories":[1],"tags":[],"class_list":["post-119","post","type-post","status-publish","format-standard","has-post-thumbnail","hentry","category-grand-limoges","validated"],"acf":[],"yoast_head":"<!-- This site is optimized with the Yoast SEO plugin v26.4 - https:\/\/yoast.com\/wordpress\/plugins\/seo\/ -->\n<title>\u00ab A-Dieu Bernard \u00bb Mot d\u2019accueil de la paroisse St Vincent de Paul, pour la s\u00e9pulture de son ancien Cur\u00e9 - Doyenn\u00e9s du Grand Limoges<\/title>\n<meta name=\"robots\" content=\"index, follow, max-snippet:-1, max-image-preview:large, max-video-preview:-1\" \/>\n<link rel=\"canonical\" href=\"https:\/\/www.diocese-limoges.fr\/grand-limoges\/actualites\/a-dieu-bernard-mot-daccueil-de-la-paroisse-st-vincent-de-paul-pour-la-sepulture-de-son-ancien-cure\/\" \/>\n<meta property=\"og:locale\" content=\"fr_FR\" \/>\n<meta property=\"og:type\" content=\"article\" \/>\n<meta property=\"og:title\" content=\"\u00ab A-Dieu Bernard \u00bb Mot d\u2019accueil de la paroisse St Vincent de Paul, pour la s\u00e9pulture de son ancien Cur\u00e9 - Doyenn\u00e9s du Grand Limoges\" \/>\n<meta property=\"og:description\" content=\"Bernard, les chr\u00e9tiens qui t\u2019ont connu depuis ton arriv\u00e9e comme cur\u00e9 mod\u00e9rateur de la Paroisse St Vincent de Paul sont heureux que ce dernier temps de pri\u00e8re pr\u00e8s de toi soit c\u00e9l\u00e9br\u00e9 ici \u00e0 Ste Val\u00e9rie o\u00f9 tu r\u00e9sidais. Nous avions alors encore trois pr\u00eatres \u00e0 notre service: Cl. SOUMAGNE \u00e0 St JUST le MARTEL, [&hellip;]\" \/>\n<meta property=\"og:url\" content=\"https:\/\/www.diocese-limoges.fr\/grand-limoges\/actualites\/a-dieu-bernard-mot-daccueil-de-la-paroisse-st-vincent-de-paul-pour-la-sepulture-de-son-ancien-cure\/\" \/>\n<meta property=\"og:site_name\" content=\"Doyenn\u00e9s du Grand Limoges\" \/>\n<meta property=\"article:published_time\" content=\"2020-03-24T15:30:39+00:00\" \/>\n<meta property=\"article:modified_time\" content=\"2020-03-31T00:23:08+00:00\" \/>\n<meta property=\"og:image\" content=\"https:\/\/www.diocese-limoges.fr\/grand-limoges\/wp-content\/uploads\/sites\/2\/2020\/03\/inhumationcremation.jpg\" \/>\n\t<meta property=\"og:image:width\" content=\"801\" \/>\n\t<meta property=\"og:image:height\" content=\"340\" \/>\n\t<meta property=\"og:image:type\" content=\"image\/jpeg\" \/>\n<meta name=\"author\" content=\"Christine Pauzet\" \/>\n<meta name=\"twitter:card\" content=\"summary_large_image\" \/>\n<meta name=\"twitter:label1\" content=\"\u00c9crit par\" \/>\n\t<meta name=\"twitter:data1\" content=\"Christine Pauzet\" \/>\n\t<meta name=\"twitter:label2\" content=\"Dur\u00e9e de lecture estim\u00e9e\" \/>\n\t<meta name=\"twitter:data2\" content=\"2 minutes\" \/>\n<script type=\"application\/ld+json\" class=\"yoast-schema-graph\">{\"@context\":\"https:\/\/schema.org\",\"@graph\":[{\"@type\":\"WebPage\",\"@id\":\"https:\/\/www.diocese-limoges.fr\/grand-limoges\/actualites\/a-dieu-bernard-mot-daccueil-de-la-paroisse-st-vincent-de-paul-pour-la-sepulture-de-son-ancien-cure\/\",\"url\":\"https:\/\/www.diocese-limoges.fr\/grand-limoges\/actualites\/a-dieu-bernard-mot-daccueil-de-la-paroisse-st-vincent-de-paul-pour-la-sepulture-de-son-ancien-cure\/\",\"name\":\"\u00ab A-Dieu Bernard \u00bb Mot d\u2019accueil de la paroisse St Vincent de Paul, pour la s\u00e9pulture de son ancien Cur\u00e9 - Doyenn\u00e9s du Grand Limoges\",\"isPartOf\":{\"@id\":\"https:\/\/www.diocese-limoges.fr\/grand-limoges\/#website\"},\"primaryImageOfPage\":{\"@id\":\"https:\/\/www.diocese-limoges.fr\/grand-limoges\/actualites\/a-dieu-bernard-mot-daccueil-de-la-paroisse-st-vincent-de-paul-pour-la-sepulture-de-son-ancien-cure\/#primaryimage\"},\"image\":{\"@id\":\"https:\/\/www.diocese-limoges.fr\/grand-limoges\/actualites\/a-dieu-bernard-mot-daccueil-de-la-paroisse-st-vincent-de-paul-pour-la-sepulture-de-son-ancien-cure\/#primaryimage\"},\"thumbnailUrl\":\"https:\/\/www.diocese-limoges.fr\/grand-limoges\/wp-content\/uploads\/sites\/2\/2020\/03\/inhumationcremation.jpg\",\"datePublished\":\"2020-03-24T15:30:39+00:00\",\"dateModified\":\"2020-03-31T00:23:08+00:00\",\"author\":{\"@id\":\"https:\/\/www.diocese-limoges.fr\/grand-limoges\/#\/schema\/person\/855348d6aaf454e531d27cad04aeaa45\"},\"breadcrumb\":{\"@id\":\"https:\/\/www.diocese-limoges.fr\/grand-limoges\/actualites\/a-dieu-bernard-mot-daccueil-de-la-paroisse-st-vincent-de-paul-pour-la-sepulture-de-son-ancien-cure\/#breadcrumb\"},\"inLanguage\":\"fr-FR\",\"potentialAction\":[{\"@type\":\"ReadAction\",\"target\":[\"https:\/\/www.diocese-limoges.fr\/grand-limoges\/actualites\/a-dieu-bernard-mot-daccueil-de-la-paroisse-st-vincent-de-paul-pour-la-sepulture-de-son-ancien-cure\/\"]}]},{\"@type\":\"ImageObject\",\"inLanguage\":\"fr-FR\",\"@id\":\"https:\/\/www.diocese-limoges.fr\/grand-limoges\/actualites\/a-dieu-bernard-mot-daccueil-de-la-paroisse-st-vincent-de-paul-pour-la-sepulture-de-son-ancien-cure\/#primaryimage\",\"url\":\"https:\/\/www.diocese-limoges.fr\/grand-limoges\/wp-content\/uploads\/sites\/2\/2020\/03\/inhumationcremation.jpg\",\"contentUrl\":\"https:\/\/www.diocese-limoges.fr\/grand-limoges\/wp-content\/uploads\/sites\/2\/2020\/03\/inhumationcremation.jpg\",\"width\":801,\"height\":340},{\"@type\":\"BreadcrumbList\",\"@id\":\"https:\/\/www.diocese-limoges.fr\/grand-limoges\/actualites\/a-dieu-bernard-mot-daccueil-de-la-paroisse-st-vincent-de-paul-pour-la-sepulture-de-son-ancien-cure\/#breadcrumb\",\"itemListElement\":[{\"@type\":\"ListItem\",\"position\":1,\"name\":\"Accueil\",\"item\":\"https:\/\/www.diocese-limoges.fr\/grand-limoges\/\"},{\"@type\":\"ListItem\",\"position\":2,\"name\":\"\u00ab A-Dieu Bernard \u00bb Mot d\u2019accueil de la paroisse St Vincent de Paul, pour la s\u00e9pulture de son ancien Cur\u00e9\"}]},{\"@type\":\"WebSite\",\"@id\":\"https:\/\/www.diocese-limoges.fr\/grand-limoges\/#website\",\"url\":\"https:\/\/www.diocese-limoges.fr\/grand-limoges\/\",\"name\":\"Doyenn\u00e9s du Grand Limoges\",\"description\":\"Dioc\u00e8se de Limoges\",\"potentialAction\":[{\"@type\":\"SearchAction\",\"target\":{\"@type\":\"EntryPoint\",\"urlTemplate\":\"https:\/\/www.diocese-limoges.fr\/grand-limoges\/?s={search_term_string}\"},\"query-input\":{\"@type\":\"PropertyValueSpecification\",\"valueRequired\":true,\"valueName\":\"search_term_string\"}}],\"inLanguage\":\"fr-FR\"},{\"@type\":\"Person\",\"@id\":\"https:\/\/www.diocese-limoges.fr\/grand-limoges\/#\/schema\/person\/855348d6aaf454e531d27cad04aeaa45\",\"name\":\"Christine Pauzet\",\"image\":{\"@type\":\"ImageObject\",\"inLanguage\":\"fr-FR\",\"@id\":\"https:\/\/www.diocese-limoges.fr\/grand-limoges\/#\/schema\/person\/image\/\",\"url\":\"https:\/\/secure.gravatar.com\/avatar\/bc4978801c108160b41ee4335d53cc47e61a113dd7d8ebcd10366ae958e08cce?s=96&d=mm&r=g\",\"contentUrl\":\"https:\/\/secure.gravatar.com\/avatar\/bc4978801c108160b41ee4335d53cc47e61a113dd7d8ebcd10366ae958e08cce?s=96&d=mm&r=g\",\"caption\":\"Christine Pauzet\"},\"url\":\"https:\/\/www.diocese-limoges.fr\/grand-limoges\/author\/pelerinages\/\"}]}<\/script>\n<!-- \/ Yoast SEO plugin. -->","yoast_head_json":{"title":"\u00ab A-Dieu Bernard \u00bb Mot d\u2019accueil de la paroisse St Vincent de Paul, pour la s\u00e9pulture de son ancien Cur\u00e9 - Doyenn\u00e9s du Grand Limoges","robots":{"index":"index","follow":"follow","max-snippet":"max-snippet:-1","max-image-preview":"max-image-preview:large","max-video-preview":"max-video-preview:-1"},"canonical":"https:\/\/www.diocese-limoges.fr\/grand-limoges\/actualites\/a-dieu-bernard-mot-daccueil-de-la-paroisse-st-vincent-de-paul-pour-la-sepulture-de-son-ancien-cure\/","og_locale":"fr_FR","og_type":"article","og_title":"\u00ab A-Dieu Bernard \u00bb Mot d\u2019accueil de la paroisse St Vincent de Paul, pour la s\u00e9pulture de son ancien Cur\u00e9 - Doyenn\u00e9s du Grand Limoges","og_description":"Bernard, les chr\u00e9tiens qui t\u2019ont connu depuis ton arriv\u00e9e comme cur\u00e9 mod\u00e9rateur de la Paroisse St Vincent de Paul sont heureux que ce dernier temps de pri\u00e8re pr\u00e8s de toi soit c\u00e9l\u00e9br\u00e9 ici \u00e0 Ste Val\u00e9rie o\u00f9 tu r\u00e9sidais. Nous avions alors encore trois pr\u00eatres \u00e0 notre service: Cl. SOUMAGNE \u00e0 St JUST le MARTEL, [&hellip;]","og_url":"https:\/\/www.diocese-limoges.fr\/grand-limoges\/actualites\/a-dieu-bernard-mot-daccueil-de-la-paroisse-st-vincent-de-paul-pour-la-sepulture-de-son-ancien-cure\/","og_site_name":"Doyenn\u00e9s du Grand Limoges","article_published_time":"2020-03-24T15:30:39+00:00","article_modified_time":"2020-03-31T00:23:08+00:00","og_image":[{"width":801,"height":340,"url":"https:\/\/www.diocese-limoges.fr\/grand-limoges\/wp-content\/uploads\/sites\/2\/2020\/03\/inhumationcremation.jpg","type":"image\/jpeg"}],"author":"Christine Pauzet","twitter_card":"summary_large_image","twitter_misc":{"\u00c9crit par":"Christine Pauzet","Dur\u00e9e de lecture estim\u00e9e":"2 minutes"},"schema":{"@context":"https:\/\/schema.org","@graph":[{"@type":"WebPage","@id":"https:\/\/www.diocese-limoges.fr\/grand-limoges\/actualites\/a-dieu-bernard-mot-daccueil-de-la-paroisse-st-vincent-de-paul-pour-la-sepulture-de-son-ancien-cure\/","url":"https:\/\/www.diocese-limoges.fr\/grand-limoges\/actualites\/a-dieu-bernard-mot-daccueil-de-la-paroisse-st-vincent-de-paul-pour-la-sepulture-de-son-ancien-cure\/","name":"\u00ab A-Dieu Bernard \u00bb Mot d\u2019accueil de la paroisse St Vincent de Paul, pour la s\u00e9pulture de son ancien Cur\u00e9 - Doyenn\u00e9s du Grand Limoges","isPartOf":{"@id":"https:\/\/www.diocese-limoges.fr\/grand-limoges\/#website"},"primaryImageOfPage":{"@id":"https:\/\/www.diocese-limoges.fr\/grand-limoges\/actualites\/a-dieu-bernard-mot-daccueil-de-la-paroisse-st-vincent-de-paul-pour-la-sepulture-de-son-ancien-cure\/#primaryimage"},"image":{"@id":"https:\/\/www.diocese-limoges.fr\/grand-limoges\/actualites\/a-dieu-bernard-mot-daccueil-de-la-paroisse-st-vincent-de-paul-pour-la-sepulture-de-son-ancien-cure\/#primaryimage"},"thumbnailUrl":"https:\/\/www.diocese-limoges.fr\/grand-limoges\/wp-content\/uploads\/sites\/2\/2020\/03\/inhumationcremation.jpg","datePublished":"2020-03-24T15:30:39+00:00","dateModified":"2020-03-31T00:23:08+00:00","author":{"@id":"https:\/\/www.diocese-limoges.fr\/grand-limoges\/#\/schema\/person\/855348d6aaf454e531d27cad04aeaa45"},"breadcrumb":{"@id":"https:\/\/www.diocese-limoges.fr\/grand-limoges\/actualites\/a-dieu-bernard-mot-daccueil-de-la-paroisse-st-vincent-de-paul-pour-la-sepulture-de-son-ancien-cure\/#breadcrumb"},"inLanguage":"fr-FR","potentialAction":[{"@type":"ReadAction","target":["https:\/\/www.diocese-limoges.fr\/grand-limoges\/actualites\/a-dieu-bernard-mot-daccueil-de-la-paroisse-st-vincent-de-paul-pour-la-sepulture-de-son-ancien-cure\/"]}]},{"@type":"ImageObject","inLanguage":"fr-FR","@id":"https:\/\/www.diocese-limoges.fr\/grand-limoges\/actualites\/a-dieu-bernard-mot-daccueil-de-la-paroisse-st-vincent-de-paul-pour-la-sepulture-de-son-ancien-cure\/#primaryimage","url":"https:\/\/www.diocese-limoges.fr\/grand-limoges\/wp-content\/uploads\/sites\/2\/2020\/03\/inhumationcremation.jpg","contentUrl":"https:\/\/www.diocese-limoges.fr\/grand-limoges\/wp-content\/uploads\/sites\/2\/2020\/03\/inhumationcremation.jpg","width":801,"height":340},{"@type":"BreadcrumbList","@id":"https:\/\/www.diocese-limoges.fr\/grand-limoges\/actualites\/a-dieu-bernard-mot-daccueil-de-la-paroisse-st-vincent-de-paul-pour-la-sepulture-de-son-ancien-cure\/#breadcrumb","itemListElement":[{"@type":"ListItem","position":1,"name":"Accueil","item":"https:\/\/www.diocese-limoges.fr\/grand-limoges\/"},{"@type":"ListItem","position":2,"name":"\u00ab A-Dieu Bernard \u00bb Mot d\u2019accueil de la paroisse St Vincent de Paul, pour la s\u00e9pulture de son ancien Cur\u00e9"}]},{"@type":"WebSite","@id":"https:\/\/www.diocese-limoges.fr\/grand-limoges\/#website","url":"https:\/\/www.diocese-limoges.fr\/grand-limoges\/","name":"Doyenn\u00e9s du Grand Limoges","description":"Dioc\u00e8se de Limoges","potentialAction":[{"@type":"SearchAction","target":{"@type":"EntryPoint","urlTemplate":"https:\/\/www.diocese-limoges.fr\/grand-limoges\/?s={search_term_string}"},"query-input":{"@type":"PropertyValueSpecification","valueRequired":true,"valueName":"search_term_string"}}],"inLanguage":"fr-FR"},{"@type":"Person","@id":"https:\/\/www.diocese-limoges.fr\/grand-limoges\/#\/schema\/person\/855348d6aaf454e531d27cad04aeaa45","name":"Christine Pauzet","image":{"@type":"ImageObject","inLanguage":"fr-FR","@id":"https:\/\/www.diocese-limoges.fr\/grand-limoges\/#\/schema\/person\/image\/","url":"https:\/\/secure.gravatar.com\/avatar\/bc4978801c108160b41ee4335d53cc47e61a113dd7d8ebcd10366ae958e08cce?s=96&d=mm&r=g","contentUrl":"https:\/\/secure.gravatar.com\/avatar\/bc4978801c108160b41ee4335d53cc47e61a113dd7d8ebcd10366ae958e08cce?s=96&d=mm&r=g","caption":"Christine Pauzet"},"url":"https:\/\/www.diocese-limoges.fr\/grand-limoges\/author\/pelerinages\/"}]}},"_links":{"self":[{"href":"https:\/\/www.diocese-limoges.fr\/grand-limoges\/wp-json\/wp\/v2\/posts\/119","targetHints":{"allow":["GET"]}}],"collection":[{"href":"https:\/\/www.diocese-limoges.fr\/grand-limoges\/wp-json\/wp\/v2\/posts"}],"about":[{"href":"https:\/\/www.diocese-limoges.fr\/grand-limoges\/wp-json\/wp\/v2\/types\/post"}],"author":[{"embeddable":true,"href":"https:\/\/www.diocese-limoges.fr\/grand-limoges\/wp-json\/wp\/v2\/users\/5"}],"replies":[{"embeddable":true,"href":"https:\/\/www.diocese-limoges.fr\/grand-limoges\/wp-json\/wp\/v2\/comments?post=119"}],"version-history":[{"count":1,"href":"https:\/\/www.diocese-limoges.fr\/grand-limoges\/wp-json\/wp\/v2\/posts\/119\/revisions"}],"predecessor-version":[{"id":121,"href":"https:\/\/www.diocese-limoges.fr\/grand-limoges\/wp-json\/wp\/v2\/posts\/119\/revisions\/121"}],"wp:featuredmedia":[{"embeddable":true,"href":"https:\/\/www.diocese-limoges.fr\/grand-limoges\/wp-json\/wp\/v2\/media\/122"}],"wp:attachment":[{"href":"https:\/\/www.diocese-limoges.fr\/grand-limoges\/wp-json\/wp\/v2\/media?parent=119"}],"wp:term":[{"taxonomy":"category","embeddable":true,"href":"https:\/\/www.diocese-limoges.fr\/grand-limoges\/wp-json\/wp\/v2\/categories?post=119"},{"taxonomy":"post_tag","embeddable":true,"href":"https:\/\/www.diocese-limoges.fr\/grand-limoges\/wp-json\/wp\/v2\/tags?post=119"}],"curies":[{"name":"wp","href":"https:\/\/api.w.org\/{rel}","templated":true}]}}