{"id":13079,"date":"2018-06-12T10:51:41","date_gmt":"2018-06-12T08:51:41","guid":{"rendered":"https:\/\/www.diocese-limoges.fr\/?post_type=eloi&#038;p=13079"},"modified":"2020-03-31T02:03:24","modified_gmt":"2020-03-31T00:03:24","slug":"vide-greniers-de-la-butte","status":"publish","type":"post","link":"https:\/\/www.diocese-limoges.fr\/grand-limoges\/actualites\/vide-greniers-de-la-butte\/","title":{"rendered":"Vide-greniers de la Butte"},"content":{"rendered":"<p><a href=\"https:\/\/www.diocese-limoges.fr\/wp-content\/uploads\/2018\/06\/AFFICHE-FETE-DELA-BUTTE.jpg\"><img loading=\"lazy\" decoding=\"async\" class=\"size-medium wp-image-13082 alignright\" src=\"https:\/\/www.diocese-limoges.fr\/wp-content\/uploads\/2018\/06\/AFFICHE-FETE-DELA-BUTTE-217x300.jpg\" alt=\"\" width=\"217\" height=\"300\"><\/a>Samedi 23 juin de 9h \u00e0 17h30 vide-grenier de la Butte<\/p>\n<p>Nous vous attendons nombreux \u00e0 ce 8<sup>\u00e8me<\/sup> vide-grenier paroissial pour passer un agr\u00e9able moment de convivialit\u00e9, pour exposer, chiner ou vous promener\u2026<\/p>\n<p>D\u00e9monstration et initiation aux activit\u00e9s de l&rsquo;Elan Sportif \u00e0 partir de 14h, acc\u00e8s \u00e0 de nombreux jeux et parcours ludiques<\/p>\n<p>Restauration, boissons, cr\u00eapes\u2026.<\/p>\n<p><strong>Inscriptions exposants avant le 20 juin (document ci-joint) :<a href=\"https:\/\/www.diocese-limoges.fr\/wp-content\/uploads\/2018\/06\/inscription-vide-grenier-2018.pdf\">inscription vide-grenier 2018<\/a> <\/strong><\/p>\n<p>133 rue des Tuili\u00e8res, au 05 55 37 69 11<\/p>\n<p>(lundi, mardi, mercredi de 16h30 \u00e0 18h<\/p>\n<p>Mercredi, vendredi samedi de 10h30 \u00e0 12h) ou au 06 40 60 63 28<\/p>\n","protected":false},"excerpt":{"rendered":"<p>Samedi 23 juin de 9h \u00e0 17h30 vide-grenier de la Butte Nous vous attendons nombreux \u00e0 ce 8\u00e8me vide-grenier paroissial pour passer un agr\u00e9able moment de convivialit\u00e9, pour exposer, chiner ou vous promener\u2026 D\u00e9monstration et initiation aux activit\u00e9s de l&rsquo;Elan Sportif \u00e0 partir de 14h, acc\u00e8s \u00e0 de nombreux jeux et parcours ludiques Restauration, boissons, [&hellip;]<\/p>\n","protected":false},"author":10,"featured_media":0,"comment_status":"closed","ping_status":"closed","sticky":false,"template":"","format":"standard","meta":{"_acf_changed":false,"footnotes":""},"categories":[1],"tags":[],"class_list":["post-13079","post","type-post","status-publish","format-standard","hentry","category-grand-limoges"],"acf":[],"yoast_head":"<!-- This site is optimized with the Yoast SEO plugin v26.4 - https:\/\/yoast.com\/wordpress\/plugins\/seo\/ -->\n<title>Vide-greniers de la Butte - Doyenn\u00e9s du Grand Limoges<\/title>\n<meta name=\"robots\" content=\"index, follow, max-snippet:-1, max-image-preview:large, max-video-preview:-1\" \/>\n<link rel=\"canonical\" href=\"https:\/\/www.diocese-limoges.fr\/grand-limoges\/actualites\/vide-greniers-de-la-butte\/\" \/>\n<meta property=\"og:locale\" content=\"fr_FR\" \/>\n<meta property=\"og:type\" content=\"article\" \/>\n<meta property=\"og:title\" content=\"Vide-greniers de la Butte - Doyenn\u00e9s du Grand Limoges\" \/>\n<meta property=\"og:description\" content=\"Samedi 23 juin de 9h \u00e0 17h30 vide-grenier de la Butte Nous vous attendons nombreux \u00e0 ce 8\u00e8me vide-grenier paroissial pour passer un agr\u00e9able moment de convivialit\u00e9, pour exposer, chiner ou vous promener\u2026 D\u00e9monstration et initiation aux activit\u00e9s de l&rsquo;Elan Sportif \u00e0 partir de 14h, acc\u00e8s \u00e0 de nombreux jeux et parcours ludiques Restauration, boissons, [&hellip;]\" \/>\n<meta property=\"og:url\" content=\"https:\/\/www.diocese-limoges.fr\/grand-limoges\/actualites\/vide-greniers-de-la-butte\/\" \/>\n<meta property=\"og:site_name\" content=\"Doyenn\u00e9s du Grand Limoges\" \/>\n<meta property=\"article:published_time\" content=\"2018-06-12T08:51:41+00:00\" \/>\n<meta property=\"article:modified_time\" content=\"2020-03-31T00:03:24+00:00\" \/>\n<meta property=\"og:image\" content=\"https:\/\/www.diocese-limoges.fr\/wp-content\/uploads\/2018\/06\/AFFICHE-FETE-DELA-BUTTE-217x300.jpg\" \/>\n<meta name=\"author\" content=\"sainteloi\" \/>\n<meta name=\"twitter:card\" content=\"summary_large_image\" \/>\n<meta name=\"twitter:label1\" content=\"\u00c9crit par\" \/>\n\t<meta name=\"twitter:data1\" content=\"sainteloi\" \/>\n<script type=\"application\/ld+json\" class=\"yoast-schema-graph\">{\"@context\":\"https:\/\/schema.org\",\"@graph\":[{\"@type\":\"WebPage\",\"@id\":\"https:\/\/www.diocese-limoges.fr\/grand-limoges\/actualites\/vide-greniers-de-la-butte\/\",\"url\":\"https:\/\/www.diocese-limoges.fr\/grand-limoges\/actualites\/vide-greniers-de-la-butte\/\",\"name\":\"Vide-greniers de la Butte - Doyenn\u00e9s du Grand Limoges\",\"isPartOf\":{\"@id\":\"https:\/\/www.diocese-limoges.fr\/grand-limoges\/#website\"},\"primaryImageOfPage\":{\"@id\":\"https:\/\/www.diocese-limoges.fr\/grand-limoges\/actualites\/vide-greniers-de-la-butte\/#primaryimage\"},\"image\":{\"@id\":\"https:\/\/www.diocese-limoges.fr\/grand-limoges\/actualites\/vide-greniers-de-la-butte\/#primaryimage\"},\"thumbnailUrl\":\"https:\/\/www.diocese-limoges.fr\/wp-content\/uploads\/2018\/06\/AFFICHE-FETE-DELA-BUTTE-217x300.jpg\",\"datePublished\":\"2018-06-12T08:51:41+00:00\",\"dateModified\":\"2020-03-31T00:03:24+00:00\",\"author\":{\"@id\":\"https:\/\/www.diocese-limoges.fr\/grand-limoges\/#\/schema\/person\/0efea0b864bcc9f6b627e8556173122f\"},\"breadcrumb\":{\"@id\":\"https:\/\/www.diocese-limoges.fr\/grand-limoges\/actualites\/vide-greniers-de-la-butte\/#breadcrumb\"},\"inLanguage\":\"fr-FR\",\"potentialAction\":[{\"@type\":\"ReadAction\",\"target\":[\"https:\/\/www.diocese-limoges.fr\/grand-limoges\/actualites\/vide-greniers-de-la-butte\/\"]}]},{\"@type\":\"ImageObject\",\"inLanguage\":\"fr-FR\",\"@id\":\"https:\/\/www.diocese-limoges.fr\/grand-limoges\/actualites\/vide-greniers-de-la-butte\/#primaryimage\",\"url\":\"https:\/\/www.diocese-limoges.fr\/wp-content\/uploads\/2018\/06\/AFFICHE-FETE-DELA-BUTTE-217x300.jpg\",\"contentUrl\":\"https:\/\/www.diocese-limoges.fr\/wp-content\/uploads\/2018\/06\/AFFICHE-FETE-DELA-BUTTE-217x300.jpg\"},{\"@type\":\"BreadcrumbList\",\"@id\":\"https:\/\/www.diocese-limoges.fr\/grand-limoges\/actualites\/vide-greniers-de-la-butte\/#breadcrumb\",\"itemListElement\":[{\"@type\":\"ListItem\",\"position\":1,\"name\":\"Accueil\",\"item\":\"https:\/\/www.diocese-limoges.fr\/grand-limoges\/\"},{\"@type\":\"ListItem\",\"position\":2,\"name\":\"Vide-greniers de la Butte\"}]},{\"@type\":\"WebSite\",\"@id\":\"https:\/\/www.diocese-limoges.fr\/grand-limoges\/#website\",\"url\":\"https:\/\/www.diocese-limoges.fr\/grand-limoges\/\",\"name\":\"Doyenn\u00e9s du Grand Limoges\",\"description\":\"Dioc\u00e8se de Limoges\",\"potentialAction\":[{\"@type\":\"SearchAction\",\"target\":{\"@type\":\"EntryPoint\",\"urlTemplate\":\"https:\/\/www.diocese-limoges.fr\/grand-limoges\/?s={search_term_string}\"},\"query-input\":{\"@type\":\"PropertyValueSpecification\",\"valueRequired\":true,\"valueName\":\"search_term_string\"}}],\"inLanguage\":\"fr-FR\"},{\"@type\":\"Person\",\"@id\":\"https:\/\/www.diocese-limoges.fr\/grand-limoges\/#\/schema\/person\/0efea0b864bcc9f6b627e8556173122f\",\"name\":\"sainteloi\",\"image\":{\"@type\":\"ImageObject\",\"inLanguage\":\"fr-FR\",\"@id\":\"https:\/\/www.diocese-limoges.fr\/grand-limoges\/#\/schema\/person\/image\/\",\"url\":\"https:\/\/secure.gravatar.com\/avatar\/36135729350d5be2cbc7cc4c88ae11bede1a4fa8b76937e48682433dac7a0c52?s=96&d=mm&r=g\",\"contentUrl\":\"https:\/\/secure.gravatar.com\/avatar\/36135729350d5be2cbc7cc4c88ae11bede1a4fa8b76937e48682433dac7a0c52?s=96&d=mm&r=g\",\"caption\":\"sainteloi\"},\"url\":\"https:\/\/www.diocese-limoges.fr\/grand-limoges\/author\/sainteloi\/\"}]}<\/script>\n<!-- \/ Yoast SEO plugin. -->","yoast_head_json":{"title":"Vide-greniers de la Butte - Doyenn\u00e9s du Grand Limoges","robots":{"index":"index","follow":"follow","max-snippet":"max-snippet:-1","max-image-preview":"max-image-preview:large","max-video-preview":"max-video-preview:-1"},"canonical":"https:\/\/www.diocese-limoges.fr\/grand-limoges\/actualites\/vide-greniers-de-la-butte\/","og_locale":"fr_FR","og_type":"article","og_title":"Vide-greniers de la Butte - Doyenn\u00e9s du Grand Limoges","og_description":"Samedi 23 juin de 9h \u00e0 17h30 vide-grenier de la Butte Nous vous attendons nombreux \u00e0 ce 8\u00e8me vide-grenier paroissial pour passer un agr\u00e9able moment de convivialit\u00e9, pour exposer, chiner ou vous promener\u2026 D\u00e9monstration et initiation aux activit\u00e9s de l&rsquo;Elan Sportif \u00e0 partir de 14h, acc\u00e8s \u00e0 de nombreux jeux et parcours ludiques Restauration, boissons, [&hellip;]","og_url":"https:\/\/www.diocese-limoges.fr\/grand-limoges\/actualites\/vide-greniers-de-la-butte\/","og_site_name":"Doyenn\u00e9s du Grand Limoges","article_published_time":"2018-06-12T08:51:41+00:00","article_modified_time":"2020-03-31T00:03:24+00:00","og_image":[{"url":"https:\/\/www.diocese-limoges.fr\/wp-content\/uploads\/2018\/06\/AFFICHE-FETE-DELA-BUTTE-217x300.jpg","type":"","width":"","height":""}],"author":"sainteloi","twitter_card":"summary_large_image","twitter_misc":{"\u00c9crit par":"sainteloi"},"schema":{"@context":"https:\/\/schema.org","@graph":[{"@type":"WebPage","@id":"https:\/\/www.diocese-limoges.fr\/grand-limoges\/actualites\/vide-greniers-de-la-butte\/","url":"https:\/\/www.diocese-limoges.fr\/grand-limoges\/actualites\/vide-greniers-de-la-butte\/","name":"Vide-greniers de la Butte - Doyenn\u00e9s du Grand Limoges","isPartOf":{"@id":"https:\/\/www.diocese-limoges.fr\/grand-limoges\/#website"},"primaryImageOfPage":{"@id":"https:\/\/www.diocese-limoges.fr\/grand-limoges\/actualites\/vide-greniers-de-la-butte\/#primaryimage"},"image":{"@id":"https:\/\/www.diocese-limoges.fr\/grand-limoges\/actualites\/vide-greniers-de-la-butte\/#primaryimage"},"thumbnailUrl":"https:\/\/www.diocese-limoges.fr\/wp-content\/uploads\/2018\/06\/AFFICHE-FETE-DELA-BUTTE-217x300.jpg","datePublished":"2018-06-12T08:51:41+00:00","dateModified":"2020-03-31T00:03:24+00:00","author":{"@id":"https:\/\/www.diocese-limoges.fr\/grand-limoges\/#\/schema\/person\/0efea0b864bcc9f6b627e8556173122f"},"breadcrumb":{"@id":"https:\/\/www.diocese-limoges.fr\/grand-limoges\/actualites\/vide-greniers-de-la-butte\/#breadcrumb"},"inLanguage":"fr-FR","potentialAction":[{"@type":"ReadAction","target":["https:\/\/www.diocese-limoges.fr\/grand-limoges\/actualites\/vide-greniers-de-la-butte\/"]}]},{"@type":"ImageObject","inLanguage":"fr-FR","@id":"https:\/\/www.diocese-limoges.fr\/grand-limoges\/actualites\/vide-greniers-de-la-butte\/#primaryimage","url":"https:\/\/www.diocese-limoges.fr\/wp-content\/uploads\/2018\/06\/AFFICHE-FETE-DELA-BUTTE-217x300.jpg","contentUrl":"https:\/\/www.diocese-limoges.fr\/wp-content\/uploads\/2018\/06\/AFFICHE-FETE-DELA-BUTTE-217x300.jpg"},{"@type":"BreadcrumbList","@id":"https:\/\/www.diocese-limoges.fr\/grand-limoges\/actualites\/vide-greniers-de-la-butte\/#breadcrumb","itemListElement":[{"@type":"ListItem","position":1,"name":"Accueil","item":"https:\/\/www.diocese-limoges.fr\/grand-limoges\/"},{"@type":"ListItem","position":2,"name":"Vide-greniers de la Butte"}]},{"@type":"WebSite","@id":"https:\/\/www.diocese-limoges.fr\/grand-limoges\/#website","url":"https:\/\/www.diocese-limoges.fr\/grand-limoges\/","name":"Doyenn\u00e9s du Grand Limoges","description":"Dioc\u00e8se de Limoges","potentialAction":[{"@type":"SearchAction","target":{"@type":"EntryPoint","urlTemplate":"https:\/\/www.diocese-limoges.fr\/grand-limoges\/?s={search_term_string}"},"query-input":{"@type":"PropertyValueSpecification","valueRequired":true,"valueName":"search_term_string"}}],"inLanguage":"fr-FR"},{"@type":"Person","@id":"https:\/\/www.diocese-limoges.fr\/grand-limoges\/#\/schema\/person\/0efea0b864bcc9f6b627e8556173122f","name":"sainteloi","image":{"@type":"ImageObject","inLanguage":"fr-FR","@id":"https:\/\/www.diocese-limoges.fr\/grand-limoges\/#\/schema\/person\/image\/","url":"https:\/\/secure.gravatar.com\/avatar\/36135729350d5be2cbc7cc4c88ae11bede1a4fa8b76937e48682433dac7a0c52?s=96&d=mm&r=g","contentUrl":"https:\/\/secure.gravatar.com\/avatar\/36135729350d5be2cbc7cc4c88ae11bede1a4fa8b76937e48682433dac7a0c52?s=96&d=mm&r=g","caption":"sainteloi"},"url":"https:\/\/www.diocese-limoges.fr\/grand-limoges\/author\/sainteloi\/"}]}},"_links":{"self":[{"href":"https:\/\/www.diocese-limoges.fr\/grand-limoges\/wp-json\/wp\/v2\/posts\/13079","targetHints":{"allow":["GET"]}}],"collection":[{"href":"https:\/\/www.diocese-limoges.fr\/grand-limoges\/wp-json\/wp\/v2\/posts"}],"about":[{"href":"https:\/\/www.diocese-limoges.fr\/grand-limoges\/wp-json\/wp\/v2\/types\/post"}],"author":[{"embeddable":true,"href":"https:\/\/www.diocese-limoges.fr\/grand-limoges\/wp-json\/wp\/v2\/users\/10"}],"replies":[{"embeddable":true,"href":"https:\/\/www.diocese-limoges.fr\/grand-limoges\/wp-json\/wp\/v2\/comments?post=13079"}],"version-history":[{"count":2,"href":"https:\/\/www.diocese-limoges.fr\/grand-limoges\/wp-json\/wp\/v2\/posts\/13079\/revisions"}],"predecessor-version":[{"id":17043,"href":"https:\/\/www.diocese-limoges.fr\/grand-limoges\/wp-json\/wp\/v2\/posts\/13079\/revisions\/17043"}],"wp:attachment":[{"href":"https:\/\/www.diocese-limoges.fr\/grand-limoges\/wp-json\/wp\/v2\/media?parent=13079"}],"wp:term":[{"taxonomy":"category","embeddable":true,"href":"https:\/\/www.diocese-limoges.fr\/grand-limoges\/wp-json\/wp\/v2\/categories?post=13079"},{"taxonomy":"post_tag","embeddable":true,"href":"https:\/\/www.diocese-limoges.fr\/grand-limoges\/wp-json\/wp\/v2\/tags?post=13079"}],"curies":[{"name":"wp","href":"https:\/\/api.w.org\/{rel}","templated":true}]}}