{"id":13086,"date":"2018-06-10T11:14:19","date_gmt":"2018-06-10T09:14:19","guid":{"rendered":"https:\/\/www.diocese-limoges.fr\/?post_type=eloi&#038;p=13086"},"modified":"2020-03-31T02:03:29","modified_gmt":"2020-03-31T00:03:29","slug":"tous-au-jardin","status":"publish","type":"post","link":"https:\/\/www.diocese-limoges.fr\/grand-limoges\/actualites\/tous-au-jardin\/","title":{"rendered":"Tous au jardin"},"content":{"rendered":"<p>Les organisateurs de la kermesse paroissiale ont innov\u00e9 cette ann\u00e9e. Ils ont d\u00e9cid\u00e9 de redynamiser cet \u00e9v\u00e8nement par une f\u00eate paroissiale de Printemps, le samedi 5 mai dernier&nbsp;:<a href=\"https:\/\/www.diocese-limoges.fr\/wp-content\/uploads\/2018\/06\/20180505_stands.jpg\"><img loading=\"lazy\" decoding=\"async\" class=\"size-medium wp-image-13087 alignleft\" src=\"https:\/\/www.diocese-limoges.fr\/wp-content\/uploads\/2018\/06\/20180505_stands-300x169.jpg\" alt=\"\" width=\"300\" height=\"169\"><\/a><\/p>\n<ul>\n<li>un format qui \u00e9volue, sur une journ\u00e9e unique de 9h30 \u00e0 17h,<\/li>\n<li>un lieu qui change, autour et devant l\u2019\u00e9glise de Couzeix et son presbyt\u00e8re.<\/li>\n<li>des animations nouvelles, avec la confection de \u00ab&nbsp;bombes \u00e0 graines&nbsp;\u00bb, avec la r\u00e9alisation d\u2019h\u00f4tel \u00e0 insectes sur un stand original de recyclage \u00e9cologique, \u2026<\/li>\n<li>tout en gardant les stands qui permettent de rassembler les amoureux de la nature, stand de vente de plantes, d\u2019apiculture, de savons, de vannerie,&nbsp; \u2026<\/li>\n<li>et bien s\u00fbr, les stands de jeux, le stand p\u00e2tisserie, le stand cr\u00eapes, \u2026 sans oublier la traditionnelle tombola<\/li>\n<\/ul>\n<p><img loading=\"lazy\" decoding=\"async\" class=\"\" src=\"http:\/\/www.paroisse-saint-eloi.fr\/sites\/paroisse-saint-eloi.fr\/files\/telechargements\/utilisateur_13\/20180505_Fleurs.jpg\" alt=\"\" width=\"281\" height=\"158\"><img loading=\"lazy\" decoding=\"async\" class=\"\" src=\"http:\/\/www.paroisse-saint-eloi.fr\/sites\/paroisse-saint-eloi.fr\/files\/telechargements\/utilisateur_13\/2018-05%20tous%20au%20jardin%201%20PF.jpg\" alt=\"\" width=\"283\" height=\"159\"><\/p>\n<p><em>Stand des fleurs&nbsp;&nbsp;&nbsp;&nbsp;&nbsp;&nbsp;&nbsp;&nbsp;&nbsp;&nbsp;&nbsp;&nbsp;&nbsp;&nbsp;&nbsp;&nbsp;&nbsp;&nbsp;&nbsp;&nbsp;&nbsp;&nbsp;&nbsp;&nbsp;&nbsp;&nbsp;&nbsp;&nbsp;&nbsp;&nbsp;&nbsp;&nbsp;&nbsp;&nbsp;&nbsp;&nbsp;&nbsp;&nbsp;&nbsp;&nbsp;&nbsp;&nbsp;&nbsp;&nbsp;&nbsp;&nbsp;&nbsp;&nbsp;&nbsp;&nbsp;&nbsp;&nbsp;&nbsp;&nbsp;&nbsp;&nbsp;&nbsp;&nbsp;&nbsp;&nbsp;&nbsp;&nbsp;&nbsp;&nbsp;&nbsp;&nbsp;&nbsp;&nbsp;&nbsp;&nbsp;&nbsp;&nbsp;&nbsp;&nbsp;&nbsp;&nbsp;&nbsp;&nbsp;&nbsp;&nbsp; Vin d&rsquo;honneur <\/em><\/p>\n<p>Par un beau soleil de printemps, nous nous sommes retrouv\u00e9s nombreux (il valait mieux venir de bonne heure pour faire ses achats de fleurs et de plantations) sur la place en face l\u2019\u00e9glise.<\/p>\n<p>Autour des amis des trois relais paroissiaux, nous avons profit\u00e9 d\u2019un large temps d\u2019\u00e9change lors d\u2019un pot de l\u2019amiti\u00e9, en pr\u00e9sence de M. le S\u00e9nateur J.M. GABOUTY, de M. le Maire de Couzeix M. DAVID, et de nombreux conseillers municipaux.<\/p>\n<p>Une quarantaine de personnes ont partag\u00e9 ensuite, sous un barnum tr\u00e8s a\u00e9r\u00e9, &nbsp;un repas-plateau convivial pr\u00e9par\u00e9 par les animateurs.<\/p>\n<p>Bref, une journ\u00e9e tr\u00e8s agr\u00e9able o\u00f9 beaucoup de participants ont appr\u00e9ci\u00e9 de se retrouver dans un espace public au centre du bourg, tr\u00e8s accessible et bien mis en s\u00e9curit\u00e9 par la Ville de Couzeix.<\/p>\n<p>L\u2019\u00e9glise a ouvert ses portes pour aller \u00e0 la rencontre des habitants \u2026&nbsp;&nbsp; &nbsp; &nbsp; &nbsp; &nbsp; &nbsp; &nbsp; &nbsp; &nbsp;&nbsp; Guy A.<\/p>\n<p>&nbsp;<\/p>\n<p>&nbsp;<\/p>\n<p><img loading=\"lazy\" decoding=\"async\" class=\"alignnone\" src=\"http:\/\/www.paroisse-saint-eloi.fr\/sites\/paroisse-saint-eloi.fr\/files\/telechargements\/utilisateur_13\/2018-05%20tous%20au%20jardin%204%20PF.jpg\" alt=\"\" width=\"279\" height=\"157\"><img loading=\"lazy\" decoding=\"async\" class=\"\" src=\"http:\/\/www.paroisse-saint-eloi.fr\/sites\/paroisse-saint-eloi.fr\/files\/telechargements\/utilisateur_13\/20180505_Jeux.jpg\" alt=\"\" width=\"274\" height=\"154\"><\/p>\n","protected":false},"excerpt":{"rendered":"<p>Les organisateurs de la kermesse paroissiale ont innov\u00e9 cette ann\u00e9e. Ils ont d\u00e9cid\u00e9 de redynamiser cet \u00e9v\u00e8nement par une f\u00eate paroissiale de Printemps, le samedi 5 mai dernier&nbsp;: un format qui \u00e9volue, sur une journ\u00e9e unique de 9h30 \u00e0 17h, un lieu qui change, autour et devant l\u2019\u00e9glise de Couzeix et son presbyt\u00e8re. des animations [&hellip;]<\/p>\n","protected":false},"author":10,"featured_media":0,"comment_status":"closed","ping_status":"closed","sticky":false,"template":"","format":"standard","meta":{"_acf_changed":false,"footnotes":""},"categories":[1],"tags":[],"class_list":["post-13086","post","type-post","status-publish","format-standard","hentry","category-grand-limoges"],"acf":[],"yoast_head":"<!-- This site is optimized with the Yoast SEO plugin v26.4 - https:\/\/yoast.com\/wordpress\/plugins\/seo\/ -->\n<title>Tous au jardin - Doyenn\u00e9s du Grand Limoges<\/title>\n<meta name=\"robots\" content=\"index, follow, max-snippet:-1, max-image-preview:large, max-video-preview:-1\" \/>\n<link rel=\"canonical\" href=\"https:\/\/www.diocese-limoges.fr\/grand-limoges\/actualites\/tous-au-jardin\/\" \/>\n<meta property=\"og:locale\" content=\"fr_FR\" \/>\n<meta property=\"og:type\" content=\"article\" \/>\n<meta property=\"og:title\" content=\"Tous au jardin - Doyenn\u00e9s du Grand Limoges\" \/>\n<meta property=\"og:description\" content=\"Les organisateurs de la kermesse paroissiale ont innov\u00e9 cette ann\u00e9e. Ils ont d\u00e9cid\u00e9 de redynamiser cet \u00e9v\u00e8nement par une f\u00eate paroissiale de Printemps, le samedi 5 mai dernier&nbsp;: un format qui \u00e9volue, sur une journ\u00e9e unique de 9h30 \u00e0 17h, un lieu qui change, autour et devant l\u2019\u00e9glise de Couzeix et son presbyt\u00e8re. des animations [&hellip;]\" \/>\n<meta property=\"og:url\" content=\"https:\/\/www.diocese-limoges.fr\/grand-limoges\/actualites\/tous-au-jardin\/\" \/>\n<meta property=\"og:site_name\" content=\"Doyenn\u00e9s du Grand Limoges\" \/>\n<meta property=\"article:published_time\" content=\"2018-06-10T09:14:19+00:00\" \/>\n<meta property=\"article:modified_time\" content=\"2020-03-31T00:03:29+00:00\" \/>\n<meta property=\"og:image\" content=\"https:\/\/www.diocese-limoges.fr\/wp-content\/uploads\/2018\/06\/20180505_stands-300x169.jpg\" \/>\n<meta name=\"author\" content=\"sainteloi\" \/>\n<meta name=\"twitter:card\" content=\"summary_large_image\" \/>\n<meta name=\"twitter:label1\" content=\"\u00c9crit par\" \/>\n\t<meta name=\"twitter:data1\" content=\"sainteloi\" \/>\n\t<meta name=\"twitter:label2\" content=\"Dur\u00e9e de lecture estim\u00e9e\" \/>\n\t<meta name=\"twitter:data2\" content=\"2 minutes\" \/>\n<script type=\"application\/ld+json\" class=\"yoast-schema-graph\">{\"@context\":\"https:\/\/schema.org\",\"@graph\":[{\"@type\":\"WebPage\",\"@id\":\"https:\/\/www.diocese-limoges.fr\/grand-limoges\/actualites\/tous-au-jardin\/\",\"url\":\"https:\/\/www.diocese-limoges.fr\/grand-limoges\/actualites\/tous-au-jardin\/\",\"name\":\"Tous au jardin - Doyenn\u00e9s du Grand Limoges\",\"isPartOf\":{\"@id\":\"https:\/\/www.diocese-limoges.fr\/grand-limoges\/#website\"},\"primaryImageOfPage\":{\"@id\":\"https:\/\/www.diocese-limoges.fr\/grand-limoges\/actualites\/tous-au-jardin\/#primaryimage\"},\"image\":{\"@id\":\"https:\/\/www.diocese-limoges.fr\/grand-limoges\/actualites\/tous-au-jardin\/#primaryimage\"},\"thumbnailUrl\":\"https:\/\/www.diocese-limoges.fr\/wp-content\/uploads\/2018\/06\/20180505_stands-300x169.jpg\",\"datePublished\":\"2018-06-10T09:14:19+00:00\",\"dateModified\":\"2020-03-31T00:03:29+00:00\",\"author\":{\"@id\":\"https:\/\/www.diocese-limoges.fr\/grand-limoges\/#\/schema\/person\/0efea0b864bcc9f6b627e8556173122f\"},\"breadcrumb\":{\"@id\":\"https:\/\/www.diocese-limoges.fr\/grand-limoges\/actualites\/tous-au-jardin\/#breadcrumb\"},\"inLanguage\":\"fr-FR\",\"potentialAction\":[{\"@type\":\"ReadAction\",\"target\":[\"https:\/\/www.diocese-limoges.fr\/grand-limoges\/actualites\/tous-au-jardin\/\"]}]},{\"@type\":\"ImageObject\",\"inLanguage\":\"fr-FR\",\"@id\":\"https:\/\/www.diocese-limoges.fr\/grand-limoges\/actualites\/tous-au-jardin\/#primaryimage\",\"url\":\"https:\/\/www.diocese-limoges.fr\/wp-content\/uploads\/2018\/06\/20180505_stands-300x169.jpg\",\"contentUrl\":\"https:\/\/www.diocese-limoges.fr\/wp-content\/uploads\/2018\/06\/20180505_stands-300x169.jpg\"},{\"@type\":\"BreadcrumbList\",\"@id\":\"https:\/\/www.diocese-limoges.fr\/grand-limoges\/actualites\/tous-au-jardin\/#breadcrumb\",\"itemListElement\":[{\"@type\":\"ListItem\",\"position\":1,\"name\":\"Accueil\",\"item\":\"https:\/\/www.diocese-limoges.fr\/grand-limoges\/\"},{\"@type\":\"ListItem\",\"position\":2,\"name\":\"Tous au jardin\"}]},{\"@type\":\"WebSite\",\"@id\":\"https:\/\/www.diocese-limoges.fr\/grand-limoges\/#website\",\"url\":\"https:\/\/www.diocese-limoges.fr\/grand-limoges\/\",\"name\":\"Doyenn\u00e9s du Grand Limoges\",\"description\":\"Dioc\u00e8se de Limoges\",\"potentialAction\":[{\"@type\":\"SearchAction\",\"target\":{\"@type\":\"EntryPoint\",\"urlTemplate\":\"https:\/\/www.diocese-limoges.fr\/grand-limoges\/?s={search_term_string}\"},\"query-input\":{\"@type\":\"PropertyValueSpecification\",\"valueRequired\":true,\"valueName\":\"search_term_string\"}}],\"inLanguage\":\"fr-FR\"},{\"@type\":\"Person\",\"@id\":\"https:\/\/www.diocese-limoges.fr\/grand-limoges\/#\/schema\/person\/0efea0b864bcc9f6b627e8556173122f\",\"name\":\"sainteloi\",\"image\":{\"@type\":\"ImageObject\",\"inLanguage\":\"fr-FR\",\"@id\":\"https:\/\/www.diocese-limoges.fr\/grand-limoges\/#\/schema\/person\/image\/\",\"url\":\"https:\/\/secure.gravatar.com\/avatar\/36135729350d5be2cbc7cc4c88ae11bede1a4fa8b76937e48682433dac7a0c52?s=96&d=mm&r=g\",\"contentUrl\":\"https:\/\/secure.gravatar.com\/avatar\/36135729350d5be2cbc7cc4c88ae11bede1a4fa8b76937e48682433dac7a0c52?s=96&d=mm&r=g\",\"caption\":\"sainteloi\"},\"url\":\"https:\/\/www.diocese-limoges.fr\/grand-limoges\/author\/sainteloi\/\"}]}<\/script>\n<!-- \/ Yoast SEO plugin. -->","yoast_head_json":{"title":"Tous au jardin - Doyenn\u00e9s du Grand Limoges","robots":{"index":"index","follow":"follow","max-snippet":"max-snippet:-1","max-image-preview":"max-image-preview:large","max-video-preview":"max-video-preview:-1"},"canonical":"https:\/\/www.diocese-limoges.fr\/grand-limoges\/actualites\/tous-au-jardin\/","og_locale":"fr_FR","og_type":"article","og_title":"Tous au jardin - Doyenn\u00e9s du Grand Limoges","og_description":"Les organisateurs de la kermesse paroissiale ont innov\u00e9 cette ann\u00e9e. Ils ont d\u00e9cid\u00e9 de redynamiser cet \u00e9v\u00e8nement par une f\u00eate paroissiale de Printemps, le samedi 5 mai dernier&nbsp;: un format qui \u00e9volue, sur une journ\u00e9e unique de 9h30 \u00e0 17h, un lieu qui change, autour et devant l\u2019\u00e9glise de Couzeix et son presbyt\u00e8re. des animations [&hellip;]","og_url":"https:\/\/www.diocese-limoges.fr\/grand-limoges\/actualites\/tous-au-jardin\/","og_site_name":"Doyenn\u00e9s du Grand Limoges","article_published_time":"2018-06-10T09:14:19+00:00","article_modified_time":"2020-03-31T00:03:29+00:00","og_image":[{"url":"https:\/\/www.diocese-limoges.fr\/wp-content\/uploads\/2018\/06\/20180505_stands-300x169.jpg","type":"","width":"","height":""}],"author":"sainteloi","twitter_card":"summary_large_image","twitter_misc":{"\u00c9crit par":"sainteloi","Dur\u00e9e de lecture estim\u00e9e":"2 minutes"},"schema":{"@context":"https:\/\/schema.org","@graph":[{"@type":"WebPage","@id":"https:\/\/www.diocese-limoges.fr\/grand-limoges\/actualites\/tous-au-jardin\/","url":"https:\/\/www.diocese-limoges.fr\/grand-limoges\/actualites\/tous-au-jardin\/","name":"Tous au jardin - Doyenn\u00e9s du Grand Limoges","isPartOf":{"@id":"https:\/\/www.diocese-limoges.fr\/grand-limoges\/#website"},"primaryImageOfPage":{"@id":"https:\/\/www.diocese-limoges.fr\/grand-limoges\/actualites\/tous-au-jardin\/#primaryimage"},"image":{"@id":"https:\/\/www.diocese-limoges.fr\/grand-limoges\/actualites\/tous-au-jardin\/#primaryimage"},"thumbnailUrl":"https:\/\/www.diocese-limoges.fr\/wp-content\/uploads\/2018\/06\/20180505_stands-300x169.jpg","datePublished":"2018-06-10T09:14:19+00:00","dateModified":"2020-03-31T00:03:29+00:00","author":{"@id":"https:\/\/www.diocese-limoges.fr\/grand-limoges\/#\/schema\/person\/0efea0b864bcc9f6b627e8556173122f"},"breadcrumb":{"@id":"https:\/\/www.diocese-limoges.fr\/grand-limoges\/actualites\/tous-au-jardin\/#breadcrumb"},"inLanguage":"fr-FR","potentialAction":[{"@type":"ReadAction","target":["https:\/\/www.diocese-limoges.fr\/grand-limoges\/actualites\/tous-au-jardin\/"]}]},{"@type":"ImageObject","inLanguage":"fr-FR","@id":"https:\/\/www.diocese-limoges.fr\/grand-limoges\/actualites\/tous-au-jardin\/#primaryimage","url":"https:\/\/www.diocese-limoges.fr\/wp-content\/uploads\/2018\/06\/20180505_stands-300x169.jpg","contentUrl":"https:\/\/www.diocese-limoges.fr\/wp-content\/uploads\/2018\/06\/20180505_stands-300x169.jpg"},{"@type":"BreadcrumbList","@id":"https:\/\/www.diocese-limoges.fr\/grand-limoges\/actualites\/tous-au-jardin\/#breadcrumb","itemListElement":[{"@type":"ListItem","position":1,"name":"Accueil","item":"https:\/\/www.diocese-limoges.fr\/grand-limoges\/"},{"@type":"ListItem","position":2,"name":"Tous au jardin"}]},{"@type":"WebSite","@id":"https:\/\/www.diocese-limoges.fr\/grand-limoges\/#website","url":"https:\/\/www.diocese-limoges.fr\/grand-limoges\/","name":"Doyenn\u00e9s du Grand Limoges","description":"Dioc\u00e8se de Limoges","potentialAction":[{"@type":"SearchAction","target":{"@type":"EntryPoint","urlTemplate":"https:\/\/www.diocese-limoges.fr\/grand-limoges\/?s={search_term_string}"},"query-input":{"@type":"PropertyValueSpecification","valueRequired":true,"valueName":"search_term_string"}}],"inLanguage":"fr-FR"},{"@type":"Person","@id":"https:\/\/www.diocese-limoges.fr\/grand-limoges\/#\/schema\/person\/0efea0b864bcc9f6b627e8556173122f","name":"sainteloi","image":{"@type":"ImageObject","inLanguage":"fr-FR","@id":"https:\/\/www.diocese-limoges.fr\/grand-limoges\/#\/schema\/person\/image\/","url":"https:\/\/secure.gravatar.com\/avatar\/36135729350d5be2cbc7cc4c88ae11bede1a4fa8b76937e48682433dac7a0c52?s=96&d=mm&r=g","contentUrl":"https:\/\/secure.gravatar.com\/avatar\/36135729350d5be2cbc7cc4c88ae11bede1a4fa8b76937e48682433dac7a0c52?s=96&d=mm&r=g","caption":"sainteloi"},"url":"https:\/\/www.diocese-limoges.fr\/grand-limoges\/author\/sainteloi\/"}]}},"_links":{"self":[{"href":"https:\/\/www.diocese-limoges.fr\/grand-limoges\/wp-json\/wp\/v2\/posts\/13086","targetHints":{"allow":["GET"]}}],"collection":[{"href":"https:\/\/www.diocese-limoges.fr\/grand-limoges\/wp-json\/wp\/v2\/posts"}],"about":[{"href":"https:\/\/www.diocese-limoges.fr\/grand-limoges\/wp-json\/wp\/v2\/types\/post"}],"author":[{"embeddable":true,"href":"https:\/\/www.diocese-limoges.fr\/grand-limoges\/wp-json\/wp\/v2\/users\/10"}],"replies":[{"embeddable":true,"href":"https:\/\/www.diocese-limoges.fr\/grand-limoges\/wp-json\/wp\/v2\/comments?post=13086"}],"version-history":[{"count":2,"href":"https:\/\/www.diocese-limoges.fr\/grand-limoges\/wp-json\/wp\/v2\/posts\/13086\/revisions"}],"predecessor-version":[{"id":17044,"href":"https:\/\/www.diocese-limoges.fr\/grand-limoges\/wp-json\/wp\/v2\/posts\/13086\/revisions\/17044"}],"wp:attachment":[{"href":"https:\/\/www.diocese-limoges.fr\/grand-limoges\/wp-json\/wp\/v2\/media?parent=13086"}],"wp:term":[{"taxonomy":"category","embeddable":true,"href":"https:\/\/www.diocese-limoges.fr\/grand-limoges\/wp-json\/wp\/v2\/categories?post=13086"},{"taxonomy":"post_tag","embeddable":true,"href":"https:\/\/www.diocese-limoges.fr\/grand-limoges\/wp-json\/wp\/v2\/tags?post=13086"}],"curies":[{"name":"wp","href":"https:\/\/api.w.org\/{rel}","templated":true}]}}