{"id":14617,"date":"2019-02-02T14:29:06","date_gmt":"2019-02-02T12:29:06","guid":{"rendered":"https:\/\/www.diocese-limoges.fr\/?post_type=eloi&#038;p=14617"},"modified":"2020-03-31T02:01:24","modified_gmt":"2020-03-31T00:01:24","slug":"decouvrir-saint-francois","status":"publish","type":"post","link":"https:\/\/www.diocese-limoges.fr\/grand-limoges\/actualites\/decouvrir-saint-francois\/","title":{"rendered":"D\u00e9couvrir saint Fran\u00e7ois"},"content":{"rendered":"<p style=\"text-align: justify\">La communaut\u00e9 de notre paroisse depuis la rentr\u00e9e scolaire, met ses pas dans les pas de saint Fran\u00e7ois. Elle s\u2019est r\u00e9unie le 17 janvier, au Faubourien, pour une soir\u00e9e d\u00e9couverte de saint Fran\u00e7ois, anim\u00e9e par les s\u0153urs de Saint-Fran\u00e7ois-d\u2019Assise de Limoges.<\/p>\n<p style=\"text-align: justify\"><a href=\"https:\/\/www.diocese-limoges.fr\/wp-content\/uploads\/2019\/02\/soiree-St-Francois-1.jpg\"><img loading=\"lazy\" decoding=\"async\" class=\"wp-image-14618 alignright\" src=\"https:\/\/www.diocese-limoges.fr\/wp-content\/uploads\/2019\/02\/soiree-St-Francois-1-300x200.jpg\" alt=\"\" width=\"254\" height=\"169\"><\/a>Apr\u00e8s un repas convivial partag\u00e9 par une vingtaine de personnes, c\u2019est pr\u00e8s de 60 personnes qui ont suivi ce temps de d\u00e9couverte, avec la projection vid\u00e9o d\u2019un court-m\u00e9trage sur la vie de Fran\u00e7ois, avec le t\u00e9moignage de 4 des 6 s\u0153urs franciscaines de Limoges, avec l\u2019\u00e9change lors d\u2019un temps de questions-r\u00e9ponses.<\/p>\n<p style=\"text-align: justify\">Le film r\u00e9sumant la vie de Fran\u00e7ois d\u2019Assise a \u00e9t\u00e9 comment\u00e9 par s\u0153ur Claire. Fran\u00e7ois, jeune de son temps, issu d\u2019une riche famille de drapiers, aimant faire la f\u00eate mais aussi impr\u00e9gn\u00e9 des mutations et des contradictions de la soci\u00e9t\u00e9 d\u2019Assise en cette fin du XII\u00e8me si\u00e8cle, a d\u00e9couvert que la vie ne prenait de sens que par amour de toute la cr\u00e9ation. A l\u2019appel de l\u2019Evangile, il a pris le chemin de la pauvret\u00e9 pour pouvoir annoncer J\u00e9sus-Christ. Tr\u00e8s vite, il a \u00e9t\u00e9 rejoint par de nombreux fr\u00e8res, il a d\u00e9fini une r\u00e8gle approuv\u00e9e par le pape. De son vivant d\u00e9j\u00e0, plus de 5000 fr\u00e8res l\u2019avaient rejoint (sans compter les s\u0153urs r\u00e9unies autour de sainte Claire).<\/p>\n<p style=\"text-align: justify\">La venue rapide de nombreuses personnes \u00e0 sa suite tient \u00e0 la spiritualit\u00e9 de Fran\u00e7ois.&nbsp; Dieu seul est bon et tout vient de Dieu. C\u2019est le Seigneur qui est la source de tout don. Fran\u00e7ois l\u2019exprime dans la louange et dans le d\u00e9sir du Dieu Cr\u00e9ateur. Cette reconnaissance des dons de Dieu passe par une d\u00e9sappropriation de soi, dans la pauvret\u00e9, l\u2019humilit\u00e9 et l\u2019ob\u00e9issance. C\u2019est sans doute cette simplicit\u00e9 et cette fraternit\u00e9 qui ont emport\u00e9 l\u2019adh\u00e9sion.<\/p>\n<p style=\"text-align: justify\"><a href=\"https:\/\/www.diocese-limoges.fr\/wp-content\/uploads\/2019\/02\/soiree-St-Francois-3-1.jpg\"><img loading=\"lazy\" decoding=\"async\" class=\" wp-image-14619 alignleft\" src=\"https:\/\/www.diocese-limoges.fr\/wp-content\/uploads\/2019\/02\/soiree-St-Francois-3-1-300x242.jpg\" alt=\"\" width=\"255\" height=\"206\"><\/a>Un tr\u00e8s beau temps de t\u00e9moignages des franciscaines a suivi, mis en relation par les images du retable de Saint-Fran\u00e7ois (de Fontenay-sous-Bois)&nbsp;: Th\u00e9r\u00e8se a illustr\u00e9 l\u2019image \u00ab&nbsp;Dieu nous a donn\u00e9 des fr\u00e8res&nbsp;\u00bb, o\u00f9 elle rencontre Dieu dans le visage de chacun, Nelly a t\u00e9moign\u00e9 qu\u2019il faut \u00ab&nbsp;oser la proximit\u00e9&nbsp;\u00bb, \u00e0 travers ses liens qu\u2019elle a tiss\u00e9s des migrants d\u2019Europe de l\u2019Est, Marie-Simone a rappel\u00e9 le sens \u00abd\u2019\u00e9tendre une nappe blanche&nbsp;\u00bb, en organisant un accueil autour d\u2019une table ouverte, Fran\u00e7oise, une la\u00efque franciscaine, le r\u00f4le irrempla\u00e7able d\u2019\u00eatre \u00ab&nbsp;des p\u00e8lerins en dialogue&nbsp;\u00bb dans les rencontres avec des r\u00e9fugi\u00e9s et Claire la joie de \u00ab&nbsp;rechercher la Paix et dire le bien&nbsp;\u00bb,&nbsp;dans sa vie d\u2019assistante scolaire. Ce qui est marquant dans ces t\u00e9moignages c\u2019est l\u2019unit\u00e9 de leur v\u00e9cu, la fa\u00e7on dont ils s\u2019inscrivent dans la vie, immerg\u00e9 en simplicit\u00e9 et en fraternit\u00e9, au milieu des plus pauvres. Mais ce n\u2019est pas \u00e9tonnant, \u2026Fran\u00e7ois n\u2019est pas un th\u00e9ologien, c\u2019est un vivant \u2026<\/p>\n<p style=\"text-align: justify\"><a href=\"https:\/\/www.diocese-limoges.fr\/wp-content\/uploads\/2019\/02\/soiree-St-Francois-2.jpg\"><img loading=\"lazy\" decoding=\"async\" class=\"size-medium wp-image-14620 alignright\" src=\"https:\/\/www.diocese-limoges.fr\/wp-content\/uploads\/2019\/02\/soiree-St-Francois-2-300x145.jpg\" alt=\"\" width=\"300\" height=\"145\"><\/a>Un beau temps d\u2019\u00e9change avec entre autre, des questions sur les diff\u00e9rences entre les Franciscaines et les Clarisses, ce qui a permis de visionner un petit film d\u2019animation tr\u00e8s bien fait, o\u00f9 l\u2019humour n\u2019\u00e9tait surtout pas exclu.<\/p>\n<p style=\"text-align: justify\">Nous avons termin\u00e9 cette rencontre par un beau temps de pri\u00e8re, simple, serein, calme, dans la Paix et la Joie, comme l\u2019aurait sans doute appr\u00e9ci\u00e9 Fran\u00e7ois d\u2019Assise.<\/p>\n","protected":false},"excerpt":{"rendered":"<p>La communaut\u00e9 de notre paroisse depuis la rentr\u00e9e scolaire, met ses pas dans les pas de saint Fran\u00e7ois. Elle s\u2019est r\u00e9unie le 17 janvier, au Faubourien, pour une soir\u00e9e d\u00e9couverte de saint Fran\u00e7ois, anim\u00e9e par les s\u0153urs de Saint-Fran\u00e7ois-d\u2019Assise de Limoges. Apr\u00e8s un repas convivial partag\u00e9 par une vingtaine de personnes, c\u2019est pr\u00e8s de 60 [&hellip;]<\/p>\n","protected":false},"author":10,"featured_media":0,"comment_status":"closed","ping_status":"closed","sticky":false,"template":"","format":"standard","meta":{"_acf_changed":false,"footnotes":""},"categories":[1],"tags":[],"class_list":["post-14617","post","type-post","status-publish","format-standard","hentry","category-grand-limoges"],"acf":[],"yoast_head":"<!-- This site is optimized with the Yoast SEO plugin v26.4 - https:\/\/yoast.com\/wordpress\/plugins\/seo\/ -->\n<title>D\u00e9couvrir saint Fran\u00e7ois - Doyenn\u00e9s du Grand Limoges<\/title>\n<meta name=\"robots\" content=\"index, follow, max-snippet:-1, max-image-preview:large, max-video-preview:-1\" \/>\n<link rel=\"canonical\" href=\"https:\/\/www.diocese-limoges.fr\/grand-limoges\/actualites\/decouvrir-saint-francois\/\" \/>\n<meta property=\"og:locale\" content=\"fr_FR\" \/>\n<meta property=\"og:type\" content=\"article\" \/>\n<meta property=\"og:title\" content=\"D\u00e9couvrir saint Fran\u00e7ois - Doyenn\u00e9s du Grand Limoges\" \/>\n<meta property=\"og:description\" content=\"La communaut\u00e9 de notre paroisse depuis la rentr\u00e9e scolaire, met ses pas dans les pas de saint Fran\u00e7ois. Elle s\u2019est r\u00e9unie le 17 janvier, au Faubourien, pour une soir\u00e9e d\u00e9couverte de saint Fran\u00e7ois, anim\u00e9e par les s\u0153urs de Saint-Fran\u00e7ois-d\u2019Assise de Limoges. Apr\u00e8s un repas convivial partag\u00e9 par une vingtaine de personnes, c\u2019est pr\u00e8s de 60 [&hellip;]\" \/>\n<meta property=\"og:url\" content=\"https:\/\/www.diocese-limoges.fr\/grand-limoges\/actualites\/decouvrir-saint-francois\/\" \/>\n<meta property=\"og:site_name\" content=\"Doyenn\u00e9s du Grand Limoges\" \/>\n<meta property=\"article:published_time\" content=\"2019-02-02T12:29:06+00:00\" \/>\n<meta property=\"article:modified_time\" content=\"2020-03-31T00:01:24+00:00\" \/>\n<meta property=\"og:image\" content=\"https:\/\/www.diocese-limoges.fr\/wp-content\/uploads\/2019\/02\/soiree-St-Francois-1-300x200.jpg\" \/>\n<meta name=\"author\" content=\"sainteloi\" \/>\n<meta name=\"twitter:card\" content=\"summary_large_image\" \/>\n<meta name=\"twitter:label1\" content=\"\u00c9crit par\" \/>\n\t<meta name=\"twitter:data1\" content=\"sainteloi\" \/>\n\t<meta name=\"twitter:label2\" content=\"Dur\u00e9e de lecture estim\u00e9e\" \/>\n\t<meta name=\"twitter:data2\" content=\"3 minutes\" \/>\n<script type=\"application\/ld+json\" class=\"yoast-schema-graph\">{\"@context\":\"https:\/\/schema.org\",\"@graph\":[{\"@type\":\"WebPage\",\"@id\":\"https:\/\/www.diocese-limoges.fr\/grand-limoges\/actualites\/decouvrir-saint-francois\/\",\"url\":\"https:\/\/www.diocese-limoges.fr\/grand-limoges\/actualites\/decouvrir-saint-francois\/\",\"name\":\"D\u00e9couvrir saint Fran\u00e7ois - Doyenn\u00e9s du Grand Limoges\",\"isPartOf\":{\"@id\":\"https:\/\/www.diocese-limoges.fr\/grand-limoges\/#website\"},\"primaryImageOfPage\":{\"@id\":\"https:\/\/www.diocese-limoges.fr\/grand-limoges\/actualites\/decouvrir-saint-francois\/#primaryimage\"},\"image\":{\"@id\":\"https:\/\/www.diocese-limoges.fr\/grand-limoges\/actualites\/decouvrir-saint-francois\/#primaryimage\"},\"thumbnailUrl\":\"https:\/\/www.diocese-limoges.fr\/wp-content\/uploads\/2019\/02\/soiree-St-Francois-1-300x200.jpg\",\"datePublished\":\"2019-02-02T12:29:06+00:00\",\"dateModified\":\"2020-03-31T00:01:24+00:00\",\"author\":{\"@id\":\"https:\/\/www.diocese-limoges.fr\/grand-limoges\/#\/schema\/person\/0efea0b864bcc9f6b627e8556173122f\"},\"breadcrumb\":{\"@id\":\"https:\/\/www.diocese-limoges.fr\/grand-limoges\/actualites\/decouvrir-saint-francois\/#breadcrumb\"},\"inLanguage\":\"fr-FR\",\"potentialAction\":[{\"@type\":\"ReadAction\",\"target\":[\"https:\/\/www.diocese-limoges.fr\/grand-limoges\/actualites\/decouvrir-saint-francois\/\"]}]},{\"@type\":\"ImageObject\",\"inLanguage\":\"fr-FR\",\"@id\":\"https:\/\/www.diocese-limoges.fr\/grand-limoges\/actualites\/decouvrir-saint-francois\/#primaryimage\",\"url\":\"https:\/\/www.diocese-limoges.fr\/wp-content\/uploads\/2019\/02\/soiree-St-Francois-1-300x200.jpg\",\"contentUrl\":\"https:\/\/www.diocese-limoges.fr\/wp-content\/uploads\/2019\/02\/soiree-St-Francois-1-300x200.jpg\"},{\"@type\":\"BreadcrumbList\",\"@id\":\"https:\/\/www.diocese-limoges.fr\/grand-limoges\/actualites\/decouvrir-saint-francois\/#breadcrumb\",\"itemListElement\":[{\"@type\":\"ListItem\",\"position\":1,\"name\":\"Accueil\",\"item\":\"https:\/\/www.diocese-limoges.fr\/grand-limoges\/\"},{\"@type\":\"ListItem\",\"position\":2,\"name\":\"D\u00e9couvrir saint Fran\u00e7ois\"}]},{\"@type\":\"WebSite\",\"@id\":\"https:\/\/www.diocese-limoges.fr\/grand-limoges\/#website\",\"url\":\"https:\/\/www.diocese-limoges.fr\/grand-limoges\/\",\"name\":\"Doyenn\u00e9s du Grand Limoges\",\"description\":\"Dioc\u00e8se de Limoges\",\"potentialAction\":[{\"@type\":\"SearchAction\",\"target\":{\"@type\":\"EntryPoint\",\"urlTemplate\":\"https:\/\/www.diocese-limoges.fr\/grand-limoges\/?s={search_term_string}\"},\"query-input\":{\"@type\":\"PropertyValueSpecification\",\"valueRequired\":true,\"valueName\":\"search_term_string\"}}],\"inLanguage\":\"fr-FR\"},{\"@type\":\"Person\",\"@id\":\"https:\/\/www.diocese-limoges.fr\/grand-limoges\/#\/schema\/person\/0efea0b864bcc9f6b627e8556173122f\",\"name\":\"sainteloi\",\"image\":{\"@type\":\"ImageObject\",\"inLanguage\":\"fr-FR\",\"@id\":\"https:\/\/www.diocese-limoges.fr\/grand-limoges\/#\/schema\/person\/image\/\",\"url\":\"https:\/\/secure.gravatar.com\/avatar\/36135729350d5be2cbc7cc4c88ae11bede1a4fa8b76937e48682433dac7a0c52?s=96&d=mm&r=g\",\"contentUrl\":\"https:\/\/secure.gravatar.com\/avatar\/36135729350d5be2cbc7cc4c88ae11bede1a4fa8b76937e48682433dac7a0c52?s=96&d=mm&r=g\",\"caption\":\"sainteloi\"},\"url\":\"https:\/\/www.diocese-limoges.fr\/grand-limoges\/author\/sainteloi\/\"}]}<\/script>\n<!-- \/ Yoast SEO plugin. -->","yoast_head_json":{"title":"D\u00e9couvrir saint Fran\u00e7ois - Doyenn\u00e9s du Grand Limoges","robots":{"index":"index","follow":"follow","max-snippet":"max-snippet:-1","max-image-preview":"max-image-preview:large","max-video-preview":"max-video-preview:-1"},"canonical":"https:\/\/www.diocese-limoges.fr\/grand-limoges\/actualites\/decouvrir-saint-francois\/","og_locale":"fr_FR","og_type":"article","og_title":"D\u00e9couvrir saint Fran\u00e7ois - Doyenn\u00e9s du Grand Limoges","og_description":"La communaut\u00e9 de notre paroisse depuis la rentr\u00e9e scolaire, met ses pas dans les pas de saint Fran\u00e7ois. Elle s\u2019est r\u00e9unie le 17 janvier, au Faubourien, pour une soir\u00e9e d\u00e9couverte de saint Fran\u00e7ois, anim\u00e9e par les s\u0153urs de Saint-Fran\u00e7ois-d\u2019Assise de Limoges. Apr\u00e8s un repas convivial partag\u00e9 par une vingtaine de personnes, c\u2019est pr\u00e8s de 60 [&hellip;]","og_url":"https:\/\/www.diocese-limoges.fr\/grand-limoges\/actualites\/decouvrir-saint-francois\/","og_site_name":"Doyenn\u00e9s du Grand Limoges","article_published_time":"2019-02-02T12:29:06+00:00","article_modified_time":"2020-03-31T00:01:24+00:00","og_image":[{"url":"https:\/\/www.diocese-limoges.fr\/wp-content\/uploads\/2019\/02\/soiree-St-Francois-1-300x200.jpg","type":"","width":"","height":""}],"author":"sainteloi","twitter_card":"summary_large_image","twitter_misc":{"\u00c9crit par":"sainteloi","Dur\u00e9e de lecture estim\u00e9e":"3 minutes"},"schema":{"@context":"https:\/\/schema.org","@graph":[{"@type":"WebPage","@id":"https:\/\/www.diocese-limoges.fr\/grand-limoges\/actualites\/decouvrir-saint-francois\/","url":"https:\/\/www.diocese-limoges.fr\/grand-limoges\/actualites\/decouvrir-saint-francois\/","name":"D\u00e9couvrir saint Fran\u00e7ois - Doyenn\u00e9s du Grand Limoges","isPartOf":{"@id":"https:\/\/www.diocese-limoges.fr\/grand-limoges\/#website"},"primaryImageOfPage":{"@id":"https:\/\/www.diocese-limoges.fr\/grand-limoges\/actualites\/decouvrir-saint-francois\/#primaryimage"},"image":{"@id":"https:\/\/www.diocese-limoges.fr\/grand-limoges\/actualites\/decouvrir-saint-francois\/#primaryimage"},"thumbnailUrl":"https:\/\/www.diocese-limoges.fr\/wp-content\/uploads\/2019\/02\/soiree-St-Francois-1-300x200.jpg","datePublished":"2019-02-02T12:29:06+00:00","dateModified":"2020-03-31T00:01:24+00:00","author":{"@id":"https:\/\/www.diocese-limoges.fr\/grand-limoges\/#\/schema\/person\/0efea0b864bcc9f6b627e8556173122f"},"breadcrumb":{"@id":"https:\/\/www.diocese-limoges.fr\/grand-limoges\/actualites\/decouvrir-saint-francois\/#breadcrumb"},"inLanguage":"fr-FR","potentialAction":[{"@type":"ReadAction","target":["https:\/\/www.diocese-limoges.fr\/grand-limoges\/actualites\/decouvrir-saint-francois\/"]}]},{"@type":"ImageObject","inLanguage":"fr-FR","@id":"https:\/\/www.diocese-limoges.fr\/grand-limoges\/actualites\/decouvrir-saint-francois\/#primaryimage","url":"https:\/\/www.diocese-limoges.fr\/wp-content\/uploads\/2019\/02\/soiree-St-Francois-1-300x200.jpg","contentUrl":"https:\/\/www.diocese-limoges.fr\/wp-content\/uploads\/2019\/02\/soiree-St-Francois-1-300x200.jpg"},{"@type":"BreadcrumbList","@id":"https:\/\/www.diocese-limoges.fr\/grand-limoges\/actualites\/decouvrir-saint-francois\/#breadcrumb","itemListElement":[{"@type":"ListItem","position":1,"name":"Accueil","item":"https:\/\/www.diocese-limoges.fr\/grand-limoges\/"},{"@type":"ListItem","position":2,"name":"D\u00e9couvrir saint Fran\u00e7ois"}]},{"@type":"WebSite","@id":"https:\/\/www.diocese-limoges.fr\/grand-limoges\/#website","url":"https:\/\/www.diocese-limoges.fr\/grand-limoges\/","name":"Doyenn\u00e9s du Grand Limoges","description":"Dioc\u00e8se de Limoges","potentialAction":[{"@type":"SearchAction","target":{"@type":"EntryPoint","urlTemplate":"https:\/\/www.diocese-limoges.fr\/grand-limoges\/?s={search_term_string}"},"query-input":{"@type":"PropertyValueSpecification","valueRequired":true,"valueName":"search_term_string"}}],"inLanguage":"fr-FR"},{"@type":"Person","@id":"https:\/\/www.diocese-limoges.fr\/grand-limoges\/#\/schema\/person\/0efea0b864bcc9f6b627e8556173122f","name":"sainteloi","image":{"@type":"ImageObject","inLanguage":"fr-FR","@id":"https:\/\/www.diocese-limoges.fr\/grand-limoges\/#\/schema\/person\/image\/","url":"https:\/\/secure.gravatar.com\/avatar\/36135729350d5be2cbc7cc4c88ae11bede1a4fa8b76937e48682433dac7a0c52?s=96&d=mm&r=g","contentUrl":"https:\/\/secure.gravatar.com\/avatar\/36135729350d5be2cbc7cc4c88ae11bede1a4fa8b76937e48682433dac7a0c52?s=96&d=mm&r=g","caption":"sainteloi"},"url":"https:\/\/www.diocese-limoges.fr\/grand-limoges\/author\/sainteloi\/"}]}},"_links":{"self":[{"href":"https:\/\/www.diocese-limoges.fr\/grand-limoges\/wp-json\/wp\/v2\/posts\/14617","targetHints":{"allow":["GET"]}}],"collection":[{"href":"https:\/\/www.diocese-limoges.fr\/grand-limoges\/wp-json\/wp\/v2\/posts"}],"about":[{"href":"https:\/\/www.diocese-limoges.fr\/grand-limoges\/wp-json\/wp\/v2\/types\/post"}],"author":[{"embeddable":true,"href":"https:\/\/www.diocese-limoges.fr\/grand-limoges\/wp-json\/wp\/v2\/users\/10"}],"replies":[{"embeddable":true,"href":"https:\/\/www.diocese-limoges.fr\/grand-limoges\/wp-json\/wp\/v2\/comments?post=14617"}],"version-history":[{"count":2,"href":"https:\/\/www.diocese-limoges.fr\/grand-limoges\/wp-json\/wp\/v2\/posts\/14617\/revisions"}],"predecessor-version":[{"id":17035,"href":"https:\/\/www.diocese-limoges.fr\/grand-limoges\/wp-json\/wp\/v2\/posts\/14617\/revisions\/17035"}],"wp:attachment":[{"href":"https:\/\/www.diocese-limoges.fr\/grand-limoges\/wp-json\/wp\/v2\/media?parent=14617"}],"wp:term":[{"taxonomy":"category","embeddable":true,"href":"https:\/\/www.diocese-limoges.fr\/grand-limoges\/wp-json\/wp\/v2\/categories?post=14617"},{"taxonomy":"post_tag","embeddable":true,"href":"https:\/\/www.diocese-limoges.fr\/grand-limoges\/wp-json\/wp\/v2\/tags?post=14617"}],"curies":[{"name":"wp","href":"https:\/\/api.w.org\/{rel}","templated":true}]}}