{"id":15941,"date":"2019-10-30T00:55:28","date_gmt":"2019-10-29T22:55:28","guid":{"rendered":"https:\/\/www.diocese-limoges.fr\/?post_type=eloi&#038;p=15941"},"modified":"2020-03-31T01:58:00","modified_gmt":"2020-03-30T23:58:00","slug":"des-poemes-damour","status":"publish","type":"post","link":"https:\/\/www.diocese-limoges.fr\/grand-limoges\/actualites\/des-poemes-damour\/","title":{"rendered":"Des po\u00e8mes d&rsquo;amour"},"content":{"rendered":"<p style=\"text-align: justify\"><strong>Que s\u2019est-il pass\u00e9 dimanche 13 octobre \u00e0 la Salle du Faubourien&nbsp;?&#8230;<\/strong><strong>Tout simplement, un temps pour Dieu,&nbsp;<\/strong><strong>avec les po\u00e8mes de Maryvonne et les chants anim\u00e9s par Agn\u00e8s&nbsp;!<\/strong><\/p>\n<p style=\"text-align: justify\"><a href=\"https:\/\/www.diocese-limoges.fr\/wp-content\/uploads\/2019\/11\/sigle-Filles-du-Sacre-Coeur-de-Jesus.gif\"><img loading=\"lazy\" decoding=\"async\" class=\"size-full wp-image-15943 alignleft\" src=\"https:\/\/www.diocese-limoges.fr\/wp-content\/uploads\/2019\/11\/sigle-Filles-du-Sacre-Coeur-de-Jesus.gif\" alt=\"\" width=\"80\" height=\"111\"><\/a>Maryvonne, Associ\u00e9e \u00e0 notre Congr\u00e9gation des Filles de la Charit\u00e9 du Sacr\u00e9-C\u0153ur de J\u00e9sus, est venue de Montmorillon, avec son mari, partager ses po\u00e8mes, son exp\u00e9rience d\u2019un c\u0153ur \u00e0 c\u0153ur avec J\u00e9sus. D\u2019autres Associ\u00e9s \u00e9taient pr\u00e9sents, de Limoges et d\u2019autres venus du Tarn pour vivre ensemble ce moment pr\u00e9cieux. Un apr\u00e8s-midi de pri\u00e8re en ce mois d\u2019octobre, Mois Missionnaire Extraordinaire, souhait\u00e9 par le Pape Fran\u00e7ois, afin d\u2019alimenter notre ardeur de l\u2019activit\u00e9 \u00e9vang\u00e9lisatrice de l\u2019\u00c9glise. C\u2019est dans ce sens d\u2019un \u00e9lan missionnaire que nous avons v\u00e9cu ce temps de rencontres et de relations fraternelles.<\/p>\n<p style=\"text-align: justify\">Mais cet apr\u00e8s-midi-l\u00e0, qu\u2019y-avait-t-il donc de si extraordinaire&nbsp;?&nbsp;Tout est mission pour chacune et chacun d\u2019entre nous dans ce que nous vivons&nbsp;! Ce dimanche, Maryvonne, partage humblement son exp\u00e9rience de Dieu qui marque son histoire et qui ouvre un chemin p\u00e9tri de l\u2019\u00c9vangile.<\/p>\n<p style=\"text-align: justify\"><a href=\"https:\/\/www.diocese-limoges.fr\/wp-content\/uploads\/2019\/11\/dim.jpg\"><img loading=\"lazy\" decoding=\"async\" class=\"size-medium wp-image-15944 alignright\" src=\"https:\/\/www.diocese-limoges.fr\/wp-content\/uploads\/2019\/11\/dim-300x169.jpg\" alt=\"\" width=\"300\" height=\"169\"><\/a>Apr\u00e8s la pr\u00e9sentation des uns et des autres, un instant pour accueillir et entrer dans le C\u0153ur de Celui qui est notre refuge, notre force&nbsp;: \u00ab&nbsp;J\u00e9sus a voulu que son C\u0153ur fut ouvert pour nous y donner un acc\u00e8s facile&nbsp;\u00bb une parole de notre fondateur le P\u00e8re Jean-Maurice Catroux.<\/p>\n<p style=\"text-align: justify\"><em>Quelques expressions sur le th\u00e8me des po\u00e8mes<\/em><em>&nbsp;:<\/em><\/p>\n<p style=\"text-align: justify\"><em>&nbsp;<\/em><em>\u00ab&nbsp;Qui donc es-tu Seigneur pour nous ouvrir des chemins, des chemins de foi\u2026<\/em><\/p>\n<p style=\"text-align: justify\"><em>Nous savons que Tu es l\u00e0 et nous esp\u00e9rons en Toi, en Ton Amour.<\/em><\/p>\n<p style=\"text-align: justify\"><em>&nbsp;<\/em><\/p>\n<p style=\"text-align: justify\"><em>En toi j\u2019ai mis ma confiance\u2026 C\u2019est pourquoi je ne crains rien&nbsp;; alors Seigneur apprends-moi tes chemins, apprends-moi \u00e0 \u00e9couter la source et viens te poser sur mon c\u0153ur pour m\u2019entourer de ta lumi\u00e8re.<\/em><\/p>\n<p style=\"text-align: justify\"><em>&nbsp;<\/em><\/p>\n<p style=\"text-align: justify\"><em>Ecoutons la paix que nous d\u00e9sirons pour nous, pour le monde&nbsp;; cette paix qui vient de la confiance en toi, Seigneur, de ta passion et de ta croix.<\/em><\/p>\n<p style=\"text-align: justify\"><em><u>&nbsp;<\/u><\/em><\/p>\n<p style=\"text-align: justify\"><em>Viens, Esprit-Saint, viens rena\u00eetre en nous, viens r\u00e9chauffer nos c\u0153urs, viens tout simplement pour te dire merci.<\/em><\/p>\n<p style=\"text-align: justify\"><em>Oui merci Seigneur, ton amour est merveilleux&nbsp;! Ta route est s\u00fbre, tu changes mon c\u0153ur, je m\u00e9dite dans le silence.&nbsp;\u00bb<\/em><\/p>\n<p style=\"text-align: justify\"><strong><u>&nbsp;<\/u><\/strong><\/p>\n<p style=\"text-align: justify\">Octobre, est aussi le mois du Rosaire. Nous voici donc invit\u00e9s en ce mois d\u2019octobre \u00e0 prier Marie : \u00e0 prier avec elle et \u00e0 lui demander de prier pour nous, pour nous retrouver dans la profondeur de notre vie avec Dieu.<\/p>\n<p style=\"text-align: center\">Regardons l\u2019\u00e9toile de Marie et invoquons-l\u00e0 dans la confiance en union avec tous ceux qui souffrent tous les jours de la pauvret\u00e9&nbsp;!&nbsp;Continuons la route ensemble, confiant(e)s que notre tr\u00e9sor, le C\u0153ur ouvert de J\u00e9sus est la source de vie qui \u00e9tanche notre soif, source o\u00f9 nous venons et revenons puiser force et courage pour la mission.<\/p>\n<p style=\"text-align: justify\">Un diaporama a cl\u00f4tur\u00e9 ce beau moment avec la spiritualit\u00e9 des FCSCJ.<\/p>\n<p style=\"text-align: justify\">Le verre de l\u2019amiti\u00e9 a permis de poursuivre les \u00e9changes et de nous remercier mutuellement.<\/p>\n<p style=\"text-align: justify\"><em>&nbsp;<\/em><\/p>\n<ol>\n<li style=\"text-align: justify\"><em> Nicole et S. Joce 15 rue Jean de la Fontaine 87100 LIMOGES 05 55 37 40 27<\/em><\/li>\n<\/ol>\n","protected":false},"excerpt":{"rendered":"<p>Que s\u2019est-il pass\u00e9 dimanche 13 octobre \u00e0 la Salle du Faubourien&nbsp;?&#8230;Tout simplement, un temps pour Dieu,&nbsp;avec les po\u00e8mes de Maryvonne et les chants anim\u00e9s par Agn\u00e8s&nbsp;! Maryvonne, Associ\u00e9e \u00e0 notre Congr\u00e9gation des Filles de la Charit\u00e9 du Sacr\u00e9-C\u0153ur de J\u00e9sus, est venue de Montmorillon, avec son mari, partager ses po\u00e8mes, son exp\u00e9rience d\u2019un c\u0153ur \u00e0 [&hellip;]<\/p>\n","protected":false},"author":10,"featured_media":0,"comment_status":"closed","ping_status":"closed","sticky":false,"template":"","format":"standard","meta":{"_acf_changed":false,"footnotes":""},"categories":[1],"tags":[],"class_list":["post-15941","post","type-post","status-publish","format-standard","hentry","category-grand-limoges"],"acf":[],"yoast_head":"<!-- This site is optimized with the Yoast SEO plugin v26.4 - https:\/\/yoast.com\/wordpress\/plugins\/seo\/ -->\n<title>Des po\u00e8mes d&#039;amour - Doyenn\u00e9s du Grand Limoges<\/title>\n<meta name=\"robots\" content=\"index, follow, max-snippet:-1, max-image-preview:large, max-video-preview:-1\" \/>\n<link rel=\"canonical\" href=\"https:\/\/www.diocese-limoges.fr\/grand-limoges\/actualites\/des-poemes-damour\/\" \/>\n<meta property=\"og:locale\" content=\"fr_FR\" \/>\n<meta property=\"og:type\" content=\"article\" \/>\n<meta property=\"og:title\" content=\"Des po\u00e8mes d&#039;amour - Doyenn\u00e9s du Grand Limoges\" \/>\n<meta property=\"og:description\" content=\"Que s\u2019est-il pass\u00e9 dimanche 13 octobre \u00e0 la Salle du Faubourien&nbsp;?&#8230;Tout simplement, un temps pour Dieu,&nbsp;avec les po\u00e8mes de Maryvonne et les chants anim\u00e9s par Agn\u00e8s&nbsp;! Maryvonne, Associ\u00e9e \u00e0 notre Congr\u00e9gation des Filles de la Charit\u00e9 du Sacr\u00e9-C\u0153ur de J\u00e9sus, est venue de Montmorillon, avec son mari, partager ses po\u00e8mes, son exp\u00e9rience d\u2019un c\u0153ur \u00e0 [&hellip;]\" \/>\n<meta property=\"og:url\" content=\"https:\/\/www.diocese-limoges.fr\/grand-limoges\/actualites\/des-poemes-damour\/\" \/>\n<meta property=\"og:site_name\" content=\"Doyenn\u00e9s du Grand Limoges\" \/>\n<meta property=\"article:published_time\" content=\"2019-10-29T22:55:28+00:00\" \/>\n<meta property=\"article:modified_time\" content=\"2020-03-30T23:58:00+00:00\" \/>\n<meta property=\"og:image\" content=\"https:\/\/www.diocese-limoges.fr\/wp-content\/uploads\/2019\/11\/sigle-Filles-du-Sacre-Coeur-de-Jesus.gif\" \/>\n<meta name=\"author\" content=\"sainteloi\" \/>\n<meta name=\"twitter:card\" content=\"summary_large_image\" \/>\n<meta name=\"twitter:label1\" content=\"\u00c9crit par\" \/>\n\t<meta name=\"twitter:data1\" content=\"sainteloi\" \/>\n\t<meta name=\"twitter:label2\" content=\"Dur\u00e9e de lecture estim\u00e9e\" \/>\n\t<meta name=\"twitter:data2\" content=\"3 minutes\" \/>\n<script type=\"application\/ld+json\" class=\"yoast-schema-graph\">{\"@context\":\"https:\/\/schema.org\",\"@graph\":[{\"@type\":\"WebPage\",\"@id\":\"https:\/\/www.diocese-limoges.fr\/grand-limoges\/actualites\/des-poemes-damour\/\",\"url\":\"https:\/\/www.diocese-limoges.fr\/grand-limoges\/actualites\/des-poemes-damour\/\",\"name\":\"Des po\u00e8mes d'amour - Doyenn\u00e9s du Grand Limoges\",\"isPartOf\":{\"@id\":\"https:\/\/www.diocese-limoges.fr\/grand-limoges\/#website\"},\"primaryImageOfPage\":{\"@id\":\"https:\/\/www.diocese-limoges.fr\/grand-limoges\/actualites\/des-poemes-damour\/#primaryimage\"},\"image\":{\"@id\":\"https:\/\/www.diocese-limoges.fr\/grand-limoges\/actualites\/des-poemes-damour\/#primaryimage\"},\"thumbnailUrl\":\"https:\/\/www.diocese-limoges.fr\/wp-content\/uploads\/2019\/11\/sigle-Filles-du-Sacre-Coeur-de-Jesus.gif\",\"datePublished\":\"2019-10-29T22:55:28+00:00\",\"dateModified\":\"2020-03-30T23:58:00+00:00\",\"author\":{\"@id\":\"https:\/\/www.diocese-limoges.fr\/grand-limoges\/#\/schema\/person\/0efea0b864bcc9f6b627e8556173122f\"},\"breadcrumb\":{\"@id\":\"https:\/\/www.diocese-limoges.fr\/grand-limoges\/actualites\/des-poemes-damour\/#breadcrumb\"},\"inLanguage\":\"fr-FR\",\"potentialAction\":[{\"@type\":\"ReadAction\",\"target\":[\"https:\/\/www.diocese-limoges.fr\/grand-limoges\/actualites\/des-poemes-damour\/\"]}]},{\"@type\":\"ImageObject\",\"inLanguage\":\"fr-FR\",\"@id\":\"https:\/\/www.diocese-limoges.fr\/grand-limoges\/actualites\/des-poemes-damour\/#primaryimage\",\"url\":\"https:\/\/www.diocese-limoges.fr\/wp-content\/uploads\/2019\/11\/sigle-Filles-du-Sacre-Coeur-de-Jesus.gif\",\"contentUrl\":\"https:\/\/www.diocese-limoges.fr\/wp-content\/uploads\/2019\/11\/sigle-Filles-du-Sacre-Coeur-de-Jesus.gif\"},{\"@type\":\"BreadcrumbList\",\"@id\":\"https:\/\/www.diocese-limoges.fr\/grand-limoges\/actualites\/des-poemes-damour\/#breadcrumb\",\"itemListElement\":[{\"@type\":\"ListItem\",\"position\":1,\"name\":\"Accueil\",\"item\":\"https:\/\/www.diocese-limoges.fr\/grand-limoges\/\"},{\"@type\":\"ListItem\",\"position\":2,\"name\":\"Des po\u00e8mes d&rsquo;amour\"}]},{\"@type\":\"WebSite\",\"@id\":\"https:\/\/www.diocese-limoges.fr\/grand-limoges\/#website\",\"url\":\"https:\/\/www.diocese-limoges.fr\/grand-limoges\/\",\"name\":\"Doyenn\u00e9s du Grand Limoges\",\"description\":\"Dioc\u00e8se de Limoges\",\"potentialAction\":[{\"@type\":\"SearchAction\",\"target\":{\"@type\":\"EntryPoint\",\"urlTemplate\":\"https:\/\/www.diocese-limoges.fr\/grand-limoges\/?s={search_term_string}\"},\"query-input\":{\"@type\":\"PropertyValueSpecification\",\"valueRequired\":true,\"valueName\":\"search_term_string\"}}],\"inLanguage\":\"fr-FR\"},{\"@type\":\"Person\",\"@id\":\"https:\/\/www.diocese-limoges.fr\/grand-limoges\/#\/schema\/person\/0efea0b864bcc9f6b627e8556173122f\",\"name\":\"sainteloi\",\"image\":{\"@type\":\"ImageObject\",\"inLanguage\":\"fr-FR\",\"@id\":\"https:\/\/www.diocese-limoges.fr\/grand-limoges\/#\/schema\/person\/image\/\",\"url\":\"https:\/\/secure.gravatar.com\/avatar\/36135729350d5be2cbc7cc4c88ae11bede1a4fa8b76937e48682433dac7a0c52?s=96&d=mm&r=g\",\"contentUrl\":\"https:\/\/secure.gravatar.com\/avatar\/36135729350d5be2cbc7cc4c88ae11bede1a4fa8b76937e48682433dac7a0c52?s=96&d=mm&r=g\",\"caption\":\"sainteloi\"},\"url\":\"https:\/\/www.diocese-limoges.fr\/grand-limoges\/author\/sainteloi\/\"}]}<\/script>\n<!-- \/ Yoast SEO plugin. -->","yoast_head_json":{"title":"Des po\u00e8mes d'amour - Doyenn\u00e9s du Grand Limoges","robots":{"index":"index","follow":"follow","max-snippet":"max-snippet:-1","max-image-preview":"max-image-preview:large","max-video-preview":"max-video-preview:-1"},"canonical":"https:\/\/www.diocese-limoges.fr\/grand-limoges\/actualites\/des-poemes-damour\/","og_locale":"fr_FR","og_type":"article","og_title":"Des po\u00e8mes d'amour - Doyenn\u00e9s du Grand Limoges","og_description":"Que s\u2019est-il pass\u00e9 dimanche 13 octobre \u00e0 la Salle du Faubourien&nbsp;?&#8230;Tout simplement, un temps pour Dieu,&nbsp;avec les po\u00e8mes de Maryvonne et les chants anim\u00e9s par Agn\u00e8s&nbsp;! Maryvonne, Associ\u00e9e \u00e0 notre Congr\u00e9gation des Filles de la Charit\u00e9 du Sacr\u00e9-C\u0153ur de J\u00e9sus, est venue de Montmorillon, avec son mari, partager ses po\u00e8mes, son exp\u00e9rience d\u2019un c\u0153ur \u00e0 [&hellip;]","og_url":"https:\/\/www.diocese-limoges.fr\/grand-limoges\/actualites\/des-poemes-damour\/","og_site_name":"Doyenn\u00e9s du Grand Limoges","article_published_time":"2019-10-29T22:55:28+00:00","article_modified_time":"2020-03-30T23:58:00+00:00","og_image":[{"url":"https:\/\/www.diocese-limoges.fr\/wp-content\/uploads\/2019\/11\/sigle-Filles-du-Sacre-Coeur-de-Jesus.gif","type":"","width":"","height":""}],"author":"sainteloi","twitter_card":"summary_large_image","twitter_misc":{"\u00c9crit par":"sainteloi","Dur\u00e9e de lecture estim\u00e9e":"3 minutes"},"schema":{"@context":"https:\/\/schema.org","@graph":[{"@type":"WebPage","@id":"https:\/\/www.diocese-limoges.fr\/grand-limoges\/actualites\/des-poemes-damour\/","url":"https:\/\/www.diocese-limoges.fr\/grand-limoges\/actualites\/des-poemes-damour\/","name":"Des po\u00e8mes d'amour - Doyenn\u00e9s du Grand Limoges","isPartOf":{"@id":"https:\/\/www.diocese-limoges.fr\/grand-limoges\/#website"},"primaryImageOfPage":{"@id":"https:\/\/www.diocese-limoges.fr\/grand-limoges\/actualites\/des-poemes-damour\/#primaryimage"},"image":{"@id":"https:\/\/www.diocese-limoges.fr\/grand-limoges\/actualites\/des-poemes-damour\/#primaryimage"},"thumbnailUrl":"https:\/\/www.diocese-limoges.fr\/wp-content\/uploads\/2019\/11\/sigle-Filles-du-Sacre-Coeur-de-Jesus.gif","datePublished":"2019-10-29T22:55:28+00:00","dateModified":"2020-03-30T23:58:00+00:00","author":{"@id":"https:\/\/www.diocese-limoges.fr\/grand-limoges\/#\/schema\/person\/0efea0b864bcc9f6b627e8556173122f"},"breadcrumb":{"@id":"https:\/\/www.diocese-limoges.fr\/grand-limoges\/actualites\/des-poemes-damour\/#breadcrumb"},"inLanguage":"fr-FR","potentialAction":[{"@type":"ReadAction","target":["https:\/\/www.diocese-limoges.fr\/grand-limoges\/actualites\/des-poemes-damour\/"]}]},{"@type":"ImageObject","inLanguage":"fr-FR","@id":"https:\/\/www.diocese-limoges.fr\/grand-limoges\/actualites\/des-poemes-damour\/#primaryimage","url":"https:\/\/www.diocese-limoges.fr\/wp-content\/uploads\/2019\/11\/sigle-Filles-du-Sacre-Coeur-de-Jesus.gif","contentUrl":"https:\/\/www.diocese-limoges.fr\/wp-content\/uploads\/2019\/11\/sigle-Filles-du-Sacre-Coeur-de-Jesus.gif"},{"@type":"BreadcrumbList","@id":"https:\/\/www.diocese-limoges.fr\/grand-limoges\/actualites\/des-poemes-damour\/#breadcrumb","itemListElement":[{"@type":"ListItem","position":1,"name":"Accueil","item":"https:\/\/www.diocese-limoges.fr\/grand-limoges\/"},{"@type":"ListItem","position":2,"name":"Des po\u00e8mes d&rsquo;amour"}]},{"@type":"WebSite","@id":"https:\/\/www.diocese-limoges.fr\/grand-limoges\/#website","url":"https:\/\/www.diocese-limoges.fr\/grand-limoges\/","name":"Doyenn\u00e9s du Grand Limoges","description":"Dioc\u00e8se de Limoges","potentialAction":[{"@type":"SearchAction","target":{"@type":"EntryPoint","urlTemplate":"https:\/\/www.diocese-limoges.fr\/grand-limoges\/?s={search_term_string}"},"query-input":{"@type":"PropertyValueSpecification","valueRequired":true,"valueName":"search_term_string"}}],"inLanguage":"fr-FR"},{"@type":"Person","@id":"https:\/\/www.diocese-limoges.fr\/grand-limoges\/#\/schema\/person\/0efea0b864bcc9f6b627e8556173122f","name":"sainteloi","image":{"@type":"ImageObject","inLanguage":"fr-FR","@id":"https:\/\/www.diocese-limoges.fr\/grand-limoges\/#\/schema\/person\/image\/","url":"https:\/\/secure.gravatar.com\/avatar\/36135729350d5be2cbc7cc4c88ae11bede1a4fa8b76937e48682433dac7a0c52?s=96&d=mm&r=g","contentUrl":"https:\/\/secure.gravatar.com\/avatar\/36135729350d5be2cbc7cc4c88ae11bede1a4fa8b76937e48682433dac7a0c52?s=96&d=mm&r=g","caption":"sainteloi"},"url":"https:\/\/www.diocese-limoges.fr\/grand-limoges\/author\/sainteloi\/"}]}},"_links":{"self":[{"href":"https:\/\/www.diocese-limoges.fr\/grand-limoges\/wp-json\/wp\/v2\/posts\/15941","targetHints":{"allow":["GET"]}}],"collection":[{"href":"https:\/\/www.diocese-limoges.fr\/grand-limoges\/wp-json\/wp\/v2\/posts"}],"about":[{"href":"https:\/\/www.diocese-limoges.fr\/grand-limoges\/wp-json\/wp\/v2\/types\/post"}],"author":[{"embeddable":true,"href":"https:\/\/www.diocese-limoges.fr\/grand-limoges\/wp-json\/wp\/v2\/users\/10"}],"replies":[{"embeddable":true,"href":"https:\/\/www.diocese-limoges.fr\/grand-limoges\/wp-json\/wp\/v2\/comments?post=15941"}],"version-history":[{"count":2,"href":"https:\/\/www.diocese-limoges.fr\/grand-limoges\/wp-json\/wp\/v2\/posts\/15941\/revisions"}],"predecessor-version":[{"id":17019,"href":"https:\/\/www.diocese-limoges.fr\/grand-limoges\/wp-json\/wp\/v2\/posts\/15941\/revisions\/17019"}],"wp:attachment":[{"href":"https:\/\/www.diocese-limoges.fr\/grand-limoges\/wp-json\/wp\/v2\/media?parent=15941"}],"wp:term":[{"taxonomy":"category","embeddable":true,"href":"https:\/\/www.diocese-limoges.fr\/grand-limoges\/wp-json\/wp\/v2\/categories?post=15941"},{"taxonomy":"post_tag","embeddable":true,"href":"https:\/\/www.diocese-limoges.fr\/grand-limoges\/wp-json\/wp\/v2\/tags?post=15941"}],"curies":[{"name":"wp","href":"https:\/\/api.w.org\/{rel}","templated":true}]}}