{"id":16247,"date":"2019-12-05T11:58:26","date_gmt":"2019-12-05T09:58:26","guid":{"rendered":"https:\/\/www.diocese-limoges.fr\/?post_type=eloi&#038;p=16247"},"modified":"2020-03-31T01:58:29","modified_gmt":"2020-03-30T23:58:29","slug":"convoquons-notre-ame-denfant","status":"publish","type":"post","link":"https:\/\/www.diocese-limoges.fr\/grand-limoges\/actualites\/convoquons-notre-ame-denfant\/","title":{"rendered":"Convoquons notre \u00e2me d&rsquo;enfant !"},"content":{"rendered":"<p><a href=\"https:\/\/www.diocese-limoges.fr\/wp-content\/uploads\/2019\/12\/AFFICHE-CALENDRIER-DE-LAVENT-2019.jpg\"><img loading=\"lazy\" decoding=\"async\" class=\"size-medium wp-image-16250 alignleft\" src=\"https:\/\/www.diocese-limoges.fr\/wp-content\/uploads\/2019\/12\/AFFICHE-CALENDRIER-DE-LAVENT-2019-212x300.jpg\" alt=\"\" width=\"212\" height=\"300\" \/><\/a><\/p>\n<p>Cette ann\u00e9e notre paroisse \u00e0 la joie d\u2019accueillir un calendrier de l\u2019Avent g\u00e9ant qui va nous accompagner vers No\u00ebl. Chaque jour du temps de l\u2019Avent une fen\u00eatre sera ouverte, une m\u00e9ditation lue, une bougie allum\u00e9e, une pri\u00e8re pour pr\u00e9parer nos c\u0153urs \u00e0 recevoir le Sauveur.<\/p>\n<p>Nous allons d\u00e9couvrir jour apr\u00e8s jour, avec la tendresse et l\u2019amour de Dieu, un sens \u00e0 donner \u00e0 notre attente : Accueillir, \u00e9couter, aimer, consoler, gu\u00e9rir, \u00e9clairer, partager, pardonner, guider, esp\u00e9rer\u2026se mettre en chemin !<\/p>\n<p>Retrouvez les pri\u00e8res et m\u00e9ditations de chaque jour en ouvrant le fichier joint.<a href=\"https:\/\/www.diocese-limoges.fr\/wp-content\/uploads\/2019\/12\/2019-Calendrier-de-lAvent.pdf\">2019 Calendrier de l&rsquo;Avent<\/a><\/p>\n<p>Bel Avent \u00e0 tous !<\/p>\n<p>L&rsquo;\u00e9quipe Pastorale<\/p>\n","protected":false},"excerpt":{"rendered":"<p>Cette ann\u00e9e notre paroisse \u00e0 la joie d\u2019accueillir un calendrier de l\u2019Avent g\u00e9ant qui va nous accompagner vers No\u00ebl. Chaque jour du temps de l\u2019Avent une fen\u00eatre sera ouverte, une m\u00e9ditation lue, une bougie allum\u00e9e, une pri\u00e8re pour pr\u00e9parer nos c\u0153urs \u00e0 recevoir le Sauveur. Nous allons d\u00e9couvrir jour apr\u00e8s jour, avec la tendresse et [&hellip;]<\/p>\n","protected":false},"author":10,"featured_media":0,"comment_status":"closed","ping_status":"closed","sticky":false,"template":"","format":"standard","meta":{"_acf_changed":false,"footnotes":""},"categories":[1],"tags":[],"class_list":["post-16247","post","type-post","status-publish","format-standard","hentry","category-grand-limoges"],"acf":[],"yoast_head":"<!-- This site is optimized with the Yoast SEO plugin v26.4 - https:\/\/yoast.com\/wordpress\/plugins\/seo\/ -->\n<title>Convoquons notre \u00e2me d&#039;enfant ! - Doyenn\u00e9s du Grand Limoges<\/title>\n<meta name=\"robots\" content=\"index, follow, max-snippet:-1, max-image-preview:large, max-video-preview:-1\" \/>\n<link rel=\"canonical\" href=\"https:\/\/www.diocese-limoges.fr\/grand-limoges\/actualites\/convoquons-notre-ame-denfant\/\" \/>\n<meta property=\"og:locale\" content=\"fr_FR\" \/>\n<meta property=\"og:type\" content=\"article\" \/>\n<meta property=\"og:title\" content=\"Convoquons notre \u00e2me d&#039;enfant ! - Doyenn\u00e9s du Grand Limoges\" \/>\n<meta property=\"og:description\" content=\"Cette ann\u00e9e notre paroisse \u00e0 la joie d\u2019accueillir un calendrier de l\u2019Avent g\u00e9ant qui va nous accompagner vers No\u00ebl. Chaque jour du temps de l\u2019Avent une fen\u00eatre sera ouverte, une m\u00e9ditation lue, une bougie allum\u00e9e, une pri\u00e8re pour pr\u00e9parer nos c\u0153urs \u00e0 recevoir le Sauveur. Nous allons d\u00e9couvrir jour apr\u00e8s jour, avec la tendresse et [&hellip;]\" \/>\n<meta property=\"og:url\" content=\"https:\/\/www.diocese-limoges.fr\/grand-limoges\/actualites\/convoquons-notre-ame-denfant\/\" \/>\n<meta property=\"og:site_name\" content=\"Doyenn\u00e9s du Grand Limoges\" \/>\n<meta property=\"article:published_time\" content=\"2019-12-05T09:58:26+00:00\" \/>\n<meta property=\"article:modified_time\" content=\"2020-03-30T23:58:29+00:00\" \/>\n<meta property=\"og:image\" content=\"https:\/\/www.diocese-limoges.fr\/wp-content\/uploads\/2019\/12\/AFFICHE-CALENDRIER-DE-LAVENT-2019-212x300.jpg\" \/>\n<meta name=\"author\" content=\"sainteloi\" \/>\n<meta name=\"twitter:card\" content=\"summary_large_image\" \/>\n<meta name=\"twitter:label1\" content=\"\u00c9crit par\" \/>\n\t<meta name=\"twitter:data1\" content=\"sainteloi\" \/>\n\t<meta name=\"twitter:label2\" content=\"Dur\u00e9e de lecture estim\u00e9e\" \/>\n\t<meta name=\"twitter:data2\" content=\"1 minute\" \/>\n<script type=\"application\/ld+json\" class=\"yoast-schema-graph\">{\"@context\":\"https:\/\/schema.org\",\"@graph\":[{\"@type\":\"WebPage\",\"@id\":\"https:\/\/www.diocese-limoges.fr\/grand-limoges\/actualites\/convoquons-notre-ame-denfant\/\",\"url\":\"https:\/\/www.diocese-limoges.fr\/grand-limoges\/actualites\/convoquons-notre-ame-denfant\/\",\"name\":\"Convoquons notre \u00e2me d'enfant ! - Doyenn\u00e9s du Grand Limoges\",\"isPartOf\":{\"@id\":\"https:\/\/www.diocese-limoges.fr\/grand-limoges\/#website\"},\"primaryImageOfPage\":{\"@id\":\"https:\/\/www.diocese-limoges.fr\/grand-limoges\/actualites\/convoquons-notre-ame-denfant\/#primaryimage\"},\"image\":{\"@id\":\"https:\/\/www.diocese-limoges.fr\/grand-limoges\/actualites\/convoquons-notre-ame-denfant\/#primaryimage\"},\"thumbnailUrl\":\"https:\/\/www.diocese-limoges.fr\/wp-content\/uploads\/2019\/12\/AFFICHE-CALENDRIER-DE-LAVENT-2019-212x300.jpg\",\"datePublished\":\"2019-12-05T09:58:26+00:00\",\"dateModified\":\"2020-03-30T23:58:29+00:00\",\"author\":{\"@id\":\"https:\/\/www.diocese-limoges.fr\/grand-limoges\/#\/schema\/person\/0efea0b864bcc9f6b627e8556173122f\"},\"breadcrumb\":{\"@id\":\"https:\/\/www.diocese-limoges.fr\/grand-limoges\/actualites\/convoquons-notre-ame-denfant\/#breadcrumb\"},\"inLanguage\":\"fr-FR\",\"potentialAction\":[{\"@type\":\"ReadAction\",\"target\":[\"https:\/\/www.diocese-limoges.fr\/grand-limoges\/actualites\/convoquons-notre-ame-denfant\/\"]}]},{\"@type\":\"ImageObject\",\"inLanguage\":\"fr-FR\",\"@id\":\"https:\/\/www.diocese-limoges.fr\/grand-limoges\/actualites\/convoquons-notre-ame-denfant\/#primaryimage\",\"url\":\"https:\/\/www.diocese-limoges.fr\/wp-content\/uploads\/2019\/12\/AFFICHE-CALENDRIER-DE-LAVENT-2019-212x300.jpg\",\"contentUrl\":\"https:\/\/www.diocese-limoges.fr\/wp-content\/uploads\/2019\/12\/AFFICHE-CALENDRIER-DE-LAVENT-2019-212x300.jpg\"},{\"@type\":\"BreadcrumbList\",\"@id\":\"https:\/\/www.diocese-limoges.fr\/grand-limoges\/actualites\/convoquons-notre-ame-denfant\/#breadcrumb\",\"itemListElement\":[{\"@type\":\"ListItem\",\"position\":1,\"name\":\"Accueil\",\"item\":\"https:\/\/www.diocese-limoges.fr\/grand-limoges\/\"},{\"@type\":\"ListItem\",\"position\":2,\"name\":\"Convoquons notre \u00e2me d&rsquo;enfant !\"}]},{\"@type\":\"WebSite\",\"@id\":\"https:\/\/www.diocese-limoges.fr\/grand-limoges\/#website\",\"url\":\"https:\/\/www.diocese-limoges.fr\/grand-limoges\/\",\"name\":\"Doyenn\u00e9s du Grand Limoges\",\"description\":\"Dioc\u00e8se de Limoges\",\"potentialAction\":[{\"@type\":\"SearchAction\",\"target\":{\"@type\":\"EntryPoint\",\"urlTemplate\":\"https:\/\/www.diocese-limoges.fr\/grand-limoges\/?s={search_term_string}\"},\"query-input\":{\"@type\":\"PropertyValueSpecification\",\"valueRequired\":true,\"valueName\":\"search_term_string\"}}],\"inLanguage\":\"fr-FR\"},{\"@type\":\"Person\",\"@id\":\"https:\/\/www.diocese-limoges.fr\/grand-limoges\/#\/schema\/person\/0efea0b864bcc9f6b627e8556173122f\",\"name\":\"sainteloi\",\"image\":{\"@type\":\"ImageObject\",\"inLanguage\":\"fr-FR\",\"@id\":\"https:\/\/www.diocese-limoges.fr\/grand-limoges\/#\/schema\/person\/image\/\",\"url\":\"https:\/\/secure.gravatar.com\/avatar\/36135729350d5be2cbc7cc4c88ae11bede1a4fa8b76937e48682433dac7a0c52?s=96&d=mm&r=g\",\"contentUrl\":\"https:\/\/secure.gravatar.com\/avatar\/36135729350d5be2cbc7cc4c88ae11bede1a4fa8b76937e48682433dac7a0c52?s=96&d=mm&r=g\",\"caption\":\"sainteloi\"},\"url\":\"https:\/\/www.diocese-limoges.fr\/grand-limoges\/author\/sainteloi\/\"}]}<\/script>\n<!-- \/ Yoast SEO plugin. -->","yoast_head_json":{"title":"Convoquons notre \u00e2me d'enfant ! - Doyenn\u00e9s du Grand Limoges","robots":{"index":"index","follow":"follow","max-snippet":"max-snippet:-1","max-image-preview":"max-image-preview:large","max-video-preview":"max-video-preview:-1"},"canonical":"https:\/\/www.diocese-limoges.fr\/grand-limoges\/actualites\/convoquons-notre-ame-denfant\/","og_locale":"fr_FR","og_type":"article","og_title":"Convoquons notre \u00e2me d'enfant ! - Doyenn\u00e9s du Grand Limoges","og_description":"Cette ann\u00e9e notre paroisse \u00e0 la joie d\u2019accueillir un calendrier de l\u2019Avent g\u00e9ant qui va nous accompagner vers No\u00ebl. Chaque jour du temps de l\u2019Avent une fen\u00eatre sera ouverte, une m\u00e9ditation lue, une bougie allum\u00e9e, une pri\u00e8re pour pr\u00e9parer nos c\u0153urs \u00e0 recevoir le Sauveur. Nous allons d\u00e9couvrir jour apr\u00e8s jour, avec la tendresse et [&hellip;]","og_url":"https:\/\/www.diocese-limoges.fr\/grand-limoges\/actualites\/convoquons-notre-ame-denfant\/","og_site_name":"Doyenn\u00e9s du Grand Limoges","article_published_time":"2019-12-05T09:58:26+00:00","article_modified_time":"2020-03-30T23:58:29+00:00","og_image":[{"url":"https:\/\/www.diocese-limoges.fr\/wp-content\/uploads\/2019\/12\/AFFICHE-CALENDRIER-DE-LAVENT-2019-212x300.jpg","type":"","width":"","height":""}],"author":"sainteloi","twitter_card":"summary_large_image","twitter_misc":{"\u00c9crit par":"sainteloi","Dur\u00e9e de lecture estim\u00e9e":"1 minute"},"schema":{"@context":"https:\/\/schema.org","@graph":[{"@type":"WebPage","@id":"https:\/\/www.diocese-limoges.fr\/grand-limoges\/actualites\/convoquons-notre-ame-denfant\/","url":"https:\/\/www.diocese-limoges.fr\/grand-limoges\/actualites\/convoquons-notre-ame-denfant\/","name":"Convoquons notre \u00e2me d'enfant ! - Doyenn\u00e9s du Grand Limoges","isPartOf":{"@id":"https:\/\/www.diocese-limoges.fr\/grand-limoges\/#website"},"primaryImageOfPage":{"@id":"https:\/\/www.diocese-limoges.fr\/grand-limoges\/actualites\/convoquons-notre-ame-denfant\/#primaryimage"},"image":{"@id":"https:\/\/www.diocese-limoges.fr\/grand-limoges\/actualites\/convoquons-notre-ame-denfant\/#primaryimage"},"thumbnailUrl":"https:\/\/www.diocese-limoges.fr\/wp-content\/uploads\/2019\/12\/AFFICHE-CALENDRIER-DE-LAVENT-2019-212x300.jpg","datePublished":"2019-12-05T09:58:26+00:00","dateModified":"2020-03-30T23:58:29+00:00","author":{"@id":"https:\/\/www.diocese-limoges.fr\/grand-limoges\/#\/schema\/person\/0efea0b864bcc9f6b627e8556173122f"},"breadcrumb":{"@id":"https:\/\/www.diocese-limoges.fr\/grand-limoges\/actualites\/convoquons-notre-ame-denfant\/#breadcrumb"},"inLanguage":"fr-FR","potentialAction":[{"@type":"ReadAction","target":["https:\/\/www.diocese-limoges.fr\/grand-limoges\/actualites\/convoquons-notre-ame-denfant\/"]}]},{"@type":"ImageObject","inLanguage":"fr-FR","@id":"https:\/\/www.diocese-limoges.fr\/grand-limoges\/actualites\/convoquons-notre-ame-denfant\/#primaryimage","url":"https:\/\/www.diocese-limoges.fr\/wp-content\/uploads\/2019\/12\/AFFICHE-CALENDRIER-DE-LAVENT-2019-212x300.jpg","contentUrl":"https:\/\/www.diocese-limoges.fr\/wp-content\/uploads\/2019\/12\/AFFICHE-CALENDRIER-DE-LAVENT-2019-212x300.jpg"},{"@type":"BreadcrumbList","@id":"https:\/\/www.diocese-limoges.fr\/grand-limoges\/actualites\/convoquons-notre-ame-denfant\/#breadcrumb","itemListElement":[{"@type":"ListItem","position":1,"name":"Accueil","item":"https:\/\/www.diocese-limoges.fr\/grand-limoges\/"},{"@type":"ListItem","position":2,"name":"Convoquons notre \u00e2me d&rsquo;enfant !"}]},{"@type":"WebSite","@id":"https:\/\/www.diocese-limoges.fr\/grand-limoges\/#website","url":"https:\/\/www.diocese-limoges.fr\/grand-limoges\/","name":"Doyenn\u00e9s du Grand Limoges","description":"Dioc\u00e8se de Limoges","potentialAction":[{"@type":"SearchAction","target":{"@type":"EntryPoint","urlTemplate":"https:\/\/www.diocese-limoges.fr\/grand-limoges\/?s={search_term_string}"},"query-input":{"@type":"PropertyValueSpecification","valueRequired":true,"valueName":"search_term_string"}}],"inLanguage":"fr-FR"},{"@type":"Person","@id":"https:\/\/www.diocese-limoges.fr\/grand-limoges\/#\/schema\/person\/0efea0b864bcc9f6b627e8556173122f","name":"sainteloi","image":{"@type":"ImageObject","inLanguage":"fr-FR","@id":"https:\/\/www.diocese-limoges.fr\/grand-limoges\/#\/schema\/person\/image\/","url":"https:\/\/secure.gravatar.com\/avatar\/36135729350d5be2cbc7cc4c88ae11bede1a4fa8b76937e48682433dac7a0c52?s=96&d=mm&r=g","contentUrl":"https:\/\/secure.gravatar.com\/avatar\/36135729350d5be2cbc7cc4c88ae11bede1a4fa8b76937e48682433dac7a0c52?s=96&d=mm&r=g","caption":"sainteloi"},"url":"https:\/\/www.diocese-limoges.fr\/grand-limoges\/author\/sainteloi\/"}]}},"_links":{"self":[{"href":"https:\/\/www.diocese-limoges.fr\/grand-limoges\/wp-json\/wp\/v2\/posts\/16247","targetHints":{"allow":["GET"]}}],"collection":[{"href":"https:\/\/www.diocese-limoges.fr\/grand-limoges\/wp-json\/wp\/v2\/posts"}],"about":[{"href":"https:\/\/www.diocese-limoges.fr\/grand-limoges\/wp-json\/wp\/v2\/types\/post"}],"author":[{"embeddable":true,"href":"https:\/\/www.diocese-limoges.fr\/grand-limoges\/wp-json\/wp\/v2\/users\/10"}],"replies":[{"embeddable":true,"href":"https:\/\/www.diocese-limoges.fr\/grand-limoges\/wp-json\/wp\/v2\/comments?post=16247"}],"version-history":[{"count":2,"href":"https:\/\/www.diocese-limoges.fr\/grand-limoges\/wp-json\/wp\/v2\/posts\/16247\/revisions"}],"predecessor-version":[{"id":17023,"href":"https:\/\/www.diocese-limoges.fr\/grand-limoges\/wp-json\/wp\/v2\/posts\/16247\/revisions\/17023"}],"wp:attachment":[{"href":"https:\/\/www.diocese-limoges.fr\/grand-limoges\/wp-json\/wp\/v2\/media?parent=16247"}],"wp:term":[{"taxonomy":"category","embeddable":true,"href":"https:\/\/www.diocese-limoges.fr\/grand-limoges\/wp-json\/wp\/v2\/categories?post=16247"},{"taxonomy":"post_tag","embeddable":true,"href":"https:\/\/www.diocese-limoges.fr\/grand-limoges\/wp-json\/wp\/v2\/tags?post=16247"}],"curies":[{"name":"wp","href":"https:\/\/api.w.org\/{rel}","templated":true}]}}