{"id":17403,"date":"2020-05-03T11:47:26","date_gmt":"2020-05-03T09:47:26","guid":{"rendered":"https:\/\/www.diocese-limoges.fr\/grand-limoges\/actualites\/\/"},"modified":"2020-05-03T11:47:27","modified_gmt":"2020-05-03T09:47:27","slug":"temps-de-priere-4eme-dimanche-de-paques","status":"publish","type":"post","link":"https:\/\/www.diocese-limoges.fr\/grand-limoges\/actualites\/temps-de-priere-4eme-dimanche-de-paques\/","title":{"rendered":"Temps de pri\u00e8re 4\u00e8me dimanche de P\u00e2ques"},"content":{"rendered":"\n<p>Pour vous accompagner pendant  ce temps o\u00f9 nous ne pouvons nous rassembler pour la messe dominicale, les \u00e9quipes liturgiques  vous proposeront  chaque dimanche, depuis le 26 avril, un temps de pri\u00e8re  autour des textes de la liturgie du dimanche avec une  m\u00e9ditation,  une pri\u00e8re universelle et deux chants . <\/p>\n\n\n\n<p> Ce 4\u00e8me dimanche de P\u00e2ques, c&rsquo;est l&rsquo;\u00e9quipe de liturgie (4) de la paroisse Saint-Eloi qui a pr\u00e9par\u00e9 ce temps de pri\u00e8re  autour de la Parole. Elle se pr\u00e9sente  sous la forme d&rsquo;un diaporama, en pi\u00e8ce jointe, avec les lectures de la Parole de ce dimanche.<\/p>\n\n\n<p><a href=\"https:\/\/www.diocese-limoges.fr\/grand-limoges\/wp-content\/uploads\/sites\/2\/2020\/05\/20200503-4eme-dim-de-paques-arc-nord.pdf\">20200503 4\u00e8me dim de P\u00e2ques Arc Nord<\/a><\/p>","protected":false},"excerpt":{"rendered":"<p>Pour vous accompagner pendant ce temps o\u00f9 nous ne pouvons nous rassembler pour la messe dominicale, les \u00e9quipes liturgiques vous proposeront chaque dimanche, depuis le 26 avril, un temps de pri\u00e8re autour des textes de la liturgie du dimanche avec une m\u00e9ditation, une pri\u00e8re universelle et deux chants . Ce 4\u00e8me dimanche de P\u00e2ques, c&rsquo;est [&hellip;]<\/p>\n","protected":false},"author":10,"featured_media":17369,"comment_status":"closed","ping_status":"open","sticky":false,"template":"","format":"standard","meta":{"_acf_changed":false,"footnotes":""},"categories":[1],"tags":[],"class_list":["post-17403","post","type-post","status-publish","format-standard","has-post-thumbnail","hentry","category-grand-limoges"],"acf":[],"yoast_head":"<!-- This site is optimized with the Yoast SEO plugin v26.4 - https:\/\/yoast.com\/wordpress\/plugins\/seo\/ -->\n<title>Temps de pri\u00e8re 4\u00e8me dimanche de P\u00e2ques - Doyenn\u00e9s du Grand Limoges<\/title>\n<meta name=\"robots\" content=\"index, follow, max-snippet:-1, max-image-preview:large, max-video-preview:-1\" \/>\n<link rel=\"canonical\" href=\"https:\/\/www.diocese-limoges.fr\/grand-limoges\/actualites\/temps-de-priere-4eme-dimanche-de-paques\/\" \/>\n<meta property=\"og:locale\" content=\"fr_FR\" \/>\n<meta property=\"og:type\" content=\"article\" \/>\n<meta property=\"og:title\" content=\"Temps de pri\u00e8re 4\u00e8me dimanche de P\u00e2ques - Doyenn\u00e9s du Grand Limoges\" \/>\n<meta property=\"og:description\" content=\"Pour vous accompagner pendant ce temps o\u00f9 nous ne pouvons nous rassembler pour la messe dominicale, les \u00e9quipes liturgiques vous proposeront chaque dimanche, depuis le 26 avril, un temps de pri\u00e8re autour des textes de la liturgie du dimanche avec une m\u00e9ditation, une pri\u00e8re universelle et deux chants . Ce 4\u00e8me dimanche de P\u00e2ques, c&rsquo;est [&hellip;]\" \/>\n<meta property=\"og:url\" content=\"https:\/\/www.diocese-limoges.fr\/grand-limoges\/actualites\/temps-de-priere-4eme-dimanche-de-paques\/\" \/>\n<meta property=\"og:site_name\" content=\"Doyenn\u00e9s du Grand Limoges\" \/>\n<meta property=\"article:published_time\" content=\"2020-05-03T09:47:26+00:00\" \/>\n<meta property=\"article:modified_time\" content=\"2020-05-03T09:47:27+00:00\" \/>\n<meta property=\"og:image\" content=\"https:\/\/www.diocese-limoges.fr\/grand-limoges\/wp-content\/uploads\/sites\/2\/2020\/04\/temps-de-priere-e1587851453428.jpg\" \/>\n\t<meta property=\"og:image:width\" content=\"700\" \/>\n\t<meta property=\"og:image:height\" content=\"316\" \/>\n\t<meta property=\"og:image:type\" content=\"image\/jpeg\" \/>\n<meta name=\"author\" content=\"sainteloi\" \/>\n<meta name=\"twitter:card\" content=\"summary_large_image\" \/>\n<meta name=\"twitter:label1\" content=\"\u00c9crit par\" \/>\n\t<meta name=\"twitter:data1\" content=\"sainteloi\" \/>\n\t<meta name=\"twitter:label2\" content=\"Dur\u00e9e de lecture estim\u00e9e\" \/>\n\t<meta name=\"twitter:data2\" content=\"1 minute\" \/>\n<script type=\"application\/ld+json\" class=\"yoast-schema-graph\">{\"@context\":\"https:\/\/schema.org\",\"@graph\":[{\"@type\":\"WebPage\",\"@id\":\"https:\/\/www.diocese-limoges.fr\/grand-limoges\/actualites\/temps-de-priere-4eme-dimanche-de-paques\/\",\"url\":\"https:\/\/www.diocese-limoges.fr\/grand-limoges\/actualites\/temps-de-priere-4eme-dimanche-de-paques\/\",\"name\":\"Temps de pri\u00e8re 4\u00e8me dimanche de P\u00e2ques - Doyenn\u00e9s du Grand Limoges\",\"isPartOf\":{\"@id\":\"https:\/\/www.diocese-limoges.fr\/grand-limoges\/#website\"},\"primaryImageOfPage\":{\"@id\":\"https:\/\/www.diocese-limoges.fr\/grand-limoges\/actualites\/temps-de-priere-4eme-dimanche-de-paques\/#primaryimage\"},\"image\":{\"@id\":\"https:\/\/www.diocese-limoges.fr\/grand-limoges\/actualites\/temps-de-priere-4eme-dimanche-de-paques\/#primaryimage\"},\"thumbnailUrl\":\"https:\/\/www.diocese-limoges.fr\/grand-limoges\/wp-content\/uploads\/sites\/2\/2020\/04\/temps-de-priere-e1587851453428.jpg\",\"datePublished\":\"2020-05-03T09:47:26+00:00\",\"dateModified\":\"2020-05-03T09:47:27+00:00\",\"author\":{\"@id\":\"https:\/\/www.diocese-limoges.fr\/grand-limoges\/#\/schema\/person\/0efea0b864bcc9f6b627e8556173122f\"},\"breadcrumb\":{\"@id\":\"https:\/\/www.diocese-limoges.fr\/grand-limoges\/actualites\/temps-de-priere-4eme-dimanche-de-paques\/#breadcrumb\"},\"inLanguage\":\"fr-FR\",\"potentialAction\":[{\"@type\":\"ReadAction\",\"target\":[\"https:\/\/www.diocese-limoges.fr\/grand-limoges\/actualites\/temps-de-priere-4eme-dimanche-de-paques\/\"]}]},{\"@type\":\"ImageObject\",\"inLanguage\":\"fr-FR\",\"@id\":\"https:\/\/www.diocese-limoges.fr\/grand-limoges\/actualites\/temps-de-priere-4eme-dimanche-de-paques\/#primaryimage\",\"url\":\"https:\/\/www.diocese-limoges.fr\/grand-limoges\/wp-content\/uploads\/sites\/2\/2020\/04\/temps-de-priere-e1587851453428.jpg\",\"contentUrl\":\"https:\/\/www.diocese-limoges.fr\/grand-limoges\/wp-content\/uploads\/sites\/2\/2020\/04\/temps-de-priere-e1587851453428.jpg\",\"width\":700,\"height\":316,\"caption\":\"\\\"La pens\u00e9e intime, le coeur de chacun est un ab\u00eeme\\\" (Psaume 64,6) Bible et veilleuse.\"},{\"@type\":\"BreadcrumbList\",\"@id\":\"https:\/\/www.diocese-limoges.fr\/grand-limoges\/actualites\/temps-de-priere-4eme-dimanche-de-paques\/#breadcrumb\",\"itemListElement\":[{\"@type\":\"ListItem\",\"position\":1,\"name\":\"Accueil\",\"item\":\"https:\/\/www.diocese-limoges.fr\/grand-limoges\/\"},{\"@type\":\"ListItem\",\"position\":2,\"name\":\"Temps de pri\u00e8re 4\u00e8me dimanche de P\u00e2ques\"}]},{\"@type\":\"WebSite\",\"@id\":\"https:\/\/www.diocese-limoges.fr\/grand-limoges\/#website\",\"url\":\"https:\/\/www.diocese-limoges.fr\/grand-limoges\/\",\"name\":\"Doyenn\u00e9s du Grand Limoges\",\"description\":\"Dioc\u00e8se de Limoges\",\"potentialAction\":[{\"@type\":\"SearchAction\",\"target\":{\"@type\":\"EntryPoint\",\"urlTemplate\":\"https:\/\/www.diocese-limoges.fr\/grand-limoges\/?s={search_term_string}\"},\"query-input\":{\"@type\":\"PropertyValueSpecification\",\"valueRequired\":true,\"valueName\":\"search_term_string\"}}],\"inLanguage\":\"fr-FR\"},{\"@type\":\"Person\",\"@id\":\"https:\/\/www.diocese-limoges.fr\/grand-limoges\/#\/schema\/person\/0efea0b864bcc9f6b627e8556173122f\",\"name\":\"sainteloi\",\"image\":{\"@type\":\"ImageObject\",\"inLanguage\":\"fr-FR\",\"@id\":\"https:\/\/www.diocese-limoges.fr\/grand-limoges\/#\/schema\/person\/image\/\",\"url\":\"https:\/\/secure.gravatar.com\/avatar\/36135729350d5be2cbc7cc4c88ae11bede1a4fa8b76937e48682433dac7a0c52?s=96&d=mm&r=g\",\"contentUrl\":\"https:\/\/secure.gravatar.com\/avatar\/36135729350d5be2cbc7cc4c88ae11bede1a4fa8b76937e48682433dac7a0c52?s=96&d=mm&r=g\",\"caption\":\"sainteloi\"},\"url\":\"https:\/\/www.diocese-limoges.fr\/grand-limoges\/author\/sainteloi\/\"}]}<\/script>\n<!-- \/ Yoast SEO plugin. -->","yoast_head_json":{"title":"Temps de pri\u00e8re 4\u00e8me dimanche de P\u00e2ques - Doyenn\u00e9s du Grand Limoges","robots":{"index":"index","follow":"follow","max-snippet":"max-snippet:-1","max-image-preview":"max-image-preview:large","max-video-preview":"max-video-preview:-1"},"canonical":"https:\/\/www.diocese-limoges.fr\/grand-limoges\/actualites\/temps-de-priere-4eme-dimanche-de-paques\/","og_locale":"fr_FR","og_type":"article","og_title":"Temps de pri\u00e8re 4\u00e8me dimanche de P\u00e2ques - Doyenn\u00e9s du Grand Limoges","og_description":"Pour vous accompagner pendant ce temps o\u00f9 nous ne pouvons nous rassembler pour la messe dominicale, les \u00e9quipes liturgiques vous proposeront chaque dimanche, depuis le 26 avril, un temps de pri\u00e8re autour des textes de la liturgie du dimanche avec une m\u00e9ditation, une pri\u00e8re universelle et deux chants . Ce 4\u00e8me dimanche de P\u00e2ques, c&rsquo;est [&hellip;]","og_url":"https:\/\/www.diocese-limoges.fr\/grand-limoges\/actualites\/temps-de-priere-4eme-dimanche-de-paques\/","og_site_name":"Doyenn\u00e9s du Grand Limoges","article_published_time":"2020-05-03T09:47:26+00:00","article_modified_time":"2020-05-03T09:47:27+00:00","og_image":[{"width":700,"height":316,"url":"https:\/\/www.diocese-limoges.fr\/grand-limoges\/wp-content\/uploads\/sites\/2\/2020\/04\/temps-de-priere-e1587851453428.jpg","type":"image\/jpeg"}],"author":"sainteloi","twitter_card":"summary_large_image","twitter_misc":{"\u00c9crit par":"sainteloi","Dur\u00e9e de lecture estim\u00e9e":"1 minute"},"schema":{"@context":"https:\/\/schema.org","@graph":[{"@type":"WebPage","@id":"https:\/\/www.diocese-limoges.fr\/grand-limoges\/actualites\/temps-de-priere-4eme-dimanche-de-paques\/","url":"https:\/\/www.diocese-limoges.fr\/grand-limoges\/actualites\/temps-de-priere-4eme-dimanche-de-paques\/","name":"Temps de pri\u00e8re 4\u00e8me dimanche de P\u00e2ques - Doyenn\u00e9s du Grand Limoges","isPartOf":{"@id":"https:\/\/www.diocese-limoges.fr\/grand-limoges\/#website"},"primaryImageOfPage":{"@id":"https:\/\/www.diocese-limoges.fr\/grand-limoges\/actualites\/temps-de-priere-4eme-dimanche-de-paques\/#primaryimage"},"image":{"@id":"https:\/\/www.diocese-limoges.fr\/grand-limoges\/actualites\/temps-de-priere-4eme-dimanche-de-paques\/#primaryimage"},"thumbnailUrl":"https:\/\/www.diocese-limoges.fr\/grand-limoges\/wp-content\/uploads\/sites\/2\/2020\/04\/temps-de-priere-e1587851453428.jpg","datePublished":"2020-05-03T09:47:26+00:00","dateModified":"2020-05-03T09:47:27+00:00","author":{"@id":"https:\/\/www.diocese-limoges.fr\/grand-limoges\/#\/schema\/person\/0efea0b864bcc9f6b627e8556173122f"},"breadcrumb":{"@id":"https:\/\/www.diocese-limoges.fr\/grand-limoges\/actualites\/temps-de-priere-4eme-dimanche-de-paques\/#breadcrumb"},"inLanguage":"fr-FR","potentialAction":[{"@type":"ReadAction","target":["https:\/\/www.diocese-limoges.fr\/grand-limoges\/actualites\/temps-de-priere-4eme-dimanche-de-paques\/"]}]},{"@type":"ImageObject","inLanguage":"fr-FR","@id":"https:\/\/www.diocese-limoges.fr\/grand-limoges\/actualites\/temps-de-priere-4eme-dimanche-de-paques\/#primaryimage","url":"https:\/\/www.diocese-limoges.fr\/grand-limoges\/wp-content\/uploads\/sites\/2\/2020\/04\/temps-de-priere-e1587851453428.jpg","contentUrl":"https:\/\/www.diocese-limoges.fr\/grand-limoges\/wp-content\/uploads\/sites\/2\/2020\/04\/temps-de-priere-e1587851453428.jpg","width":700,"height":316,"caption":"\"La pens\u00e9e intime, le coeur de chacun est un ab\u00eeme\" (Psaume 64,6) Bible et veilleuse."},{"@type":"BreadcrumbList","@id":"https:\/\/www.diocese-limoges.fr\/grand-limoges\/actualites\/temps-de-priere-4eme-dimanche-de-paques\/#breadcrumb","itemListElement":[{"@type":"ListItem","position":1,"name":"Accueil","item":"https:\/\/www.diocese-limoges.fr\/grand-limoges\/"},{"@type":"ListItem","position":2,"name":"Temps de pri\u00e8re 4\u00e8me dimanche de P\u00e2ques"}]},{"@type":"WebSite","@id":"https:\/\/www.diocese-limoges.fr\/grand-limoges\/#website","url":"https:\/\/www.diocese-limoges.fr\/grand-limoges\/","name":"Doyenn\u00e9s du Grand Limoges","description":"Dioc\u00e8se de Limoges","potentialAction":[{"@type":"SearchAction","target":{"@type":"EntryPoint","urlTemplate":"https:\/\/www.diocese-limoges.fr\/grand-limoges\/?s={search_term_string}"},"query-input":{"@type":"PropertyValueSpecification","valueRequired":true,"valueName":"search_term_string"}}],"inLanguage":"fr-FR"},{"@type":"Person","@id":"https:\/\/www.diocese-limoges.fr\/grand-limoges\/#\/schema\/person\/0efea0b864bcc9f6b627e8556173122f","name":"sainteloi","image":{"@type":"ImageObject","inLanguage":"fr-FR","@id":"https:\/\/www.diocese-limoges.fr\/grand-limoges\/#\/schema\/person\/image\/","url":"https:\/\/secure.gravatar.com\/avatar\/36135729350d5be2cbc7cc4c88ae11bede1a4fa8b76937e48682433dac7a0c52?s=96&d=mm&r=g","contentUrl":"https:\/\/secure.gravatar.com\/avatar\/36135729350d5be2cbc7cc4c88ae11bede1a4fa8b76937e48682433dac7a0c52?s=96&d=mm&r=g","caption":"sainteloi"},"url":"https:\/\/www.diocese-limoges.fr\/grand-limoges\/author\/sainteloi\/"}]}},"_links":{"self":[{"href":"https:\/\/www.diocese-limoges.fr\/grand-limoges\/wp-json\/wp\/v2\/posts\/17403","targetHints":{"allow":["GET"]}}],"collection":[{"href":"https:\/\/www.diocese-limoges.fr\/grand-limoges\/wp-json\/wp\/v2\/posts"}],"about":[{"href":"https:\/\/www.diocese-limoges.fr\/grand-limoges\/wp-json\/wp\/v2\/types\/post"}],"author":[{"embeddable":true,"href":"https:\/\/www.diocese-limoges.fr\/grand-limoges\/wp-json\/wp\/v2\/users\/10"}],"replies":[{"embeddable":true,"href":"https:\/\/www.diocese-limoges.fr\/grand-limoges\/wp-json\/wp\/v2\/comments?post=17403"}],"version-history":[{"count":1,"href":"https:\/\/www.diocese-limoges.fr\/grand-limoges\/wp-json\/wp\/v2\/posts\/17403\/revisions"}],"predecessor-version":[{"id":17404,"href":"https:\/\/www.diocese-limoges.fr\/grand-limoges\/wp-json\/wp\/v2\/posts\/17403\/revisions\/17404"}],"wp:featuredmedia":[{"embeddable":true,"href":"https:\/\/www.diocese-limoges.fr\/grand-limoges\/wp-json\/wp\/v2\/media\/17369"}],"wp:attachment":[{"href":"https:\/\/www.diocese-limoges.fr\/grand-limoges\/wp-json\/wp\/v2\/media?parent=17403"}],"wp:term":[{"taxonomy":"category","embeddable":true,"href":"https:\/\/www.diocese-limoges.fr\/grand-limoges\/wp-json\/wp\/v2\/categories?post=17403"},{"taxonomy":"post_tag","embeddable":true,"href":"https:\/\/www.diocese-limoges.fr\/grand-limoges\/wp-json\/wp\/v2\/tags?post=17403"}],"curies":[{"name":"wp","href":"https:\/\/api.w.org\/{rel}","templated":true}]}}