{"id":1756,"date":"2014-10-06T14:46:06","date_gmt":"2014-10-06T12:46:06","guid":{"rendered":"https:\/\/www.diocese-limoges.fr\/?post_type=eloi&#038;p=1756"},"modified":"2020-03-31T02:50:09","modified_gmt":"2020-03-31T00:50:09","slug":"rencontre-d-eveil-a-la-foi","status":"publish","type":"post","link":"https:\/\/www.diocese-limoges.fr\/grand-limoges\/actualites\/rencontre-d-eveil-a-la-foi\/","title":{"rendered":"Rencontre d&rsquo; Eveil \u00e0 la Foi"},"content":{"rendered":"<p style=\"text-align: center\">Les enfants de moins de 7 ans sont invit\u00e9s \u00e0 se retrouver, avec leurs parents,<\/p>\n<p style=\"text-align: center\"><strong>le samedi 11 octobre, \u00e0 16h, \u00e0 l&rsquo;\u00e9glise Sainte Th\u00e9r\u00e8se<\/strong>.<\/p>\n<p style=\"text-align: center\">Le th\u00e8me de cette rencontre sera : <em><strong>\u00ab\u00a0Le signe de croix\u00a0\u00bb.<\/strong><\/em><\/p>\n<p style=\"text-align: center\"><a href=\"https:\/\/www.diocese-limoges.fr\/wp-content\/uploads\/2014\/10\/Croix-enfants.png\"><img loading=\"lazy\" decoding=\"async\" class=\"aligncenter size-full wp-image-1750\" src=\"https:\/\/www.diocese-limoges.fr\/wp-content\/uploads\/2014\/10\/Croix-enfants.png\" alt=\"Croix enfants\" width=\"193\" height=\"262\" \/><\/a><\/p>\n","protected":false},"excerpt":{"rendered":"<p>Les enfants de moins de 7 ans sont invit\u00e9s \u00e0 se retrouver, avec leurs parents, le samedi 11 octobre, \u00e0 16h, \u00e0 l&rsquo;\u00e9glise Sainte Th\u00e9r\u00e8se. Le th\u00e8me de cette rencontre sera : \u00ab\u00a0Le signe de croix\u00a0\u00bb.<\/p>\n","protected":false},"author":10,"featured_media":0,"comment_status":"closed","ping_status":"closed","sticky":false,"template":"","format":"standard","meta":{"_acf_changed":false,"footnotes":""},"categories":[1],"tags":[],"class_list":["post-1756","post","type-post","status-publish","format-standard","hentry","category-grand-limoges"],"acf":[],"yoast_head":"<!-- This site is optimized with the Yoast SEO plugin v26.4 - https:\/\/yoast.com\/wordpress\/plugins\/seo\/ -->\n<title>Rencontre d&#039; Eveil \u00e0 la Foi - Doyenn\u00e9s du Grand Limoges<\/title>\n<meta name=\"robots\" content=\"index, follow, max-snippet:-1, max-image-preview:large, max-video-preview:-1\" \/>\n<link rel=\"canonical\" href=\"https:\/\/www.diocese-limoges.fr\/grand-limoges\/actualites\/rencontre-d-eveil-a-la-foi\/\" \/>\n<meta property=\"og:locale\" content=\"fr_FR\" \/>\n<meta property=\"og:type\" content=\"article\" \/>\n<meta property=\"og:title\" content=\"Rencontre d&#039; Eveil \u00e0 la Foi - Doyenn\u00e9s du Grand Limoges\" \/>\n<meta property=\"og:description\" content=\"Les enfants de moins de 7 ans sont invit\u00e9s \u00e0 se retrouver, avec leurs parents, le samedi 11 octobre, \u00e0 16h, \u00e0 l&rsquo;\u00e9glise Sainte Th\u00e9r\u00e8se. Le th\u00e8me de cette rencontre sera : \u00ab\u00a0Le signe de croix\u00a0\u00bb.\" \/>\n<meta property=\"og:url\" content=\"https:\/\/www.diocese-limoges.fr\/grand-limoges\/actualites\/rencontre-d-eveil-a-la-foi\/\" \/>\n<meta property=\"og:site_name\" content=\"Doyenn\u00e9s du Grand Limoges\" \/>\n<meta property=\"article:published_time\" content=\"2014-10-06T12:46:06+00:00\" \/>\n<meta property=\"article:modified_time\" content=\"2020-03-31T00:50:09+00:00\" \/>\n<meta property=\"og:image\" content=\"https:\/\/www.diocese-limoges.fr\/wp-content\/uploads\/2014\/10\/Croix-enfants.png\" \/>\n<meta name=\"author\" content=\"sainteloi\" \/>\n<meta name=\"twitter:card\" content=\"summary_large_image\" \/>\n<meta name=\"twitter:label1\" content=\"\u00c9crit par\" \/>\n\t<meta name=\"twitter:data1\" content=\"sainteloi\" \/>\n<script type=\"application\/ld+json\" class=\"yoast-schema-graph\">{\"@context\":\"https:\/\/schema.org\",\"@graph\":[{\"@type\":\"WebPage\",\"@id\":\"https:\/\/www.diocese-limoges.fr\/grand-limoges\/actualites\/rencontre-d-eveil-a-la-foi\/\",\"url\":\"https:\/\/www.diocese-limoges.fr\/grand-limoges\/actualites\/rencontre-d-eveil-a-la-foi\/\",\"name\":\"Rencontre d' Eveil \u00e0 la Foi - Doyenn\u00e9s du Grand Limoges\",\"isPartOf\":{\"@id\":\"https:\/\/www.diocese-limoges.fr\/grand-limoges\/#website\"},\"primaryImageOfPage\":{\"@id\":\"https:\/\/www.diocese-limoges.fr\/grand-limoges\/actualites\/rencontre-d-eveil-a-la-foi\/#primaryimage\"},\"image\":{\"@id\":\"https:\/\/www.diocese-limoges.fr\/grand-limoges\/actualites\/rencontre-d-eveil-a-la-foi\/#primaryimage\"},\"thumbnailUrl\":\"https:\/\/www.diocese-limoges.fr\/wp-content\/uploads\/2014\/10\/Croix-enfants.png\",\"datePublished\":\"2014-10-06T12:46:06+00:00\",\"dateModified\":\"2020-03-31T00:50:09+00:00\",\"author\":{\"@id\":\"https:\/\/www.diocese-limoges.fr\/grand-limoges\/#\/schema\/person\/0efea0b864bcc9f6b627e8556173122f\"},\"breadcrumb\":{\"@id\":\"https:\/\/www.diocese-limoges.fr\/grand-limoges\/actualites\/rencontre-d-eveil-a-la-foi\/#breadcrumb\"},\"inLanguage\":\"fr-FR\",\"potentialAction\":[{\"@type\":\"ReadAction\",\"target\":[\"https:\/\/www.diocese-limoges.fr\/grand-limoges\/actualites\/rencontre-d-eveil-a-la-foi\/\"]}]},{\"@type\":\"ImageObject\",\"inLanguage\":\"fr-FR\",\"@id\":\"https:\/\/www.diocese-limoges.fr\/grand-limoges\/actualites\/rencontre-d-eveil-a-la-foi\/#primaryimage\",\"url\":\"https:\/\/www.diocese-limoges.fr\/wp-content\/uploads\/2014\/10\/Croix-enfants.png\",\"contentUrl\":\"https:\/\/www.diocese-limoges.fr\/wp-content\/uploads\/2014\/10\/Croix-enfants.png\"},{\"@type\":\"BreadcrumbList\",\"@id\":\"https:\/\/www.diocese-limoges.fr\/grand-limoges\/actualites\/rencontre-d-eveil-a-la-foi\/#breadcrumb\",\"itemListElement\":[{\"@type\":\"ListItem\",\"position\":1,\"name\":\"Accueil\",\"item\":\"https:\/\/www.diocese-limoges.fr\/grand-limoges\/\"},{\"@type\":\"ListItem\",\"position\":2,\"name\":\"Rencontre d&rsquo; Eveil \u00e0 la Foi\"}]},{\"@type\":\"WebSite\",\"@id\":\"https:\/\/www.diocese-limoges.fr\/grand-limoges\/#website\",\"url\":\"https:\/\/www.diocese-limoges.fr\/grand-limoges\/\",\"name\":\"Doyenn\u00e9s du Grand Limoges\",\"description\":\"Dioc\u00e8se de Limoges\",\"potentialAction\":[{\"@type\":\"SearchAction\",\"target\":{\"@type\":\"EntryPoint\",\"urlTemplate\":\"https:\/\/www.diocese-limoges.fr\/grand-limoges\/?s={search_term_string}\"},\"query-input\":{\"@type\":\"PropertyValueSpecification\",\"valueRequired\":true,\"valueName\":\"search_term_string\"}}],\"inLanguage\":\"fr-FR\"},{\"@type\":\"Person\",\"@id\":\"https:\/\/www.diocese-limoges.fr\/grand-limoges\/#\/schema\/person\/0efea0b864bcc9f6b627e8556173122f\",\"name\":\"sainteloi\",\"image\":{\"@type\":\"ImageObject\",\"inLanguage\":\"fr-FR\",\"@id\":\"https:\/\/www.diocese-limoges.fr\/grand-limoges\/#\/schema\/person\/image\/\",\"url\":\"https:\/\/secure.gravatar.com\/avatar\/36135729350d5be2cbc7cc4c88ae11bede1a4fa8b76937e48682433dac7a0c52?s=96&d=mm&r=g\",\"contentUrl\":\"https:\/\/secure.gravatar.com\/avatar\/36135729350d5be2cbc7cc4c88ae11bede1a4fa8b76937e48682433dac7a0c52?s=96&d=mm&r=g\",\"caption\":\"sainteloi\"},\"url\":\"https:\/\/www.diocese-limoges.fr\/grand-limoges\/author\/sainteloi\/\"}]}<\/script>\n<!-- \/ Yoast SEO plugin. -->","yoast_head_json":{"title":"Rencontre d' Eveil \u00e0 la Foi - Doyenn\u00e9s du Grand Limoges","robots":{"index":"index","follow":"follow","max-snippet":"max-snippet:-1","max-image-preview":"max-image-preview:large","max-video-preview":"max-video-preview:-1"},"canonical":"https:\/\/www.diocese-limoges.fr\/grand-limoges\/actualites\/rencontre-d-eveil-a-la-foi\/","og_locale":"fr_FR","og_type":"article","og_title":"Rencontre d' Eveil \u00e0 la Foi - Doyenn\u00e9s du Grand Limoges","og_description":"Les enfants de moins de 7 ans sont invit\u00e9s \u00e0 se retrouver, avec leurs parents, le samedi 11 octobre, \u00e0 16h, \u00e0 l&rsquo;\u00e9glise Sainte Th\u00e9r\u00e8se. Le th\u00e8me de cette rencontre sera : \u00ab\u00a0Le signe de croix\u00a0\u00bb.","og_url":"https:\/\/www.diocese-limoges.fr\/grand-limoges\/actualites\/rencontre-d-eveil-a-la-foi\/","og_site_name":"Doyenn\u00e9s du Grand Limoges","article_published_time":"2014-10-06T12:46:06+00:00","article_modified_time":"2020-03-31T00:50:09+00:00","og_image":[{"url":"https:\/\/www.diocese-limoges.fr\/wp-content\/uploads\/2014\/10\/Croix-enfants.png","type":"","width":"","height":""}],"author":"sainteloi","twitter_card":"summary_large_image","twitter_misc":{"\u00c9crit par":"sainteloi"},"schema":{"@context":"https:\/\/schema.org","@graph":[{"@type":"WebPage","@id":"https:\/\/www.diocese-limoges.fr\/grand-limoges\/actualites\/rencontre-d-eveil-a-la-foi\/","url":"https:\/\/www.diocese-limoges.fr\/grand-limoges\/actualites\/rencontre-d-eveil-a-la-foi\/","name":"Rencontre d' Eveil \u00e0 la Foi - Doyenn\u00e9s du Grand Limoges","isPartOf":{"@id":"https:\/\/www.diocese-limoges.fr\/grand-limoges\/#website"},"primaryImageOfPage":{"@id":"https:\/\/www.diocese-limoges.fr\/grand-limoges\/actualites\/rencontre-d-eveil-a-la-foi\/#primaryimage"},"image":{"@id":"https:\/\/www.diocese-limoges.fr\/grand-limoges\/actualites\/rencontre-d-eveil-a-la-foi\/#primaryimage"},"thumbnailUrl":"https:\/\/www.diocese-limoges.fr\/wp-content\/uploads\/2014\/10\/Croix-enfants.png","datePublished":"2014-10-06T12:46:06+00:00","dateModified":"2020-03-31T00:50:09+00:00","author":{"@id":"https:\/\/www.diocese-limoges.fr\/grand-limoges\/#\/schema\/person\/0efea0b864bcc9f6b627e8556173122f"},"breadcrumb":{"@id":"https:\/\/www.diocese-limoges.fr\/grand-limoges\/actualites\/rencontre-d-eveil-a-la-foi\/#breadcrumb"},"inLanguage":"fr-FR","potentialAction":[{"@type":"ReadAction","target":["https:\/\/www.diocese-limoges.fr\/grand-limoges\/actualites\/rencontre-d-eveil-a-la-foi\/"]}]},{"@type":"ImageObject","inLanguage":"fr-FR","@id":"https:\/\/www.diocese-limoges.fr\/grand-limoges\/actualites\/rencontre-d-eveil-a-la-foi\/#primaryimage","url":"https:\/\/www.diocese-limoges.fr\/wp-content\/uploads\/2014\/10\/Croix-enfants.png","contentUrl":"https:\/\/www.diocese-limoges.fr\/wp-content\/uploads\/2014\/10\/Croix-enfants.png"},{"@type":"BreadcrumbList","@id":"https:\/\/www.diocese-limoges.fr\/grand-limoges\/actualites\/rencontre-d-eveil-a-la-foi\/#breadcrumb","itemListElement":[{"@type":"ListItem","position":1,"name":"Accueil","item":"https:\/\/www.diocese-limoges.fr\/grand-limoges\/"},{"@type":"ListItem","position":2,"name":"Rencontre d&rsquo; Eveil \u00e0 la Foi"}]},{"@type":"WebSite","@id":"https:\/\/www.diocese-limoges.fr\/grand-limoges\/#website","url":"https:\/\/www.diocese-limoges.fr\/grand-limoges\/","name":"Doyenn\u00e9s du Grand Limoges","description":"Dioc\u00e8se de Limoges","potentialAction":[{"@type":"SearchAction","target":{"@type":"EntryPoint","urlTemplate":"https:\/\/www.diocese-limoges.fr\/grand-limoges\/?s={search_term_string}"},"query-input":{"@type":"PropertyValueSpecification","valueRequired":true,"valueName":"search_term_string"}}],"inLanguage":"fr-FR"},{"@type":"Person","@id":"https:\/\/www.diocese-limoges.fr\/grand-limoges\/#\/schema\/person\/0efea0b864bcc9f6b627e8556173122f","name":"sainteloi","image":{"@type":"ImageObject","inLanguage":"fr-FR","@id":"https:\/\/www.diocese-limoges.fr\/grand-limoges\/#\/schema\/person\/image\/","url":"https:\/\/secure.gravatar.com\/avatar\/36135729350d5be2cbc7cc4c88ae11bede1a4fa8b76937e48682433dac7a0c52?s=96&d=mm&r=g","contentUrl":"https:\/\/secure.gravatar.com\/avatar\/36135729350d5be2cbc7cc4c88ae11bede1a4fa8b76937e48682433dac7a0c52?s=96&d=mm&r=g","caption":"sainteloi"},"url":"https:\/\/www.diocese-limoges.fr\/grand-limoges\/author\/sainteloi\/"}]}},"_links":{"self":[{"href":"https:\/\/www.diocese-limoges.fr\/grand-limoges\/wp-json\/wp\/v2\/posts\/1756","targetHints":{"allow":["GET"]}}],"collection":[{"href":"https:\/\/www.diocese-limoges.fr\/grand-limoges\/wp-json\/wp\/v2\/posts"}],"about":[{"href":"https:\/\/www.diocese-limoges.fr\/grand-limoges\/wp-json\/wp\/v2\/types\/post"}],"author":[{"embeddable":true,"href":"https:\/\/www.diocese-limoges.fr\/grand-limoges\/wp-json\/wp\/v2\/users\/10"}],"replies":[{"embeddable":true,"href":"https:\/\/www.diocese-limoges.fr\/grand-limoges\/wp-json\/wp\/v2\/comments?post=1756"}],"version-history":[{"count":1,"href":"https:\/\/www.diocese-limoges.fr\/grand-limoges\/wp-json\/wp\/v2\/posts\/1756\/revisions"}],"predecessor-version":[{"id":17013,"href":"https:\/\/www.diocese-limoges.fr\/grand-limoges\/wp-json\/wp\/v2\/posts\/1756\/revisions\/17013"}],"wp:attachment":[{"href":"https:\/\/www.diocese-limoges.fr\/grand-limoges\/wp-json\/wp\/v2\/media?parent=1756"}],"wp:term":[{"taxonomy":"category","embeddable":true,"href":"https:\/\/www.diocese-limoges.fr\/grand-limoges\/wp-json\/wp\/v2\/categories?post=1756"},{"taxonomy":"post_tag","embeddable":true,"href":"https:\/\/www.diocese-limoges.fr\/grand-limoges\/wp-json\/wp\/v2\/tags?post=1756"}],"curies":[{"name":"wp","href":"https:\/\/api.w.org\/{rel}","templated":true}]}}