{"id":18192,"date":"2020-11-02T18:13:23","date_gmt":"2020-11-02T17:13:23","guid":{"rendered":"https:\/\/www.diocese-limoges.fr\/grand-limoges\/actualites\/\/"},"modified":"2020-11-06T17:40:34","modified_gmt":"2020-11-06T16:40:34","slug":"restons-en-lien-2","status":"publish","type":"post","link":"https:\/\/www.diocese-limoges.fr\/grand-limoges\/actualites\/restons-en-lien-2\/","title":{"rendered":"Restons en lien"},"content":{"rendered":"\n<p>Nous voici \u00e0 nouveau confin\u00e9s depuis peu. Alors le Colibri reprend la mission qu\u2019il avait assur\u00e9e en Mars et Avril derniers, au cours de la premi\u00e8re p\u00e9riode de privation de retrouvailles. Chaque jour, en principe, il nous apportera de la lecture, des nouvelles, de la m\u00e9diation propos\u00e9es par les membres des Equipes Pastorales, des diacres, des pr\u00eatres de nos paroisses, de membres de mouvements et de services.&nbsp; Peut-\u00eatre \u00e0 partir de la semaine prochaine, le colibri \u00e9tendra son action pour tout notre doyenn\u00e9 Limoges Arc Nord (St Augustin, Tinit\u00e9, St Eloi et Ste Blandine.). Comme l\u2019\u00e9crit notre \u00e9v\u00eaque dans la lettre qu\u2019il nous a adress\u00e9e pour la Toussaint : \u00ab la foi, l\u2019esp\u00e9rance et la charit\u00e9 ne connaissent pas de confinement \u00bb. Alors, ne nous laissons pas abattre par une ambiance parfois morose. Soyons comme le colibri : faisons ce que nous pouvons pour apporter, l\u00e0 o\u00f9 nous sommes, un peu de lumi\u00e8re et de paix.<\/p>\n\n\n\n<p>Bien fraternellement,<\/p>\n\n\n\n<p>Vos pr\u00eatres Michel LAMY, Raoul KONSEIMBO et Jean-Michel BONNIN<\/p>\n\n\n\n<p>Vous trouverez la lettre quotidienne du Colibri dans l&rsquo;onglet \u00ab\u00a0Entre-nous\u00a0\u00bb<\/p>\n\n\n\n<p>Voici le premier num\u00e9ro du 2 novembre<\/p>\n\n\n\n<div class=\"wp-block-file\"><a href=\"https:\/\/www.diocese-limoges.fr\/grand-limoges\/wp-content\/uploads\/sites\/2\/2020\/11\/20201102-entre-nous-1.pdf\">20201102-entre-nous-1<\/a><a href=\"https:\/\/www.diocese-limoges.fr\/grand-limoges\/wp-content\/uploads\/sites\/2\/2020\/11\/20201102-entre-nous-1.pdf\" class=\"wp-block-file__button\" download>T\u00e9l\u00e9charger<\/a><\/div>\n\n\n\n<p><\/p>\n","protected":false},"excerpt":{"rendered":"<p>Nous voici \u00e0 nouveau confin\u00e9s depuis peu. Alors le Colibri reprend la mission qu\u2019il avait assur\u00e9e en Mars et Avril derniers, au cours de la premi\u00e8re p\u00e9riode de privation de retrouvailles. Chaque jour, en principe, il nous apportera de la lecture, des nouvelles, de la m\u00e9diation propos\u00e9es par les membres des Equipes Pastorales, des diacres, [&hellip;]<\/p>\n","protected":false},"author":10,"featured_media":18215,"comment_status":"closed","ping_status":"open","sticky":false,"template":"","format":"standard","meta":{"_acf_changed":false,"footnotes":""},"categories":[1],"tags":[],"class_list":["post-18192","post","type-post","status-publish","format-standard","has-post-thumbnail","hentry","category-grand-limoges"],"acf":[],"yoast_head":"<!-- This site is optimized with the Yoast SEO plugin v26.4 - https:\/\/yoast.com\/wordpress\/plugins\/seo\/ -->\n<title>Restons en lien - Doyenn\u00e9s du Grand Limoges<\/title>\n<meta name=\"robots\" content=\"index, follow, max-snippet:-1, max-image-preview:large, max-video-preview:-1\" \/>\n<link rel=\"canonical\" href=\"https:\/\/www.diocese-limoges.fr\/grand-limoges\/actualites\/restons-en-lien-2\/\" \/>\n<meta property=\"og:locale\" content=\"fr_FR\" \/>\n<meta property=\"og:type\" content=\"article\" \/>\n<meta property=\"og:title\" content=\"Restons en lien - Doyenn\u00e9s du Grand Limoges\" \/>\n<meta property=\"og:description\" content=\"Nous voici \u00e0 nouveau confin\u00e9s depuis peu. Alors le Colibri reprend la mission qu\u2019il avait assur\u00e9e en Mars et Avril derniers, au cours de la premi\u00e8re p\u00e9riode de privation de retrouvailles. Chaque jour, en principe, il nous apportera de la lecture, des nouvelles, de la m\u00e9diation propos\u00e9es par les membres des Equipes Pastorales, des diacres, [&hellip;]\" \/>\n<meta property=\"og:url\" content=\"https:\/\/www.diocese-limoges.fr\/grand-limoges\/actualites\/restons-en-lien-2\/\" \/>\n<meta property=\"og:site_name\" content=\"Doyenn\u00e9s du Grand Limoges\" \/>\n<meta property=\"article:published_time\" content=\"2020-11-02T17:13:23+00:00\" \/>\n<meta property=\"article:modified_time\" content=\"2020-11-06T16:40:34+00:00\" \/>\n<meta property=\"og:image\" content=\"https:\/\/www.diocese-limoges.fr\/grand-limoges\/wp-content\/uploads\/sites\/2\/2020\/11\/colibri-copie.jpg\" \/>\n\t<meta property=\"og:image:width\" content=\"595\" \/>\n\t<meta property=\"og:image:height\" content=\"183\" \/>\n\t<meta property=\"og:image:type\" content=\"image\/jpeg\" \/>\n<meta name=\"author\" content=\"sainteloi\" \/>\n<meta name=\"twitter:card\" content=\"summary_large_image\" \/>\n<meta name=\"twitter:label1\" content=\"\u00c9crit par\" \/>\n\t<meta name=\"twitter:data1\" content=\"sainteloi\" \/>\n\t<meta name=\"twitter:label2\" content=\"Dur\u00e9e de lecture estim\u00e9e\" \/>\n\t<meta name=\"twitter:data2\" content=\"1 minute\" \/>\n<script type=\"application\/ld+json\" class=\"yoast-schema-graph\">{\"@context\":\"https:\/\/schema.org\",\"@graph\":[{\"@type\":\"WebPage\",\"@id\":\"https:\/\/www.diocese-limoges.fr\/grand-limoges\/actualites\/restons-en-lien-2\/\",\"url\":\"https:\/\/www.diocese-limoges.fr\/grand-limoges\/actualites\/restons-en-lien-2\/\",\"name\":\"Restons en lien - Doyenn\u00e9s du Grand Limoges\",\"isPartOf\":{\"@id\":\"https:\/\/www.diocese-limoges.fr\/grand-limoges\/#website\"},\"primaryImageOfPage\":{\"@id\":\"https:\/\/www.diocese-limoges.fr\/grand-limoges\/actualites\/restons-en-lien-2\/#primaryimage\"},\"image\":{\"@id\":\"https:\/\/www.diocese-limoges.fr\/grand-limoges\/actualites\/restons-en-lien-2\/#primaryimage\"},\"thumbnailUrl\":\"https:\/\/www.diocese-limoges.fr\/grand-limoges\/wp-content\/uploads\/sites\/2\/2020\/11\/colibri-copie.jpg\",\"datePublished\":\"2020-11-02T17:13:23+00:00\",\"dateModified\":\"2020-11-06T16:40:34+00:00\",\"author\":{\"@id\":\"https:\/\/www.diocese-limoges.fr\/grand-limoges\/#\/schema\/person\/0efea0b864bcc9f6b627e8556173122f\"},\"breadcrumb\":{\"@id\":\"https:\/\/www.diocese-limoges.fr\/grand-limoges\/actualites\/restons-en-lien-2\/#breadcrumb\"},\"inLanguage\":\"fr-FR\",\"potentialAction\":[{\"@type\":\"ReadAction\",\"target\":[\"https:\/\/www.diocese-limoges.fr\/grand-limoges\/actualites\/restons-en-lien-2\/\"]}]},{\"@type\":\"ImageObject\",\"inLanguage\":\"fr-FR\",\"@id\":\"https:\/\/www.diocese-limoges.fr\/grand-limoges\/actualites\/restons-en-lien-2\/#primaryimage\",\"url\":\"https:\/\/www.diocese-limoges.fr\/grand-limoges\/wp-content\/uploads\/sites\/2\/2020\/11\/colibri-copie.jpg\",\"contentUrl\":\"https:\/\/www.diocese-limoges.fr\/grand-limoges\/wp-content\/uploads\/sites\/2\/2020\/11\/colibri-copie.jpg\",\"width\":595,\"height\":183},{\"@type\":\"BreadcrumbList\",\"@id\":\"https:\/\/www.diocese-limoges.fr\/grand-limoges\/actualites\/restons-en-lien-2\/#breadcrumb\",\"itemListElement\":[{\"@type\":\"ListItem\",\"position\":1,\"name\":\"Accueil\",\"item\":\"https:\/\/www.diocese-limoges.fr\/grand-limoges\/\"},{\"@type\":\"ListItem\",\"position\":2,\"name\":\"Restons en lien\"}]},{\"@type\":\"WebSite\",\"@id\":\"https:\/\/www.diocese-limoges.fr\/grand-limoges\/#website\",\"url\":\"https:\/\/www.diocese-limoges.fr\/grand-limoges\/\",\"name\":\"Doyenn\u00e9s du Grand Limoges\",\"description\":\"Dioc\u00e8se de Limoges\",\"potentialAction\":[{\"@type\":\"SearchAction\",\"target\":{\"@type\":\"EntryPoint\",\"urlTemplate\":\"https:\/\/www.diocese-limoges.fr\/grand-limoges\/?s={search_term_string}\"},\"query-input\":{\"@type\":\"PropertyValueSpecification\",\"valueRequired\":true,\"valueName\":\"search_term_string\"}}],\"inLanguage\":\"fr-FR\"},{\"@type\":\"Person\",\"@id\":\"https:\/\/www.diocese-limoges.fr\/grand-limoges\/#\/schema\/person\/0efea0b864bcc9f6b627e8556173122f\",\"name\":\"sainteloi\",\"image\":{\"@type\":\"ImageObject\",\"inLanguage\":\"fr-FR\",\"@id\":\"https:\/\/www.diocese-limoges.fr\/grand-limoges\/#\/schema\/person\/image\/\",\"url\":\"https:\/\/secure.gravatar.com\/avatar\/36135729350d5be2cbc7cc4c88ae11bede1a4fa8b76937e48682433dac7a0c52?s=96&d=mm&r=g\",\"contentUrl\":\"https:\/\/secure.gravatar.com\/avatar\/36135729350d5be2cbc7cc4c88ae11bede1a4fa8b76937e48682433dac7a0c52?s=96&d=mm&r=g\",\"caption\":\"sainteloi\"},\"url\":\"https:\/\/www.diocese-limoges.fr\/grand-limoges\/author\/sainteloi\/\"}]}<\/script>\n<!-- \/ Yoast SEO plugin. -->","yoast_head_json":{"title":"Restons en lien - Doyenn\u00e9s du Grand Limoges","robots":{"index":"index","follow":"follow","max-snippet":"max-snippet:-1","max-image-preview":"max-image-preview:large","max-video-preview":"max-video-preview:-1"},"canonical":"https:\/\/www.diocese-limoges.fr\/grand-limoges\/actualites\/restons-en-lien-2\/","og_locale":"fr_FR","og_type":"article","og_title":"Restons en lien - Doyenn\u00e9s du Grand Limoges","og_description":"Nous voici \u00e0 nouveau confin\u00e9s depuis peu. Alors le Colibri reprend la mission qu\u2019il avait assur\u00e9e en Mars et Avril derniers, au cours de la premi\u00e8re p\u00e9riode de privation de retrouvailles. Chaque jour, en principe, il nous apportera de la lecture, des nouvelles, de la m\u00e9diation propos\u00e9es par les membres des Equipes Pastorales, des diacres, [&hellip;]","og_url":"https:\/\/www.diocese-limoges.fr\/grand-limoges\/actualites\/restons-en-lien-2\/","og_site_name":"Doyenn\u00e9s du Grand Limoges","article_published_time":"2020-11-02T17:13:23+00:00","article_modified_time":"2020-11-06T16:40:34+00:00","og_image":[{"width":595,"height":183,"url":"https:\/\/www.diocese-limoges.fr\/grand-limoges\/wp-content\/uploads\/sites\/2\/2020\/11\/colibri-copie.jpg","type":"image\/jpeg"}],"author":"sainteloi","twitter_card":"summary_large_image","twitter_misc":{"\u00c9crit par":"sainteloi","Dur\u00e9e de lecture estim\u00e9e":"1 minute"},"schema":{"@context":"https:\/\/schema.org","@graph":[{"@type":"WebPage","@id":"https:\/\/www.diocese-limoges.fr\/grand-limoges\/actualites\/restons-en-lien-2\/","url":"https:\/\/www.diocese-limoges.fr\/grand-limoges\/actualites\/restons-en-lien-2\/","name":"Restons en lien - Doyenn\u00e9s du Grand Limoges","isPartOf":{"@id":"https:\/\/www.diocese-limoges.fr\/grand-limoges\/#website"},"primaryImageOfPage":{"@id":"https:\/\/www.diocese-limoges.fr\/grand-limoges\/actualites\/restons-en-lien-2\/#primaryimage"},"image":{"@id":"https:\/\/www.diocese-limoges.fr\/grand-limoges\/actualites\/restons-en-lien-2\/#primaryimage"},"thumbnailUrl":"https:\/\/www.diocese-limoges.fr\/grand-limoges\/wp-content\/uploads\/sites\/2\/2020\/11\/colibri-copie.jpg","datePublished":"2020-11-02T17:13:23+00:00","dateModified":"2020-11-06T16:40:34+00:00","author":{"@id":"https:\/\/www.diocese-limoges.fr\/grand-limoges\/#\/schema\/person\/0efea0b864bcc9f6b627e8556173122f"},"breadcrumb":{"@id":"https:\/\/www.diocese-limoges.fr\/grand-limoges\/actualites\/restons-en-lien-2\/#breadcrumb"},"inLanguage":"fr-FR","potentialAction":[{"@type":"ReadAction","target":["https:\/\/www.diocese-limoges.fr\/grand-limoges\/actualites\/restons-en-lien-2\/"]}]},{"@type":"ImageObject","inLanguage":"fr-FR","@id":"https:\/\/www.diocese-limoges.fr\/grand-limoges\/actualites\/restons-en-lien-2\/#primaryimage","url":"https:\/\/www.diocese-limoges.fr\/grand-limoges\/wp-content\/uploads\/sites\/2\/2020\/11\/colibri-copie.jpg","contentUrl":"https:\/\/www.diocese-limoges.fr\/grand-limoges\/wp-content\/uploads\/sites\/2\/2020\/11\/colibri-copie.jpg","width":595,"height":183},{"@type":"BreadcrumbList","@id":"https:\/\/www.diocese-limoges.fr\/grand-limoges\/actualites\/restons-en-lien-2\/#breadcrumb","itemListElement":[{"@type":"ListItem","position":1,"name":"Accueil","item":"https:\/\/www.diocese-limoges.fr\/grand-limoges\/"},{"@type":"ListItem","position":2,"name":"Restons en lien"}]},{"@type":"WebSite","@id":"https:\/\/www.diocese-limoges.fr\/grand-limoges\/#website","url":"https:\/\/www.diocese-limoges.fr\/grand-limoges\/","name":"Doyenn\u00e9s du Grand Limoges","description":"Dioc\u00e8se de Limoges","potentialAction":[{"@type":"SearchAction","target":{"@type":"EntryPoint","urlTemplate":"https:\/\/www.diocese-limoges.fr\/grand-limoges\/?s={search_term_string}"},"query-input":{"@type":"PropertyValueSpecification","valueRequired":true,"valueName":"search_term_string"}}],"inLanguage":"fr-FR"},{"@type":"Person","@id":"https:\/\/www.diocese-limoges.fr\/grand-limoges\/#\/schema\/person\/0efea0b864bcc9f6b627e8556173122f","name":"sainteloi","image":{"@type":"ImageObject","inLanguage":"fr-FR","@id":"https:\/\/www.diocese-limoges.fr\/grand-limoges\/#\/schema\/person\/image\/","url":"https:\/\/secure.gravatar.com\/avatar\/36135729350d5be2cbc7cc4c88ae11bede1a4fa8b76937e48682433dac7a0c52?s=96&d=mm&r=g","contentUrl":"https:\/\/secure.gravatar.com\/avatar\/36135729350d5be2cbc7cc4c88ae11bede1a4fa8b76937e48682433dac7a0c52?s=96&d=mm&r=g","caption":"sainteloi"},"url":"https:\/\/www.diocese-limoges.fr\/grand-limoges\/author\/sainteloi\/"}]}},"_links":{"self":[{"href":"https:\/\/www.diocese-limoges.fr\/grand-limoges\/wp-json\/wp\/v2\/posts\/18192","targetHints":{"allow":["GET"]}}],"collection":[{"href":"https:\/\/www.diocese-limoges.fr\/grand-limoges\/wp-json\/wp\/v2\/posts"}],"about":[{"href":"https:\/\/www.diocese-limoges.fr\/grand-limoges\/wp-json\/wp\/v2\/types\/post"}],"author":[{"embeddable":true,"href":"https:\/\/www.diocese-limoges.fr\/grand-limoges\/wp-json\/wp\/v2\/users\/10"}],"replies":[{"embeddable":true,"href":"https:\/\/www.diocese-limoges.fr\/grand-limoges\/wp-json\/wp\/v2\/comments?post=18192"}],"version-history":[{"count":1,"href":"https:\/\/www.diocese-limoges.fr\/grand-limoges\/wp-json\/wp\/v2\/posts\/18192\/revisions"}],"predecessor-version":[{"id":18195,"href":"https:\/\/www.diocese-limoges.fr\/grand-limoges\/wp-json\/wp\/v2\/posts\/18192\/revisions\/18195"}],"wp:featuredmedia":[{"embeddable":true,"href":"https:\/\/www.diocese-limoges.fr\/grand-limoges\/wp-json\/wp\/v2\/media\/18215"}],"wp:attachment":[{"href":"https:\/\/www.diocese-limoges.fr\/grand-limoges\/wp-json\/wp\/v2\/media?parent=18192"}],"wp:term":[{"taxonomy":"category","embeddable":true,"href":"https:\/\/www.diocese-limoges.fr\/grand-limoges\/wp-json\/wp\/v2\/categories?post=18192"},{"taxonomy":"post_tag","embeddable":true,"href":"https:\/\/www.diocese-limoges.fr\/grand-limoges\/wp-json\/wp\/v2\/tags?post=18192"}],"curies":[{"name":"wp","href":"https:\/\/api.w.org\/{rel}","templated":true}]}}