{"id":18555,"date":"2020-12-18T00:05:28","date_gmt":"2020-12-17T23:05:28","guid":{"rendered":"https:\/\/www.diocese-limoges.fr\/grand-limoges\/actualites\/\/"},"modified":"2020-12-18T00:37:03","modified_gmt":"2020-12-17T23:37:03","slug":"celebrations-penitentielles","status":"publish","type":"post","link":"https:\/\/www.diocese-limoges.fr\/grand-limoges\/actualites\/celebrations-penitentielles\/","title":{"rendered":"C\u00e9l\u00e9brations p\u00e9nitentielles"},"content":{"rendered":"\n<p class=\"has-medium-font-size\">Trois c\u00e9l\u00e9brations p\u00e9nitentielles auront lieu dans notre doyenn\u00e9 :<br>Mardi 22 D\u00e9cembre \u00e0 15 H 00 \u00e0 Saint-Paul-Saint-Louis<br>Mardi 22 d\u00e9cembre \u00e0 18 H 30 \u00e0 Saint-Fran\u00e7ois<br>Mercredi 23 D\u00e9cembre \u00e0 18 H 30 aux Saints-Anges.<\/p>\n\n\n\n<p class=\"has-medium-font-size\"><br>Pour mieux se pr\u00e9parer \u00e0 ce temps de rencontre avec le Seigneur, le p\u00e8re Jean-Michel BONNIN nous propose un document de r\u00e9flexion t\u00e9l\u00e9chargeable ci-dessous.<\/p>\n\n\n\n<div class=\"wp-block-file\"><a href=\"https:\/\/www.diocese-limoges.fr\/grand-limoges\/wp-content\/uploads\/sites\/2\/2020\/12\/celebration-penitentielle-avent.pdf\">celebration-penitentielle-avent<\/a><a href=\"https:\/\/www.diocese-limoges.fr\/grand-limoges\/wp-content\/uploads\/sites\/2\/2020\/12\/celebration-penitentielle-avent.pdf\" class=\"wp-block-file__button\" download>T\u00e9l\u00e9charger<\/a><\/div>\n\n\n\n<p><\/p>\n","protected":false},"excerpt":{"rendered":"<p>Trois c\u00e9l\u00e9brations p\u00e9nitentielles auront lieu dans notre doyenn\u00e9 :Mardi 22 D\u00e9cembre \u00e0 15 H 00 \u00e0 Saint-Paul-Saint-LouisMardi 22 d\u00e9cembre \u00e0 18 H 30 \u00e0 Saint-Fran\u00e7oisMercredi 23 D\u00e9cembre \u00e0 18 H 30 aux Saints-Anges. Pour mieux se pr\u00e9parer \u00e0 ce temps de rencontre avec le Seigneur, le p\u00e8re Jean-Michel BONNIN nous propose un document de r\u00e9flexion [&hellip;]<\/p>\n","protected":false},"author":10,"featured_media":18559,"comment_status":"closed","ping_status":"open","sticky":false,"template":"","format":"standard","meta":{"_acf_changed":false,"footnotes":""},"categories":[1],"tags":[],"class_list":["post-18555","post","type-post","status-publish","format-standard","has-post-thumbnail","hentry","category-grand-limoges"],"acf":[],"yoast_head":"<!-- This site is optimized with the Yoast SEO plugin v26.4 - https:\/\/yoast.com\/wordpress\/plugins\/seo\/ -->\n<title>C\u00e9l\u00e9brations p\u00e9nitentielles - Doyenn\u00e9s du Grand Limoges<\/title>\n<meta name=\"robots\" content=\"index, follow, max-snippet:-1, max-image-preview:large, max-video-preview:-1\" \/>\n<link rel=\"canonical\" href=\"https:\/\/www.diocese-limoges.fr\/grand-limoges\/actualites\/celebrations-penitentielles\/\" \/>\n<meta property=\"og:locale\" content=\"fr_FR\" \/>\n<meta property=\"og:type\" content=\"article\" \/>\n<meta property=\"og:title\" content=\"C\u00e9l\u00e9brations p\u00e9nitentielles - Doyenn\u00e9s du Grand Limoges\" \/>\n<meta property=\"og:description\" content=\"Trois c\u00e9l\u00e9brations p\u00e9nitentielles auront lieu dans notre doyenn\u00e9 :Mardi 22 D\u00e9cembre \u00e0 15 H 00 \u00e0 Saint-Paul-Saint-LouisMardi 22 d\u00e9cembre \u00e0 18 H 30 \u00e0 Saint-Fran\u00e7oisMercredi 23 D\u00e9cembre \u00e0 18 H 30 aux Saints-Anges. Pour mieux se pr\u00e9parer \u00e0 ce temps de rencontre avec le Seigneur, le p\u00e8re Jean-Michel BONNIN nous propose un document de r\u00e9flexion [&hellip;]\" \/>\n<meta property=\"og:url\" content=\"https:\/\/www.diocese-limoges.fr\/grand-limoges\/actualites\/celebrations-penitentielles\/\" \/>\n<meta property=\"og:site_name\" content=\"Doyenn\u00e9s du Grand Limoges\" \/>\n<meta property=\"article:published_time\" content=\"2020-12-17T23:05:28+00:00\" \/>\n<meta property=\"article:modified_time\" content=\"2020-12-17T23:37:03+00:00\" \/>\n<meta property=\"og:image\" content=\"https:\/\/www.diocese-limoges.fr\/grand-limoges\/wp-content\/uploads\/sites\/2\/2020\/12\/tableau-rembrandt_640-2.jpg\" \/>\n\t<meta property=\"og:image:width\" content=\"606\" \/>\n\t<meta property=\"og:image:height\" content=\"272\" \/>\n\t<meta property=\"og:image:type\" content=\"image\/jpeg\" \/>\n<meta name=\"author\" content=\"sainteloi\" \/>\n<meta name=\"twitter:card\" content=\"summary_large_image\" \/>\n<meta name=\"twitter:label1\" content=\"\u00c9crit par\" \/>\n\t<meta name=\"twitter:data1\" content=\"sainteloi\" \/>\n<script type=\"application\/ld+json\" class=\"yoast-schema-graph\">{\"@context\":\"https:\/\/schema.org\",\"@graph\":[{\"@type\":\"WebPage\",\"@id\":\"https:\/\/www.diocese-limoges.fr\/grand-limoges\/actualites\/celebrations-penitentielles\/\",\"url\":\"https:\/\/www.diocese-limoges.fr\/grand-limoges\/actualites\/celebrations-penitentielles\/\",\"name\":\"C\u00e9l\u00e9brations p\u00e9nitentielles - Doyenn\u00e9s du Grand Limoges\",\"isPartOf\":{\"@id\":\"https:\/\/www.diocese-limoges.fr\/grand-limoges\/#website\"},\"primaryImageOfPage\":{\"@id\":\"https:\/\/www.diocese-limoges.fr\/grand-limoges\/actualites\/celebrations-penitentielles\/#primaryimage\"},\"image\":{\"@id\":\"https:\/\/www.diocese-limoges.fr\/grand-limoges\/actualites\/celebrations-penitentielles\/#primaryimage\"},\"thumbnailUrl\":\"https:\/\/www.diocese-limoges.fr\/grand-limoges\/wp-content\/uploads\/sites\/2\/2020\/12\/tableau-rembrandt_640-2.jpg\",\"datePublished\":\"2020-12-17T23:05:28+00:00\",\"dateModified\":\"2020-12-17T23:37:03+00:00\",\"author\":{\"@id\":\"https:\/\/www.diocese-limoges.fr\/grand-limoges\/#\/schema\/person\/0efea0b864bcc9f6b627e8556173122f\"},\"breadcrumb\":{\"@id\":\"https:\/\/www.diocese-limoges.fr\/grand-limoges\/actualites\/celebrations-penitentielles\/#breadcrumb\"},\"inLanguage\":\"fr-FR\",\"potentialAction\":[{\"@type\":\"ReadAction\",\"target\":[\"https:\/\/www.diocese-limoges.fr\/grand-limoges\/actualites\/celebrations-penitentielles\/\"]}]},{\"@type\":\"ImageObject\",\"inLanguage\":\"fr-FR\",\"@id\":\"https:\/\/www.diocese-limoges.fr\/grand-limoges\/actualites\/celebrations-penitentielles\/#primaryimage\",\"url\":\"https:\/\/www.diocese-limoges.fr\/grand-limoges\/wp-content\/uploads\/sites\/2\/2020\/12\/tableau-rembrandt_640-2.jpg\",\"contentUrl\":\"https:\/\/www.diocese-limoges.fr\/grand-limoges\/wp-content\/uploads\/sites\/2\/2020\/12\/tableau-rembrandt_640-2.jpg\",\"width\":606,\"height\":272},{\"@type\":\"BreadcrumbList\",\"@id\":\"https:\/\/www.diocese-limoges.fr\/grand-limoges\/actualites\/celebrations-penitentielles\/#breadcrumb\",\"itemListElement\":[{\"@type\":\"ListItem\",\"position\":1,\"name\":\"Accueil\",\"item\":\"https:\/\/www.diocese-limoges.fr\/grand-limoges\/\"},{\"@type\":\"ListItem\",\"position\":2,\"name\":\"C\u00e9l\u00e9brations p\u00e9nitentielles\"}]},{\"@type\":\"WebSite\",\"@id\":\"https:\/\/www.diocese-limoges.fr\/grand-limoges\/#website\",\"url\":\"https:\/\/www.diocese-limoges.fr\/grand-limoges\/\",\"name\":\"Doyenn\u00e9s du Grand Limoges\",\"description\":\"Dioc\u00e8se de Limoges\",\"potentialAction\":[{\"@type\":\"SearchAction\",\"target\":{\"@type\":\"EntryPoint\",\"urlTemplate\":\"https:\/\/www.diocese-limoges.fr\/grand-limoges\/?s={search_term_string}\"},\"query-input\":{\"@type\":\"PropertyValueSpecification\",\"valueRequired\":true,\"valueName\":\"search_term_string\"}}],\"inLanguage\":\"fr-FR\"},{\"@type\":\"Person\",\"@id\":\"https:\/\/www.diocese-limoges.fr\/grand-limoges\/#\/schema\/person\/0efea0b864bcc9f6b627e8556173122f\",\"name\":\"sainteloi\",\"image\":{\"@type\":\"ImageObject\",\"inLanguage\":\"fr-FR\",\"@id\":\"https:\/\/www.diocese-limoges.fr\/grand-limoges\/#\/schema\/person\/image\/\",\"url\":\"https:\/\/secure.gravatar.com\/avatar\/36135729350d5be2cbc7cc4c88ae11bede1a4fa8b76937e48682433dac7a0c52?s=96&d=mm&r=g\",\"contentUrl\":\"https:\/\/secure.gravatar.com\/avatar\/36135729350d5be2cbc7cc4c88ae11bede1a4fa8b76937e48682433dac7a0c52?s=96&d=mm&r=g\",\"caption\":\"sainteloi\"},\"url\":\"https:\/\/www.diocese-limoges.fr\/grand-limoges\/author\/sainteloi\/\"}]}<\/script>\n<!-- \/ Yoast SEO plugin. -->","yoast_head_json":{"title":"C\u00e9l\u00e9brations p\u00e9nitentielles - Doyenn\u00e9s du Grand Limoges","robots":{"index":"index","follow":"follow","max-snippet":"max-snippet:-1","max-image-preview":"max-image-preview:large","max-video-preview":"max-video-preview:-1"},"canonical":"https:\/\/www.diocese-limoges.fr\/grand-limoges\/actualites\/celebrations-penitentielles\/","og_locale":"fr_FR","og_type":"article","og_title":"C\u00e9l\u00e9brations p\u00e9nitentielles - Doyenn\u00e9s du Grand Limoges","og_description":"Trois c\u00e9l\u00e9brations p\u00e9nitentielles auront lieu dans notre doyenn\u00e9 :Mardi 22 D\u00e9cembre \u00e0 15 H 00 \u00e0 Saint-Paul-Saint-LouisMardi 22 d\u00e9cembre \u00e0 18 H 30 \u00e0 Saint-Fran\u00e7oisMercredi 23 D\u00e9cembre \u00e0 18 H 30 aux Saints-Anges. Pour mieux se pr\u00e9parer \u00e0 ce temps de rencontre avec le Seigneur, le p\u00e8re Jean-Michel BONNIN nous propose un document de r\u00e9flexion [&hellip;]","og_url":"https:\/\/www.diocese-limoges.fr\/grand-limoges\/actualites\/celebrations-penitentielles\/","og_site_name":"Doyenn\u00e9s du Grand Limoges","article_published_time":"2020-12-17T23:05:28+00:00","article_modified_time":"2020-12-17T23:37:03+00:00","og_image":[{"width":606,"height":272,"url":"https:\/\/www.diocese-limoges.fr\/grand-limoges\/wp-content\/uploads\/sites\/2\/2020\/12\/tableau-rembrandt_640-2.jpg","type":"image\/jpeg"}],"author":"sainteloi","twitter_card":"summary_large_image","twitter_misc":{"\u00c9crit par":"sainteloi"},"schema":{"@context":"https:\/\/schema.org","@graph":[{"@type":"WebPage","@id":"https:\/\/www.diocese-limoges.fr\/grand-limoges\/actualites\/celebrations-penitentielles\/","url":"https:\/\/www.diocese-limoges.fr\/grand-limoges\/actualites\/celebrations-penitentielles\/","name":"C\u00e9l\u00e9brations p\u00e9nitentielles - Doyenn\u00e9s du Grand Limoges","isPartOf":{"@id":"https:\/\/www.diocese-limoges.fr\/grand-limoges\/#website"},"primaryImageOfPage":{"@id":"https:\/\/www.diocese-limoges.fr\/grand-limoges\/actualites\/celebrations-penitentielles\/#primaryimage"},"image":{"@id":"https:\/\/www.diocese-limoges.fr\/grand-limoges\/actualites\/celebrations-penitentielles\/#primaryimage"},"thumbnailUrl":"https:\/\/www.diocese-limoges.fr\/grand-limoges\/wp-content\/uploads\/sites\/2\/2020\/12\/tableau-rembrandt_640-2.jpg","datePublished":"2020-12-17T23:05:28+00:00","dateModified":"2020-12-17T23:37:03+00:00","author":{"@id":"https:\/\/www.diocese-limoges.fr\/grand-limoges\/#\/schema\/person\/0efea0b864bcc9f6b627e8556173122f"},"breadcrumb":{"@id":"https:\/\/www.diocese-limoges.fr\/grand-limoges\/actualites\/celebrations-penitentielles\/#breadcrumb"},"inLanguage":"fr-FR","potentialAction":[{"@type":"ReadAction","target":["https:\/\/www.diocese-limoges.fr\/grand-limoges\/actualites\/celebrations-penitentielles\/"]}]},{"@type":"ImageObject","inLanguage":"fr-FR","@id":"https:\/\/www.diocese-limoges.fr\/grand-limoges\/actualites\/celebrations-penitentielles\/#primaryimage","url":"https:\/\/www.diocese-limoges.fr\/grand-limoges\/wp-content\/uploads\/sites\/2\/2020\/12\/tableau-rembrandt_640-2.jpg","contentUrl":"https:\/\/www.diocese-limoges.fr\/grand-limoges\/wp-content\/uploads\/sites\/2\/2020\/12\/tableau-rembrandt_640-2.jpg","width":606,"height":272},{"@type":"BreadcrumbList","@id":"https:\/\/www.diocese-limoges.fr\/grand-limoges\/actualites\/celebrations-penitentielles\/#breadcrumb","itemListElement":[{"@type":"ListItem","position":1,"name":"Accueil","item":"https:\/\/www.diocese-limoges.fr\/grand-limoges\/"},{"@type":"ListItem","position":2,"name":"C\u00e9l\u00e9brations p\u00e9nitentielles"}]},{"@type":"WebSite","@id":"https:\/\/www.diocese-limoges.fr\/grand-limoges\/#website","url":"https:\/\/www.diocese-limoges.fr\/grand-limoges\/","name":"Doyenn\u00e9s du Grand Limoges","description":"Dioc\u00e8se de Limoges","potentialAction":[{"@type":"SearchAction","target":{"@type":"EntryPoint","urlTemplate":"https:\/\/www.diocese-limoges.fr\/grand-limoges\/?s={search_term_string}"},"query-input":{"@type":"PropertyValueSpecification","valueRequired":true,"valueName":"search_term_string"}}],"inLanguage":"fr-FR"},{"@type":"Person","@id":"https:\/\/www.diocese-limoges.fr\/grand-limoges\/#\/schema\/person\/0efea0b864bcc9f6b627e8556173122f","name":"sainteloi","image":{"@type":"ImageObject","inLanguage":"fr-FR","@id":"https:\/\/www.diocese-limoges.fr\/grand-limoges\/#\/schema\/person\/image\/","url":"https:\/\/secure.gravatar.com\/avatar\/36135729350d5be2cbc7cc4c88ae11bede1a4fa8b76937e48682433dac7a0c52?s=96&d=mm&r=g","contentUrl":"https:\/\/secure.gravatar.com\/avatar\/36135729350d5be2cbc7cc4c88ae11bede1a4fa8b76937e48682433dac7a0c52?s=96&d=mm&r=g","caption":"sainteloi"},"url":"https:\/\/www.diocese-limoges.fr\/grand-limoges\/author\/sainteloi\/"}]}},"_links":{"self":[{"href":"https:\/\/www.diocese-limoges.fr\/grand-limoges\/wp-json\/wp\/v2\/posts\/18555","targetHints":{"allow":["GET"]}}],"collection":[{"href":"https:\/\/www.diocese-limoges.fr\/grand-limoges\/wp-json\/wp\/v2\/posts"}],"about":[{"href":"https:\/\/www.diocese-limoges.fr\/grand-limoges\/wp-json\/wp\/v2\/types\/post"}],"author":[{"embeddable":true,"href":"https:\/\/www.diocese-limoges.fr\/grand-limoges\/wp-json\/wp\/v2\/users\/10"}],"replies":[{"embeddable":true,"href":"https:\/\/www.diocese-limoges.fr\/grand-limoges\/wp-json\/wp\/v2\/comments?post=18555"}],"version-history":[{"count":1,"href":"https:\/\/www.diocese-limoges.fr\/grand-limoges\/wp-json\/wp\/v2\/posts\/18555\/revisions"}],"predecessor-version":[{"id":18558,"href":"https:\/\/www.diocese-limoges.fr\/grand-limoges\/wp-json\/wp\/v2\/posts\/18555\/revisions\/18558"}],"wp:featuredmedia":[{"embeddable":true,"href":"https:\/\/www.diocese-limoges.fr\/grand-limoges\/wp-json\/wp\/v2\/media\/18559"}],"wp:attachment":[{"href":"https:\/\/www.diocese-limoges.fr\/grand-limoges\/wp-json\/wp\/v2\/media?parent=18555"}],"wp:term":[{"taxonomy":"category","embeddable":true,"href":"https:\/\/www.diocese-limoges.fr\/grand-limoges\/wp-json\/wp\/v2\/categories?post=18555"},{"taxonomy":"post_tag","embeddable":true,"href":"https:\/\/www.diocese-limoges.fr\/grand-limoges\/wp-json\/wp\/v2\/tags?post=18555"}],"curies":[{"name":"wp","href":"https:\/\/api.w.org\/{rel}","templated":true}]}}