{"id":19345,"date":"2021-06-19T01:25:33","date_gmt":"2021-06-18T23:25:33","guid":{"rendered":"https:\/\/www.diocese-limoges.fr\/grand-limoges\/?p=19345"},"modified":"2021-06-19T01:27:39","modified_gmt":"2021-06-18T23:27:39","slug":"chemins-de-memoire","status":"publish","type":"post","link":"https:\/\/www.diocese-limoges.fr\/grand-limoges\/actualites\/chemins-de-memoire\/","title":{"rendered":"Chemins de m\u00e9moire"},"content":{"rendered":"\n<p><a>La rue qui longe l\u2019\u00e9glise des Saints-Anges \u00e0 Limoges porte le nom de \u00ab&nbsp;<em>Rue Pierre-Traversat<\/em>&nbsp;\u00bb. Il \u00e9tait n\u00e9 \u00e0 Brive en 1897, puis a exerc\u00e9 la profession d\u2019inspecteur des contributions directes tout en \u00e9tant conseiller municipal de Limoges. Mais dans les ann\u00e9es 40, il fut \u00e9galement Commissaire de Province <strong>Scouts de France<\/strong>. Arr\u00eat\u00e9 par la Gestapo, il fut d\u00e9port\u00e9 politique \u00e0 Mauthausen en Allemagne.<\/a><\/p>\n\n\n\n<p>Son fils Jean \u00e9tait aussi Routier <strong>Scouts de France<\/strong> \u00e0 Limoges. Engag\u00e9 dans la R\u00e9sistance, il fut arr\u00eat\u00e9 et abattu par les nazis en h\u00e9ros anonyme, le 19 juin 1944. Il avait 21 ans. Lorsque son p\u00e8re arrivant de d\u00e9portation, apprit \u00e0 la descente du wagon que Jean avait donn\u00e9 sa vie pour la France, il eut ces mots&nbsp;: \u00ab&nbsp;<em>Le Seigneur sait ses desseins sur chacun de nous. Une vie donn\u00e9e est une vie gagn\u00e9e&nbsp;!<\/em>&nbsp;\u00bb<\/p>\n\n\n\n<p>Le Centenaire des <strong>Scouts et Guides de France <\/strong>offre l\u2019occasion d\u2019honorer la m\u00e9moire de Jean et de Pierre, et avec eux, de toutes celles et de tous ceux qui sont partis dans la fid\u00e9lit\u00e9 \u00e0 leur promesse scoute \u2026 C\u2019est bien dans ce sens que le&nbsp; R\u00e9seau des Parents et Amis du Groupe Saint-Eloi a propos\u00e9 le 8 mai dernier, une \u00ab&nbsp;<strong><em>Marche de l\u2019Aurore. Chemins de&nbsp; m\u00e9moire&nbsp;<\/em><\/strong>\u00bb, entre l\u2019\u00e9glise de Couzeix et celle des Saints-Anges \u2026<\/p>\n\n\n\n<div class=\"wp-block-columns is-layout-flex wp-container-core-columns-is-layout-28f84493 wp-block-columns-is-layout-flex\">\n<div class=\"wp-block-column is-layout-flow wp-block-column-is-layout-flow\" style=\"flex-basis:66.66%\">\n<p><\/p>\n\n\n\n<p><\/p>\n\n\n\n<p>Apr\u00e8s la marche, une trentaine de personnes s\u2019est retrouv\u00e9e autour de Mgr Pierre-Antoine Bozo, pour \u00e9voquer le pass\u00e9 et rendre hommage aux anciens disparus dans la diversit\u00e9 des mouvements scouts. \u00ab&nbsp;<em>Merci pour cette belle c\u00e9r\u00e9monie du souvenir, <\/em>a \u00e9crit Andr\u00e9a sur le Livre de Route. <em>Merci \u00e0 tous ceux qui nous ont pr\u00e9c\u00e9d\u00e9s. Ils nous permettent de continuer aujourd\u2019hui le chemin entam\u00e9 par Baden Powell<\/em>&nbsp;\u00bb et Fran\u00e7ois de rajouter&nbsp;:\u00ab&nbsp; <em>Merci \u00e0 tous ceux qui nous ont devanc\u00e9s dans le Scoutisme pour nous permettre d\u2019\u00eatre l\u00e0 aujourd\u2019hui et de transmettre la flamme de l\u2019amiti\u00e9 et de la Paix<\/em>&nbsp;\u00bb.<\/p>\n<\/div>\n\n\n\n<div class=\"wp-block-column is-layout-flow wp-block-column-is-layout-flow\" style=\"flex-basis:33.33%\">\n<figure class=\"wp-block-image size-large is-resized\"><img loading=\"lazy\" decoding=\"async\" src=\"https:\/\/www.diocese-limoges.fr\/grand-limoges\/wp-content\/uploads\/sites\/2\/2021\/06\/img_0846-1-768x1024.jpg\" alt=\"\" class=\"wp-image-19347\" width=\"245\" height=\"326\" srcset=\"https:\/\/www.diocese-limoges.fr\/grand-limoges\/wp-content\/uploads\/sites\/2\/2021\/06\/img_0846-1-768x1024.jpg 768w, https:\/\/www.diocese-limoges.fr\/grand-limoges\/wp-content\/uploads\/sites\/2\/2021\/06\/img_0846-1-225x300.jpg 225w, https:\/\/www.diocese-limoges.fr\/grand-limoges\/wp-content\/uploads\/sites\/2\/2021\/06\/img_0846-1-1152x1536.jpg 1152w, https:\/\/www.diocese-limoges.fr\/grand-limoges\/wp-content\/uploads\/sites\/2\/2021\/06\/img_0846-1-1536x2048.jpg 1536w, https:\/\/www.diocese-limoges.fr\/grand-limoges\/wp-content\/uploads\/sites\/2\/2021\/06\/img_0846-1-scaled.jpg 1920w\" sizes=\"auto, (max-width: 245px) 100vw, 245px\" \/><\/figure>\n<\/div>\n<\/div>\n\n\n\n<p><\/p>\n\n\n\n<p>La d\u00e9marche p\u00e8lerine du centenaire se poursuit encore, orient\u00e9e vers la vie qui vient. D\u2019autres rendez-vous sont d\u00e9j\u00e0 pr\u00e9vus\u00a0pour rappeler \u00ab\u00a0<em>le Bonheur d\u2019\u00eatre scout un jour, le Bonheur d\u2019\u00eatre scout toujours \u00bb.<\/em> JFV<\/p>\n\n\n\n<p><\/p>\n","protected":false},"excerpt":{"rendered":"<p>La rue qui longe l\u2019\u00e9glise des Saints-Anges \u00e0 Limoges porte le nom de \u00ab&nbsp;Rue Pierre-Traversat&nbsp;\u00bb. Il \u00e9tait n\u00e9 \u00e0 Brive en 1897, puis a exerc\u00e9 la profession d\u2019inspecteur des contributions directes tout en \u00e9tant conseiller municipal de Limoges. Mais dans les ann\u00e9es 40, il fut \u00e9galement Commissaire de Province Scouts de France. Arr\u00eat\u00e9 par la [&hellip;]<\/p>\n","protected":false},"author":10,"featured_media":19349,"comment_status":"closed","ping_status":"open","sticky":false,"template":"","format":"standard","meta":{"_acf_changed":false,"footnotes":""},"categories":[1],"tags":[],"class_list":["post-19345","post","type-post","status-publish","format-standard","has-post-thumbnail","hentry","category-grand-limoges"],"acf":[],"yoast_head":"<!-- This site is optimized with the Yoast SEO plugin v26.4 - https:\/\/yoast.com\/wordpress\/plugins\/seo\/ -->\n<title>Chemins de m\u00e9moire - Doyenn\u00e9s du Grand Limoges<\/title>\n<meta name=\"robots\" content=\"index, follow, max-snippet:-1, max-image-preview:large, max-video-preview:-1\" \/>\n<link rel=\"canonical\" href=\"https:\/\/www.diocese-limoges.fr\/grand-limoges\/actualites\/chemins-de-memoire\/\" \/>\n<meta property=\"og:locale\" content=\"fr_FR\" \/>\n<meta property=\"og:type\" content=\"article\" \/>\n<meta property=\"og:title\" content=\"Chemins de m\u00e9moire - Doyenn\u00e9s du Grand Limoges\" \/>\n<meta property=\"og:description\" content=\"La rue qui longe l\u2019\u00e9glise des Saints-Anges \u00e0 Limoges porte le nom de \u00ab&nbsp;Rue Pierre-Traversat&nbsp;\u00bb. Il \u00e9tait n\u00e9 \u00e0 Brive en 1897, puis a exerc\u00e9 la profession d\u2019inspecteur des contributions directes tout en \u00e9tant conseiller municipal de Limoges. Mais dans les ann\u00e9es 40, il fut \u00e9galement Commissaire de Province Scouts de France. Arr\u00eat\u00e9 par la [&hellip;]\" \/>\n<meta property=\"og:url\" content=\"https:\/\/www.diocese-limoges.fr\/grand-limoges\/actualites\/chemins-de-memoire\/\" \/>\n<meta property=\"og:site_name\" content=\"Doyenn\u00e9s du Grand Limoges\" \/>\n<meta property=\"article:published_time\" content=\"2021-06-18T23:25:33+00:00\" \/>\n<meta property=\"article:modified_time\" content=\"2021-06-18T23:27:39+00:00\" \/>\n<meta property=\"og:image\" content=\"https:\/\/www.diocese-limoges.fr\/grand-limoges\/wp-content\/uploads\/sites\/2\/2021\/06\/20210508_072134-scaled.jpg\" \/>\n\t<meta property=\"og:image:width\" content=\"1920\" \/>\n\t<meta property=\"og:image:height\" content=\"2560\" \/>\n\t<meta property=\"og:image:type\" content=\"image\/jpeg\" \/>\n<meta name=\"author\" content=\"sainteloi\" \/>\n<meta name=\"twitter:card\" content=\"summary_large_image\" \/>\n<meta name=\"twitter:label1\" content=\"\u00c9crit par\" \/>\n\t<meta name=\"twitter:data1\" content=\"sainteloi\" \/>\n\t<meta name=\"twitter:label2\" content=\"Dur\u00e9e de lecture estim\u00e9e\" \/>\n\t<meta name=\"twitter:data2\" content=\"2 minutes\" \/>\n<script type=\"application\/ld+json\" class=\"yoast-schema-graph\">{\"@context\":\"https:\/\/schema.org\",\"@graph\":[{\"@type\":\"WebPage\",\"@id\":\"https:\/\/www.diocese-limoges.fr\/grand-limoges\/actualites\/chemins-de-memoire\/\",\"url\":\"https:\/\/www.diocese-limoges.fr\/grand-limoges\/actualites\/chemins-de-memoire\/\",\"name\":\"Chemins de m\u00e9moire - Doyenn\u00e9s du Grand Limoges\",\"isPartOf\":{\"@id\":\"https:\/\/www.diocese-limoges.fr\/grand-limoges\/#website\"},\"primaryImageOfPage\":{\"@id\":\"https:\/\/www.diocese-limoges.fr\/grand-limoges\/actualites\/chemins-de-memoire\/#primaryimage\"},\"image\":{\"@id\":\"https:\/\/www.diocese-limoges.fr\/grand-limoges\/actualites\/chemins-de-memoire\/#primaryimage\"},\"thumbnailUrl\":\"https:\/\/www.diocese-limoges.fr\/grand-limoges\/wp-content\/uploads\/sites\/2\/2021\/06\/20210508_072134-scaled.jpg\",\"datePublished\":\"2021-06-18T23:25:33+00:00\",\"dateModified\":\"2021-06-18T23:27:39+00:00\",\"author\":{\"@id\":\"https:\/\/www.diocese-limoges.fr\/grand-limoges\/#\/schema\/person\/0efea0b864bcc9f6b627e8556173122f\"},\"breadcrumb\":{\"@id\":\"https:\/\/www.diocese-limoges.fr\/grand-limoges\/actualites\/chemins-de-memoire\/#breadcrumb\"},\"inLanguage\":\"fr-FR\",\"potentialAction\":[{\"@type\":\"ReadAction\",\"target\":[\"https:\/\/www.diocese-limoges.fr\/grand-limoges\/actualites\/chemins-de-memoire\/\"]}]},{\"@type\":\"ImageObject\",\"inLanguage\":\"fr-FR\",\"@id\":\"https:\/\/www.diocese-limoges.fr\/grand-limoges\/actualites\/chemins-de-memoire\/#primaryimage\",\"url\":\"https:\/\/www.diocese-limoges.fr\/grand-limoges\/wp-content\/uploads\/sites\/2\/2021\/06\/20210508_072134-scaled.jpg\",\"contentUrl\":\"https:\/\/www.diocese-limoges.fr\/grand-limoges\/wp-content\/uploads\/sites\/2\/2021\/06\/20210508_072134-scaled.jpg\",\"width\":1920,\"height\":2560},{\"@type\":\"BreadcrumbList\",\"@id\":\"https:\/\/www.diocese-limoges.fr\/grand-limoges\/actualites\/chemins-de-memoire\/#breadcrumb\",\"itemListElement\":[{\"@type\":\"ListItem\",\"position\":1,\"name\":\"Accueil\",\"item\":\"https:\/\/www.diocese-limoges.fr\/grand-limoges\/\"},{\"@type\":\"ListItem\",\"position\":2,\"name\":\"Chemins de m\u00e9moire\"}]},{\"@type\":\"WebSite\",\"@id\":\"https:\/\/www.diocese-limoges.fr\/grand-limoges\/#website\",\"url\":\"https:\/\/www.diocese-limoges.fr\/grand-limoges\/\",\"name\":\"Doyenn\u00e9s du Grand Limoges\",\"description\":\"Dioc\u00e8se de Limoges\",\"potentialAction\":[{\"@type\":\"SearchAction\",\"target\":{\"@type\":\"EntryPoint\",\"urlTemplate\":\"https:\/\/www.diocese-limoges.fr\/grand-limoges\/?s={search_term_string}\"},\"query-input\":{\"@type\":\"PropertyValueSpecification\",\"valueRequired\":true,\"valueName\":\"search_term_string\"}}],\"inLanguage\":\"fr-FR\"},{\"@type\":\"Person\",\"@id\":\"https:\/\/www.diocese-limoges.fr\/grand-limoges\/#\/schema\/person\/0efea0b864bcc9f6b627e8556173122f\",\"name\":\"sainteloi\",\"image\":{\"@type\":\"ImageObject\",\"inLanguage\":\"fr-FR\",\"@id\":\"https:\/\/www.diocese-limoges.fr\/grand-limoges\/#\/schema\/person\/image\/\",\"url\":\"https:\/\/secure.gravatar.com\/avatar\/36135729350d5be2cbc7cc4c88ae11bede1a4fa8b76937e48682433dac7a0c52?s=96&d=mm&r=g\",\"contentUrl\":\"https:\/\/secure.gravatar.com\/avatar\/36135729350d5be2cbc7cc4c88ae11bede1a4fa8b76937e48682433dac7a0c52?s=96&d=mm&r=g\",\"caption\":\"sainteloi\"},\"url\":\"https:\/\/www.diocese-limoges.fr\/grand-limoges\/author\/sainteloi\/\"}]}<\/script>\n<!-- \/ Yoast SEO plugin. -->","yoast_head_json":{"title":"Chemins de m\u00e9moire - Doyenn\u00e9s du Grand Limoges","robots":{"index":"index","follow":"follow","max-snippet":"max-snippet:-1","max-image-preview":"max-image-preview:large","max-video-preview":"max-video-preview:-1"},"canonical":"https:\/\/www.diocese-limoges.fr\/grand-limoges\/actualites\/chemins-de-memoire\/","og_locale":"fr_FR","og_type":"article","og_title":"Chemins de m\u00e9moire - Doyenn\u00e9s du Grand Limoges","og_description":"La rue qui longe l\u2019\u00e9glise des Saints-Anges \u00e0 Limoges porte le nom de \u00ab&nbsp;Rue Pierre-Traversat&nbsp;\u00bb. Il \u00e9tait n\u00e9 \u00e0 Brive en 1897, puis a exerc\u00e9 la profession d\u2019inspecteur des contributions directes tout en \u00e9tant conseiller municipal de Limoges. Mais dans les ann\u00e9es 40, il fut \u00e9galement Commissaire de Province Scouts de France. Arr\u00eat\u00e9 par la [&hellip;]","og_url":"https:\/\/www.diocese-limoges.fr\/grand-limoges\/actualites\/chemins-de-memoire\/","og_site_name":"Doyenn\u00e9s du Grand Limoges","article_published_time":"2021-06-18T23:25:33+00:00","article_modified_time":"2021-06-18T23:27:39+00:00","og_image":[{"width":1920,"height":2560,"url":"https:\/\/www.diocese-limoges.fr\/grand-limoges\/wp-content\/uploads\/sites\/2\/2021\/06\/20210508_072134-scaled.jpg","type":"image\/jpeg"}],"author":"sainteloi","twitter_card":"summary_large_image","twitter_misc":{"\u00c9crit par":"sainteloi","Dur\u00e9e de lecture estim\u00e9e":"2 minutes"},"schema":{"@context":"https:\/\/schema.org","@graph":[{"@type":"WebPage","@id":"https:\/\/www.diocese-limoges.fr\/grand-limoges\/actualites\/chemins-de-memoire\/","url":"https:\/\/www.diocese-limoges.fr\/grand-limoges\/actualites\/chemins-de-memoire\/","name":"Chemins de m\u00e9moire - Doyenn\u00e9s du Grand Limoges","isPartOf":{"@id":"https:\/\/www.diocese-limoges.fr\/grand-limoges\/#website"},"primaryImageOfPage":{"@id":"https:\/\/www.diocese-limoges.fr\/grand-limoges\/actualites\/chemins-de-memoire\/#primaryimage"},"image":{"@id":"https:\/\/www.diocese-limoges.fr\/grand-limoges\/actualites\/chemins-de-memoire\/#primaryimage"},"thumbnailUrl":"https:\/\/www.diocese-limoges.fr\/grand-limoges\/wp-content\/uploads\/sites\/2\/2021\/06\/20210508_072134-scaled.jpg","datePublished":"2021-06-18T23:25:33+00:00","dateModified":"2021-06-18T23:27:39+00:00","author":{"@id":"https:\/\/www.diocese-limoges.fr\/grand-limoges\/#\/schema\/person\/0efea0b864bcc9f6b627e8556173122f"},"breadcrumb":{"@id":"https:\/\/www.diocese-limoges.fr\/grand-limoges\/actualites\/chemins-de-memoire\/#breadcrumb"},"inLanguage":"fr-FR","potentialAction":[{"@type":"ReadAction","target":["https:\/\/www.diocese-limoges.fr\/grand-limoges\/actualites\/chemins-de-memoire\/"]}]},{"@type":"ImageObject","inLanguage":"fr-FR","@id":"https:\/\/www.diocese-limoges.fr\/grand-limoges\/actualites\/chemins-de-memoire\/#primaryimage","url":"https:\/\/www.diocese-limoges.fr\/grand-limoges\/wp-content\/uploads\/sites\/2\/2021\/06\/20210508_072134-scaled.jpg","contentUrl":"https:\/\/www.diocese-limoges.fr\/grand-limoges\/wp-content\/uploads\/sites\/2\/2021\/06\/20210508_072134-scaled.jpg","width":1920,"height":2560},{"@type":"BreadcrumbList","@id":"https:\/\/www.diocese-limoges.fr\/grand-limoges\/actualites\/chemins-de-memoire\/#breadcrumb","itemListElement":[{"@type":"ListItem","position":1,"name":"Accueil","item":"https:\/\/www.diocese-limoges.fr\/grand-limoges\/"},{"@type":"ListItem","position":2,"name":"Chemins de m\u00e9moire"}]},{"@type":"WebSite","@id":"https:\/\/www.diocese-limoges.fr\/grand-limoges\/#website","url":"https:\/\/www.diocese-limoges.fr\/grand-limoges\/","name":"Doyenn\u00e9s du Grand Limoges","description":"Dioc\u00e8se de Limoges","potentialAction":[{"@type":"SearchAction","target":{"@type":"EntryPoint","urlTemplate":"https:\/\/www.diocese-limoges.fr\/grand-limoges\/?s={search_term_string}"},"query-input":{"@type":"PropertyValueSpecification","valueRequired":true,"valueName":"search_term_string"}}],"inLanguage":"fr-FR"},{"@type":"Person","@id":"https:\/\/www.diocese-limoges.fr\/grand-limoges\/#\/schema\/person\/0efea0b864bcc9f6b627e8556173122f","name":"sainteloi","image":{"@type":"ImageObject","inLanguage":"fr-FR","@id":"https:\/\/www.diocese-limoges.fr\/grand-limoges\/#\/schema\/person\/image\/","url":"https:\/\/secure.gravatar.com\/avatar\/36135729350d5be2cbc7cc4c88ae11bede1a4fa8b76937e48682433dac7a0c52?s=96&d=mm&r=g","contentUrl":"https:\/\/secure.gravatar.com\/avatar\/36135729350d5be2cbc7cc4c88ae11bede1a4fa8b76937e48682433dac7a0c52?s=96&d=mm&r=g","caption":"sainteloi"},"url":"https:\/\/www.diocese-limoges.fr\/grand-limoges\/author\/sainteloi\/"}]}},"_links":{"self":[{"href":"https:\/\/www.diocese-limoges.fr\/grand-limoges\/wp-json\/wp\/v2\/posts\/19345","targetHints":{"allow":["GET"]}}],"collection":[{"href":"https:\/\/www.diocese-limoges.fr\/grand-limoges\/wp-json\/wp\/v2\/posts"}],"about":[{"href":"https:\/\/www.diocese-limoges.fr\/grand-limoges\/wp-json\/wp\/v2\/types\/post"}],"author":[{"embeddable":true,"href":"https:\/\/www.diocese-limoges.fr\/grand-limoges\/wp-json\/wp\/v2\/users\/10"}],"replies":[{"embeddable":true,"href":"https:\/\/www.diocese-limoges.fr\/grand-limoges\/wp-json\/wp\/v2\/comments?post=19345"}],"version-history":[{"count":2,"href":"https:\/\/www.diocese-limoges.fr\/grand-limoges\/wp-json\/wp\/v2\/posts\/19345\/revisions"}],"predecessor-version":[{"id":19351,"href":"https:\/\/www.diocese-limoges.fr\/grand-limoges\/wp-json\/wp\/v2\/posts\/19345\/revisions\/19351"}],"wp:featuredmedia":[{"embeddable":true,"href":"https:\/\/www.diocese-limoges.fr\/grand-limoges\/wp-json\/wp\/v2\/media\/19349"}],"wp:attachment":[{"href":"https:\/\/www.diocese-limoges.fr\/grand-limoges\/wp-json\/wp\/v2\/media?parent=19345"}],"wp:term":[{"taxonomy":"category","embeddable":true,"href":"https:\/\/www.diocese-limoges.fr\/grand-limoges\/wp-json\/wp\/v2\/categories?post=19345"},{"taxonomy":"post_tag","embeddable":true,"href":"https:\/\/www.diocese-limoges.fr\/grand-limoges\/wp-json\/wp\/v2\/tags?post=19345"}],"curies":[{"name":"wp","href":"https:\/\/api.w.org\/{rel}","templated":true}]}}