{"id":20854,"date":"2022-09-08T21:27:00","date_gmt":"2022-09-08T19:27:00","guid":{"rendered":"https:\/\/www.diocese-limoges.fr\/grand-limoges\/?p=20854"},"modified":"2022-10-06T16:12:45","modified_gmt":"2022-10-06T14:12:45","slug":"gouter-jardinage","status":"publish","type":"post","link":"https:\/\/www.diocese-limoges.fr\/grand-limoges\/actualites\/gouter-jardinage\/","title":{"rendered":"Go\u00fbter"},"content":{"rendered":"\n<p>Un go\u00fbter avec atelier jardinage communautaire, pour tous les \u00e2ges, vous est propos\u00e9 le samedi 27 ao\u00fbt, de 15h30 \u00e0 17h au jardin communautaire, \u00e0 La Chapelle Saint Jean Baptiste, 21 rue Fustel de Coulanges. Apporter de quoi go\u00fbter ou un arrosoir, si possible. <\/p>\n\n\n\n<p>Contact : <\/p>\n\n\n\n<p>Vinciane Trancart 06 71 59 38 56. vinciane.trancart@gmail.com<\/p>\n","protected":false},"excerpt":{"rendered":"<p>Un go\u00fbter avec atelier jardinage communautaire, pour tous les \u00e2ges, vous est propos\u00e9 le samedi 27 ao\u00fbt, de 15h30 \u00e0 17h au jardin communautaire, \u00e0 La Chapelle Saint Jean Baptiste, 21 rue Fustel de Coulanges. Apporter de quoi go\u00fbter ou un arrosoir, si possible. Contact : Vinciane Trancart 06 71 59 38 56. vinciane.trancart@gmail.com<\/p>\n","protected":false},"author":18,"featured_media":0,"comment_status":"closed","ping_status":"open","sticky":false,"template":"","format":"standard","meta":{"_acf_changed":false,"footnotes":""},"categories":[8],"tags":[20,19,18,21],"class_list":["post-20854","post","type-post","status-publish","format-standard","hentry","category-saint-jean-paul-ii","tag-communautaire","tag-gouter","tag-jardinage","tag-saint-jean-baptiste"],"acf":[],"yoast_head":"<!-- This site is optimized with the Yoast SEO plugin v26.4 - https:\/\/yoast.com\/wordpress\/plugins\/seo\/ -->\n<title>Go\u00fbter - Doyenn\u00e9s du Grand Limoges<\/title>\n<meta name=\"robots\" content=\"index, follow, max-snippet:-1, max-image-preview:large, max-video-preview:-1\" \/>\n<link rel=\"canonical\" href=\"https:\/\/www.diocese-limoges.fr\/grand-limoges\/actualites\/gouter-jardinage\/\" \/>\n<meta property=\"og:locale\" content=\"fr_FR\" \/>\n<meta property=\"og:type\" content=\"article\" \/>\n<meta property=\"og:title\" content=\"Go\u00fbter - Doyenn\u00e9s du Grand Limoges\" \/>\n<meta property=\"og:description\" content=\"Un go\u00fbter avec atelier jardinage communautaire, pour tous les \u00e2ges, vous est propos\u00e9 le samedi 27 ao\u00fbt, de 15h30 \u00e0 17h au jardin communautaire, \u00e0 La Chapelle Saint Jean Baptiste, 21 rue Fustel de Coulanges. Apporter de quoi go\u00fbter ou un arrosoir, si possible. Contact : Vinciane Trancart 06 71 59 38 56. vinciane.trancart@gmail.com\" \/>\n<meta property=\"og:url\" content=\"https:\/\/www.diocese-limoges.fr\/grand-limoges\/actualites\/gouter-jardinage\/\" \/>\n<meta property=\"og:site_name\" content=\"Doyenn\u00e9s du Grand Limoges\" \/>\n<meta property=\"article:author\" content=\"https:\/\/www.facebook.com\/Stjp2limoges\/\" \/>\n<meta property=\"article:published_time\" content=\"2022-09-08T19:27:00+00:00\" \/>\n<meta property=\"article:modified_time\" content=\"2022-10-06T14:12:45+00:00\" \/>\n<meta name=\"author\" content=\"jeanpaul2\" \/>\n<meta name=\"twitter:card\" content=\"summary_large_image\" \/>\n<meta name=\"twitter:label1\" content=\"\u00c9crit par\" \/>\n\t<meta name=\"twitter:data1\" content=\"jeanpaul2\" \/>\n\t<meta name=\"twitter:label2\" content=\"Dur\u00e9e de lecture estim\u00e9e\" \/>\n\t<meta name=\"twitter:data2\" content=\"1 minute\" \/>\n<script type=\"application\/ld+json\" class=\"yoast-schema-graph\">{\"@context\":\"https:\/\/schema.org\",\"@graph\":[{\"@type\":\"WebPage\",\"@id\":\"https:\/\/www.diocese-limoges.fr\/grand-limoges\/actualites\/gouter-jardinage\/\",\"url\":\"https:\/\/www.diocese-limoges.fr\/grand-limoges\/actualites\/gouter-jardinage\/\",\"name\":\"Go\u00fbter - Doyenn\u00e9s du Grand Limoges\",\"isPartOf\":{\"@id\":\"https:\/\/www.diocese-limoges.fr\/grand-limoges\/#website\"},\"datePublished\":\"2022-09-08T19:27:00+00:00\",\"dateModified\":\"2022-10-06T14:12:45+00:00\",\"author\":{\"@id\":\"https:\/\/www.diocese-limoges.fr\/grand-limoges\/#\/schema\/person\/8d9fda9c9ef5042860b5fd08beb6c5ab\"},\"breadcrumb\":{\"@id\":\"https:\/\/www.diocese-limoges.fr\/grand-limoges\/actualites\/gouter-jardinage\/#breadcrumb\"},\"inLanguage\":\"fr-FR\",\"potentialAction\":[{\"@type\":\"ReadAction\",\"target\":[\"https:\/\/www.diocese-limoges.fr\/grand-limoges\/actualites\/gouter-jardinage\/\"]}]},{\"@type\":\"BreadcrumbList\",\"@id\":\"https:\/\/www.diocese-limoges.fr\/grand-limoges\/actualites\/gouter-jardinage\/#breadcrumb\",\"itemListElement\":[{\"@type\":\"ListItem\",\"position\":1,\"name\":\"Accueil\",\"item\":\"https:\/\/www.diocese-limoges.fr\/grand-limoges\/\"},{\"@type\":\"ListItem\",\"position\":2,\"name\":\"Go\u00fbter\"}]},{\"@type\":\"WebSite\",\"@id\":\"https:\/\/www.diocese-limoges.fr\/grand-limoges\/#website\",\"url\":\"https:\/\/www.diocese-limoges.fr\/grand-limoges\/\",\"name\":\"Doyenn\u00e9s du Grand Limoges\",\"description\":\"Dioc\u00e8se de Limoges\",\"potentialAction\":[{\"@type\":\"SearchAction\",\"target\":{\"@type\":\"EntryPoint\",\"urlTemplate\":\"https:\/\/www.diocese-limoges.fr\/grand-limoges\/?s={search_term_string}\"},\"query-input\":{\"@type\":\"PropertyValueSpecification\",\"valueRequired\":true,\"valueName\":\"search_term_string\"}}],\"inLanguage\":\"fr-FR\"},{\"@type\":\"Person\",\"@id\":\"https:\/\/www.diocese-limoges.fr\/grand-limoges\/#\/schema\/person\/8d9fda9c9ef5042860b5fd08beb6c5ab\",\"name\":\"jeanpaul2\",\"image\":{\"@type\":\"ImageObject\",\"inLanguage\":\"fr-FR\",\"@id\":\"https:\/\/www.diocese-limoges.fr\/grand-limoges\/#\/schema\/person\/image\/\",\"url\":\"https:\/\/secure.gravatar.com\/avatar\/086a2d6344a16a44e2393e8eb16f86f3128beb289b8b783d63c870e17993f7b2?s=96&d=mm&r=g\",\"contentUrl\":\"https:\/\/secure.gravatar.com\/avatar\/086a2d6344a16a44e2393e8eb16f86f3128beb289b8b783d63c870e17993f7b2?s=96&d=mm&r=g\",\"caption\":\"jeanpaul2\"},\"sameAs\":[\"https:\/\/www.facebook.com\/Stjp2limoges\/\"],\"url\":\"https:\/\/www.diocese-limoges.fr\/grand-limoges\/author\/jeanpaul\/\"}]}<\/script>\n<!-- \/ Yoast SEO plugin. -->","yoast_head_json":{"title":"Go\u00fbter - Doyenn\u00e9s du Grand Limoges","robots":{"index":"index","follow":"follow","max-snippet":"max-snippet:-1","max-image-preview":"max-image-preview:large","max-video-preview":"max-video-preview:-1"},"canonical":"https:\/\/www.diocese-limoges.fr\/grand-limoges\/actualites\/gouter-jardinage\/","og_locale":"fr_FR","og_type":"article","og_title":"Go\u00fbter - Doyenn\u00e9s du Grand Limoges","og_description":"Un go\u00fbter avec atelier jardinage communautaire, pour tous les \u00e2ges, vous est propos\u00e9 le samedi 27 ao\u00fbt, de 15h30 \u00e0 17h au jardin communautaire, \u00e0 La Chapelle Saint Jean Baptiste, 21 rue Fustel de Coulanges. Apporter de quoi go\u00fbter ou un arrosoir, si possible. Contact : Vinciane Trancart 06 71 59 38 56. vinciane.trancart@gmail.com","og_url":"https:\/\/www.diocese-limoges.fr\/grand-limoges\/actualites\/gouter-jardinage\/","og_site_name":"Doyenn\u00e9s du Grand Limoges","article_author":"https:\/\/www.facebook.com\/Stjp2limoges\/","article_published_time":"2022-09-08T19:27:00+00:00","article_modified_time":"2022-10-06T14:12:45+00:00","author":"jeanpaul2","twitter_card":"summary_large_image","twitter_misc":{"\u00c9crit par":"jeanpaul2","Dur\u00e9e de lecture estim\u00e9e":"1 minute"},"schema":{"@context":"https:\/\/schema.org","@graph":[{"@type":"WebPage","@id":"https:\/\/www.diocese-limoges.fr\/grand-limoges\/actualites\/gouter-jardinage\/","url":"https:\/\/www.diocese-limoges.fr\/grand-limoges\/actualites\/gouter-jardinage\/","name":"Go\u00fbter - Doyenn\u00e9s du Grand Limoges","isPartOf":{"@id":"https:\/\/www.diocese-limoges.fr\/grand-limoges\/#website"},"datePublished":"2022-09-08T19:27:00+00:00","dateModified":"2022-10-06T14:12:45+00:00","author":{"@id":"https:\/\/www.diocese-limoges.fr\/grand-limoges\/#\/schema\/person\/8d9fda9c9ef5042860b5fd08beb6c5ab"},"breadcrumb":{"@id":"https:\/\/www.diocese-limoges.fr\/grand-limoges\/actualites\/gouter-jardinage\/#breadcrumb"},"inLanguage":"fr-FR","potentialAction":[{"@type":"ReadAction","target":["https:\/\/www.diocese-limoges.fr\/grand-limoges\/actualites\/gouter-jardinage\/"]}]},{"@type":"BreadcrumbList","@id":"https:\/\/www.diocese-limoges.fr\/grand-limoges\/actualites\/gouter-jardinage\/#breadcrumb","itemListElement":[{"@type":"ListItem","position":1,"name":"Accueil","item":"https:\/\/www.diocese-limoges.fr\/grand-limoges\/"},{"@type":"ListItem","position":2,"name":"Go\u00fbter"}]},{"@type":"WebSite","@id":"https:\/\/www.diocese-limoges.fr\/grand-limoges\/#website","url":"https:\/\/www.diocese-limoges.fr\/grand-limoges\/","name":"Doyenn\u00e9s du Grand Limoges","description":"Dioc\u00e8se de Limoges","potentialAction":[{"@type":"SearchAction","target":{"@type":"EntryPoint","urlTemplate":"https:\/\/www.diocese-limoges.fr\/grand-limoges\/?s={search_term_string}"},"query-input":{"@type":"PropertyValueSpecification","valueRequired":true,"valueName":"search_term_string"}}],"inLanguage":"fr-FR"},{"@type":"Person","@id":"https:\/\/www.diocese-limoges.fr\/grand-limoges\/#\/schema\/person\/8d9fda9c9ef5042860b5fd08beb6c5ab","name":"jeanpaul2","image":{"@type":"ImageObject","inLanguage":"fr-FR","@id":"https:\/\/www.diocese-limoges.fr\/grand-limoges\/#\/schema\/person\/image\/","url":"https:\/\/secure.gravatar.com\/avatar\/086a2d6344a16a44e2393e8eb16f86f3128beb289b8b783d63c870e17993f7b2?s=96&d=mm&r=g","contentUrl":"https:\/\/secure.gravatar.com\/avatar\/086a2d6344a16a44e2393e8eb16f86f3128beb289b8b783d63c870e17993f7b2?s=96&d=mm&r=g","caption":"jeanpaul2"},"sameAs":["https:\/\/www.facebook.com\/Stjp2limoges\/"],"url":"https:\/\/www.diocese-limoges.fr\/grand-limoges\/author\/jeanpaul\/"}]}},"_links":{"self":[{"href":"https:\/\/www.diocese-limoges.fr\/grand-limoges\/wp-json\/wp\/v2\/posts\/20854","targetHints":{"allow":["GET"]}}],"collection":[{"href":"https:\/\/www.diocese-limoges.fr\/grand-limoges\/wp-json\/wp\/v2\/posts"}],"about":[{"href":"https:\/\/www.diocese-limoges.fr\/grand-limoges\/wp-json\/wp\/v2\/types\/post"}],"author":[{"embeddable":true,"href":"https:\/\/www.diocese-limoges.fr\/grand-limoges\/wp-json\/wp\/v2\/users\/18"}],"replies":[{"embeddable":true,"href":"https:\/\/www.diocese-limoges.fr\/grand-limoges\/wp-json\/wp\/v2\/comments?post=20854"}],"version-history":[{"count":3,"href":"https:\/\/www.diocese-limoges.fr\/grand-limoges\/wp-json\/wp\/v2\/posts\/20854\/revisions"}],"predecessor-version":[{"id":21482,"href":"https:\/\/www.diocese-limoges.fr\/grand-limoges\/wp-json\/wp\/v2\/posts\/20854\/revisions\/21482"}],"wp:attachment":[{"href":"https:\/\/www.diocese-limoges.fr\/grand-limoges\/wp-json\/wp\/v2\/media?parent=20854"}],"wp:term":[{"taxonomy":"category","embeddable":true,"href":"https:\/\/www.diocese-limoges.fr\/grand-limoges\/wp-json\/wp\/v2\/categories?post=20854"},{"taxonomy":"post_tag","embeddable":true,"href":"https:\/\/www.diocese-limoges.fr\/grand-limoges\/wp-json\/wp\/v2\/tags?post=20854"}],"curies":[{"name":"wp","href":"https:\/\/api.w.org\/{rel}","templated":true}]}}