{"id":20900,"date":"2022-09-17T16:11:23","date_gmt":"2022-09-17T14:11:23","guid":{"rendered":"https:\/\/www.diocese-limoges.fr\/grand-limoges\/?p=20900"},"modified":"2022-09-17T16:11:23","modified_gmt":"2022-09-17T14:11:23","slug":"rencontre-le-1er-octobre-chez-les-soeurs-franciscaines-dans-le-cadre-des-50-ans-de-leglise-saint-francois","status":"publish","type":"post","link":"https:\/\/www.diocese-limoges.fr\/grand-limoges\/actualites\/rencontre-le-1er-octobre-chez-les-soeurs-franciscaines-dans-le-cadre-des-50-ans-de-leglise-saint-francois\/","title":{"rendered":"Rencontre le 1er octobre chez les  Soeurs franciscaines dans le cadre des 50 ans de l\u2019\u00e9glise Saint-Fran\u00e7ois"},"content":{"rendered":"\n<div class=\"wp-block-image\"><figure class=\"aligncenter size-full\"><a href=\"https:\/\/www.diocese-limoges.fr\/grand-limoges\/wp-content\/uploads\/sites\/2\/2022\/09\/rencontre-chez-les-soeurs-franciscaines.pdf\"><img loading=\"lazy\" decoding=\"async\" width=\"628\" height=\"867\" src=\"https:\/\/www.diocese-limoges.fr\/grand-limoges\/wp-content\/uploads\/sites\/2\/2022\/09\/rencontre_soeurs_franciscaines.png\" alt=\"\" class=\"wp-image-20899\" srcset=\"https:\/\/www.diocese-limoges.fr\/grand-limoges\/wp-content\/uploads\/sites\/2\/2022\/09\/rencontre_soeurs_franciscaines.png 628w, https:\/\/www.diocese-limoges.fr\/grand-limoges\/wp-content\/uploads\/sites\/2\/2022\/09\/rencontre_soeurs_franciscaines-217x300.png 217w\" sizes=\"auto, (max-width: 628px) 100vw, 628px\" \/><\/a><\/figure><\/div>\n","protected":false},"excerpt":{"rendered":"","protected":false},"author":20,"featured_media":0,"comment_status":"closed","ping_status":"open","sticky":false,"template":"","format":"standard","meta":{"_acf_changed":false,"footnotes":""},"categories":[1],"tags":[],"class_list":["post-20900","post","type-post","status-publish","format-standard","hentry","category-grand-limoges"],"acf":[],"yoast_head":"<!-- This site is optimized with the Yoast SEO plugin v26.4 - https:\/\/yoast.com\/wordpress\/plugins\/seo\/ -->\n<title>Rencontre le 1er octobre chez les Soeurs franciscaines dans le cadre des 50 ans de l\u2019\u00e9glise Saint-Fran\u00e7ois - Doyenn\u00e9s du Grand Limoges<\/title>\n<meta name=\"robots\" content=\"index, follow, max-snippet:-1, max-image-preview:large, max-video-preview:-1\" \/>\n<link rel=\"canonical\" href=\"https:\/\/www.diocese-limoges.fr\/grand-limoges\/actualites\/rencontre-le-1er-octobre-chez-les-soeurs-franciscaines-dans-le-cadre-des-50-ans-de-leglise-saint-francois\/\" \/>\n<meta property=\"og:locale\" content=\"fr_FR\" \/>\n<meta property=\"og:type\" content=\"article\" \/>\n<meta property=\"og:title\" content=\"Rencontre le 1er octobre chez les Soeurs franciscaines dans le cadre des 50 ans de l\u2019\u00e9glise Saint-Fran\u00e7ois - Doyenn\u00e9s du Grand Limoges\" \/>\n<meta property=\"og:url\" content=\"https:\/\/www.diocese-limoges.fr\/grand-limoges\/actualites\/rencontre-le-1er-octobre-chez-les-soeurs-franciscaines-dans-le-cadre-des-50-ans-de-leglise-saint-francois\/\" \/>\n<meta property=\"og:site_name\" content=\"Doyenn\u00e9s du Grand Limoges\" \/>\n<meta property=\"article:published_time\" content=\"2022-09-17T14:11:23+00:00\" \/>\n<meta property=\"og:image\" content=\"https:\/\/www.diocese-limoges.fr\/grand-limoges\/wp-content\/uploads\/sites\/2\/2022\/09\/rencontre_soeurs_franciscaines.png\" \/>\n<meta name=\"author\" content=\"sainteblandine\" \/>\n<meta name=\"twitter:card\" content=\"summary_large_image\" \/>\n<meta name=\"twitter:label1\" content=\"\u00c9crit par\" \/>\n\t<meta name=\"twitter:data1\" content=\"sainteblandine\" \/>\n\t<meta name=\"twitter:label2\" content=\"Dur\u00e9e de lecture estim\u00e9e\" \/>\n\t<meta name=\"twitter:data2\" content=\"1 minute\" \/>\n<script type=\"application\/ld+json\" class=\"yoast-schema-graph\">{\"@context\":\"https:\/\/schema.org\",\"@graph\":[{\"@type\":\"WebPage\",\"@id\":\"https:\/\/www.diocese-limoges.fr\/grand-limoges\/actualites\/rencontre-le-1er-octobre-chez-les-soeurs-franciscaines-dans-le-cadre-des-50-ans-de-leglise-saint-francois\/\",\"url\":\"https:\/\/www.diocese-limoges.fr\/grand-limoges\/actualites\/rencontre-le-1er-octobre-chez-les-soeurs-franciscaines-dans-le-cadre-des-50-ans-de-leglise-saint-francois\/\",\"name\":\"Rencontre le 1er octobre chez les Soeurs franciscaines dans le cadre des 50 ans de l\u2019\u00e9glise Saint-Fran\u00e7ois - Doyenn\u00e9s du Grand Limoges\",\"isPartOf\":{\"@id\":\"https:\/\/www.diocese-limoges.fr\/grand-limoges\/#website\"},\"primaryImageOfPage\":{\"@id\":\"https:\/\/www.diocese-limoges.fr\/grand-limoges\/actualites\/rencontre-le-1er-octobre-chez-les-soeurs-franciscaines-dans-le-cadre-des-50-ans-de-leglise-saint-francois\/#primaryimage\"},\"image\":{\"@id\":\"https:\/\/www.diocese-limoges.fr\/grand-limoges\/actualites\/rencontre-le-1er-octobre-chez-les-soeurs-franciscaines-dans-le-cadre-des-50-ans-de-leglise-saint-francois\/#primaryimage\"},\"thumbnailUrl\":\"https:\/\/www.diocese-limoges.fr\/grand-limoges\/wp-content\/uploads\/sites\/2\/2022\/09\/rencontre_soeurs_franciscaines.png\",\"datePublished\":\"2022-09-17T14:11:23+00:00\",\"author\":{\"@id\":\"https:\/\/www.diocese-limoges.fr\/grand-limoges\/#\/schema\/person\/d1b2bd681df20bcbda33aab52f4d439e\"},\"breadcrumb\":{\"@id\":\"https:\/\/www.diocese-limoges.fr\/grand-limoges\/actualites\/rencontre-le-1er-octobre-chez-les-soeurs-franciscaines-dans-le-cadre-des-50-ans-de-leglise-saint-francois\/#breadcrumb\"},\"inLanguage\":\"fr-FR\",\"potentialAction\":[{\"@type\":\"ReadAction\",\"target\":[\"https:\/\/www.diocese-limoges.fr\/grand-limoges\/actualites\/rencontre-le-1er-octobre-chez-les-soeurs-franciscaines-dans-le-cadre-des-50-ans-de-leglise-saint-francois\/\"]}]},{\"@type\":\"ImageObject\",\"inLanguage\":\"fr-FR\",\"@id\":\"https:\/\/www.diocese-limoges.fr\/grand-limoges\/actualites\/rencontre-le-1er-octobre-chez-les-soeurs-franciscaines-dans-le-cadre-des-50-ans-de-leglise-saint-francois\/#primaryimage\",\"url\":\"https:\/\/www.diocese-limoges.fr\/grand-limoges\/wp-content\/uploads\/sites\/2\/2022\/09\/rencontre_soeurs_franciscaines.png\",\"contentUrl\":\"https:\/\/www.diocese-limoges.fr\/grand-limoges\/wp-content\/uploads\/sites\/2\/2022\/09\/rencontre_soeurs_franciscaines.png\",\"width\":628,\"height\":867},{\"@type\":\"BreadcrumbList\",\"@id\":\"https:\/\/www.diocese-limoges.fr\/grand-limoges\/actualites\/rencontre-le-1er-octobre-chez-les-soeurs-franciscaines-dans-le-cadre-des-50-ans-de-leglise-saint-francois\/#breadcrumb\",\"itemListElement\":[{\"@type\":\"ListItem\",\"position\":1,\"name\":\"Accueil\",\"item\":\"https:\/\/www.diocese-limoges.fr\/grand-limoges\/\"},{\"@type\":\"ListItem\",\"position\":2,\"name\":\"Rencontre le 1er octobre chez les Soeurs franciscaines dans le cadre des 50 ans de l\u2019\u00e9glise Saint-Fran\u00e7ois\"}]},{\"@type\":\"WebSite\",\"@id\":\"https:\/\/www.diocese-limoges.fr\/grand-limoges\/#website\",\"url\":\"https:\/\/www.diocese-limoges.fr\/grand-limoges\/\",\"name\":\"Doyenn\u00e9s du Grand Limoges\",\"description\":\"Dioc\u00e8se de Limoges\",\"potentialAction\":[{\"@type\":\"SearchAction\",\"target\":{\"@type\":\"EntryPoint\",\"urlTemplate\":\"https:\/\/www.diocese-limoges.fr\/grand-limoges\/?s={search_term_string}\"},\"query-input\":{\"@type\":\"PropertyValueSpecification\",\"valueRequired\":true,\"valueName\":\"search_term_string\"}}],\"inLanguage\":\"fr-FR\"},{\"@type\":\"Person\",\"@id\":\"https:\/\/www.diocese-limoges.fr\/grand-limoges\/#\/schema\/person\/d1b2bd681df20bcbda33aab52f4d439e\",\"name\":\"sainteblandine\",\"image\":{\"@type\":\"ImageObject\",\"inLanguage\":\"fr-FR\",\"@id\":\"https:\/\/www.diocese-limoges.fr\/grand-limoges\/#\/schema\/person\/image\/\",\"url\":\"https:\/\/secure.gravatar.com\/avatar\/fcbf0fb73a2512856ae687b0ad20b4c21543dfcf43d572e879d50e5bbc1d8149?s=96&d=mm&r=g\",\"contentUrl\":\"https:\/\/secure.gravatar.com\/avatar\/fcbf0fb73a2512856ae687b0ad20b4c21543dfcf43d572e879d50e5bbc1d8149?s=96&d=mm&r=g\",\"caption\":\"sainteblandine\"},\"url\":\"https:\/\/www.diocese-limoges.fr\/grand-limoges\/author\/sainteblandine\/\"}]}<\/script>\n<!-- \/ Yoast SEO plugin. -->","yoast_head_json":{"title":"Rencontre le 1er octobre chez les Soeurs franciscaines dans le cadre des 50 ans de l\u2019\u00e9glise Saint-Fran\u00e7ois - Doyenn\u00e9s du Grand Limoges","robots":{"index":"index","follow":"follow","max-snippet":"max-snippet:-1","max-image-preview":"max-image-preview:large","max-video-preview":"max-video-preview:-1"},"canonical":"https:\/\/www.diocese-limoges.fr\/grand-limoges\/actualites\/rencontre-le-1er-octobre-chez-les-soeurs-franciscaines-dans-le-cadre-des-50-ans-de-leglise-saint-francois\/","og_locale":"fr_FR","og_type":"article","og_title":"Rencontre le 1er octobre chez les Soeurs franciscaines dans le cadre des 50 ans de l\u2019\u00e9glise Saint-Fran\u00e7ois - Doyenn\u00e9s du Grand Limoges","og_url":"https:\/\/www.diocese-limoges.fr\/grand-limoges\/actualites\/rencontre-le-1er-octobre-chez-les-soeurs-franciscaines-dans-le-cadre-des-50-ans-de-leglise-saint-francois\/","og_site_name":"Doyenn\u00e9s du Grand Limoges","article_published_time":"2022-09-17T14:11:23+00:00","og_image":[{"url":"https:\/\/www.diocese-limoges.fr\/grand-limoges\/wp-content\/uploads\/sites\/2\/2022\/09\/rencontre_soeurs_franciscaines.png","type":"","width":"","height":""}],"author":"sainteblandine","twitter_card":"summary_large_image","twitter_misc":{"\u00c9crit par":"sainteblandine","Dur\u00e9e de lecture estim\u00e9e":"1 minute"},"schema":{"@context":"https:\/\/schema.org","@graph":[{"@type":"WebPage","@id":"https:\/\/www.diocese-limoges.fr\/grand-limoges\/actualites\/rencontre-le-1er-octobre-chez-les-soeurs-franciscaines-dans-le-cadre-des-50-ans-de-leglise-saint-francois\/","url":"https:\/\/www.diocese-limoges.fr\/grand-limoges\/actualites\/rencontre-le-1er-octobre-chez-les-soeurs-franciscaines-dans-le-cadre-des-50-ans-de-leglise-saint-francois\/","name":"Rencontre le 1er octobre chez les Soeurs franciscaines dans le cadre des 50 ans de l\u2019\u00e9glise Saint-Fran\u00e7ois - Doyenn\u00e9s du Grand Limoges","isPartOf":{"@id":"https:\/\/www.diocese-limoges.fr\/grand-limoges\/#website"},"primaryImageOfPage":{"@id":"https:\/\/www.diocese-limoges.fr\/grand-limoges\/actualites\/rencontre-le-1er-octobre-chez-les-soeurs-franciscaines-dans-le-cadre-des-50-ans-de-leglise-saint-francois\/#primaryimage"},"image":{"@id":"https:\/\/www.diocese-limoges.fr\/grand-limoges\/actualites\/rencontre-le-1er-octobre-chez-les-soeurs-franciscaines-dans-le-cadre-des-50-ans-de-leglise-saint-francois\/#primaryimage"},"thumbnailUrl":"https:\/\/www.diocese-limoges.fr\/grand-limoges\/wp-content\/uploads\/sites\/2\/2022\/09\/rencontre_soeurs_franciscaines.png","datePublished":"2022-09-17T14:11:23+00:00","author":{"@id":"https:\/\/www.diocese-limoges.fr\/grand-limoges\/#\/schema\/person\/d1b2bd681df20bcbda33aab52f4d439e"},"breadcrumb":{"@id":"https:\/\/www.diocese-limoges.fr\/grand-limoges\/actualites\/rencontre-le-1er-octobre-chez-les-soeurs-franciscaines-dans-le-cadre-des-50-ans-de-leglise-saint-francois\/#breadcrumb"},"inLanguage":"fr-FR","potentialAction":[{"@type":"ReadAction","target":["https:\/\/www.diocese-limoges.fr\/grand-limoges\/actualites\/rencontre-le-1er-octobre-chez-les-soeurs-franciscaines-dans-le-cadre-des-50-ans-de-leglise-saint-francois\/"]}]},{"@type":"ImageObject","inLanguage":"fr-FR","@id":"https:\/\/www.diocese-limoges.fr\/grand-limoges\/actualites\/rencontre-le-1er-octobre-chez-les-soeurs-franciscaines-dans-le-cadre-des-50-ans-de-leglise-saint-francois\/#primaryimage","url":"https:\/\/www.diocese-limoges.fr\/grand-limoges\/wp-content\/uploads\/sites\/2\/2022\/09\/rencontre_soeurs_franciscaines.png","contentUrl":"https:\/\/www.diocese-limoges.fr\/grand-limoges\/wp-content\/uploads\/sites\/2\/2022\/09\/rencontre_soeurs_franciscaines.png","width":628,"height":867},{"@type":"BreadcrumbList","@id":"https:\/\/www.diocese-limoges.fr\/grand-limoges\/actualites\/rencontre-le-1er-octobre-chez-les-soeurs-franciscaines-dans-le-cadre-des-50-ans-de-leglise-saint-francois\/#breadcrumb","itemListElement":[{"@type":"ListItem","position":1,"name":"Accueil","item":"https:\/\/www.diocese-limoges.fr\/grand-limoges\/"},{"@type":"ListItem","position":2,"name":"Rencontre le 1er octobre chez les Soeurs franciscaines dans le cadre des 50 ans de l\u2019\u00e9glise Saint-Fran\u00e7ois"}]},{"@type":"WebSite","@id":"https:\/\/www.diocese-limoges.fr\/grand-limoges\/#website","url":"https:\/\/www.diocese-limoges.fr\/grand-limoges\/","name":"Doyenn\u00e9s du Grand Limoges","description":"Dioc\u00e8se de Limoges","potentialAction":[{"@type":"SearchAction","target":{"@type":"EntryPoint","urlTemplate":"https:\/\/www.diocese-limoges.fr\/grand-limoges\/?s={search_term_string}"},"query-input":{"@type":"PropertyValueSpecification","valueRequired":true,"valueName":"search_term_string"}}],"inLanguage":"fr-FR"},{"@type":"Person","@id":"https:\/\/www.diocese-limoges.fr\/grand-limoges\/#\/schema\/person\/d1b2bd681df20bcbda33aab52f4d439e","name":"sainteblandine","image":{"@type":"ImageObject","inLanguage":"fr-FR","@id":"https:\/\/www.diocese-limoges.fr\/grand-limoges\/#\/schema\/person\/image\/","url":"https:\/\/secure.gravatar.com\/avatar\/fcbf0fb73a2512856ae687b0ad20b4c21543dfcf43d572e879d50e5bbc1d8149?s=96&d=mm&r=g","contentUrl":"https:\/\/secure.gravatar.com\/avatar\/fcbf0fb73a2512856ae687b0ad20b4c21543dfcf43d572e879d50e5bbc1d8149?s=96&d=mm&r=g","caption":"sainteblandine"},"url":"https:\/\/www.diocese-limoges.fr\/grand-limoges\/author\/sainteblandine\/"}]}},"_links":{"self":[{"href":"https:\/\/www.diocese-limoges.fr\/grand-limoges\/wp-json\/wp\/v2\/posts\/20900","targetHints":{"allow":["GET"]}}],"collection":[{"href":"https:\/\/www.diocese-limoges.fr\/grand-limoges\/wp-json\/wp\/v2\/posts"}],"about":[{"href":"https:\/\/www.diocese-limoges.fr\/grand-limoges\/wp-json\/wp\/v2\/types\/post"}],"author":[{"embeddable":true,"href":"https:\/\/www.diocese-limoges.fr\/grand-limoges\/wp-json\/wp\/v2\/users\/20"}],"replies":[{"embeddable":true,"href":"https:\/\/www.diocese-limoges.fr\/grand-limoges\/wp-json\/wp\/v2\/comments?post=20900"}],"version-history":[{"count":1,"href":"https:\/\/www.diocese-limoges.fr\/grand-limoges\/wp-json\/wp\/v2\/posts\/20900\/revisions"}],"predecessor-version":[{"id":20901,"href":"https:\/\/www.diocese-limoges.fr\/grand-limoges\/wp-json\/wp\/v2\/posts\/20900\/revisions\/20901"}],"wp:attachment":[{"href":"https:\/\/www.diocese-limoges.fr\/grand-limoges\/wp-json\/wp\/v2\/media?parent=20900"}],"wp:term":[{"taxonomy":"category","embeddable":true,"href":"https:\/\/www.diocese-limoges.fr\/grand-limoges\/wp-json\/wp\/v2\/categories?post=20900"},{"taxonomy":"post_tag","embeddable":true,"href":"https:\/\/www.diocese-limoges.fr\/grand-limoges\/wp-json\/wp\/v2\/tags?post=20900"}],"curies":[{"name":"wp","href":"https:\/\/api.w.org\/{rel}","templated":true}]}}