{"id":20905,"date":"2022-10-03T15:54:55","date_gmt":"2022-10-03T13:54:55","guid":{"rendered":"https:\/\/www.diocese-limoges.fr\/grand-limoges\/?p=20905"},"modified":"2022-10-03T15:54:56","modified_gmt":"2022-10-03T13:54:56","slug":"exposition-le-monde-comme-un-jardin","status":"publish","type":"post","link":"https:\/\/www.diocese-limoges.fr\/grand-limoges\/actualites\/exposition-le-monde-comme-un-jardin\/","title":{"rendered":"Exposition : Le monde comme un jardin"},"content":{"rendered":"\n<p class=\"has-large-font-size\"><strong>Cultiver la terre, cultiver l&rsquo;humain : une question de sens&#8230;<\/strong><\/p>\n\n\n\n<p><strong><em>Tout jardin exprime une vision du monde, un rapport particulier \u00e0 la terre et une compr\u00e9hension de soi et d\u2019autrui, une organisation par rapport \u00e0 la terre et \u00e0 l&rsquo;environnement, y compris l&rsquo;environnement social. Cette exposition, structur\u00e9e autour de quatre p\u00f4les,  propose d\u2019explorer les dimensions spirituelles de ces relations \u00e0 travers des jardins de diff\u00e9rentes \u00e9poques et diff\u00e9rentes cultures : Cultiver et garder, Jardin et lien social, Jardin int\u00e9rieur et Visions du monde<\/em><\/strong> <\/p>\n\n\n\n<p><strong><em>Chaque panneau, tr\u00e8s illustr\u00e9, invite \u00e0 d\u00e9couvrir, \u00e0 comprendre<\/em><\/strong> <strong><em>et \u00e0 r\u00e9fl\u00e9chir \u00e0 l&rsquo;aide de citations et de questions.<\/em><\/strong><\/p>\n\n\n\n<div class=\"wp-block-columns is-layout-flex wp-container-core-columns-is-layout-28f84493 wp-block-columns-is-layout-flex\">\n<div class=\"wp-block-column is-vertically-aligned-center is-layout-flow wp-block-column-is-layout-flow\">\n<figure class=\"wp-block-image size-full is-resized\"><img loading=\"lazy\" decoding=\"async\" src=\"https:\/\/www.diocese-limoges.fr\/grand-limoges\/wp-content\/uploads\/sites\/2\/2022\/08\/2022-logo-eglise-verte-colombe.jpg\" alt=\"\" class=\"wp-image-20806\" width=\"197\" height=\"111\" \/><\/figure>\n\n\n\n<p class=\"has-text-align-center\" style=\"font-size:26px\"><strong>Exposition du 2 au 13 octobre <\/strong><\/p>\n\n\n\n<p class=\"has-text-align-center\" style=\"font-size:26px\"><strong>Salle du Faubourien 121 rue des Tuili\u00e8res<\/strong><\/p>\n\n\n\n<p class=\"has-text-align-center\" style=\"font-size:26px\"><strong>ouverte du lundi au samedi de 16h \u00e0 18h30<\/strong><\/p>\n\n\n\n<p class=\"has-text-align-center\" style=\"font-size:26px\"><strong> et les mercredis et samedi de 10h \u00e0 12h<\/strong><br><strong> \u2013 Entr\u00e9e libre<\/strong> &#8211;<\/p>\n<\/div>\n\n\n\n<div class=\"wp-block-column is-layout-flow wp-block-column-is-layout-flow\">\n<figure class=\"wp-block-image size-full is-resized\"><img loading=\"lazy\" decoding=\"async\" src=\"https:\/\/www.diocese-limoges.fr\/grand-limoges\/wp-content\/uploads\/sites\/2\/2022\/09\/le-monde-comme-un-jardin.jpg\" alt=\"\" class=\"wp-image-20906\" width=\"506\" height=\"460\" srcset=\"https:\/\/www.diocese-limoges.fr\/grand-limoges\/wp-content\/uploads\/sites\/2\/2022\/09\/le-monde-comme-un-jardin.jpg 768w, https:\/\/www.diocese-limoges.fr\/grand-limoges\/wp-content\/uploads\/sites\/2\/2022\/09\/le-monde-comme-un-jardin-300x273.jpg 300w\" sizes=\"auto, (max-width: 506px) 100vw, 506px\" \/><\/figure>\n<\/div>\n<\/div>\n","protected":false},"excerpt":{"rendered":"<p>Cultiver la terre, cultiver l&rsquo;humain : une question de sens&#8230; Tout jardin exprime une vision du monde, un rapport particulier \u00e0 la terre et une compr\u00e9hension de soi et d\u2019autrui, une organisation par rapport \u00e0 la terre et \u00e0 l&rsquo;environnement, y compris l&rsquo;environnement social. Cette exposition, structur\u00e9e autour de quatre p\u00f4les, propose d\u2019explorer les dimensions [&hellip;]<\/p>\n","protected":false},"author":10,"featured_media":20907,"comment_status":"closed","ping_status":"open","sticky":false,"template":"","format":"standard","meta":{"_acf_changed":false,"footnotes":""},"categories":[1],"tags":[],"class_list":["post-20905","post","type-post","status-publish","format-standard","has-post-thumbnail","hentry","category-grand-limoges"],"acf":[],"yoast_head":"<!-- This site is optimized with the Yoast SEO plugin v26.4 - https:\/\/yoast.com\/wordpress\/plugins\/seo\/ -->\n<title>Exposition : Le monde comme un jardin - Doyenn\u00e9s du Grand Limoges<\/title>\n<meta name=\"robots\" content=\"index, follow, max-snippet:-1, max-image-preview:large, max-video-preview:-1\" \/>\n<link rel=\"canonical\" href=\"https:\/\/www.diocese-limoges.fr\/grand-limoges\/actualites\/exposition-le-monde-comme-un-jardin\/\" \/>\n<meta property=\"og:locale\" content=\"fr_FR\" \/>\n<meta property=\"og:type\" content=\"article\" \/>\n<meta property=\"og:title\" content=\"Exposition : Le monde comme un jardin - Doyenn\u00e9s du Grand Limoges\" \/>\n<meta property=\"og:description\" content=\"Cultiver la terre, cultiver l&rsquo;humain : une question de sens&#8230; Tout jardin exprime une vision du monde, un rapport particulier \u00e0 la terre et une compr\u00e9hension de soi et d\u2019autrui, une organisation par rapport \u00e0 la terre et \u00e0 l&rsquo;environnement, y compris l&rsquo;environnement social. Cette exposition, structur\u00e9e autour de quatre p\u00f4les, propose d\u2019explorer les dimensions [&hellip;]\" \/>\n<meta property=\"og:url\" content=\"https:\/\/www.diocese-limoges.fr\/grand-limoges\/actualites\/exposition-le-monde-comme-un-jardin\/\" \/>\n<meta property=\"og:site_name\" content=\"Doyenn\u00e9s du Grand Limoges\" \/>\n<meta property=\"article:published_time\" content=\"2022-10-03T13:54:55+00:00\" \/>\n<meta property=\"article:modified_time\" content=\"2022-10-03T13:54:56+00:00\" \/>\n<meta property=\"og:image\" content=\"https:\/\/www.diocese-limoges.fr\/grand-limoges\/wp-content\/uploads\/sites\/2\/2022\/09\/jardin0-scaled-e1663877668168.jpg\" \/>\n\t<meta property=\"og:image:width\" content=\"2560\" \/>\n\t<meta property=\"og:image:height\" content=\"729\" \/>\n\t<meta property=\"og:image:type\" content=\"image\/jpeg\" \/>\n<meta name=\"author\" content=\"sainteloi\" \/>\n<meta name=\"twitter:card\" content=\"summary_large_image\" \/>\n<meta name=\"twitter:label1\" content=\"\u00c9crit par\" \/>\n\t<meta name=\"twitter:data1\" content=\"sainteloi\" \/>\n\t<meta name=\"twitter:label2\" content=\"Dur\u00e9e de lecture estim\u00e9e\" \/>\n\t<meta name=\"twitter:data2\" content=\"2 minutes\" \/>\n<script type=\"application\/ld+json\" class=\"yoast-schema-graph\">{\"@context\":\"https:\/\/schema.org\",\"@graph\":[{\"@type\":\"WebPage\",\"@id\":\"https:\/\/www.diocese-limoges.fr\/grand-limoges\/actualites\/exposition-le-monde-comme-un-jardin\/\",\"url\":\"https:\/\/www.diocese-limoges.fr\/grand-limoges\/actualites\/exposition-le-monde-comme-un-jardin\/\",\"name\":\"Exposition : Le monde comme un jardin - Doyenn\u00e9s du Grand Limoges\",\"isPartOf\":{\"@id\":\"https:\/\/www.diocese-limoges.fr\/grand-limoges\/#website\"},\"primaryImageOfPage\":{\"@id\":\"https:\/\/www.diocese-limoges.fr\/grand-limoges\/actualites\/exposition-le-monde-comme-un-jardin\/#primaryimage\"},\"image\":{\"@id\":\"https:\/\/www.diocese-limoges.fr\/grand-limoges\/actualites\/exposition-le-monde-comme-un-jardin\/#primaryimage\"},\"thumbnailUrl\":\"https:\/\/www.diocese-limoges.fr\/grand-limoges\/wp-content\/uploads\/sites\/2\/2022\/09\/jardin0-scaled-e1663877668168.jpg\",\"datePublished\":\"2022-10-03T13:54:55+00:00\",\"dateModified\":\"2022-10-03T13:54:56+00:00\",\"author\":{\"@id\":\"https:\/\/www.diocese-limoges.fr\/grand-limoges\/#\/schema\/person\/0efea0b864bcc9f6b627e8556173122f\"},\"breadcrumb\":{\"@id\":\"https:\/\/www.diocese-limoges.fr\/grand-limoges\/actualites\/exposition-le-monde-comme-un-jardin\/#breadcrumb\"},\"inLanguage\":\"fr-FR\",\"potentialAction\":[{\"@type\":\"ReadAction\",\"target\":[\"https:\/\/www.diocese-limoges.fr\/grand-limoges\/actualites\/exposition-le-monde-comme-un-jardin\/\"]}]},{\"@type\":\"ImageObject\",\"inLanguage\":\"fr-FR\",\"@id\":\"https:\/\/www.diocese-limoges.fr\/grand-limoges\/actualites\/exposition-le-monde-comme-un-jardin\/#primaryimage\",\"url\":\"https:\/\/www.diocese-limoges.fr\/grand-limoges\/wp-content\/uploads\/sites\/2\/2022\/09\/jardin0-scaled-e1663877668168.jpg\",\"contentUrl\":\"https:\/\/www.diocese-limoges.fr\/grand-limoges\/wp-content\/uploads\/sites\/2\/2022\/09\/jardin0-scaled-e1663877668168.jpg\",\"width\":2560,\"height\":729},{\"@type\":\"BreadcrumbList\",\"@id\":\"https:\/\/www.diocese-limoges.fr\/grand-limoges\/actualites\/exposition-le-monde-comme-un-jardin\/#breadcrumb\",\"itemListElement\":[{\"@type\":\"ListItem\",\"position\":1,\"name\":\"Accueil\",\"item\":\"https:\/\/www.diocese-limoges.fr\/grand-limoges\/\"},{\"@type\":\"ListItem\",\"position\":2,\"name\":\"Exposition : Le monde comme un jardin\"}]},{\"@type\":\"WebSite\",\"@id\":\"https:\/\/www.diocese-limoges.fr\/grand-limoges\/#website\",\"url\":\"https:\/\/www.diocese-limoges.fr\/grand-limoges\/\",\"name\":\"Doyenn\u00e9s du Grand Limoges\",\"description\":\"Dioc\u00e8se de Limoges\",\"potentialAction\":[{\"@type\":\"SearchAction\",\"target\":{\"@type\":\"EntryPoint\",\"urlTemplate\":\"https:\/\/www.diocese-limoges.fr\/grand-limoges\/?s={search_term_string}\"},\"query-input\":{\"@type\":\"PropertyValueSpecification\",\"valueRequired\":true,\"valueName\":\"search_term_string\"}}],\"inLanguage\":\"fr-FR\"},{\"@type\":\"Person\",\"@id\":\"https:\/\/www.diocese-limoges.fr\/grand-limoges\/#\/schema\/person\/0efea0b864bcc9f6b627e8556173122f\",\"name\":\"sainteloi\",\"image\":{\"@type\":\"ImageObject\",\"inLanguage\":\"fr-FR\",\"@id\":\"https:\/\/www.diocese-limoges.fr\/grand-limoges\/#\/schema\/person\/image\/\",\"url\":\"https:\/\/secure.gravatar.com\/avatar\/36135729350d5be2cbc7cc4c88ae11bede1a4fa8b76937e48682433dac7a0c52?s=96&d=mm&r=g\",\"contentUrl\":\"https:\/\/secure.gravatar.com\/avatar\/36135729350d5be2cbc7cc4c88ae11bede1a4fa8b76937e48682433dac7a0c52?s=96&d=mm&r=g\",\"caption\":\"sainteloi\"},\"url\":\"https:\/\/www.diocese-limoges.fr\/grand-limoges\/author\/sainteloi\/\"}]}<\/script>\n<!-- \/ Yoast SEO plugin. -->","yoast_head_json":{"title":"Exposition : Le monde comme un jardin - Doyenn\u00e9s du Grand Limoges","robots":{"index":"index","follow":"follow","max-snippet":"max-snippet:-1","max-image-preview":"max-image-preview:large","max-video-preview":"max-video-preview:-1"},"canonical":"https:\/\/www.diocese-limoges.fr\/grand-limoges\/actualites\/exposition-le-monde-comme-un-jardin\/","og_locale":"fr_FR","og_type":"article","og_title":"Exposition : Le monde comme un jardin - Doyenn\u00e9s du Grand Limoges","og_description":"Cultiver la terre, cultiver l&rsquo;humain : une question de sens&#8230; Tout jardin exprime une vision du monde, un rapport particulier \u00e0 la terre et une compr\u00e9hension de soi et d\u2019autrui, une organisation par rapport \u00e0 la terre et \u00e0 l&rsquo;environnement, y compris l&rsquo;environnement social. Cette exposition, structur\u00e9e autour de quatre p\u00f4les, propose d\u2019explorer les dimensions [&hellip;]","og_url":"https:\/\/www.diocese-limoges.fr\/grand-limoges\/actualites\/exposition-le-monde-comme-un-jardin\/","og_site_name":"Doyenn\u00e9s du Grand Limoges","article_published_time":"2022-10-03T13:54:55+00:00","article_modified_time":"2022-10-03T13:54:56+00:00","og_image":[{"width":2560,"height":729,"url":"https:\/\/www.diocese-limoges.fr\/grand-limoges\/wp-content\/uploads\/sites\/2\/2022\/09\/jardin0-scaled-e1663877668168.jpg","type":"image\/jpeg"}],"author":"sainteloi","twitter_card":"summary_large_image","twitter_misc":{"\u00c9crit par":"sainteloi","Dur\u00e9e de lecture estim\u00e9e":"2 minutes"},"schema":{"@context":"https:\/\/schema.org","@graph":[{"@type":"WebPage","@id":"https:\/\/www.diocese-limoges.fr\/grand-limoges\/actualites\/exposition-le-monde-comme-un-jardin\/","url":"https:\/\/www.diocese-limoges.fr\/grand-limoges\/actualites\/exposition-le-monde-comme-un-jardin\/","name":"Exposition : Le monde comme un jardin - Doyenn\u00e9s du Grand Limoges","isPartOf":{"@id":"https:\/\/www.diocese-limoges.fr\/grand-limoges\/#website"},"primaryImageOfPage":{"@id":"https:\/\/www.diocese-limoges.fr\/grand-limoges\/actualites\/exposition-le-monde-comme-un-jardin\/#primaryimage"},"image":{"@id":"https:\/\/www.diocese-limoges.fr\/grand-limoges\/actualites\/exposition-le-monde-comme-un-jardin\/#primaryimage"},"thumbnailUrl":"https:\/\/www.diocese-limoges.fr\/grand-limoges\/wp-content\/uploads\/sites\/2\/2022\/09\/jardin0-scaled-e1663877668168.jpg","datePublished":"2022-10-03T13:54:55+00:00","dateModified":"2022-10-03T13:54:56+00:00","author":{"@id":"https:\/\/www.diocese-limoges.fr\/grand-limoges\/#\/schema\/person\/0efea0b864bcc9f6b627e8556173122f"},"breadcrumb":{"@id":"https:\/\/www.diocese-limoges.fr\/grand-limoges\/actualites\/exposition-le-monde-comme-un-jardin\/#breadcrumb"},"inLanguage":"fr-FR","potentialAction":[{"@type":"ReadAction","target":["https:\/\/www.diocese-limoges.fr\/grand-limoges\/actualites\/exposition-le-monde-comme-un-jardin\/"]}]},{"@type":"ImageObject","inLanguage":"fr-FR","@id":"https:\/\/www.diocese-limoges.fr\/grand-limoges\/actualites\/exposition-le-monde-comme-un-jardin\/#primaryimage","url":"https:\/\/www.diocese-limoges.fr\/grand-limoges\/wp-content\/uploads\/sites\/2\/2022\/09\/jardin0-scaled-e1663877668168.jpg","contentUrl":"https:\/\/www.diocese-limoges.fr\/grand-limoges\/wp-content\/uploads\/sites\/2\/2022\/09\/jardin0-scaled-e1663877668168.jpg","width":2560,"height":729},{"@type":"BreadcrumbList","@id":"https:\/\/www.diocese-limoges.fr\/grand-limoges\/actualites\/exposition-le-monde-comme-un-jardin\/#breadcrumb","itemListElement":[{"@type":"ListItem","position":1,"name":"Accueil","item":"https:\/\/www.diocese-limoges.fr\/grand-limoges\/"},{"@type":"ListItem","position":2,"name":"Exposition : Le monde comme un jardin"}]},{"@type":"WebSite","@id":"https:\/\/www.diocese-limoges.fr\/grand-limoges\/#website","url":"https:\/\/www.diocese-limoges.fr\/grand-limoges\/","name":"Doyenn\u00e9s du Grand Limoges","description":"Dioc\u00e8se de Limoges","potentialAction":[{"@type":"SearchAction","target":{"@type":"EntryPoint","urlTemplate":"https:\/\/www.diocese-limoges.fr\/grand-limoges\/?s={search_term_string}"},"query-input":{"@type":"PropertyValueSpecification","valueRequired":true,"valueName":"search_term_string"}}],"inLanguage":"fr-FR"},{"@type":"Person","@id":"https:\/\/www.diocese-limoges.fr\/grand-limoges\/#\/schema\/person\/0efea0b864bcc9f6b627e8556173122f","name":"sainteloi","image":{"@type":"ImageObject","inLanguage":"fr-FR","@id":"https:\/\/www.diocese-limoges.fr\/grand-limoges\/#\/schema\/person\/image\/","url":"https:\/\/secure.gravatar.com\/avatar\/36135729350d5be2cbc7cc4c88ae11bede1a4fa8b76937e48682433dac7a0c52?s=96&d=mm&r=g","contentUrl":"https:\/\/secure.gravatar.com\/avatar\/36135729350d5be2cbc7cc4c88ae11bede1a4fa8b76937e48682433dac7a0c52?s=96&d=mm&r=g","caption":"sainteloi"},"url":"https:\/\/www.diocese-limoges.fr\/grand-limoges\/author\/sainteloi\/"}]}},"_links":{"self":[{"href":"https:\/\/www.diocese-limoges.fr\/grand-limoges\/wp-json\/wp\/v2\/posts\/20905","targetHints":{"allow":["GET"]}}],"collection":[{"href":"https:\/\/www.diocese-limoges.fr\/grand-limoges\/wp-json\/wp\/v2\/posts"}],"about":[{"href":"https:\/\/www.diocese-limoges.fr\/grand-limoges\/wp-json\/wp\/v2\/types\/post"}],"author":[{"embeddable":true,"href":"https:\/\/www.diocese-limoges.fr\/grand-limoges\/wp-json\/wp\/v2\/users\/10"}],"replies":[{"embeddable":true,"href":"https:\/\/www.diocese-limoges.fr\/grand-limoges\/wp-json\/wp\/v2\/comments?post=20905"}],"version-history":[{"count":6,"href":"https:\/\/www.diocese-limoges.fr\/grand-limoges\/wp-json\/wp\/v2\/posts\/20905\/revisions"}],"predecessor-version":[{"id":20919,"href":"https:\/\/www.diocese-limoges.fr\/grand-limoges\/wp-json\/wp\/v2\/posts\/20905\/revisions\/20919"}],"wp:featuredmedia":[{"embeddable":true,"href":"https:\/\/www.diocese-limoges.fr\/grand-limoges\/wp-json\/wp\/v2\/media\/20907"}],"wp:attachment":[{"href":"https:\/\/www.diocese-limoges.fr\/grand-limoges\/wp-json\/wp\/v2\/media?parent=20905"}],"wp:term":[{"taxonomy":"category","embeddable":true,"href":"https:\/\/www.diocese-limoges.fr\/grand-limoges\/wp-json\/wp\/v2\/categories?post=20905"},{"taxonomy":"post_tag","embeddable":true,"href":"https:\/\/www.diocese-limoges.fr\/grand-limoges\/wp-json\/wp\/v2\/tags?post=20905"}],"curies":[{"name":"wp","href":"https:\/\/api.w.org\/{rel}","templated":true}]}}