{"id":21094,"date":"2022-10-28T01:07:19","date_gmt":"2022-10-27T23:07:19","guid":{"rendered":"https:\/\/www.diocese-limoges.fr\/grand-limoges\/?p=21094"},"modified":"2022-10-28T01:21:56","modified_gmt":"2022-10-27T23:21:56","slug":"au-theatre-ce-soir-au-profit-de-la-paroisse","status":"publish","type":"post","link":"https:\/\/www.diocese-limoges.fr\/grand-limoges\/actualites\/au-theatre-ce-soir-au-profit-de-la-paroisse\/","title":{"rendered":"\u00ab\u00a0Au th\u00e9\u00e2tre ce soir\u00a0\u00bb&#8230; au profit de la paroisse !"},"content":{"rendered":"\n<p><\/p>\n\n\n\n<div class=\"wp-block-columns is-layout-flex wp-container-core-columns-is-layout-28f84493 wp-block-columns-is-layout-flex\">\n<div class=\"wp-block-column is-layout-flow wp-block-column-is-layout-flow\" style=\"flex-basis:66.66%\">\n<p>I<strong>ls sont toujours l\u00e0<\/strong>&#8230;La COVID 19 les a emp\u00each\u00e9s de jouer deux ans de suite, mais en novembre 2022, <strong>la troupe des Faubouriens<\/strong> vous r\u00e9serve des surprises&nbsp;!<\/p>\n\n\n\n<p>Il ne vous viendrait pas \u00e0 l\u2019esprit de laisser la cl\u00e9 de votre appartement ou de votre maison \u00e0 plein de monde. Sauf si vous \u00eates un adepte de la f\u00eate permanente. C\u2019est le cas de Paul et tout ce petit monde va se croiser, se m\u00e9langer. Si vous voulez savoir comment cela va se vivre et surtout se terminer, nous vous donnons rendez-vous \u00e0 la salle du Faubourien, 121 rue des Tuili\u00e8res \u00e0 Limoges les 4, 5 et 12 novembre \u00e0 20 h 30, et 6, 11, et 13 novembre \u00e0 14 h 30. Vous pourrez y applaudir <strong>\u00ab\u00a0Paul m\u2019a laiss\u00e9 sa cl\u00e9\u00a0\u00bb, une pi\u00e8ce en deux actes de Fran\u00e7ois Scharre.<\/strong><\/p>\n\n\n\n<p>Vous ne regretterez pas ce moment de d\u00e9tente, de joie et d\u2019humour.<\/p>\n\n\n\n<p><strong>Nous jouons au profit de la Paroisse Saint-Eloi des Hauts de l\u2019Aurence  les 4 et 6 novembre et de diff\u00e9rentes associations aux autres dates<\/strong>\u00a0. JR<\/p>\n<\/div>\n\n\n\n<div class=\"wp-block-column is-layout-flow wp-block-column-is-layout-flow\" style=\"flex-basis:33.33%\">\n<figure class=\"wp-block-image size-large\"><img loading=\"lazy\" decoding=\"async\" width=\"724\" height=\"1024\" src=\"https:\/\/www.diocese-limoges.fr\/grand-limoges\/wp-content\/uploads\/sites\/2\/2022\/10\/theatre22_paroisse-724x1024.jpg\" alt=\"\" class=\"wp-image-21095\" srcset=\"https:\/\/www.diocese-limoges.fr\/grand-limoges\/wp-content\/uploads\/sites\/2\/2022\/10\/theatre22_paroisse-724x1024.jpg 724w, https:\/\/www.diocese-limoges.fr\/grand-limoges\/wp-content\/uploads\/sites\/2\/2022\/10\/theatre22_paroisse-212x300.jpg 212w, https:\/\/www.diocese-limoges.fr\/grand-limoges\/wp-content\/uploads\/sites\/2\/2022\/10\/theatre22_paroisse-768x1086.jpg 768w, https:\/\/www.diocese-limoges.fr\/grand-limoges\/wp-content\/uploads\/sites\/2\/2022\/10\/theatre22_paroisse-1086x1536.jpg 1086w, https:\/\/www.diocese-limoges.fr\/grand-limoges\/wp-content\/uploads\/sites\/2\/2022\/10\/theatre22_paroisse-1448x2048.jpg 1448w, https:\/\/www.diocese-limoges.fr\/grand-limoges\/wp-content\/uploads\/sites\/2\/2022\/10\/theatre22_paroisse-scaled.jpg 1810w\" sizes=\"auto, (max-width: 724px) 100vw, 724px\" \/><\/figure>\n<\/div>\n<\/div>\n","protected":false},"excerpt":{"rendered":"<p>Ils sont toujours l\u00e0&#8230;La COVID 19 les a emp\u00each\u00e9s de jouer deux ans de suite, mais en novembre 2022, la troupe des Faubouriens vous r\u00e9serve des surprises&nbsp;! Il ne vous viendrait pas \u00e0 l\u2019esprit de laisser la cl\u00e9 de votre appartement ou de votre maison \u00e0 plein de monde. Sauf si vous \u00eates un adepte [&hellip;]<\/p>\n","protected":false},"author":10,"featured_media":21098,"comment_status":"closed","ping_status":"open","sticky":false,"template":"","format":"standard","meta":{"_acf_changed":false,"footnotes":""},"categories":[1],"tags":[],"class_list":["post-21094","post","type-post","status-publish","format-standard","has-post-thumbnail","hentry","category-grand-limoges"],"acf":[],"yoast_head":"<!-- This site is optimized with the Yoast SEO plugin v26.4 - https:\/\/yoast.com\/wordpress\/plugins\/seo\/ -->\n<title>&quot;Au th\u00e9\u00e2tre ce soir&quot;... au profit de la paroisse ! - Doyenn\u00e9s du Grand Limoges<\/title>\n<meta name=\"robots\" content=\"index, follow, max-snippet:-1, max-image-preview:large, max-video-preview:-1\" \/>\n<link rel=\"canonical\" href=\"https:\/\/www.diocese-limoges.fr\/grand-limoges\/actualites\/au-theatre-ce-soir-au-profit-de-la-paroisse\/\" \/>\n<meta property=\"og:locale\" content=\"fr_FR\" \/>\n<meta property=\"og:type\" content=\"article\" \/>\n<meta property=\"og:title\" content=\"&quot;Au th\u00e9\u00e2tre ce soir&quot;... au profit de la paroisse ! - Doyenn\u00e9s du Grand Limoges\" \/>\n<meta property=\"og:description\" content=\"Ils sont toujours l\u00e0&#8230;La COVID 19 les a emp\u00each\u00e9s de jouer deux ans de suite, mais en novembre 2022, la troupe des Faubouriens vous r\u00e9serve des surprises&nbsp;! Il ne vous viendrait pas \u00e0 l\u2019esprit de laisser la cl\u00e9 de votre appartement ou de votre maison \u00e0 plein de monde. Sauf si vous \u00eates un adepte [&hellip;]\" \/>\n<meta property=\"og:url\" content=\"https:\/\/www.diocese-limoges.fr\/grand-limoges\/actualites\/au-theatre-ce-soir-au-profit-de-la-paroisse\/\" \/>\n<meta property=\"og:site_name\" content=\"Doyenn\u00e9s du Grand Limoges\" \/>\n<meta property=\"article:published_time\" content=\"2022-10-27T23:07:19+00:00\" \/>\n<meta property=\"article:modified_time\" content=\"2022-10-27T23:21:56+00:00\" \/>\n<meta property=\"og:image\" content=\"https:\/\/www.diocese-limoges.fr\/grand-limoges\/wp-content\/uploads\/sites\/2\/2022\/10\/theatre-2.jpeg\" \/>\n\t<meta property=\"og:image:width\" content=\"221\" \/>\n\t<meta property=\"og:image:height\" content=\"131\" \/>\n\t<meta property=\"og:image:type\" content=\"image\/jpeg\" \/>\n<meta name=\"author\" content=\"sainteloi\" \/>\n<meta name=\"twitter:card\" content=\"summary_large_image\" \/>\n<meta name=\"twitter:label1\" content=\"\u00c9crit par\" \/>\n\t<meta name=\"twitter:data1\" content=\"sainteloi\" \/>\n\t<meta name=\"twitter:label2\" content=\"Dur\u00e9e de lecture estim\u00e9e\" \/>\n\t<meta name=\"twitter:data2\" content=\"2 minutes\" \/>\n<script type=\"application\/ld+json\" class=\"yoast-schema-graph\">{\"@context\":\"https:\/\/schema.org\",\"@graph\":[{\"@type\":\"WebPage\",\"@id\":\"https:\/\/www.diocese-limoges.fr\/grand-limoges\/actualites\/au-theatre-ce-soir-au-profit-de-la-paroisse\/\",\"url\":\"https:\/\/www.diocese-limoges.fr\/grand-limoges\/actualites\/au-theatre-ce-soir-au-profit-de-la-paroisse\/\",\"name\":\"\\\"Au th\u00e9\u00e2tre ce soir\\\"... au profit de la paroisse ! - Doyenn\u00e9s du Grand Limoges\",\"isPartOf\":{\"@id\":\"https:\/\/www.diocese-limoges.fr\/grand-limoges\/#website\"},\"primaryImageOfPage\":{\"@id\":\"https:\/\/www.diocese-limoges.fr\/grand-limoges\/actualites\/au-theatre-ce-soir-au-profit-de-la-paroisse\/#primaryimage\"},\"image\":{\"@id\":\"https:\/\/www.diocese-limoges.fr\/grand-limoges\/actualites\/au-theatre-ce-soir-au-profit-de-la-paroisse\/#primaryimage\"},\"thumbnailUrl\":\"https:\/\/www.diocese-limoges.fr\/grand-limoges\/wp-content\/uploads\/sites\/2\/2022\/10\/theatre-2.jpeg\",\"datePublished\":\"2022-10-27T23:07:19+00:00\",\"dateModified\":\"2022-10-27T23:21:56+00:00\",\"author\":{\"@id\":\"https:\/\/www.diocese-limoges.fr\/grand-limoges\/#\/schema\/person\/0efea0b864bcc9f6b627e8556173122f\"},\"breadcrumb\":{\"@id\":\"https:\/\/www.diocese-limoges.fr\/grand-limoges\/actualites\/au-theatre-ce-soir-au-profit-de-la-paroisse\/#breadcrumb\"},\"inLanguage\":\"fr-FR\",\"potentialAction\":[{\"@type\":\"ReadAction\",\"target\":[\"https:\/\/www.diocese-limoges.fr\/grand-limoges\/actualites\/au-theatre-ce-soir-au-profit-de-la-paroisse\/\"]}]},{\"@type\":\"ImageObject\",\"inLanguage\":\"fr-FR\",\"@id\":\"https:\/\/www.diocese-limoges.fr\/grand-limoges\/actualites\/au-theatre-ce-soir-au-profit-de-la-paroisse\/#primaryimage\",\"url\":\"https:\/\/www.diocese-limoges.fr\/grand-limoges\/wp-content\/uploads\/sites\/2\/2022\/10\/theatre-2.jpeg\",\"contentUrl\":\"https:\/\/www.diocese-limoges.fr\/grand-limoges\/wp-content\/uploads\/sites\/2\/2022\/10\/theatre-2.jpeg\",\"width\":221,\"height\":131},{\"@type\":\"BreadcrumbList\",\"@id\":\"https:\/\/www.diocese-limoges.fr\/grand-limoges\/actualites\/au-theatre-ce-soir-au-profit-de-la-paroisse\/#breadcrumb\",\"itemListElement\":[{\"@type\":\"ListItem\",\"position\":1,\"name\":\"Accueil\",\"item\":\"https:\/\/www.diocese-limoges.fr\/grand-limoges\/\"},{\"@type\":\"ListItem\",\"position\":2,\"name\":\"\u00ab\u00a0Au th\u00e9\u00e2tre ce soir\u00a0\u00bb&#8230; au profit de la paroisse !\"}]},{\"@type\":\"WebSite\",\"@id\":\"https:\/\/www.diocese-limoges.fr\/grand-limoges\/#website\",\"url\":\"https:\/\/www.diocese-limoges.fr\/grand-limoges\/\",\"name\":\"Doyenn\u00e9s du Grand Limoges\",\"description\":\"Dioc\u00e8se de Limoges\",\"potentialAction\":[{\"@type\":\"SearchAction\",\"target\":{\"@type\":\"EntryPoint\",\"urlTemplate\":\"https:\/\/www.diocese-limoges.fr\/grand-limoges\/?s={search_term_string}\"},\"query-input\":{\"@type\":\"PropertyValueSpecification\",\"valueRequired\":true,\"valueName\":\"search_term_string\"}}],\"inLanguage\":\"fr-FR\"},{\"@type\":\"Person\",\"@id\":\"https:\/\/www.diocese-limoges.fr\/grand-limoges\/#\/schema\/person\/0efea0b864bcc9f6b627e8556173122f\",\"name\":\"sainteloi\",\"image\":{\"@type\":\"ImageObject\",\"inLanguage\":\"fr-FR\",\"@id\":\"https:\/\/www.diocese-limoges.fr\/grand-limoges\/#\/schema\/person\/image\/\",\"url\":\"https:\/\/secure.gravatar.com\/avatar\/36135729350d5be2cbc7cc4c88ae11bede1a4fa8b76937e48682433dac7a0c52?s=96&d=mm&r=g\",\"contentUrl\":\"https:\/\/secure.gravatar.com\/avatar\/36135729350d5be2cbc7cc4c88ae11bede1a4fa8b76937e48682433dac7a0c52?s=96&d=mm&r=g\",\"caption\":\"sainteloi\"},\"url\":\"https:\/\/www.diocese-limoges.fr\/grand-limoges\/author\/sainteloi\/\"}]}<\/script>\n<!-- \/ Yoast SEO plugin. -->","yoast_head_json":{"title":"\"Au th\u00e9\u00e2tre ce soir\"... au profit de la paroisse ! - Doyenn\u00e9s du Grand Limoges","robots":{"index":"index","follow":"follow","max-snippet":"max-snippet:-1","max-image-preview":"max-image-preview:large","max-video-preview":"max-video-preview:-1"},"canonical":"https:\/\/www.diocese-limoges.fr\/grand-limoges\/actualites\/au-theatre-ce-soir-au-profit-de-la-paroisse\/","og_locale":"fr_FR","og_type":"article","og_title":"\"Au th\u00e9\u00e2tre ce soir\"... au profit de la paroisse ! - Doyenn\u00e9s du Grand Limoges","og_description":"Ils sont toujours l\u00e0&#8230;La COVID 19 les a emp\u00each\u00e9s de jouer deux ans de suite, mais en novembre 2022, la troupe des Faubouriens vous r\u00e9serve des surprises&nbsp;! Il ne vous viendrait pas \u00e0 l\u2019esprit de laisser la cl\u00e9 de votre appartement ou de votre maison \u00e0 plein de monde. Sauf si vous \u00eates un adepte [&hellip;]","og_url":"https:\/\/www.diocese-limoges.fr\/grand-limoges\/actualites\/au-theatre-ce-soir-au-profit-de-la-paroisse\/","og_site_name":"Doyenn\u00e9s du Grand Limoges","article_published_time":"2022-10-27T23:07:19+00:00","article_modified_time":"2022-10-27T23:21:56+00:00","og_image":[{"width":221,"height":131,"url":"https:\/\/www.diocese-limoges.fr\/grand-limoges\/wp-content\/uploads\/sites\/2\/2022\/10\/theatre-2.jpeg","type":"image\/jpeg"}],"author":"sainteloi","twitter_card":"summary_large_image","twitter_misc":{"\u00c9crit par":"sainteloi","Dur\u00e9e de lecture estim\u00e9e":"2 minutes"},"schema":{"@context":"https:\/\/schema.org","@graph":[{"@type":"WebPage","@id":"https:\/\/www.diocese-limoges.fr\/grand-limoges\/actualites\/au-theatre-ce-soir-au-profit-de-la-paroisse\/","url":"https:\/\/www.diocese-limoges.fr\/grand-limoges\/actualites\/au-theatre-ce-soir-au-profit-de-la-paroisse\/","name":"\"Au th\u00e9\u00e2tre ce soir\"... au profit de la paroisse ! - Doyenn\u00e9s du Grand Limoges","isPartOf":{"@id":"https:\/\/www.diocese-limoges.fr\/grand-limoges\/#website"},"primaryImageOfPage":{"@id":"https:\/\/www.diocese-limoges.fr\/grand-limoges\/actualites\/au-theatre-ce-soir-au-profit-de-la-paroisse\/#primaryimage"},"image":{"@id":"https:\/\/www.diocese-limoges.fr\/grand-limoges\/actualites\/au-theatre-ce-soir-au-profit-de-la-paroisse\/#primaryimage"},"thumbnailUrl":"https:\/\/www.diocese-limoges.fr\/grand-limoges\/wp-content\/uploads\/sites\/2\/2022\/10\/theatre-2.jpeg","datePublished":"2022-10-27T23:07:19+00:00","dateModified":"2022-10-27T23:21:56+00:00","author":{"@id":"https:\/\/www.diocese-limoges.fr\/grand-limoges\/#\/schema\/person\/0efea0b864bcc9f6b627e8556173122f"},"breadcrumb":{"@id":"https:\/\/www.diocese-limoges.fr\/grand-limoges\/actualites\/au-theatre-ce-soir-au-profit-de-la-paroisse\/#breadcrumb"},"inLanguage":"fr-FR","potentialAction":[{"@type":"ReadAction","target":["https:\/\/www.diocese-limoges.fr\/grand-limoges\/actualites\/au-theatre-ce-soir-au-profit-de-la-paroisse\/"]}]},{"@type":"ImageObject","inLanguage":"fr-FR","@id":"https:\/\/www.diocese-limoges.fr\/grand-limoges\/actualites\/au-theatre-ce-soir-au-profit-de-la-paroisse\/#primaryimage","url":"https:\/\/www.diocese-limoges.fr\/grand-limoges\/wp-content\/uploads\/sites\/2\/2022\/10\/theatre-2.jpeg","contentUrl":"https:\/\/www.diocese-limoges.fr\/grand-limoges\/wp-content\/uploads\/sites\/2\/2022\/10\/theatre-2.jpeg","width":221,"height":131},{"@type":"BreadcrumbList","@id":"https:\/\/www.diocese-limoges.fr\/grand-limoges\/actualites\/au-theatre-ce-soir-au-profit-de-la-paroisse\/#breadcrumb","itemListElement":[{"@type":"ListItem","position":1,"name":"Accueil","item":"https:\/\/www.diocese-limoges.fr\/grand-limoges\/"},{"@type":"ListItem","position":2,"name":"\u00ab\u00a0Au th\u00e9\u00e2tre ce soir\u00a0\u00bb&#8230; au profit de la paroisse !"}]},{"@type":"WebSite","@id":"https:\/\/www.diocese-limoges.fr\/grand-limoges\/#website","url":"https:\/\/www.diocese-limoges.fr\/grand-limoges\/","name":"Doyenn\u00e9s du Grand Limoges","description":"Dioc\u00e8se de Limoges","potentialAction":[{"@type":"SearchAction","target":{"@type":"EntryPoint","urlTemplate":"https:\/\/www.diocese-limoges.fr\/grand-limoges\/?s={search_term_string}"},"query-input":{"@type":"PropertyValueSpecification","valueRequired":true,"valueName":"search_term_string"}}],"inLanguage":"fr-FR"},{"@type":"Person","@id":"https:\/\/www.diocese-limoges.fr\/grand-limoges\/#\/schema\/person\/0efea0b864bcc9f6b627e8556173122f","name":"sainteloi","image":{"@type":"ImageObject","inLanguage":"fr-FR","@id":"https:\/\/www.diocese-limoges.fr\/grand-limoges\/#\/schema\/person\/image\/","url":"https:\/\/secure.gravatar.com\/avatar\/36135729350d5be2cbc7cc4c88ae11bede1a4fa8b76937e48682433dac7a0c52?s=96&d=mm&r=g","contentUrl":"https:\/\/secure.gravatar.com\/avatar\/36135729350d5be2cbc7cc4c88ae11bede1a4fa8b76937e48682433dac7a0c52?s=96&d=mm&r=g","caption":"sainteloi"},"url":"https:\/\/www.diocese-limoges.fr\/grand-limoges\/author\/sainteloi\/"}]}},"_links":{"self":[{"href":"https:\/\/www.diocese-limoges.fr\/grand-limoges\/wp-json\/wp\/v2\/posts\/21094","targetHints":{"allow":["GET"]}}],"collection":[{"href":"https:\/\/www.diocese-limoges.fr\/grand-limoges\/wp-json\/wp\/v2\/posts"}],"about":[{"href":"https:\/\/www.diocese-limoges.fr\/grand-limoges\/wp-json\/wp\/v2\/types\/post"}],"author":[{"embeddable":true,"href":"https:\/\/www.diocese-limoges.fr\/grand-limoges\/wp-json\/wp\/v2\/users\/10"}],"replies":[{"embeddable":true,"href":"https:\/\/www.diocese-limoges.fr\/grand-limoges\/wp-json\/wp\/v2\/comments?post=21094"}],"version-history":[{"count":4,"href":"https:\/\/www.diocese-limoges.fr\/grand-limoges\/wp-json\/wp\/v2\/posts\/21094\/revisions"}],"predecessor-version":[{"id":21101,"href":"https:\/\/www.diocese-limoges.fr\/grand-limoges\/wp-json\/wp\/v2\/posts\/21094\/revisions\/21101"}],"wp:featuredmedia":[{"embeddable":true,"href":"https:\/\/www.diocese-limoges.fr\/grand-limoges\/wp-json\/wp\/v2\/media\/21098"}],"wp:attachment":[{"href":"https:\/\/www.diocese-limoges.fr\/grand-limoges\/wp-json\/wp\/v2\/media?parent=21094"}],"wp:term":[{"taxonomy":"category","embeddable":true,"href":"https:\/\/www.diocese-limoges.fr\/grand-limoges\/wp-json\/wp\/v2\/categories?post=21094"},{"taxonomy":"post_tag","embeddable":true,"href":"https:\/\/www.diocese-limoges.fr\/grand-limoges\/wp-json\/wp\/v2\/tags?post=21094"}],"curies":[{"name":"wp","href":"https:\/\/api.w.org\/{rel}","templated":true}]}}