{"id":23980,"date":"2025-02-19T23:07:56","date_gmt":"2025-02-19T22:07:56","guid":{"rendered":"https:\/\/www.diocese-limoges.fr\/grand-limoges\/?p=23980"},"modified":"2025-03-02T20:38:33","modified_gmt":"2025-03-02T19:38:33","slug":"visite-pastorale-de-mgr-bozo-2","status":"publish","type":"post","link":"https:\/\/www.diocese-limoges.fr\/grand-limoges\/actualites\/visite-pastorale-de-mgr-bozo-2\/","title":{"rendered":"Visite pastorale de Mgr Bozo"},"content":{"rendered":"\n<p><strong>Les 19 et 20 janvier 2025, Monseigneur Pierre-Antoine Bozo a effectu\u00e9 sa deuxi\u00e8me visite pastorale dans notre paroisse. Sa premi\u00e8re visite avait eu lieu en octobre 2018, juste apr\u00e8s l&rsquo;installation du p\u00e8re Jean-Michel Bonnin.&nbsp; Merci \u00e0 tous ceux qui ont contribu\u00e9 \u00e0&nbsp; la r\u00e9ussite de&nbsp; cette visite, pleine de belles rencontres. Ci-dessous des extraits de la lettre envoy\u00e9e par Mgr Bozo \u00e0 l\u2019issue de sa visite.<\/strong><\/p>\n\n\n\n<p><em> \u00ab\u00a0Pri\u00e8re des laudes \u00e0 Ste Th\u00e9r\u00e8se et petit d\u00e9jeuner. J\u2019avais d\u00e9j\u00e0 \u00e9t\u00e9 initi\u00e9 \u00e0 cette rencontre hebdomadaire autour de la liturgie des heures et me suis r\u00e9jouis d\u2019y retrouver un bon nombre de valeureux paroissiens, t\u00f4t lev\u00e9s le samedi pour ce temps de pri\u00e8re et le petit d\u00e9jeuner tr\u00e8s convivial qui suivait. Belle tradition \u00e0 entretenir&nbsp;!<\/em>\u00ab\u00a0<\/p>\n\n\n\n<p><em>D\u00e9couverte des Jardins de Cocagne \u00e0 Couzeix. Je connaissais la notori\u00e9t\u00e9 du \u00ab&nbsp;label&nbsp;\u00bb national mais ai \u00e9t\u00e9 heureux de d\u00e9couvrir sur le terrain une belle \u0153uvre sociale (insertion professionnelle) et \u00e9cologique (mara\u00eechage bio \u2013 vente en circuit court). La r\u00e9ussite de ce projet enthousiasmant doit certainement beaucoup \u00e0 la personnalit\u00e9 de Monsieur Bordey, le responsable et \u00e0 l\u2019engagement de nombreux b\u00e9n\u00e9voles. C\u2019est un bon stimulant pour la paroisse engag\u00e9e dans le label \u00c9glise verte et un bel exemple de ce que le Pape Fran\u00e7ois appelle l\u2019\u00e9cologie int\u00e9grale, qui met l\u2019homme au centre.<\/em><\/p>\n\n\n\n<div class=\"wp-block-columns is-layout-flex wp-container-core-columns-is-layout-28f84493 wp-block-columns-is-layout-flex\">\n<div class=\"wp-block-column is-layout-flow wp-block-column-is-layout-flow\">\n<figure class=\"wp-block-image size-large\"><img loading=\"lazy\" decoding=\"async\" width=\"1024\" height=\"768\" src=\"https:\/\/www.diocese-limoges.fr\/grand-limoges\/wp-content\/uploads\/sites\/2\/2025\/02\/rencontre--1024x768.jpg\" alt=\"\" class=\"wp-image-24024\" srcset=\"https:\/\/www.diocese-limoges.fr\/grand-limoges\/wp-content\/uploads\/sites\/2\/2025\/02\/rencontre--1024x768.jpg 1024w, https:\/\/www.diocese-limoges.fr\/grand-limoges\/wp-content\/uploads\/sites\/2\/2025\/02\/rencontre--300x225.jpg 300w, https:\/\/www.diocese-limoges.fr\/grand-limoges\/wp-content\/uploads\/sites\/2\/2025\/02\/rencontre--768x576.jpg 768w, https:\/\/www.diocese-limoges.fr\/grand-limoges\/wp-content\/uploads\/sites\/2\/2025\/02\/rencontre--1536x1152.jpg 1536w, https:\/\/www.diocese-limoges.fr\/grand-limoges\/wp-content\/uploads\/sites\/2\/2025\/02\/rencontre--2048x1536.jpg 2048w\" sizes=\"auto, (max-width: 1024px) 100vw, 1024px\" \/><\/figure>\n<\/div>\n\n\n\n<div class=\"wp-block-column is-layout-flow wp-block-column-is-layout-flow\">\n<figure class=\"wp-block-image size-large\"><img loading=\"lazy\" decoding=\"async\" width=\"1024\" height=\"768\" src=\"https:\/\/www.diocese-limoges.fr\/grand-limoges\/wp-content\/uploads\/sites\/2\/2025\/02\/20250118_095227-1024x768.jpg\" alt=\"\" class=\"wp-image-24023\" srcset=\"https:\/\/www.diocese-limoges.fr\/grand-limoges\/wp-content\/uploads\/sites\/2\/2025\/02\/20250118_095227-1024x768.jpg 1024w, https:\/\/www.diocese-limoges.fr\/grand-limoges\/wp-content\/uploads\/sites\/2\/2025\/02\/20250118_095227-300x225.jpg 300w, https:\/\/www.diocese-limoges.fr\/grand-limoges\/wp-content\/uploads\/sites\/2\/2025\/02\/20250118_095227-768x576.jpg 768w, https:\/\/www.diocese-limoges.fr\/grand-limoges\/wp-content\/uploads\/sites\/2\/2025\/02\/20250118_095227-1536x1152.jpg 1536w, https:\/\/www.diocese-limoges.fr\/grand-limoges\/wp-content\/uploads\/sites\/2\/2025\/02\/20250118_095227-2048x1536.jpg 2048w\" sizes=\"auto, (max-width: 1024px) 100vw, 1024px\" \/><\/figure>\n<\/div>\n<\/div>\n\n\n\n<p>\u00ab\u00a0<em>D\u00e9couverte de <strong>l\u2019exploitation agricole<\/strong> de Monsieur Beillot \u00e0 Chaptelat. Un jeune agriculteur passionn\u00e9, amoureux de la nature et de l\u2019\u00e9levage, travailleur ind\u00e9pendant, mais en lien avec ses jeunes voisins. Comme tout agriculteur, il souffre des normes, des variations des cours de la viande, des \u00e9pizooties et du r\u00e9chauffement climatique. Mais il est r\u00e9fl\u00e9chi, plein de sagesse et de prudence et s\u2019en sort en travaillant beaucoup&nbsp;: un agriculteur content de son sort. Comment \u00eatre pr\u00e9sents et t\u00e9moins du Christ dans le milieu agricole&nbsp;?<\/em>\u00ab\u00a0<\/p>\n\n\n\n<div class=\"wp-block-columns is-layout-flex wp-container-core-columns-is-layout-28f84493 wp-block-columns-is-layout-flex\">\n<div class=\"wp-block-column is-layout-flow wp-block-column-is-layout-flow\">\n<figure class=\"wp-block-image size-large\"><img decoding=\"async\" src=\"https:\/\/www.diocese-limoges.fr\/grand-limoges\/wp-content\/uploads\/sites\/2\/2025\/02\/20250131_141836-1024x768.jpg\" alt=\"\" class=\"wp-image-24020\" \/><\/figure>\n<\/div>\n\n\n\n<div class=\"wp-block-column is-layout-flow wp-block-column-is-layout-flow\">\n<figure class=\"wp-block-image size-large\"><img loading=\"lazy\" decoding=\"async\" width=\"1024\" height=\"768\" src=\"https:\/\/www.diocese-limoges.fr\/grand-limoges\/wp-content\/uploads\/sites\/2\/2025\/02\/20250118_111237-1024x768.jpg\" alt=\"\" class=\"wp-image-24021\" srcset=\"https:\/\/www.diocese-limoges.fr\/grand-limoges\/wp-content\/uploads\/sites\/2\/2025\/02\/20250118_111237-1024x768.jpg 1024w, https:\/\/www.diocese-limoges.fr\/grand-limoges\/wp-content\/uploads\/sites\/2\/2025\/02\/20250118_111237-300x225.jpg 300w, https:\/\/www.diocese-limoges.fr\/grand-limoges\/wp-content\/uploads\/sites\/2\/2025\/02\/20250118_111237-768x576.jpg 768w, https:\/\/www.diocese-limoges.fr\/grand-limoges\/wp-content\/uploads\/sites\/2\/2025\/02\/20250118_111237-1536x1152.jpg 1536w, https:\/\/www.diocese-limoges.fr\/grand-limoges\/wp-content\/uploads\/sites\/2\/2025\/02\/20250118_111237-2048x1536.jpg 2048w\" sizes=\"auto, (max-width: 1024px) 100vw, 1024px\" \/><\/figure>\n<\/div>\n<\/div>\n\n\n\n<p>\u00ab\u00a0<em>D\u00e9jeuner avec l\u2019\u00e9quipe pastorale au presbyt\u00e8re de Sainte Th\u00e9r\u00e8se. Occasion de faire le tour de la vie paroissiale, des collaborations du doyenn\u00e9 et de d\u00e9couvrir cette EAP bien active, renouvel\u00e9e r\u00e9guli\u00e8rement, avec une bonne r\u00e9partition des t\u00e2ches et collaboration avec le P. Jean-Michel. Peut-\u00eatre manque-t-il un peu de diversit\u00e9 dans sa composition (3 femmes retrait\u00e9es)&nbsp;?<\/em>\u00ab\u00a0<\/p>\n\n\n\n<p>\u00ab\u00a0<em>Rencontre avec le <strong>comit\u00e9 de jumelage<\/strong> (Christine Blanchard \u2013 Marie-Agn\u00e8s Toutain-Moulien). Jumelage avec la paroisse Notre-Dame de l\u2019Immacul\u00e9e Conception de Tikar\u00e9 \u2013 P. Richard). Douze personnes \u00e0 l\u2019\u00e9quipe du jumelage qui se r\u00e9unit environ trois fois par an. (&#8230;) Situation rude au Burkina, mais belle capacit\u00e9 des chr\u00e9tiens \u00e0 affronter l\u2019adversit\u00e9. Messages r\u00e9guliers du cur\u00e9, le P. Richard. Il est h\u00e9las le seul interlocuteur. Demande de liens avec des enseignants, les enfants du KT etc\u2026 Mais pas de r\u00e9ponse. La paroisse saint \u00c9loi finance le salaire du secr\u00e9taire, mais\u2026 aucun lien avec le secr\u00e9taire. Il faut apprivoiser cette diff\u00e9rence culturelle, ce rapport au temps.<\/em> <\/p>\n\n\n\n<p>\u00ab\u00a0I<em>l ne faut pas perdre de vue que c\u2019est un jumelage eccl\u00e9sial&nbsp;: on se porte dans la pri\u00e8re, transmissions d\u2019intentions de pri\u00e8re. La pr\u00e9sence du P. Charlemagne \u00e0 Limoges aide \u00e0 comprendre et \u00e0 d\u00e9bloquer la situation, qui reste complexe&nbsp;: petit syndrome anti-fran\u00e7ais\u2026 d\u00e9sir de s\u2019affranchir de la tutelle. Beaucoup d\u2019enfants d\u00e9scolaris\u00e9s&nbsp;: c\u2019est ce qu\u2019il y a de plus grave. Frustration&nbsp;:&nbsp; nous voudrions faire de grandes choses, nous n\u2019en faisons que de petites. Tronc de la solidarit\u00e9 tous les deuxi\u00e8mes dimanches du mois pour le jumelage, concert, vide-grenier.<\/em>\u00ab\u00a0<\/p>\n\n\n\n<p><strong>Le samedi apr\u00e8s-midi, Mgr Bozo a particip\u00e9 \u00e0 une rencontre avec des parents d&rsquo;enfants baptis\u00e9s dans l&rsquo;ann\u00e9e dans le relais des Saints-Anges<\/strong><\/p>\n\n\n\n<div class=\"wp-block-columns is-layout-flex wp-container-core-columns-is-layout-28f84493 wp-block-columns-is-layout-flex\">\n<div class=\"wp-block-column is-layout-flow wp-block-column-is-layout-flow\">\n<figure class=\"wp-block-image size-large\"><img loading=\"lazy\" decoding=\"async\" width=\"1024\" height=\"768\" src=\"https:\/\/www.diocese-limoges.fr\/grand-limoges\/wp-content\/uploads\/sites\/2\/2025\/02\/img-20250128-wa0004-1024x768.jpg\" alt=\"\" class=\"wp-image-24026\" srcset=\"https:\/\/www.diocese-limoges.fr\/grand-limoges\/wp-content\/uploads\/sites\/2\/2025\/02\/img-20250128-wa0004-1024x768.jpg 1024w, https:\/\/www.diocese-limoges.fr\/grand-limoges\/wp-content\/uploads\/sites\/2\/2025\/02\/img-20250128-wa0004-300x225.jpg 300w, https:\/\/www.diocese-limoges.fr\/grand-limoges\/wp-content\/uploads\/sites\/2\/2025\/02\/img-20250128-wa0004-768x576.jpg 768w, https:\/\/www.diocese-limoges.fr\/grand-limoges\/wp-content\/uploads\/sites\/2\/2025\/02\/img-20250128-wa0004-1536x1152.jpg 1536w, https:\/\/www.diocese-limoges.fr\/grand-limoges\/wp-content\/uploads\/sites\/2\/2025\/02\/img-20250128-wa0004.jpg 2016w\" sizes=\"auto, (max-width: 1024px) 100vw, 1024px\" \/><\/figure>\n<\/div>\n\n\n\n<div class=\"wp-block-column is-layout-flow wp-block-column-is-layout-flow\">\n<figure class=\"wp-block-image size-large\"><img loading=\"lazy\" decoding=\"async\" width=\"1024\" height=\"768\" src=\"https:\/\/www.diocese-limoges.fr\/grand-limoges\/wp-content\/uploads\/sites\/2\/2025\/02\/rencontre-baptemes-1024x768.jpg\" alt=\"\" class=\"wp-image-24025\" srcset=\"https:\/\/www.diocese-limoges.fr\/grand-limoges\/wp-content\/uploads\/sites\/2\/2025\/02\/rencontre-baptemes-1024x768.jpg 1024w, https:\/\/www.diocese-limoges.fr\/grand-limoges\/wp-content\/uploads\/sites\/2\/2025\/02\/rencontre-baptemes-300x225.jpg 300w, https:\/\/www.diocese-limoges.fr\/grand-limoges\/wp-content\/uploads\/sites\/2\/2025\/02\/rencontre-baptemes-768x576.jpg 768w, https:\/\/www.diocese-limoges.fr\/grand-limoges\/wp-content\/uploads\/sites\/2\/2025\/02\/rencontre-baptemes-1536x1152.jpg 1536w, https:\/\/www.diocese-limoges.fr\/grand-limoges\/wp-content\/uploads\/sites\/2\/2025\/02\/rencontre-baptemes.jpg 2016w\" sizes=\"auto, (max-width: 1024px) 100vw, 1024px\" \/><\/figure>\n<\/div>\n<\/div>\n\n\n\n<p>\u00ab\u00a0<em>(&#8230;) Conte pour les enfants (beau charisme de Coralie\u00a0! \u00c0 entretenir), rencontre avec les parents .On per\u00e7oit l\u2019enjeu de cet accompagnement vers le bapt\u00eame des petits enfants et l\u2019importance du \u00ab\u00a0service apr\u00e8s-vente\u00a0\u00bb\u00a0: garder le lien cr\u00e9\u00e9 par cette pr\u00e9paration avec des chr\u00e9tiens qui connaissent peu la communaut\u00e9 et sont peu pratiquants. L\u2019initiative de cet apr\u00e8s-midi montre l\u2019int\u00e9r\u00eat des parents et l\u2019\u00e9vang\u00e9lisation des parents \u00e0 travers les \u00e9tapes de vie chr\u00e9tienne des enfants. Il faut encore un vrai pas pour que cela devienne une priorit\u00e9 pour les parents, de bonne volont\u00e9, mais qui ne font pas passer la vie chr\u00e9tienne et la transmission de la foi au premier plan<\/em>.\u00a0\u00bb<\/p>\n\n\n\n<p><strong>En fin d&rsquo;apr\u00e8s-midi et en soir\u00e9e, Mgr Bozo a rencontr\u00e9 les acteurs de la pastorale des jeunes : cat\u00e9ch\u00e8se, Aum\u00f4nerie, Groupe Scout.<\/strong><\/p>\n\n\n\n<figure class=\"wp-block-image size-large\"><img loading=\"lazy\" decoding=\"async\" width=\"1024\" height=\"768\" src=\"https:\/\/www.diocese-limoges.fr\/grand-limoges\/wp-content\/uploads\/sites\/2\/2025\/02\/pastorale-des-jeunes-1024x768.jpg\" alt=\"\" class=\"wp-image-24027\" srcset=\"https:\/\/www.diocese-limoges.fr\/grand-limoges\/wp-content\/uploads\/sites\/2\/2025\/02\/pastorale-des-jeunes-1024x768.jpg 1024w, https:\/\/www.diocese-limoges.fr\/grand-limoges\/wp-content\/uploads\/sites\/2\/2025\/02\/pastorale-des-jeunes-300x225.jpg 300w, https:\/\/www.diocese-limoges.fr\/grand-limoges\/wp-content\/uploads\/sites\/2\/2025\/02\/pastorale-des-jeunes-768x576.jpg 768w, https:\/\/www.diocese-limoges.fr\/grand-limoges\/wp-content\/uploads\/sites\/2\/2025\/02\/pastorale-des-jeunes-1536x1152.jpg 1536w, https:\/\/www.diocese-limoges.fr\/grand-limoges\/wp-content\/uploads\/sites\/2\/2025\/02\/pastorale-des-jeunes-2048x1536.jpg 2048w\" sizes=\"auto, (max-width: 1024px) 100vw, 1024px\" \/><\/figure>\n\n\n\n<p><em>\u00ab\u00a0<strong>Cat\u00e9<\/strong>&nbsp;: 44 enfants. Cinq cat\u00e9chistes dont Rapha\u00eblla, la responsable, tr\u00e8s impliqu\u00e9e. Parcours&nbsp;: Promesse de Dieu. \u00c9quipe fraternit\u00e9 (visite \u00e0 des personnes \u00e2g\u00e9s). Nombreuses propositions de dates et heures pour favoriser le choix des parents, tr\u00e8s reconnaissants. Organisation souple. Les enfants sont motiv\u00e9s et l\u2019implication des parents de plus en plus grande. Les cat\u00e9chistes leur donnent beaucoup de place, sont tr\u00e8s transparents. Les parents sont invit\u00e9s aux s\u00e9ances. Parfois un caf\u00e9-parents pendant la s\u00e9ance. Bon usage de Whats\u2019app (dates, sollicitations, photos\u2026). Proposition structur\u00e9e. Les papas s\u2019engagent davantage aujourd\u2019hui. Question des parents pr\u00e9sents&nbsp;: Pourquoi si peu d\u2019enfants vu la qualit\u00e9 de la proposition&nbsp;? Comment communiquer davantage&nbsp;?<\/em><\/p>\n\n\n\n<p><em>\u00ab\u00a0<strong>Aum\u00f4nerie<\/strong> Genevoix \u2013 Val\u00e9rie, Nathalie et V\u00e9ronique. 25 jeunes de la 6\u00b0 (mercredi) \u00e0 la 3\u00b0 vendredi apr\u00e8s le coll\u00e8ge, tous les 15 jours. Cat\u00e9chum\u00e8nes. Pas de parcours&nbsp;: th\u00e8mes&nbsp;: \u00ab&nbsp;Vivre en Alliance \u00e0 la lumi\u00e8re du Christ&nbsp;\u00bb pour les ados, \u00ab&nbsp;le don&nbsp;\u00bb pour les 6\u00b0. Baisse inqui\u00e9tante des effectifs. Certains sont l\u00e0 par obligation. La consolation est l\u2019arriv\u00e9e des cat\u00e9chum\u00e8nes. Public tr\u00e8s disparate, ils ne viennent pas chercher la m\u00eame chose. Ils sont contents de venir pour se retrouver. Certains sont assez violents, intol\u00e9rants. \u00c7a irait mieux si les parents s\u2019impliquaient davantage. Sur 15&nbsp;: un va \u00e0 la messe chaque dimanche, quatre deux fois par mois. Il faut du courage et de la pers\u00e9v\u00e9rance pour durer avec les ados et trouver les propositions les plus adapt\u00e9es. Le lien avec la pastorale des jeunes du dioc\u00e8se est important de ce point de vue.\u00a0\u00bb<\/em><\/p>\n\n\n\n<p><em>\u00a0\u00bb <strong>Scouts et Guides de France<\/strong> \u2013 Groupe Saint Eloi. C\u00e9dric, Jean-R\u00e9mi, Fran\u00e7ois. 68 jeunes de 6 \u00e0 17 ans. Environ 15 chefs. Fran\u00e7ois encadre les bleus (13). Supers locaux sous l\u2019\u00e9glise des Saints Anges. Le groupe scout se rapproche de la paroisse. Davantage la proposition de la foi, on a repropos\u00e9 la messe. Grand enjeu de l\u2019accompagnement du scoutisme, qui est une proposition qui reste attractive pour les jeunes. Je n\u2019ai pas pos\u00e9 la question de l\u2019aum\u00f4nier&nbsp;: quelle pr\u00e9sence d\u2019un pr\u00eatre&nbsp;?<\/em>\u00ab\u00a0<\/p>\n\n\n\n<p>Ces \u00e9changes ont \u00e9t\u00e9 suivis par un bon ap\u00e9ritif dinatoire, occasion de nombreux \u00e9changes dans une tonalit\u00e9 joyeuse et positive.<\/p>\n\n\n\n<p><strong>Dimanche matin, salle du Faubourien, Assembl\u00e9e Paroissiale. Rendez-vous \u00e0 9 h pour un accueil autour d&rsquo;un caf\u00e9 avant de se retrouver dans l&rsquo;\u00e9glise pour un temps de pri\u00e8re. L&rsquo;assembl\u00e9e (70 personnes environ) a accueilli le pr\u00e9sident de l&rsquo;Association VITAL qui \u0153uvre sur le quartier du Vigenal. L&rsquo;\u00e9change fut riche poursuivi par une r\u00e9flexion par petits groupes pour proposer des actions ou partenariat avec cette association. 11 h est tr\u00e8s vite arriv\u00e9 pour la messe dominicale paroissiale avec une belle assembl\u00e9e.<\/strong><\/p>\n\n\n\n<div class=\"wp-block-columns is-layout-flex wp-container-core-columns-is-layout-28f84493 wp-block-columns-is-layout-flex\">\n<div class=\"wp-block-column is-layout-flow wp-block-column-is-layout-flow\">\n<figure class=\"wp-block-image size-large\"><img loading=\"lazy\" decoding=\"async\" width=\"1024\" height=\"683\" src=\"https:\/\/www.diocese-limoges.fr\/grand-limoges\/wp-content\/uploads\/sites\/2\/2025\/02\/1-1024x683.jpg\" alt=\"\" class=\"wp-image-24028\" srcset=\"https:\/\/www.diocese-limoges.fr\/grand-limoges\/wp-content\/uploads\/sites\/2\/2025\/02\/1-1024x683.jpg 1024w, https:\/\/www.diocese-limoges.fr\/grand-limoges\/wp-content\/uploads\/sites\/2\/2025\/02\/1-300x200.jpg 300w, https:\/\/www.diocese-limoges.fr\/grand-limoges\/wp-content\/uploads\/sites\/2\/2025\/02\/1-768x512.jpg 768w, https:\/\/www.diocese-limoges.fr\/grand-limoges\/wp-content\/uploads\/sites\/2\/2025\/02\/1-1536x1024.jpg 1536w, https:\/\/www.diocese-limoges.fr\/grand-limoges\/wp-content\/uploads\/sites\/2\/2025\/02\/1-2048x1365.jpg 2048w\" sizes=\"auto, (max-width: 1024px) 100vw, 1024px\" \/><\/figure>\n\n\n\n<p><em>Temps de pri\u00e8re<\/em><\/p>\n<\/div>\n\n\n\n<div class=\"wp-block-column is-layout-flow wp-block-column-is-layout-flow\">\n<figure class=\"wp-block-image size-large\"><img loading=\"lazy\" decoding=\"async\" width=\"1024\" height=\"683\" src=\"https:\/\/www.diocese-limoges.fr\/grand-limoges\/wp-content\/uploads\/sites\/2\/2025\/02\/4-1024x683.jpg\" alt=\"\" class=\"wp-image-24029\" srcset=\"https:\/\/www.diocese-limoges.fr\/grand-limoges\/wp-content\/uploads\/sites\/2\/2025\/02\/4-1024x683.jpg 1024w, https:\/\/www.diocese-limoges.fr\/grand-limoges\/wp-content\/uploads\/sites\/2\/2025\/02\/4-300x200.jpg 300w, https:\/\/www.diocese-limoges.fr\/grand-limoges\/wp-content\/uploads\/sites\/2\/2025\/02\/4-768x512.jpg 768w, https:\/\/www.diocese-limoges.fr\/grand-limoges\/wp-content\/uploads\/sites\/2\/2025\/02\/4-1536x1024.jpg 1536w, https:\/\/www.diocese-limoges.fr\/grand-limoges\/wp-content\/uploads\/sites\/2\/2025\/02\/4-2048x1365.jpg 2048w\" sizes=\"auto, (max-width: 1024px) 100vw, 1024px\" \/><\/figure>\n\n\n\n<p><em>X. Denichoux pour l&rsquo;Association VITAL<\/em><\/p>\n<\/div>\n\n\n\n<div class=\"wp-block-column is-layout-flow wp-block-column-is-layout-flow\">\n<figure class=\"wp-block-image size-large\"><img loading=\"lazy\" decoding=\"async\" width=\"1024\" height=\"683\" src=\"https:\/\/www.diocese-limoges.fr\/grand-limoges\/wp-content\/uploads\/sites\/2\/2025\/02\/assemble-paroissiale-1024x683.jpg\" alt=\"\" class=\"wp-image-24030\" srcset=\"https:\/\/www.diocese-limoges.fr\/grand-limoges\/wp-content\/uploads\/sites\/2\/2025\/02\/assemble-paroissiale-1024x683.jpg 1024w, https:\/\/www.diocese-limoges.fr\/grand-limoges\/wp-content\/uploads\/sites\/2\/2025\/02\/assemble-paroissiale-300x200.jpg 300w, https:\/\/www.diocese-limoges.fr\/grand-limoges\/wp-content\/uploads\/sites\/2\/2025\/02\/assemble-paroissiale-768x512.jpg 768w, https:\/\/www.diocese-limoges.fr\/grand-limoges\/wp-content\/uploads\/sites\/2\/2025\/02\/assemble-paroissiale-1536x1024.jpg 1536w, https:\/\/www.diocese-limoges.fr\/grand-limoges\/wp-content\/uploads\/sites\/2\/2025\/02\/assemble-paroissiale-2048x1365.jpg 2048w\" sizes=\"auto, (max-width: 1024px) 100vw, 1024px\" \/><\/figure>\n\n\n\n<p><em>Assembl\u00e9e paroissiale<\/em><\/p>\n<\/div>\n<\/div>\n\n\n\n<div class=\"wp-block-columns is-layout-flex wp-container-core-columns-is-layout-28f84493 wp-block-columns-is-layout-flex\">\n<div class=\"wp-block-column is-layout-flow wp-block-column-is-layout-flow\">\n<figure class=\"wp-block-image size-large\"><img loading=\"lazy\" decoding=\"async\" width=\"1024\" height=\"484\" src=\"https:\/\/www.diocese-limoges.fr\/grand-limoges\/wp-content\/uploads\/sites\/2\/2025\/02\/dsc06868-copie-1024x484.jpg\" alt=\"\" class=\"wp-image-24068\" srcset=\"https:\/\/www.diocese-limoges.fr\/grand-limoges\/wp-content\/uploads\/sites\/2\/2025\/02\/dsc06868-copie-1024x484.jpg 1024w, https:\/\/www.diocese-limoges.fr\/grand-limoges\/wp-content\/uploads\/sites\/2\/2025\/02\/dsc06868-copie-300x142.jpg 300w, https:\/\/www.diocese-limoges.fr\/grand-limoges\/wp-content\/uploads\/sites\/2\/2025\/02\/dsc06868-copie-768x363.jpg 768w, https:\/\/www.diocese-limoges.fr\/grand-limoges\/wp-content\/uploads\/sites\/2\/2025\/02\/dsc06868-copie-1536x726.jpg 1536w, https:\/\/www.diocese-limoges.fr\/grand-limoges\/wp-content\/uploads\/sites\/2\/2025\/02\/dsc06868-copie-2048x968.jpg 2048w\" sizes=\"auto, (max-width: 1024px) 100vw, 1024px\" \/><\/figure>\n<\/div>\n<\/div>\n\n\n\n<p>\u00ab\u00a0<em> \u00c0 11 h, messe paroissiale aux Saints-Anges. Belle participation, pr\u00e9sence d\u2019enfants, des SGDF, belle animation musicale<\/em>\u00ab\u00a0<\/p>\n\n\n\n<div class=\"wp-block-columns is-layout-flex wp-container-core-columns-is-layout-28f84493 wp-block-columns-is-layout-flex\">\n<div class=\"wp-block-column is-layout-flow wp-block-column-is-layout-flow\">\n<figure class=\"wp-block-image size-large\"><img loading=\"lazy\" decoding=\"async\" width=\"1024\" height=\"683\" src=\"https:\/\/www.diocese-limoges.fr\/grand-limoges\/wp-content\/uploads\/sites\/2\/2025\/02\/messe-1024x683.jpg\" alt=\"\" class=\"wp-image-24032\" srcset=\"https:\/\/www.diocese-limoges.fr\/grand-limoges\/wp-content\/uploads\/sites\/2\/2025\/02\/messe-1024x683.jpg 1024w, https:\/\/www.diocese-limoges.fr\/grand-limoges\/wp-content\/uploads\/sites\/2\/2025\/02\/messe-300x200.jpg 300w, https:\/\/www.diocese-limoges.fr\/grand-limoges\/wp-content\/uploads\/sites\/2\/2025\/02\/messe-768x512.jpg 768w, https:\/\/www.diocese-limoges.fr\/grand-limoges\/wp-content\/uploads\/sites\/2\/2025\/02\/messe-1536x1024.jpg 1536w, https:\/\/www.diocese-limoges.fr\/grand-limoges\/wp-content\/uploads\/sites\/2\/2025\/02\/messe-2048x1365.jpg 2048w\" sizes=\"auto, (max-width: 1024px) 100vw, 1024px\" \/><\/figure>\n<\/div>\n\n\n\n<div class=\"wp-block-column is-layout-flow wp-block-column-is-layout-flow\">\n<figure class=\"wp-block-image size-large\"><img loading=\"lazy\" decoding=\"async\" width=\"1024\" height=\"683\" src=\"https:\/\/www.diocese-limoges.fr\/grand-limoges\/wp-content\/uploads\/sites\/2\/2025\/02\/7-1024x683.jpg\" alt=\"\" class=\"wp-image-24031\" srcset=\"https:\/\/www.diocese-limoges.fr\/grand-limoges\/wp-content\/uploads\/sites\/2\/2025\/02\/7-1024x683.jpg 1024w, https:\/\/www.diocese-limoges.fr\/grand-limoges\/wp-content\/uploads\/sites\/2\/2025\/02\/7-300x200.jpg 300w, https:\/\/www.diocese-limoges.fr\/grand-limoges\/wp-content\/uploads\/sites\/2\/2025\/02\/7-768x512.jpg 768w, https:\/\/www.diocese-limoges.fr\/grand-limoges\/wp-content\/uploads\/sites\/2\/2025\/02\/7-1536x1024.jpg 1536w, https:\/\/www.diocese-limoges.fr\/grand-limoges\/wp-content\/uploads\/sites\/2\/2025\/02\/7-2048x1365.jpg 2048w\" sizes=\"auto, (max-width: 1024px) 100vw, 1024px\" \/><\/figure>\n<\/div>\n\n\n\n<div class=\"wp-block-column is-layout-flow wp-block-column-is-layout-flow\">\n<figure class=\"wp-block-image size-large\"><img loading=\"lazy\" decoding=\"async\" width=\"1024\" height=\"683\" src=\"https:\/\/www.diocese-limoges.fr\/grand-limoges\/wp-content\/uploads\/sites\/2\/2025\/02\/9-1024x683.jpg\" alt=\"\" class=\"wp-image-24033\" srcset=\"https:\/\/www.diocese-limoges.fr\/grand-limoges\/wp-content\/uploads\/sites\/2\/2025\/02\/9-1024x683.jpg 1024w, https:\/\/www.diocese-limoges.fr\/grand-limoges\/wp-content\/uploads\/sites\/2\/2025\/02\/9-300x200.jpg 300w, https:\/\/www.diocese-limoges.fr\/grand-limoges\/wp-content\/uploads\/sites\/2\/2025\/02\/9-768x512.jpg 768w, https:\/\/www.diocese-limoges.fr\/grand-limoges\/wp-content\/uploads\/sites\/2\/2025\/02\/9-1536x1024.jpg 1536w, https:\/\/www.diocese-limoges.fr\/grand-limoges\/wp-content\/uploads\/sites\/2\/2025\/02\/9-2048x1365.jpg 2048w\" sizes=\"auto, (max-width: 1024px) 100vw, 1024px\" \/><\/figure>\n<\/div>\n<\/div>\n\n\n\n<p><em>.<\/em><strong>Un pot de l&rsquo;amiti\u00e9 pr\u00e9par\u00e9 par l&rsquo;\u00e9quipe convivialit\u00e9 \u00e9tait servi \u00e0 l&rsquo;issue de la messe avant le repas partag\u00e9 pour ceux qui le souhaitaient<\/strong>.<\/p>\n\n\n\n<div class=\"wp-block-columns is-layout-flex wp-container-core-columns-is-layout-28f84493 wp-block-columns-is-layout-flex\">\n<div class=\"wp-block-column is-layout-flow wp-block-column-is-layout-flow\">\n<figure class=\"wp-block-image size-large\"><img loading=\"lazy\" decoding=\"async\" width=\"1024\" height=\"683\" src=\"https:\/\/www.diocese-limoges.fr\/grand-limoges\/wp-content\/uploads\/sites\/2\/2025\/02\/10-1024x683.jpg\" alt=\"\" class=\"wp-image-24034\" srcset=\"https:\/\/www.diocese-limoges.fr\/grand-limoges\/wp-content\/uploads\/sites\/2\/2025\/02\/10-1024x683.jpg 1024w, https:\/\/www.diocese-limoges.fr\/grand-limoges\/wp-content\/uploads\/sites\/2\/2025\/02\/10-300x200.jpg 300w, https:\/\/www.diocese-limoges.fr\/grand-limoges\/wp-content\/uploads\/sites\/2\/2025\/02\/10-768x512.jpg 768w, https:\/\/www.diocese-limoges.fr\/grand-limoges\/wp-content\/uploads\/sites\/2\/2025\/02\/10-1536x1024.jpg 1536w, https:\/\/www.diocese-limoges.fr\/grand-limoges\/wp-content\/uploads\/sites\/2\/2025\/02\/10-2048x1365.jpg 2048w\" sizes=\"auto, (max-width: 1024px) 100vw, 1024px\" \/><\/figure>\n<\/div>\n\n\n\n<div class=\"wp-block-column is-layout-flow wp-block-column-is-layout-flow\">\n<figure class=\"wp-block-image size-large\"><img loading=\"lazy\" decoding=\"async\" width=\"1024\" height=\"826\" src=\"https:\/\/www.diocese-limoges.fr\/grand-limoges\/wp-content\/uploads\/sites\/2\/2025\/02\/pot-1024x826.jpg\" alt=\"\" class=\"wp-image-24045\" srcset=\"https:\/\/www.diocese-limoges.fr\/grand-limoges\/wp-content\/uploads\/sites\/2\/2025\/02\/pot-1024x826.jpg 1024w, https:\/\/www.diocese-limoges.fr\/grand-limoges\/wp-content\/uploads\/sites\/2\/2025\/02\/pot-300x242.jpg 300w, https:\/\/www.diocese-limoges.fr\/grand-limoges\/wp-content\/uploads\/sites\/2\/2025\/02\/pot-768x619.jpg 768w, https:\/\/www.diocese-limoges.fr\/grand-limoges\/wp-content\/uploads\/sites\/2\/2025\/02\/pot-1536x1239.jpg 1536w, https:\/\/www.diocese-limoges.fr\/grand-limoges\/wp-content\/uploads\/sites\/2\/2025\/02\/pot-2048x1652.jpg 2048w\" sizes=\"auto, (max-width: 1024px) 100vw, 1024px\" \/><\/figure>\n<\/div>\n<\/div>\n\n\n\n<p>\u00ab\u00a0<em>Lors du d\u00e9jeuner partag\u00e9 qui suit, bon temps pour \u00e9changer gratuitement, d\u00e9couvrir les gens, les situations tr\u00e8s vari\u00e9es. Riche diversit\u00e9 de cette paroisse qui me semble vivre paisiblement une belle communion. Beaucoup de personnes engag\u00e9es, pr\u00e9sence forte du cur\u00e9 sur le terrain. Les gens ont beaucoup fait remonter que la messe avec une \u00e9glise pleine \u00e9tait plus stimulante et encourageante, pour les jeunes en particulier. C\u2019\u00e9tait la seule messe de la paroisse ce week-end. Cela signifie-t-il qu\u2019il y a trop de messe avec des petits effectifs et qu\u2019il faudrait regrouper davantage (au risque de s\u2019\u00e9loigner, en particulier pour les personnes \u00e2g\u00e9es qui vont \u00e0 la messe quand elle est proche de chez eux)&nbsp;?<\/em>\u00ab\u00a0<\/p>\n\n\n\n<div class=\"wp-block-columns is-layout-flex wp-container-core-columns-is-layout-28f84493 wp-block-columns-is-layout-flex\">\n<div class=\"wp-block-column is-layout-flow wp-block-column-is-layout-flow\">\n<figure class=\"wp-block-image size-large\"><img loading=\"lazy\" decoding=\"async\" width=\"1024\" height=\"683\" src=\"https:\/\/www.diocese-limoges.fr\/grand-limoges\/wp-content\/uploads\/sites\/2\/2025\/02\/repas-1024x683.jpg\" alt=\"\" class=\"wp-image-24037\" srcset=\"https:\/\/www.diocese-limoges.fr\/grand-limoges\/wp-content\/uploads\/sites\/2\/2025\/02\/repas-1024x683.jpg 1024w, https:\/\/www.diocese-limoges.fr\/grand-limoges\/wp-content\/uploads\/sites\/2\/2025\/02\/repas-300x200.jpg 300w, https:\/\/www.diocese-limoges.fr\/grand-limoges\/wp-content\/uploads\/sites\/2\/2025\/02\/repas-768x512.jpg 768w, https:\/\/www.diocese-limoges.fr\/grand-limoges\/wp-content\/uploads\/sites\/2\/2025\/02\/repas-1536x1024.jpg 1536w, https:\/\/www.diocese-limoges.fr\/grand-limoges\/wp-content\/uploads\/sites\/2\/2025\/02\/repas-2048x1365.jpg 2048w\" sizes=\"auto, (max-width: 1024px) 100vw, 1024px\" \/><\/figure>\n<\/div>\n\n\n\n<div class=\"wp-block-column is-layout-flow wp-block-column-is-layout-flow\">\n<figure class=\"wp-block-image size-large\"><img loading=\"lazy\" decoding=\"async\" width=\"1024\" height=\"683\" src=\"https:\/\/www.diocese-limoges.fr\/grand-limoges\/wp-content\/uploads\/sites\/2\/2025\/02\/14-1024x683.jpg\" alt=\"\" class=\"wp-image-24038\" srcset=\"https:\/\/www.diocese-limoges.fr\/grand-limoges\/wp-content\/uploads\/sites\/2\/2025\/02\/14-1024x683.jpg 1024w, https:\/\/www.diocese-limoges.fr\/grand-limoges\/wp-content\/uploads\/sites\/2\/2025\/02\/14-300x200.jpg 300w, https:\/\/www.diocese-limoges.fr\/grand-limoges\/wp-content\/uploads\/sites\/2\/2025\/02\/14-768x512.jpg 768w, https:\/\/www.diocese-limoges.fr\/grand-limoges\/wp-content\/uploads\/sites\/2\/2025\/02\/14-1536x1024.jpg 1536w, https:\/\/www.diocese-limoges.fr\/grand-limoges\/wp-content\/uploads\/sites\/2\/2025\/02\/14-2048x1365.jpg 2048w\" sizes=\"auto, (max-width: 1024px) 100vw, 1024px\" \/><\/figure>\n<\/div>\n\n\n\n<div class=\"wp-block-column is-layout-flow wp-block-column-is-layout-flow\">\n<figure class=\"wp-block-image size-large\"><img loading=\"lazy\" decoding=\"async\" width=\"1024\" height=\"917\" src=\"https:\/\/www.diocese-limoges.fr\/grand-limoges\/wp-content\/uploads\/sites\/2\/2025\/02\/20250119_133700-scaled-e1739746783357-1024x917.jpg\" alt=\"\" class=\"wp-image-24039\" srcset=\"https:\/\/www.diocese-limoges.fr\/grand-limoges\/wp-content\/uploads\/sites\/2\/2025\/02\/20250119_133700-scaled-e1739746783357-1024x917.jpg 1024w, https:\/\/www.diocese-limoges.fr\/grand-limoges\/wp-content\/uploads\/sites\/2\/2025\/02\/20250119_133700-scaled-e1739746783357-300x269.jpg 300w, https:\/\/www.diocese-limoges.fr\/grand-limoges\/wp-content\/uploads\/sites\/2\/2025\/02\/20250119_133700-scaled-e1739746783357-768x688.jpg 768w, https:\/\/www.diocese-limoges.fr\/grand-limoges\/wp-content\/uploads\/sites\/2\/2025\/02\/20250119_133700-scaled-e1739746783357-1536x1376.jpg 1536w, https:\/\/www.diocese-limoges.fr\/grand-limoges\/wp-content\/uploads\/sites\/2\/2025\/02\/20250119_133700-scaled-e1739746783357.jpg 1920w\" sizes=\"auto, (max-width: 1024px) 100vw, 1024px\" \/><\/figure>\n<\/div>\n<\/div>\n\n\n\n<p>\u00ab\u00a0<em>Merci de m\u2019avoir associ\u00e9 \u00e0 la vie de la paroisse. Je rends gr\u00e2ces pour cette communaut\u00e9 chr\u00e9tienne, vous garde dans ma pri\u00e8re et vous invite \u00e0 demeurer disciples-missionnaires et t\u00e9moins de l\u2019Esp\u00e9rance&nbsp;!\u00a0\u00bb<\/em>  <\/p>\n\n\n\n<p class=\"has-text-align-right\">22 janvier 2025     + Mgr P. A. Bozo<\/p>\n\n\n\n<p><\/p>\n\n\n\n<p><\/p>\n","protected":false},"excerpt":{"rendered":"<p>Les 19 et 20 janvier 2025, Monseigneur Pierre-Antoine Bozo a effectu\u00e9 sa deuxi\u00e8me visite pastorale dans notre paroisse. Sa premi\u00e8re visite avait eu lieu en octobre 2018, juste apr\u00e8s l&rsquo;installation du p\u00e8re Jean-Michel Bonnin.&nbsp; Merci \u00e0 tous ceux qui ont contribu\u00e9 \u00e0&nbsp; la r\u00e9ussite de&nbsp; cette visite, pleine de belles rencontres. Ci-dessous des extraits de [&hellip;]<\/p>\n","protected":false},"author":10,"featured_media":24027,"comment_status":"closed","ping_status":"open","sticky":false,"template":"","format":"standard","meta":{"_acf_changed":false,"footnotes":""},"categories":[1],"tags":[],"class_list":["post-23980","post","type-post","status-publish","format-standard","has-post-thumbnail","hentry","category-grand-limoges"],"acf":[],"yoast_head":"<!-- This site is optimized with the Yoast SEO plugin v26.4 - https:\/\/yoast.com\/wordpress\/plugins\/seo\/ -->\n<title>Visite pastorale de Mgr Bozo - Doyenn\u00e9s du Grand Limoges<\/title>\n<meta name=\"robots\" content=\"index, follow, max-snippet:-1, max-image-preview:large, max-video-preview:-1\" \/>\n<link rel=\"canonical\" href=\"https:\/\/www.diocese-limoges.fr\/grand-limoges\/actualites\/visite-pastorale-de-mgr-bozo-2\/\" \/>\n<meta property=\"og:locale\" content=\"fr_FR\" \/>\n<meta property=\"og:type\" content=\"article\" \/>\n<meta property=\"og:title\" content=\"Visite pastorale de Mgr Bozo - Doyenn\u00e9s du Grand Limoges\" \/>\n<meta property=\"og:description\" content=\"Les 19 et 20 janvier 2025, Monseigneur Pierre-Antoine Bozo a effectu\u00e9 sa deuxi\u00e8me visite pastorale dans notre paroisse. Sa premi\u00e8re visite avait eu lieu en octobre 2018, juste apr\u00e8s l&rsquo;installation du p\u00e8re Jean-Michel Bonnin.&nbsp; Merci \u00e0 tous ceux qui ont contribu\u00e9 \u00e0&nbsp; la r\u00e9ussite de&nbsp; cette visite, pleine de belles rencontres. Ci-dessous des extraits de [&hellip;]\" \/>\n<meta property=\"og:url\" content=\"https:\/\/www.diocese-limoges.fr\/grand-limoges\/actualites\/visite-pastorale-de-mgr-bozo-2\/\" \/>\n<meta property=\"og:site_name\" content=\"Doyenn\u00e9s du Grand Limoges\" \/>\n<meta property=\"article:published_time\" content=\"2025-02-19T22:07:56+00:00\" \/>\n<meta property=\"article:modified_time\" content=\"2025-03-02T19:38:33+00:00\" \/>\n<meta property=\"og:image\" content=\"https:\/\/www.diocese-limoges.fr\/grand-limoges\/wp-content\/uploads\/sites\/2\/2025\/02\/pastorale-des-jeunes-scaled.jpg\" \/>\n\t<meta property=\"og:image:width\" content=\"2560\" \/>\n\t<meta property=\"og:image:height\" content=\"1920\" \/>\n\t<meta property=\"og:image:type\" content=\"image\/jpeg\" \/>\n<meta name=\"author\" content=\"sainteloi\" \/>\n<meta name=\"twitter:card\" content=\"summary_large_image\" \/>\n<meta name=\"twitter:label1\" content=\"\u00c9crit par\" \/>\n\t<meta name=\"twitter:data1\" content=\"sainteloi\" \/>\n\t<meta name=\"twitter:label2\" content=\"Dur\u00e9e de lecture estim\u00e9e\" \/>\n\t<meta name=\"twitter:data2\" content=\"11 minutes\" \/>\n<script type=\"application\/ld+json\" class=\"yoast-schema-graph\">{\"@context\":\"https:\/\/schema.org\",\"@graph\":[{\"@type\":\"WebPage\",\"@id\":\"https:\/\/www.diocese-limoges.fr\/grand-limoges\/actualites\/visite-pastorale-de-mgr-bozo-2\/\",\"url\":\"https:\/\/www.diocese-limoges.fr\/grand-limoges\/actualites\/visite-pastorale-de-mgr-bozo-2\/\",\"name\":\"Visite pastorale de Mgr Bozo - Doyenn\u00e9s du Grand Limoges\",\"isPartOf\":{\"@id\":\"https:\/\/www.diocese-limoges.fr\/grand-limoges\/#website\"},\"primaryImageOfPage\":{\"@id\":\"https:\/\/www.diocese-limoges.fr\/grand-limoges\/actualites\/visite-pastorale-de-mgr-bozo-2\/#primaryimage\"},\"image\":{\"@id\":\"https:\/\/www.diocese-limoges.fr\/grand-limoges\/actualites\/visite-pastorale-de-mgr-bozo-2\/#primaryimage\"},\"thumbnailUrl\":\"https:\/\/www.diocese-limoges.fr\/grand-limoges\/wp-content\/uploads\/sites\/2\/2025\/02\/pastorale-des-jeunes-scaled.jpg\",\"datePublished\":\"2025-02-19T22:07:56+00:00\",\"dateModified\":\"2025-03-02T19:38:33+00:00\",\"author\":{\"@id\":\"https:\/\/www.diocese-limoges.fr\/grand-limoges\/#\/schema\/person\/0efea0b864bcc9f6b627e8556173122f\"},\"breadcrumb\":{\"@id\":\"https:\/\/www.diocese-limoges.fr\/grand-limoges\/actualites\/visite-pastorale-de-mgr-bozo-2\/#breadcrumb\"},\"inLanguage\":\"fr-FR\",\"potentialAction\":[{\"@type\":\"ReadAction\",\"target\":[\"https:\/\/www.diocese-limoges.fr\/grand-limoges\/actualites\/visite-pastorale-de-mgr-bozo-2\/\"]}]},{\"@type\":\"ImageObject\",\"inLanguage\":\"fr-FR\",\"@id\":\"https:\/\/www.diocese-limoges.fr\/grand-limoges\/actualites\/visite-pastorale-de-mgr-bozo-2\/#primaryimage\",\"url\":\"https:\/\/www.diocese-limoges.fr\/grand-limoges\/wp-content\/uploads\/sites\/2\/2025\/02\/pastorale-des-jeunes-scaled.jpg\",\"contentUrl\":\"https:\/\/www.diocese-limoges.fr\/grand-limoges\/wp-content\/uploads\/sites\/2\/2025\/02\/pastorale-des-jeunes-scaled.jpg\",\"width\":2560,\"height\":1920,\"caption\":\"@\"},{\"@type\":\"BreadcrumbList\",\"@id\":\"https:\/\/www.diocese-limoges.fr\/grand-limoges\/actualites\/visite-pastorale-de-mgr-bozo-2\/#breadcrumb\",\"itemListElement\":[{\"@type\":\"ListItem\",\"position\":1,\"name\":\"Accueil\",\"item\":\"https:\/\/www.diocese-limoges.fr\/grand-limoges\/\"},{\"@type\":\"ListItem\",\"position\":2,\"name\":\"Visite pastorale de Mgr Bozo\"}]},{\"@type\":\"WebSite\",\"@id\":\"https:\/\/www.diocese-limoges.fr\/grand-limoges\/#website\",\"url\":\"https:\/\/www.diocese-limoges.fr\/grand-limoges\/\",\"name\":\"Doyenn\u00e9s du Grand Limoges\",\"description\":\"Dioc\u00e8se de Limoges\",\"potentialAction\":[{\"@type\":\"SearchAction\",\"target\":{\"@type\":\"EntryPoint\",\"urlTemplate\":\"https:\/\/www.diocese-limoges.fr\/grand-limoges\/?s={search_term_string}\"},\"query-input\":{\"@type\":\"PropertyValueSpecification\",\"valueRequired\":true,\"valueName\":\"search_term_string\"}}],\"inLanguage\":\"fr-FR\"},{\"@type\":\"Person\",\"@id\":\"https:\/\/www.diocese-limoges.fr\/grand-limoges\/#\/schema\/person\/0efea0b864bcc9f6b627e8556173122f\",\"name\":\"sainteloi\",\"image\":{\"@type\":\"ImageObject\",\"inLanguage\":\"fr-FR\",\"@id\":\"https:\/\/www.diocese-limoges.fr\/grand-limoges\/#\/schema\/person\/image\/\",\"url\":\"https:\/\/secure.gravatar.com\/avatar\/36135729350d5be2cbc7cc4c88ae11bede1a4fa8b76937e48682433dac7a0c52?s=96&d=mm&r=g\",\"contentUrl\":\"https:\/\/secure.gravatar.com\/avatar\/36135729350d5be2cbc7cc4c88ae11bede1a4fa8b76937e48682433dac7a0c52?s=96&d=mm&r=g\",\"caption\":\"sainteloi\"},\"url\":\"https:\/\/www.diocese-limoges.fr\/grand-limoges\/author\/sainteloi\/\"}]}<\/script>\n<!-- \/ Yoast SEO plugin. -->","yoast_head_json":{"title":"Visite pastorale de Mgr Bozo - Doyenn\u00e9s du Grand Limoges","robots":{"index":"index","follow":"follow","max-snippet":"max-snippet:-1","max-image-preview":"max-image-preview:large","max-video-preview":"max-video-preview:-1"},"canonical":"https:\/\/www.diocese-limoges.fr\/grand-limoges\/actualites\/visite-pastorale-de-mgr-bozo-2\/","og_locale":"fr_FR","og_type":"article","og_title":"Visite pastorale de Mgr Bozo - Doyenn\u00e9s du Grand Limoges","og_description":"Les 19 et 20 janvier 2025, Monseigneur Pierre-Antoine Bozo a effectu\u00e9 sa deuxi\u00e8me visite pastorale dans notre paroisse. Sa premi\u00e8re visite avait eu lieu en octobre 2018, juste apr\u00e8s l&rsquo;installation du p\u00e8re Jean-Michel Bonnin.&nbsp; Merci \u00e0 tous ceux qui ont contribu\u00e9 \u00e0&nbsp; la r\u00e9ussite de&nbsp; cette visite, pleine de belles rencontres. Ci-dessous des extraits de [&hellip;]","og_url":"https:\/\/www.diocese-limoges.fr\/grand-limoges\/actualites\/visite-pastorale-de-mgr-bozo-2\/","og_site_name":"Doyenn\u00e9s du Grand Limoges","article_published_time":"2025-02-19T22:07:56+00:00","article_modified_time":"2025-03-02T19:38:33+00:00","og_image":[{"width":2560,"height":1920,"url":"https:\/\/www.diocese-limoges.fr\/grand-limoges\/wp-content\/uploads\/sites\/2\/2025\/02\/pastorale-des-jeunes-scaled.jpg","type":"image\/jpeg"}],"author":"sainteloi","twitter_card":"summary_large_image","twitter_misc":{"\u00c9crit par":"sainteloi","Dur\u00e9e de lecture estim\u00e9e":"11 minutes"},"schema":{"@context":"https:\/\/schema.org","@graph":[{"@type":"WebPage","@id":"https:\/\/www.diocese-limoges.fr\/grand-limoges\/actualites\/visite-pastorale-de-mgr-bozo-2\/","url":"https:\/\/www.diocese-limoges.fr\/grand-limoges\/actualites\/visite-pastorale-de-mgr-bozo-2\/","name":"Visite pastorale de Mgr Bozo - Doyenn\u00e9s du Grand Limoges","isPartOf":{"@id":"https:\/\/www.diocese-limoges.fr\/grand-limoges\/#website"},"primaryImageOfPage":{"@id":"https:\/\/www.diocese-limoges.fr\/grand-limoges\/actualites\/visite-pastorale-de-mgr-bozo-2\/#primaryimage"},"image":{"@id":"https:\/\/www.diocese-limoges.fr\/grand-limoges\/actualites\/visite-pastorale-de-mgr-bozo-2\/#primaryimage"},"thumbnailUrl":"https:\/\/www.diocese-limoges.fr\/grand-limoges\/wp-content\/uploads\/sites\/2\/2025\/02\/pastorale-des-jeunes-scaled.jpg","datePublished":"2025-02-19T22:07:56+00:00","dateModified":"2025-03-02T19:38:33+00:00","author":{"@id":"https:\/\/www.diocese-limoges.fr\/grand-limoges\/#\/schema\/person\/0efea0b864bcc9f6b627e8556173122f"},"breadcrumb":{"@id":"https:\/\/www.diocese-limoges.fr\/grand-limoges\/actualites\/visite-pastorale-de-mgr-bozo-2\/#breadcrumb"},"inLanguage":"fr-FR","potentialAction":[{"@type":"ReadAction","target":["https:\/\/www.diocese-limoges.fr\/grand-limoges\/actualites\/visite-pastorale-de-mgr-bozo-2\/"]}]},{"@type":"ImageObject","inLanguage":"fr-FR","@id":"https:\/\/www.diocese-limoges.fr\/grand-limoges\/actualites\/visite-pastorale-de-mgr-bozo-2\/#primaryimage","url":"https:\/\/www.diocese-limoges.fr\/grand-limoges\/wp-content\/uploads\/sites\/2\/2025\/02\/pastorale-des-jeunes-scaled.jpg","contentUrl":"https:\/\/www.diocese-limoges.fr\/grand-limoges\/wp-content\/uploads\/sites\/2\/2025\/02\/pastorale-des-jeunes-scaled.jpg","width":2560,"height":1920,"caption":"@"},{"@type":"BreadcrumbList","@id":"https:\/\/www.diocese-limoges.fr\/grand-limoges\/actualites\/visite-pastorale-de-mgr-bozo-2\/#breadcrumb","itemListElement":[{"@type":"ListItem","position":1,"name":"Accueil","item":"https:\/\/www.diocese-limoges.fr\/grand-limoges\/"},{"@type":"ListItem","position":2,"name":"Visite pastorale de Mgr Bozo"}]},{"@type":"WebSite","@id":"https:\/\/www.diocese-limoges.fr\/grand-limoges\/#website","url":"https:\/\/www.diocese-limoges.fr\/grand-limoges\/","name":"Doyenn\u00e9s du Grand Limoges","description":"Dioc\u00e8se de Limoges","potentialAction":[{"@type":"SearchAction","target":{"@type":"EntryPoint","urlTemplate":"https:\/\/www.diocese-limoges.fr\/grand-limoges\/?s={search_term_string}"},"query-input":{"@type":"PropertyValueSpecification","valueRequired":true,"valueName":"search_term_string"}}],"inLanguage":"fr-FR"},{"@type":"Person","@id":"https:\/\/www.diocese-limoges.fr\/grand-limoges\/#\/schema\/person\/0efea0b864bcc9f6b627e8556173122f","name":"sainteloi","image":{"@type":"ImageObject","inLanguage":"fr-FR","@id":"https:\/\/www.diocese-limoges.fr\/grand-limoges\/#\/schema\/person\/image\/","url":"https:\/\/secure.gravatar.com\/avatar\/36135729350d5be2cbc7cc4c88ae11bede1a4fa8b76937e48682433dac7a0c52?s=96&d=mm&r=g","contentUrl":"https:\/\/secure.gravatar.com\/avatar\/36135729350d5be2cbc7cc4c88ae11bede1a4fa8b76937e48682433dac7a0c52?s=96&d=mm&r=g","caption":"sainteloi"},"url":"https:\/\/www.diocese-limoges.fr\/grand-limoges\/author\/sainteloi\/"}]}},"_links":{"self":[{"href":"https:\/\/www.diocese-limoges.fr\/grand-limoges\/wp-json\/wp\/v2\/posts\/23980","targetHints":{"allow":["GET"]}}],"collection":[{"href":"https:\/\/www.diocese-limoges.fr\/grand-limoges\/wp-json\/wp\/v2\/posts"}],"about":[{"href":"https:\/\/www.diocese-limoges.fr\/grand-limoges\/wp-json\/wp\/v2\/types\/post"}],"author":[{"embeddable":true,"href":"https:\/\/www.diocese-limoges.fr\/grand-limoges\/wp-json\/wp\/v2\/users\/10"}],"replies":[{"embeddable":true,"href":"https:\/\/www.diocese-limoges.fr\/grand-limoges\/wp-json\/wp\/v2\/comments?post=23980"}],"version-history":[{"count":9,"href":"https:\/\/www.diocese-limoges.fr\/grand-limoges\/wp-json\/wp\/v2\/posts\/23980\/revisions"}],"predecessor-version":[{"id":24120,"href":"https:\/\/www.diocese-limoges.fr\/grand-limoges\/wp-json\/wp\/v2\/posts\/23980\/revisions\/24120"}],"wp:featuredmedia":[{"embeddable":true,"href":"https:\/\/www.diocese-limoges.fr\/grand-limoges\/wp-json\/wp\/v2\/media\/24027"}],"wp:attachment":[{"href":"https:\/\/www.diocese-limoges.fr\/grand-limoges\/wp-json\/wp\/v2\/media?parent=23980"}],"wp:term":[{"taxonomy":"category","embeddable":true,"href":"https:\/\/www.diocese-limoges.fr\/grand-limoges\/wp-json\/wp\/v2\/categories?post=23980"},{"taxonomy":"post_tag","embeddable":true,"href":"https:\/\/www.diocese-limoges.fr\/grand-limoges\/wp-json\/wp\/v2\/tags?post=23980"}],"curies":[{"name":"wp","href":"https:\/\/api.w.org\/{rel}","templated":true}]}}