{"id":24841,"date":"2026-02-05T10:39:18","date_gmt":"2026-02-05T09:39:18","guid":{"rendered":"https:\/\/www.diocese-limoges.fr\/grand-limoges\/?p=24841"},"modified":"2026-02-05T10:39:18","modified_gmt":"2026-02-05T09:39:18","slug":"le-monde-carceral","status":"publish","type":"post","link":"https:\/\/www.diocese-limoges.fr\/grand-limoges\/actualites\/le-monde-carceral\/","title":{"rendered":"Le monde carc\u00e9ral :"},"content":{"rendered":"\n<p><\/p>\n\n\n\n<p class=\"has-vivid-red-color has-text-color has-link-color has-medium-font-size wp-elements-00c3716c82ad8a28420c094f70942971\"><strong>Quel est notre regard sur la prison et sur les personnes\u00a0 qui y ont \u00e9t\u00e9 incarc\u00e9r\u00e9es\u00a0?<\/strong><\/p>\n\n\n\n<p>Il faut bien nous l\u2019avouer, nous avons la plupart du temps des id\u00e9es fausses sur la prison car si elle fait irruption dans le paysage m\u00e9diatique c\u2019est le plus souvent \u00e0 l\u2019occasion d\u2019un crime sanglant ou lorsqu\u2019un personnage public est condamn\u00e9. Pourtant le quotidien de la prison est moins flamboyant car tous les jours entrent dans les \u00e9tablissements p\u00e9nitentiaires des anti-h\u00e9ros, de modestes ombres. Comment r\u00e9agissons-nous face \u00e0 ce constat&nbsp;? Sommes-nous intransigeants&nbsp;? M\u00e9prisants&nbsp;?&nbsp;Na\u00effs&nbsp;? Indiff\u00e9rents&nbsp;?<\/p>\n\n\n\n<p>Nous vous proposons un temps pour faire \u00e9voluer notre regard et l\u2019ancrer dans la r\u00e9alit\u00e9 carc\u00e9rale<strong> le jeudi 26 f\u00e9vrier 2026 \u00e0 20 h salle du Faubourien.<\/strong><\/p>\n\n\n\n<p>Le Docteur Dani\u00e8le Bourlaud, m\u00e9decin psychiatre qui intervenait \u00e0 la Maison d\u2019Arr\u00eat, Madame Marie-Paule Heraud pr\u00e9sidente de l\u2019Association \u00c9ducative, Sportive et d\u2019Aide aux personnes d\u00e9tenues et ancienne visiteuse de prison, Edith Vverger avocate honoraire, r\u00e9pondront en toute simplicit\u00e9 et sinc\u00e9rit\u00e9 \u00e0 toutes les questions que vous vous posez.<\/p>\n\n\n\n<p>Ce ne sera pas un d\u00e9bat, mais par leurs r\u00e9ponses elles nous permettront de reconsid\u00e9rer nos pr\u00e9jug\u00e9s, nos id\u00e9es re\u00e7ues, nos contre-v\u00e9rit\u00e9s.&nbsp;<\/p>\n\n\n\n<p><\/p>\n","protected":false},"excerpt":{"rendered":"<p>Quel est notre regard sur la prison et sur les personnes\u00a0 qui y ont \u00e9t\u00e9 incarc\u00e9r\u00e9es\u00a0? Il faut bien nous l\u2019avouer, nous avons la plupart du temps des id\u00e9es fausses sur la prison car si elle fait irruption dans le paysage m\u00e9diatique c\u2019est le plus souvent \u00e0 l\u2019occasion d\u2019un crime sanglant ou lorsqu\u2019un personnage public [&hellip;]<\/p>\n","protected":false},"author":10,"featured_media":24842,"comment_status":"closed","ping_status":"open","sticky":false,"template":"","format":"standard","meta":{"_acf_changed":false,"footnotes":""},"categories":[1],"tags":[],"class_list":["post-24841","post","type-post","status-publish","format-standard","has-post-thumbnail","hentry","category-grand-limoges"],"acf":[],"yoast_head":"<!-- This site is optimized with the Yoast SEO plugin v26.4 - https:\/\/yoast.com\/wordpress\/plugins\/seo\/ -->\n<title>Le monde carc\u00e9ral : - Doyenn\u00e9s du Grand Limoges<\/title>\n<meta name=\"robots\" content=\"index, follow, max-snippet:-1, max-image-preview:large, max-video-preview:-1\" \/>\n<link rel=\"canonical\" href=\"https:\/\/www.diocese-limoges.fr\/grand-limoges\/actualites\/le-monde-carceral\/\" \/>\n<meta property=\"og:locale\" content=\"fr_FR\" \/>\n<meta property=\"og:type\" content=\"article\" \/>\n<meta property=\"og:title\" content=\"Le monde carc\u00e9ral : - Doyenn\u00e9s du Grand Limoges\" \/>\n<meta property=\"og:description\" content=\"Quel est notre regard sur la prison et sur les personnes\u00a0 qui y ont \u00e9t\u00e9 incarc\u00e9r\u00e9es\u00a0? Il faut bien nous l\u2019avouer, nous avons la plupart du temps des id\u00e9es fausses sur la prison car si elle fait irruption dans le paysage m\u00e9diatique c\u2019est le plus souvent \u00e0 l\u2019occasion d\u2019un crime sanglant ou lorsqu\u2019un personnage public [&hellip;]\" \/>\n<meta property=\"og:url\" content=\"https:\/\/www.diocese-limoges.fr\/grand-limoges\/actualites\/le-monde-carceral\/\" \/>\n<meta property=\"og:site_name\" content=\"Doyenn\u00e9s du Grand Limoges\" \/>\n<meta property=\"article:published_time\" content=\"2026-02-05T09:39:18+00:00\" \/>\n<meta property=\"og:image\" content=\"https:\/\/www.diocese-limoges.fr\/grand-limoges\/wp-content\/uploads\/sites\/2\/2026\/02\/prison-scaled.jpeg\" \/>\n\t<meta property=\"og:image:width\" content=\"2560\" \/>\n\t<meta property=\"og:image:height\" content=\"1707\" \/>\n\t<meta property=\"og:image:type\" content=\"image\/jpeg\" \/>\n<meta name=\"author\" content=\"sainteloi\" \/>\n<meta name=\"twitter:card\" content=\"summary_large_image\" \/>\n<meta name=\"twitter:label1\" content=\"\u00c9crit par\" \/>\n\t<meta name=\"twitter:data1\" content=\"sainteloi\" \/>\n\t<meta name=\"twitter:label2\" content=\"Dur\u00e9e de lecture estim\u00e9e\" \/>\n\t<meta name=\"twitter:data2\" content=\"2 minutes\" \/>\n<script type=\"application\/ld+json\" class=\"yoast-schema-graph\">{\"@context\":\"https:\/\/schema.org\",\"@graph\":[{\"@type\":\"WebPage\",\"@id\":\"https:\/\/www.diocese-limoges.fr\/grand-limoges\/actualites\/le-monde-carceral\/\",\"url\":\"https:\/\/www.diocese-limoges.fr\/grand-limoges\/actualites\/le-monde-carceral\/\",\"name\":\"Le monde carc\u00e9ral : - Doyenn\u00e9s du Grand Limoges\",\"isPartOf\":{\"@id\":\"https:\/\/www.diocese-limoges.fr\/grand-limoges\/#website\"},\"primaryImageOfPage\":{\"@id\":\"https:\/\/www.diocese-limoges.fr\/grand-limoges\/actualites\/le-monde-carceral\/#primaryimage\"},\"image\":{\"@id\":\"https:\/\/www.diocese-limoges.fr\/grand-limoges\/actualites\/le-monde-carceral\/#primaryimage\"},\"thumbnailUrl\":\"https:\/\/www.diocese-limoges.fr\/grand-limoges\/wp-content\/uploads\/sites\/2\/2026\/02\/prison-scaled.jpeg\",\"datePublished\":\"2026-02-05T09:39:18+00:00\",\"author\":{\"@id\":\"https:\/\/www.diocese-limoges.fr\/grand-limoges\/#\/schema\/person\/0efea0b864bcc9f6b627e8556173122f\"},\"breadcrumb\":{\"@id\":\"https:\/\/www.diocese-limoges.fr\/grand-limoges\/actualites\/le-monde-carceral\/#breadcrumb\"},\"inLanguage\":\"fr-FR\",\"potentialAction\":[{\"@type\":\"ReadAction\",\"target\":[\"https:\/\/www.diocese-limoges.fr\/grand-limoges\/actualites\/le-monde-carceral\/\"]}]},{\"@type\":\"ImageObject\",\"inLanguage\":\"fr-FR\",\"@id\":\"https:\/\/www.diocese-limoges.fr\/grand-limoges\/actualites\/le-monde-carceral\/#primaryimage\",\"url\":\"https:\/\/www.diocese-limoges.fr\/grand-limoges\/wp-content\/uploads\/sites\/2\/2026\/02\/prison-scaled.jpeg\",\"contentUrl\":\"https:\/\/www.diocese-limoges.fr\/grand-limoges\/wp-content\/uploads\/sites\/2\/2026\/02\/prison-scaled.jpeg\",\"width\":2560,\"height\":1707},{\"@type\":\"BreadcrumbList\",\"@id\":\"https:\/\/www.diocese-limoges.fr\/grand-limoges\/actualites\/le-monde-carceral\/#breadcrumb\",\"itemListElement\":[{\"@type\":\"ListItem\",\"position\":1,\"name\":\"Accueil\",\"item\":\"https:\/\/www.diocese-limoges.fr\/grand-limoges\/\"},{\"@type\":\"ListItem\",\"position\":2,\"name\":\"Le monde carc\u00e9ral :\"}]},{\"@type\":\"WebSite\",\"@id\":\"https:\/\/www.diocese-limoges.fr\/grand-limoges\/#website\",\"url\":\"https:\/\/www.diocese-limoges.fr\/grand-limoges\/\",\"name\":\"Doyenn\u00e9s du Grand Limoges\",\"description\":\"Dioc\u00e8se de Limoges\",\"potentialAction\":[{\"@type\":\"SearchAction\",\"target\":{\"@type\":\"EntryPoint\",\"urlTemplate\":\"https:\/\/www.diocese-limoges.fr\/grand-limoges\/?s={search_term_string}\"},\"query-input\":{\"@type\":\"PropertyValueSpecification\",\"valueRequired\":true,\"valueName\":\"search_term_string\"}}],\"inLanguage\":\"fr-FR\"},{\"@type\":\"Person\",\"@id\":\"https:\/\/www.diocese-limoges.fr\/grand-limoges\/#\/schema\/person\/0efea0b864bcc9f6b627e8556173122f\",\"name\":\"sainteloi\",\"image\":{\"@type\":\"ImageObject\",\"inLanguage\":\"fr-FR\",\"@id\":\"https:\/\/www.diocese-limoges.fr\/grand-limoges\/#\/schema\/person\/image\/\",\"url\":\"https:\/\/secure.gravatar.com\/avatar\/36135729350d5be2cbc7cc4c88ae11bede1a4fa8b76937e48682433dac7a0c52?s=96&d=mm&r=g\",\"contentUrl\":\"https:\/\/secure.gravatar.com\/avatar\/36135729350d5be2cbc7cc4c88ae11bede1a4fa8b76937e48682433dac7a0c52?s=96&d=mm&r=g\",\"caption\":\"sainteloi\"},\"url\":\"https:\/\/www.diocese-limoges.fr\/grand-limoges\/author\/sainteloi\/\"}]}<\/script>\n<!-- \/ Yoast SEO plugin. -->","yoast_head_json":{"title":"Le monde carc\u00e9ral : - Doyenn\u00e9s du Grand Limoges","robots":{"index":"index","follow":"follow","max-snippet":"max-snippet:-1","max-image-preview":"max-image-preview:large","max-video-preview":"max-video-preview:-1"},"canonical":"https:\/\/www.diocese-limoges.fr\/grand-limoges\/actualites\/le-monde-carceral\/","og_locale":"fr_FR","og_type":"article","og_title":"Le monde carc\u00e9ral : - Doyenn\u00e9s du Grand Limoges","og_description":"Quel est notre regard sur la prison et sur les personnes\u00a0 qui y ont \u00e9t\u00e9 incarc\u00e9r\u00e9es\u00a0? Il faut bien nous l\u2019avouer, nous avons la plupart du temps des id\u00e9es fausses sur la prison car si elle fait irruption dans le paysage m\u00e9diatique c\u2019est le plus souvent \u00e0 l\u2019occasion d\u2019un crime sanglant ou lorsqu\u2019un personnage public [&hellip;]","og_url":"https:\/\/www.diocese-limoges.fr\/grand-limoges\/actualites\/le-monde-carceral\/","og_site_name":"Doyenn\u00e9s du Grand Limoges","article_published_time":"2026-02-05T09:39:18+00:00","og_image":[{"width":2560,"height":1707,"url":"https:\/\/www.diocese-limoges.fr\/grand-limoges\/wp-content\/uploads\/sites\/2\/2026\/02\/prison-scaled.jpeg","type":"image\/jpeg"}],"author":"sainteloi","twitter_card":"summary_large_image","twitter_misc":{"\u00c9crit par":"sainteloi","Dur\u00e9e de lecture estim\u00e9e":"2 minutes"},"schema":{"@context":"https:\/\/schema.org","@graph":[{"@type":"WebPage","@id":"https:\/\/www.diocese-limoges.fr\/grand-limoges\/actualites\/le-monde-carceral\/","url":"https:\/\/www.diocese-limoges.fr\/grand-limoges\/actualites\/le-monde-carceral\/","name":"Le monde carc\u00e9ral : - Doyenn\u00e9s du Grand Limoges","isPartOf":{"@id":"https:\/\/www.diocese-limoges.fr\/grand-limoges\/#website"},"primaryImageOfPage":{"@id":"https:\/\/www.diocese-limoges.fr\/grand-limoges\/actualites\/le-monde-carceral\/#primaryimage"},"image":{"@id":"https:\/\/www.diocese-limoges.fr\/grand-limoges\/actualites\/le-monde-carceral\/#primaryimage"},"thumbnailUrl":"https:\/\/www.diocese-limoges.fr\/grand-limoges\/wp-content\/uploads\/sites\/2\/2026\/02\/prison-scaled.jpeg","datePublished":"2026-02-05T09:39:18+00:00","author":{"@id":"https:\/\/www.diocese-limoges.fr\/grand-limoges\/#\/schema\/person\/0efea0b864bcc9f6b627e8556173122f"},"breadcrumb":{"@id":"https:\/\/www.diocese-limoges.fr\/grand-limoges\/actualites\/le-monde-carceral\/#breadcrumb"},"inLanguage":"fr-FR","potentialAction":[{"@type":"ReadAction","target":["https:\/\/www.diocese-limoges.fr\/grand-limoges\/actualites\/le-monde-carceral\/"]}]},{"@type":"ImageObject","inLanguage":"fr-FR","@id":"https:\/\/www.diocese-limoges.fr\/grand-limoges\/actualites\/le-monde-carceral\/#primaryimage","url":"https:\/\/www.diocese-limoges.fr\/grand-limoges\/wp-content\/uploads\/sites\/2\/2026\/02\/prison-scaled.jpeg","contentUrl":"https:\/\/www.diocese-limoges.fr\/grand-limoges\/wp-content\/uploads\/sites\/2\/2026\/02\/prison-scaled.jpeg","width":2560,"height":1707},{"@type":"BreadcrumbList","@id":"https:\/\/www.diocese-limoges.fr\/grand-limoges\/actualites\/le-monde-carceral\/#breadcrumb","itemListElement":[{"@type":"ListItem","position":1,"name":"Accueil","item":"https:\/\/www.diocese-limoges.fr\/grand-limoges\/"},{"@type":"ListItem","position":2,"name":"Le monde carc\u00e9ral :"}]},{"@type":"WebSite","@id":"https:\/\/www.diocese-limoges.fr\/grand-limoges\/#website","url":"https:\/\/www.diocese-limoges.fr\/grand-limoges\/","name":"Doyenn\u00e9s du Grand Limoges","description":"Dioc\u00e8se de Limoges","potentialAction":[{"@type":"SearchAction","target":{"@type":"EntryPoint","urlTemplate":"https:\/\/www.diocese-limoges.fr\/grand-limoges\/?s={search_term_string}"},"query-input":{"@type":"PropertyValueSpecification","valueRequired":true,"valueName":"search_term_string"}}],"inLanguage":"fr-FR"},{"@type":"Person","@id":"https:\/\/www.diocese-limoges.fr\/grand-limoges\/#\/schema\/person\/0efea0b864bcc9f6b627e8556173122f","name":"sainteloi","image":{"@type":"ImageObject","inLanguage":"fr-FR","@id":"https:\/\/www.diocese-limoges.fr\/grand-limoges\/#\/schema\/person\/image\/","url":"https:\/\/secure.gravatar.com\/avatar\/36135729350d5be2cbc7cc4c88ae11bede1a4fa8b76937e48682433dac7a0c52?s=96&d=mm&r=g","contentUrl":"https:\/\/secure.gravatar.com\/avatar\/36135729350d5be2cbc7cc4c88ae11bede1a4fa8b76937e48682433dac7a0c52?s=96&d=mm&r=g","caption":"sainteloi"},"url":"https:\/\/www.diocese-limoges.fr\/grand-limoges\/author\/sainteloi\/"}]}},"_links":{"self":[{"href":"https:\/\/www.diocese-limoges.fr\/grand-limoges\/wp-json\/wp\/v2\/posts\/24841","targetHints":{"allow":["GET"]}}],"collection":[{"href":"https:\/\/www.diocese-limoges.fr\/grand-limoges\/wp-json\/wp\/v2\/posts"}],"about":[{"href":"https:\/\/www.diocese-limoges.fr\/grand-limoges\/wp-json\/wp\/v2\/types\/post"}],"author":[{"embeddable":true,"href":"https:\/\/www.diocese-limoges.fr\/grand-limoges\/wp-json\/wp\/v2\/users\/10"}],"replies":[{"embeddable":true,"href":"https:\/\/www.diocese-limoges.fr\/grand-limoges\/wp-json\/wp\/v2\/comments?post=24841"}],"version-history":[{"count":1,"href":"https:\/\/www.diocese-limoges.fr\/grand-limoges\/wp-json\/wp\/v2\/posts\/24841\/revisions"}],"predecessor-version":[{"id":24843,"href":"https:\/\/www.diocese-limoges.fr\/grand-limoges\/wp-json\/wp\/v2\/posts\/24841\/revisions\/24843"}],"wp:featuredmedia":[{"embeddable":true,"href":"https:\/\/www.diocese-limoges.fr\/grand-limoges\/wp-json\/wp\/v2\/media\/24842"}],"wp:attachment":[{"href":"https:\/\/www.diocese-limoges.fr\/grand-limoges\/wp-json\/wp\/v2\/media?parent=24841"}],"wp:term":[{"taxonomy":"category","embeddable":true,"href":"https:\/\/www.diocese-limoges.fr\/grand-limoges\/wp-json\/wp\/v2\/categories?post=24841"},{"taxonomy":"post_tag","embeddable":true,"href":"https:\/\/www.diocese-limoges.fr\/grand-limoges\/wp-json\/wp\/v2\/tags?post=24841"}],"curies":[{"name":"wp","href":"https:\/\/api.w.org\/{rel}","templated":true}]}}