{"id":25207,"date":"2026-08-29T10:00:33","date_gmt":"2026-08-29T08:00:33","guid":{"rendered":"https:\/\/www.diocese-limoges.fr\/grand-limoges\/?p=25207"},"modified":"2026-08-29T10:24:54","modified_gmt":"2026-08-29T08:24:54","slug":"avec-la-conference-saint-vincent-de-paul-de-saint-eloi","status":"publish","type":"post","link":"https:\/\/www.diocese-limoges.fr\/grand-limoges\/actualites\/avec-la-conference-saint-vincent-de-paul-de-saint-eloi\/","title":{"rendered":"Avec la conf\u00e9rence Saint-Vincent-de-Paul de Saint-\u00c9loi"},"content":{"rendered":"\n<p>Au-del\u00e0 des relations lors des visites \u00e0 domicile, des conversations t\u00e9l\u00e9phoniques, des livraisons de colis alimentaires selon les sollicitations des services sociaux, des \u00ab&nbsp;rencontres de femmes&nbsp;\u00bb du mardi, des liens d\u2019amiti\u00e9 se cr\u00e9ent, des complicit\u00e9s se montrent.<\/p>\n\n\n\n<p>Il est ais\u00e9 de constater que l\u2019\u00e9t\u00e9 contribue \u00e0 isoler plus encore certaines personnes. C\u2019est pourquoi la conf\u00e9rence Saint Vincent de Paul-Saint-\u00c9loi a choisi d\u2019organiser un \u00ab&nbsp;repas partag\u00e9&nbsp;\u00bb le 11 juillet dernier, dans les salles de Sainte Bernadette. Une quinzaine de personnes se sont retrouv\u00e9es pour le d\u00e9jeuner, les boissons fra\u00eeches (!), les friandises des uns et des autres, les jeux, les chants. Beaucoup de joies \u00e9chang\u00e9es.<\/p>\n\n\n\n<div class=\"wp-block-columns is-layout-flex wp-container-core-columns-is-layout-28f84493 wp-block-columns-is-layout-flex\">\n<div class=\"wp-block-column is-layout-flow wp-block-column-is-layout-flow\">\n<figure class=\"wp-block-image size-large\"><img loading=\"lazy\" decoding=\"async\" width=\"1024\" height=\"768\" src=\"https:\/\/www.diocese-limoges.fr\/grand-limoges\/wp-content\/uploads\/sites\/2\/2026\/08\/ssvp-11-juillet-1-1024x768.jpg\" alt=\"\" class=\"wp-image-25210\" srcset=\"https:\/\/www.diocese-limoges.fr\/grand-limoges\/wp-content\/uploads\/sites\/2\/2026\/08\/ssvp-11-juillet-1-1024x768.jpg 1024w, https:\/\/www.diocese-limoges.fr\/grand-limoges\/wp-content\/uploads\/sites\/2\/2026\/08\/ssvp-11-juillet-1-300x225.jpg 300w, https:\/\/www.diocese-limoges.fr\/grand-limoges\/wp-content\/uploads\/sites\/2\/2026\/08\/ssvp-11-juillet-1-768x576.jpg 768w, https:\/\/www.diocese-limoges.fr\/grand-limoges\/wp-content\/uploads\/sites\/2\/2026\/08\/ssvp-11-juillet-1.jpg 1348w\" sizes=\"auto, (max-width: 1024px) 100vw, 1024px\" \/><\/figure>\n<\/div>\n\n\n\n<div class=\"wp-block-column is-layout-flow wp-block-column-is-layout-flow\">\n<figure class=\"wp-block-image size-large\"><img loading=\"lazy\" decoding=\"async\" width=\"1024\" height=\"768\" src=\"https:\/\/www.diocese-limoges.fr\/grand-limoges\/wp-content\/uploads\/sites\/2\/2026\/08\/ssvp-11-juillet2-1024x768.jpg\" alt=\"\" class=\"wp-image-25211\" srcset=\"https:\/\/www.diocese-limoges.fr\/grand-limoges\/wp-content\/uploads\/sites\/2\/2026\/08\/ssvp-11-juillet2-1024x768.jpg 1024w, https:\/\/www.diocese-limoges.fr\/grand-limoges\/wp-content\/uploads\/sites\/2\/2026\/08\/ssvp-11-juillet2-300x225.jpg 300w, https:\/\/www.diocese-limoges.fr\/grand-limoges\/wp-content\/uploads\/sites\/2\/2026\/08\/ssvp-11-juillet2-768x576.jpg 768w, https:\/\/www.diocese-limoges.fr\/grand-limoges\/wp-content\/uploads\/sites\/2\/2026\/08\/ssvp-11-juillet2.jpg 1348w\" sizes=\"auto, (max-width: 1024px) 100vw, 1024px\" \/><\/figure>\n<\/div>\n<\/div>\n\n\n\n<p>Les paroles de Fr\u00e9d\u00e9ric Ozanam(1813-1853) qui a mis en actes ce que saint Vincent de Paul pr\u00e9conisait, nous aident \u00e0 trouver nos orientations&nbsp;: \u00ab&nbsp;le but principal de notre association a \u00e9t\u00e9 de ne faire de nous tous qu\u2019un seul c\u0153ur, qu\u2019une seule \u00e2me, en sorte qu\u2019en nous racontant les uns aux autres les diverses \u0153uvres auxquelles nous nous sommes livr\u00e9s, c\u2019est ne pas nous demander de mutuels applaudissements mais de mutuels conseils, mais de mutuels encouragements \u00e0 mieux faire&nbsp;\u00bb.&nbsp;&nbsp;&nbsp;<\/p>\n\n\n\n<p><em>(nota&nbsp;: Actuellement, le Conseil D\u00e9partemental recherche un b\u00e9n\u00e9vole qui aime la technique et les petites r\u00e9parations pour intervenir quelques heures par semaine dans le \u00ab&nbsp;local meubles&nbsp;\u00bb situ\u00e9 sous l\u2019\u00c9glise Sainte Claire, \u00e0 Limoges. Vous pourrez obtenir de plus amples renseignements en envoyant vos coordonn\u00e9es sur la boite mail suivante&nbsp;: <\/em><a href=\"mailto:president.cd87@ssvp.fr\"><em>president.cd87@ssvp.fr<\/em><\/a><em>)<\/em><\/p>\n\n\n\n<figure class=\"wp-block-image size-full\"><img loading=\"lazy\" decoding=\"async\" width=\"316\" height=\"98\" src=\"https:\/\/www.diocese-limoges.fr\/grand-limoges\/wp-content\/uploads\/sites\/2\/2026\/08\/image.jpeg\" alt=\"\" class=\"wp-image-25208\" srcset=\"https:\/\/www.diocese-limoges.fr\/grand-limoges\/wp-content\/uploads\/sites\/2\/2026\/08\/image.jpeg 316w, https:\/\/www.diocese-limoges.fr\/grand-limoges\/wp-content\/uploads\/sites\/2\/2026\/08\/image-300x93.jpeg 300w\" sizes=\"auto, (max-width: 316px) 100vw, 316px\" \/><\/figure>\n\n\n\n<p><\/p>\n","protected":false},"excerpt":{"rendered":"<p>Au-del\u00e0 des relations lors des visites \u00e0 domicile, des conversations t\u00e9l\u00e9phoniques, des livraisons de colis alimentaires selon les sollicitations des services sociaux, des \u00ab&nbsp;rencontres de femmes&nbsp;\u00bb du mardi, des liens d\u2019amiti\u00e9 se cr\u00e9ent, des complicit\u00e9s se montrent. Il est ais\u00e9 de constater que l\u2019\u00e9t\u00e9 contribue \u00e0 isoler plus encore certaines personnes. C\u2019est pourquoi la conf\u00e9rence [&hellip;]<\/p>\n","protected":false},"author":10,"featured_media":25217,"comment_status":"closed","ping_status":"open","sticky":false,"template":"","format":"standard","meta":{"_acf_changed":false,"footnotes":""},"categories":[1],"tags":[],"class_list":["post-25207","post","type-post","status-publish","format-standard","has-post-thumbnail","hentry","category-grand-limoges"],"acf":[],"yoast_head":"<!-- This site is optimized with the Yoast SEO plugin v26.4 - https:\/\/yoast.com\/wordpress\/plugins\/seo\/ -->\n<title>Avec la conf\u00e9rence Saint-Vincent-de-Paul de Saint-\u00c9loi - Doyenn\u00e9s du Grand Limoges<\/title>\n<meta name=\"robots\" content=\"index, follow, max-snippet:-1, max-image-preview:large, max-video-preview:-1\" \/>\n<link rel=\"canonical\" href=\"https:\/\/www.diocese-limoges.fr\/grand-limoges\/actualites\/avec-la-conference-saint-vincent-de-paul-de-saint-eloi\/\" \/>\n<meta property=\"og:locale\" content=\"fr_FR\" \/>\n<meta property=\"og:type\" content=\"article\" \/>\n<meta property=\"og:title\" content=\"Avec la conf\u00e9rence Saint-Vincent-de-Paul de Saint-\u00c9loi - Doyenn\u00e9s du Grand Limoges\" \/>\n<meta property=\"og:description\" content=\"Au-del\u00e0 des relations lors des visites \u00e0 domicile, des conversations t\u00e9l\u00e9phoniques, des livraisons de colis alimentaires selon les sollicitations des services sociaux, des \u00ab&nbsp;rencontres de femmes&nbsp;\u00bb du mardi, des liens d\u2019amiti\u00e9 se cr\u00e9ent, des complicit\u00e9s se montrent. Il est ais\u00e9 de constater que l\u2019\u00e9t\u00e9 contribue \u00e0 isoler plus encore certaines personnes. C\u2019est pourquoi la conf\u00e9rence [&hellip;]\" \/>\n<meta property=\"og:url\" content=\"https:\/\/www.diocese-limoges.fr\/grand-limoges\/actualites\/avec-la-conference-saint-vincent-de-paul-de-saint-eloi\/\" \/>\n<meta property=\"og:site_name\" content=\"Doyenn\u00e9s du Grand Limoges\" \/>\n<meta property=\"article:published_time\" content=\"2026-08-29T08:00:33+00:00\" \/>\n<meta property=\"article:modified_time\" content=\"2026-08-29T08:24:54+00:00\" \/>\n<meta property=\"og:image\" content=\"https:\/\/www.diocese-limoges.fr\/grand-limoges\/wp-content\/uploads\/sites\/2\/2026\/08\/ssvp-b-2.jpg\" \/>\n\t<meta property=\"og:image:width\" content=\"316\" \/>\n\t<meta property=\"og:image:height\" content=\"116\" \/>\n\t<meta property=\"og:image:type\" content=\"image\/jpeg\" \/>\n<meta name=\"author\" content=\"sainteloi\" \/>\n<meta name=\"twitter:card\" content=\"summary_large_image\" \/>\n<meta name=\"twitter:label1\" content=\"\u00c9crit par\" \/>\n\t<meta name=\"twitter:data1\" content=\"sainteloi\" \/>\n\t<meta name=\"twitter:label2\" content=\"Dur\u00e9e de lecture estim\u00e9e\" \/>\n\t<meta name=\"twitter:data2\" content=\"2 minutes\" \/>\n<script type=\"application\/ld+json\" class=\"yoast-schema-graph\">{\"@context\":\"https:\/\/schema.org\",\"@graph\":[{\"@type\":\"WebPage\",\"@id\":\"https:\/\/www.diocese-limoges.fr\/grand-limoges\/actualites\/avec-la-conference-saint-vincent-de-paul-de-saint-eloi\/\",\"url\":\"https:\/\/www.diocese-limoges.fr\/grand-limoges\/actualites\/avec-la-conference-saint-vincent-de-paul-de-saint-eloi\/\",\"name\":\"Avec la conf\u00e9rence Saint-Vincent-de-Paul de Saint-\u00c9loi - Doyenn\u00e9s du Grand Limoges\",\"isPartOf\":{\"@id\":\"https:\/\/www.diocese-limoges.fr\/grand-limoges\/#website\"},\"primaryImageOfPage\":{\"@id\":\"https:\/\/www.diocese-limoges.fr\/grand-limoges\/actualites\/avec-la-conference-saint-vincent-de-paul-de-saint-eloi\/#primaryimage\"},\"image\":{\"@id\":\"https:\/\/www.diocese-limoges.fr\/grand-limoges\/actualites\/avec-la-conference-saint-vincent-de-paul-de-saint-eloi\/#primaryimage\"},\"thumbnailUrl\":\"https:\/\/www.diocese-limoges.fr\/grand-limoges\/wp-content\/uploads\/sites\/2\/2026\/08\/ssvp-b-2.jpg\",\"datePublished\":\"2026-08-29T08:00:33+00:00\",\"dateModified\":\"2026-08-29T08:24:54+00:00\",\"author\":{\"@id\":\"https:\/\/www.diocese-limoges.fr\/grand-limoges\/#\/schema\/person\/0efea0b864bcc9f6b627e8556173122f\"},\"breadcrumb\":{\"@id\":\"https:\/\/www.diocese-limoges.fr\/grand-limoges\/actualites\/avec-la-conference-saint-vincent-de-paul-de-saint-eloi\/#breadcrumb\"},\"inLanguage\":\"fr-FR\",\"potentialAction\":[{\"@type\":\"ReadAction\",\"target\":[\"https:\/\/www.diocese-limoges.fr\/grand-limoges\/actualites\/avec-la-conference-saint-vincent-de-paul-de-saint-eloi\/\"]}]},{\"@type\":\"ImageObject\",\"inLanguage\":\"fr-FR\",\"@id\":\"https:\/\/www.diocese-limoges.fr\/grand-limoges\/actualites\/avec-la-conference-saint-vincent-de-paul-de-saint-eloi\/#primaryimage\",\"url\":\"https:\/\/www.diocese-limoges.fr\/grand-limoges\/wp-content\/uploads\/sites\/2\/2026\/08\/ssvp-b-2.jpg\",\"contentUrl\":\"https:\/\/www.diocese-limoges.fr\/grand-limoges\/wp-content\/uploads\/sites\/2\/2026\/08\/ssvp-b-2.jpg\",\"width\":316,\"height\":116},{\"@type\":\"BreadcrumbList\",\"@id\":\"https:\/\/www.diocese-limoges.fr\/grand-limoges\/actualites\/avec-la-conference-saint-vincent-de-paul-de-saint-eloi\/#breadcrumb\",\"itemListElement\":[{\"@type\":\"ListItem\",\"position\":1,\"name\":\"Accueil\",\"item\":\"https:\/\/www.diocese-limoges.fr\/grand-limoges\/\"},{\"@type\":\"ListItem\",\"position\":2,\"name\":\"Avec la conf\u00e9rence Saint-Vincent-de-Paul de Saint-\u00c9loi\"}]},{\"@type\":\"WebSite\",\"@id\":\"https:\/\/www.diocese-limoges.fr\/grand-limoges\/#website\",\"url\":\"https:\/\/www.diocese-limoges.fr\/grand-limoges\/\",\"name\":\"Doyenn\u00e9s du Grand Limoges\",\"description\":\"Dioc\u00e8se de Limoges\",\"potentialAction\":[{\"@type\":\"SearchAction\",\"target\":{\"@type\":\"EntryPoint\",\"urlTemplate\":\"https:\/\/www.diocese-limoges.fr\/grand-limoges\/?s={search_term_string}\"},\"query-input\":{\"@type\":\"PropertyValueSpecification\",\"valueRequired\":true,\"valueName\":\"search_term_string\"}}],\"inLanguage\":\"fr-FR\"},{\"@type\":\"Person\",\"@id\":\"https:\/\/www.diocese-limoges.fr\/grand-limoges\/#\/schema\/person\/0efea0b864bcc9f6b627e8556173122f\",\"name\":\"sainteloi\",\"image\":{\"@type\":\"ImageObject\",\"inLanguage\":\"fr-FR\",\"@id\":\"https:\/\/www.diocese-limoges.fr\/grand-limoges\/#\/schema\/person\/image\/\",\"url\":\"https:\/\/secure.gravatar.com\/avatar\/36135729350d5be2cbc7cc4c88ae11bede1a4fa8b76937e48682433dac7a0c52?s=96&d=mm&r=g\",\"contentUrl\":\"https:\/\/secure.gravatar.com\/avatar\/36135729350d5be2cbc7cc4c88ae11bede1a4fa8b76937e48682433dac7a0c52?s=96&d=mm&r=g\",\"caption\":\"sainteloi\"},\"url\":\"https:\/\/www.diocese-limoges.fr\/grand-limoges\/author\/sainteloi\/\"}]}<\/script>\n<!-- \/ Yoast SEO plugin. -->","yoast_head_json":{"title":"Avec la conf\u00e9rence Saint-Vincent-de-Paul de Saint-\u00c9loi - Doyenn\u00e9s du Grand Limoges","robots":{"index":"index","follow":"follow","max-snippet":"max-snippet:-1","max-image-preview":"max-image-preview:large","max-video-preview":"max-video-preview:-1"},"canonical":"https:\/\/www.diocese-limoges.fr\/grand-limoges\/actualites\/avec-la-conference-saint-vincent-de-paul-de-saint-eloi\/","og_locale":"fr_FR","og_type":"article","og_title":"Avec la conf\u00e9rence Saint-Vincent-de-Paul de Saint-\u00c9loi - Doyenn\u00e9s du Grand Limoges","og_description":"Au-del\u00e0 des relations lors des visites \u00e0 domicile, des conversations t\u00e9l\u00e9phoniques, des livraisons de colis alimentaires selon les sollicitations des services sociaux, des \u00ab&nbsp;rencontres de femmes&nbsp;\u00bb du mardi, des liens d\u2019amiti\u00e9 se cr\u00e9ent, des complicit\u00e9s se montrent. Il est ais\u00e9 de constater que l\u2019\u00e9t\u00e9 contribue \u00e0 isoler plus encore certaines personnes. C\u2019est pourquoi la conf\u00e9rence [&hellip;]","og_url":"https:\/\/www.diocese-limoges.fr\/grand-limoges\/actualites\/avec-la-conference-saint-vincent-de-paul-de-saint-eloi\/","og_site_name":"Doyenn\u00e9s du Grand Limoges","article_published_time":"2026-08-29T08:00:33+00:00","article_modified_time":"2026-08-29T08:24:54+00:00","og_image":[{"width":316,"height":116,"url":"https:\/\/www.diocese-limoges.fr\/grand-limoges\/wp-content\/uploads\/sites\/2\/2026\/08\/ssvp-b-2.jpg","type":"image\/jpeg"}],"author":"sainteloi","twitter_card":"summary_large_image","twitter_misc":{"\u00c9crit par":"sainteloi","Dur\u00e9e de lecture estim\u00e9e":"2 minutes"},"schema":{"@context":"https:\/\/schema.org","@graph":[{"@type":"WebPage","@id":"https:\/\/www.diocese-limoges.fr\/grand-limoges\/actualites\/avec-la-conference-saint-vincent-de-paul-de-saint-eloi\/","url":"https:\/\/www.diocese-limoges.fr\/grand-limoges\/actualites\/avec-la-conference-saint-vincent-de-paul-de-saint-eloi\/","name":"Avec la conf\u00e9rence Saint-Vincent-de-Paul de Saint-\u00c9loi - Doyenn\u00e9s du Grand Limoges","isPartOf":{"@id":"https:\/\/www.diocese-limoges.fr\/grand-limoges\/#website"},"primaryImageOfPage":{"@id":"https:\/\/www.diocese-limoges.fr\/grand-limoges\/actualites\/avec-la-conference-saint-vincent-de-paul-de-saint-eloi\/#primaryimage"},"image":{"@id":"https:\/\/www.diocese-limoges.fr\/grand-limoges\/actualites\/avec-la-conference-saint-vincent-de-paul-de-saint-eloi\/#primaryimage"},"thumbnailUrl":"https:\/\/www.diocese-limoges.fr\/grand-limoges\/wp-content\/uploads\/sites\/2\/2026\/08\/ssvp-b-2.jpg","datePublished":"2026-08-29T08:00:33+00:00","dateModified":"2026-08-29T08:24:54+00:00","author":{"@id":"https:\/\/www.diocese-limoges.fr\/grand-limoges\/#\/schema\/person\/0efea0b864bcc9f6b627e8556173122f"},"breadcrumb":{"@id":"https:\/\/www.diocese-limoges.fr\/grand-limoges\/actualites\/avec-la-conference-saint-vincent-de-paul-de-saint-eloi\/#breadcrumb"},"inLanguage":"fr-FR","potentialAction":[{"@type":"ReadAction","target":["https:\/\/www.diocese-limoges.fr\/grand-limoges\/actualites\/avec-la-conference-saint-vincent-de-paul-de-saint-eloi\/"]}]},{"@type":"ImageObject","inLanguage":"fr-FR","@id":"https:\/\/www.diocese-limoges.fr\/grand-limoges\/actualites\/avec-la-conference-saint-vincent-de-paul-de-saint-eloi\/#primaryimage","url":"https:\/\/www.diocese-limoges.fr\/grand-limoges\/wp-content\/uploads\/sites\/2\/2026\/08\/ssvp-b-2.jpg","contentUrl":"https:\/\/www.diocese-limoges.fr\/grand-limoges\/wp-content\/uploads\/sites\/2\/2026\/08\/ssvp-b-2.jpg","width":316,"height":116},{"@type":"BreadcrumbList","@id":"https:\/\/www.diocese-limoges.fr\/grand-limoges\/actualites\/avec-la-conference-saint-vincent-de-paul-de-saint-eloi\/#breadcrumb","itemListElement":[{"@type":"ListItem","position":1,"name":"Accueil","item":"https:\/\/www.diocese-limoges.fr\/grand-limoges\/"},{"@type":"ListItem","position":2,"name":"Avec la conf\u00e9rence Saint-Vincent-de-Paul de Saint-\u00c9loi"}]},{"@type":"WebSite","@id":"https:\/\/www.diocese-limoges.fr\/grand-limoges\/#website","url":"https:\/\/www.diocese-limoges.fr\/grand-limoges\/","name":"Doyenn\u00e9s du Grand Limoges","description":"Dioc\u00e8se de Limoges","potentialAction":[{"@type":"SearchAction","target":{"@type":"EntryPoint","urlTemplate":"https:\/\/www.diocese-limoges.fr\/grand-limoges\/?s={search_term_string}"},"query-input":{"@type":"PropertyValueSpecification","valueRequired":true,"valueName":"search_term_string"}}],"inLanguage":"fr-FR"},{"@type":"Person","@id":"https:\/\/www.diocese-limoges.fr\/grand-limoges\/#\/schema\/person\/0efea0b864bcc9f6b627e8556173122f","name":"sainteloi","image":{"@type":"ImageObject","inLanguage":"fr-FR","@id":"https:\/\/www.diocese-limoges.fr\/grand-limoges\/#\/schema\/person\/image\/","url":"https:\/\/secure.gravatar.com\/avatar\/36135729350d5be2cbc7cc4c88ae11bede1a4fa8b76937e48682433dac7a0c52?s=96&d=mm&r=g","contentUrl":"https:\/\/secure.gravatar.com\/avatar\/36135729350d5be2cbc7cc4c88ae11bede1a4fa8b76937e48682433dac7a0c52?s=96&d=mm&r=g","caption":"sainteloi"},"url":"https:\/\/www.diocese-limoges.fr\/grand-limoges\/author\/sainteloi\/"}]}},"_links":{"self":[{"href":"https:\/\/www.diocese-limoges.fr\/grand-limoges\/wp-json\/wp\/v2\/posts\/25207","targetHints":{"allow":["GET"]}}],"collection":[{"href":"https:\/\/www.diocese-limoges.fr\/grand-limoges\/wp-json\/wp\/v2\/posts"}],"about":[{"href":"https:\/\/www.diocese-limoges.fr\/grand-limoges\/wp-json\/wp\/v2\/types\/post"}],"author":[{"embeddable":true,"href":"https:\/\/www.diocese-limoges.fr\/grand-limoges\/wp-json\/wp\/v2\/users\/10"}],"replies":[{"embeddable":true,"href":"https:\/\/www.diocese-limoges.fr\/grand-limoges\/wp-json\/wp\/v2\/comments?post=25207"}],"version-history":[{"count":1,"href":"https:\/\/www.diocese-limoges.fr\/grand-limoges\/wp-json\/wp\/v2\/posts\/25207\/revisions"}],"predecessor-version":[{"id":25212,"href":"https:\/\/www.diocese-limoges.fr\/grand-limoges\/wp-json\/wp\/v2\/posts\/25207\/revisions\/25212"}],"wp:featuredmedia":[{"embeddable":true,"href":"https:\/\/www.diocese-limoges.fr\/grand-limoges\/wp-json\/wp\/v2\/media\/25217"}],"wp:attachment":[{"href":"https:\/\/www.diocese-limoges.fr\/grand-limoges\/wp-json\/wp\/v2\/media?parent=25207"}],"wp:term":[{"taxonomy":"category","embeddable":true,"href":"https:\/\/www.diocese-limoges.fr\/grand-limoges\/wp-json\/wp\/v2\/categories?post=25207"},{"taxonomy":"post_tag","embeddable":true,"href":"https:\/\/www.diocese-limoges.fr\/grand-limoges\/wp-json\/wp\/v2\/tags?post=25207"}],"curies":[{"name":"wp","href":"https:\/\/api.w.org\/{rel}","templated":true}]}}