{"id":25213,"date":"2026-08-27T10:03:25","date_gmt":"2026-08-27T08:03:25","guid":{"rendered":"https:\/\/www.diocese-limoges.fr\/grand-limoges\/?p=25213"},"modified":"2026-08-29T10:10:36","modified_gmt":"2026-08-29T08:10:36","slug":"la-messe-de-fin-dannee","status":"publish","type":"post","link":"https:\/\/www.diocese-limoges.fr\/grand-limoges\/actualites\/la-messe-de-fin-dannee\/","title":{"rendered":"La messe de fin d&rsquo;ann\u00e9e"},"content":{"rendered":"\n<p>Ce dimanche 28 juin toute notre paroisse s\u2019est retrouv\u00e9e \u00e0 l\u2019\u00e9glise des Saints-Anges pour la traditionnelle messe d\u2019envoi avant les vacances d\u2019\u00e9t\u00e9. Cette ann\u00e9e, hasard du calendrier c\u2019\u00e9tait aussi la f\u00eate de la Saint-\u00c9loi d\u2019\u00e9t\u00e9 ce qui a permis d\u2019ouvrir la procession d\u2019entr\u00e9e avec les banni\u00e8res de la confr\u00e9rie, le reliquaire de notre saint patron et les membres de la confr\u00e9rie. Apr\u00e8s le mot d\u2019accueil, Alain Lagane nous a rappel\u00e9 la place de la confr\u00e9rie au sein d\u2019Eur\u00e9loi et les engagements de leurs membres&nbsp;: l\u2019honn\u00eatet\u00e9, la justice, la pers\u00e9v\u00e9rance.<\/p>\n\n\n\n<p>Cette belle messe, tr\u00e8s bien anim\u00e9e, nous a permis aussi d\u2019honorer le p\u00e8re Jean-Pierre Baudrin qui f\u00eatait ses 60 ans de sacerdoce , Marie-Sarah et Geoffrey qui venaient demander le bapt\u00eame pour leur b\u00e9b\u00e9 et V\u00e9ronique qui quitte ses fonctions au sein de l\u2019\u00e9quipe pastorale apr\u00e8s de nombreuses ann\u00e9es de service . Elle a re\u00e7u en cadeau de la part de tous, de belles fleurs et un livre \u00ab&nbsp;J\u2019ai r\u00eav\u00e9 d\u2019un galil\u00e9en&nbsp;\u00bb de Jean Debruyne. Un grand merci, V\u00e9ronique et bienvenue \u00e0 Philippe qui rejoint l\u2019\u00e9quipe pastorale \u00e0 c\u00f4te de Dominique et Nadine. Et bien s\u00fbr le traditionnel pot de l\u2019amiti\u00e9 au Faubourien nous a permis d\u2019\u00e9changer les nouvelles.<\/p>\n\n\n\n<p><\/p>\n","protected":false},"excerpt":{"rendered":"<p>Ce dimanche 28 juin toute notre paroisse s\u2019est retrouv\u00e9e \u00e0 l\u2019\u00e9glise des Saints-Anges pour la traditionnelle messe d\u2019envoi avant les vacances d\u2019\u00e9t\u00e9. Cette ann\u00e9e, hasard du calendrier c\u2019\u00e9tait aussi la f\u00eate de la Saint-\u00c9loi d\u2019\u00e9t\u00e9 ce qui a permis d\u2019ouvrir la procession d\u2019entr\u00e9e avec les banni\u00e8res de la confr\u00e9rie, le reliquaire de notre saint patron [&hellip;]<\/p>\n","protected":false},"author":10,"featured_media":17830,"comment_status":"closed","ping_status":"open","sticky":false,"template":"","format":"standard","meta":{"_acf_changed":false,"footnotes":""},"categories":[1],"tags":[],"class_list":["post-25213","post","type-post","status-publish","format-standard","has-post-thumbnail","hentry","category-grand-limoges"],"acf":[],"yoast_head":"<!-- This site is optimized with the Yoast SEO plugin v26.4 - https:\/\/yoast.com\/wordpress\/plugins\/seo\/ -->\n<title>La messe de fin d&#039;ann\u00e9e - Doyenn\u00e9s du Grand Limoges<\/title>\n<meta name=\"robots\" content=\"index, follow, max-snippet:-1, max-image-preview:large, max-video-preview:-1\" \/>\n<link rel=\"canonical\" href=\"https:\/\/www.diocese-limoges.fr\/grand-limoges\/actualites\/la-messe-de-fin-dannee\/\" \/>\n<meta property=\"og:locale\" content=\"fr_FR\" \/>\n<meta property=\"og:type\" content=\"article\" \/>\n<meta property=\"og:title\" content=\"La messe de fin d&#039;ann\u00e9e - Doyenn\u00e9s du Grand Limoges\" \/>\n<meta property=\"og:description\" content=\"Ce dimanche 28 juin toute notre paroisse s\u2019est retrouv\u00e9e \u00e0 l\u2019\u00e9glise des Saints-Anges pour la traditionnelle messe d\u2019envoi avant les vacances d\u2019\u00e9t\u00e9. Cette ann\u00e9e, hasard du calendrier c\u2019\u00e9tait aussi la f\u00eate de la Saint-\u00c9loi d\u2019\u00e9t\u00e9 ce qui a permis d\u2019ouvrir la procession d\u2019entr\u00e9e avec les banni\u00e8res de la confr\u00e9rie, le reliquaire de notre saint patron [&hellip;]\" \/>\n<meta property=\"og:url\" content=\"https:\/\/www.diocese-limoges.fr\/grand-limoges\/actualites\/la-messe-de-fin-dannee\/\" \/>\n<meta property=\"og:site_name\" content=\"Doyenn\u00e9s du Grand Limoges\" \/>\n<meta property=\"article:published_time\" content=\"2026-08-27T08:03:25+00:00\" \/>\n<meta property=\"article:modified_time\" content=\"2026-08-29T08:10:36+00:00\" \/>\n<meta property=\"og:image\" content=\"https:\/\/www.diocese-limoges.fr\/grand-limoges\/wp-content\/uploads\/sites\/2\/2020\/04\/dscf1640-scaled.jpg\" \/>\n\t<meta property=\"og:image:width\" content=\"1920\" \/>\n\t<meta property=\"og:image:height\" content=\"2560\" \/>\n\t<meta property=\"og:image:type\" content=\"image\/jpeg\" \/>\n<meta name=\"author\" content=\"sainteloi\" \/>\n<meta name=\"twitter:card\" content=\"summary_large_image\" \/>\n<meta name=\"twitter:label1\" content=\"\u00c9crit par\" \/>\n\t<meta name=\"twitter:data1\" content=\"sainteloi\" \/>\n\t<meta name=\"twitter:label2\" content=\"Dur\u00e9e de lecture estim\u00e9e\" \/>\n\t<meta name=\"twitter:data2\" content=\"2 minutes\" \/>\n<script type=\"application\/ld+json\" class=\"yoast-schema-graph\">{\"@context\":\"https:\/\/schema.org\",\"@graph\":[{\"@type\":\"WebPage\",\"@id\":\"https:\/\/www.diocese-limoges.fr\/grand-limoges\/actualites\/la-messe-de-fin-dannee\/\",\"url\":\"https:\/\/www.diocese-limoges.fr\/grand-limoges\/actualites\/la-messe-de-fin-dannee\/\",\"name\":\"La messe de fin d'ann\u00e9e - Doyenn\u00e9s du Grand Limoges\",\"isPartOf\":{\"@id\":\"https:\/\/www.diocese-limoges.fr\/grand-limoges\/#website\"},\"primaryImageOfPage\":{\"@id\":\"https:\/\/www.diocese-limoges.fr\/grand-limoges\/actualites\/la-messe-de-fin-dannee\/#primaryimage\"},\"image\":{\"@id\":\"https:\/\/www.diocese-limoges.fr\/grand-limoges\/actualites\/la-messe-de-fin-dannee\/#primaryimage\"},\"thumbnailUrl\":\"https:\/\/www.diocese-limoges.fr\/grand-limoges\/wp-content\/uploads\/sites\/2\/2020\/04\/dscf1640-scaled.jpg\",\"datePublished\":\"2026-08-27T08:03:25+00:00\",\"dateModified\":\"2026-08-29T08:10:36+00:00\",\"author\":{\"@id\":\"https:\/\/www.diocese-limoges.fr\/grand-limoges\/#\/schema\/person\/0efea0b864bcc9f6b627e8556173122f\"},\"breadcrumb\":{\"@id\":\"https:\/\/www.diocese-limoges.fr\/grand-limoges\/actualites\/la-messe-de-fin-dannee\/#breadcrumb\"},\"inLanguage\":\"fr-FR\",\"potentialAction\":[{\"@type\":\"ReadAction\",\"target\":[\"https:\/\/www.diocese-limoges.fr\/grand-limoges\/actualites\/la-messe-de-fin-dannee\/\"]}]},{\"@type\":\"ImageObject\",\"inLanguage\":\"fr-FR\",\"@id\":\"https:\/\/www.diocese-limoges.fr\/grand-limoges\/actualites\/la-messe-de-fin-dannee\/#primaryimage\",\"url\":\"https:\/\/www.diocese-limoges.fr\/grand-limoges\/wp-content\/uploads\/sites\/2\/2020\/04\/dscf1640-scaled.jpg\",\"contentUrl\":\"https:\/\/www.diocese-limoges.fr\/grand-limoges\/wp-content\/uploads\/sites\/2\/2020\/04\/dscf1640-scaled.jpg\",\"width\":1920,\"height\":2560},{\"@type\":\"BreadcrumbList\",\"@id\":\"https:\/\/www.diocese-limoges.fr\/grand-limoges\/actualites\/la-messe-de-fin-dannee\/#breadcrumb\",\"itemListElement\":[{\"@type\":\"ListItem\",\"position\":1,\"name\":\"Accueil\",\"item\":\"https:\/\/www.diocese-limoges.fr\/grand-limoges\/\"},{\"@type\":\"ListItem\",\"position\":2,\"name\":\"La messe de fin d&rsquo;ann\u00e9e\"}]},{\"@type\":\"WebSite\",\"@id\":\"https:\/\/www.diocese-limoges.fr\/grand-limoges\/#website\",\"url\":\"https:\/\/www.diocese-limoges.fr\/grand-limoges\/\",\"name\":\"Doyenn\u00e9s du Grand Limoges\",\"description\":\"Dioc\u00e8se de Limoges\",\"potentialAction\":[{\"@type\":\"SearchAction\",\"target\":{\"@type\":\"EntryPoint\",\"urlTemplate\":\"https:\/\/www.diocese-limoges.fr\/grand-limoges\/?s={search_term_string}\"},\"query-input\":{\"@type\":\"PropertyValueSpecification\",\"valueRequired\":true,\"valueName\":\"search_term_string\"}}],\"inLanguage\":\"fr-FR\"},{\"@type\":\"Person\",\"@id\":\"https:\/\/www.diocese-limoges.fr\/grand-limoges\/#\/schema\/person\/0efea0b864bcc9f6b627e8556173122f\",\"name\":\"sainteloi\",\"image\":{\"@type\":\"ImageObject\",\"inLanguage\":\"fr-FR\",\"@id\":\"https:\/\/www.diocese-limoges.fr\/grand-limoges\/#\/schema\/person\/image\/\",\"url\":\"https:\/\/secure.gravatar.com\/avatar\/36135729350d5be2cbc7cc4c88ae11bede1a4fa8b76937e48682433dac7a0c52?s=96&d=mm&r=g\",\"contentUrl\":\"https:\/\/secure.gravatar.com\/avatar\/36135729350d5be2cbc7cc4c88ae11bede1a4fa8b76937e48682433dac7a0c52?s=96&d=mm&r=g\",\"caption\":\"sainteloi\"},\"url\":\"https:\/\/www.diocese-limoges.fr\/grand-limoges\/author\/sainteloi\/\"}]}<\/script>\n<!-- \/ Yoast SEO plugin. -->","yoast_head_json":{"title":"La messe de fin d'ann\u00e9e - Doyenn\u00e9s du Grand Limoges","robots":{"index":"index","follow":"follow","max-snippet":"max-snippet:-1","max-image-preview":"max-image-preview:large","max-video-preview":"max-video-preview:-1"},"canonical":"https:\/\/www.diocese-limoges.fr\/grand-limoges\/actualites\/la-messe-de-fin-dannee\/","og_locale":"fr_FR","og_type":"article","og_title":"La messe de fin d'ann\u00e9e - Doyenn\u00e9s du Grand Limoges","og_description":"Ce dimanche 28 juin toute notre paroisse s\u2019est retrouv\u00e9e \u00e0 l\u2019\u00e9glise des Saints-Anges pour la traditionnelle messe d\u2019envoi avant les vacances d\u2019\u00e9t\u00e9. Cette ann\u00e9e, hasard du calendrier c\u2019\u00e9tait aussi la f\u00eate de la Saint-\u00c9loi d\u2019\u00e9t\u00e9 ce qui a permis d\u2019ouvrir la procession d\u2019entr\u00e9e avec les banni\u00e8res de la confr\u00e9rie, le reliquaire de notre saint patron [&hellip;]","og_url":"https:\/\/www.diocese-limoges.fr\/grand-limoges\/actualites\/la-messe-de-fin-dannee\/","og_site_name":"Doyenn\u00e9s du Grand Limoges","article_published_time":"2026-08-27T08:03:25+00:00","article_modified_time":"2026-08-29T08:10:36+00:00","og_image":[{"width":1920,"height":2560,"url":"https:\/\/www.diocese-limoges.fr\/grand-limoges\/wp-content\/uploads\/sites\/2\/2020\/04\/dscf1640-scaled.jpg","type":"image\/jpeg"}],"author":"sainteloi","twitter_card":"summary_large_image","twitter_misc":{"\u00c9crit par":"sainteloi","Dur\u00e9e de lecture estim\u00e9e":"2 minutes"},"schema":{"@context":"https:\/\/schema.org","@graph":[{"@type":"WebPage","@id":"https:\/\/www.diocese-limoges.fr\/grand-limoges\/actualites\/la-messe-de-fin-dannee\/","url":"https:\/\/www.diocese-limoges.fr\/grand-limoges\/actualites\/la-messe-de-fin-dannee\/","name":"La messe de fin d'ann\u00e9e - Doyenn\u00e9s du Grand Limoges","isPartOf":{"@id":"https:\/\/www.diocese-limoges.fr\/grand-limoges\/#website"},"primaryImageOfPage":{"@id":"https:\/\/www.diocese-limoges.fr\/grand-limoges\/actualites\/la-messe-de-fin-dannee\/#primaryimage"},"image":{"@id":"https:\/\/www.diocese-limoges.fr\/grand-limoges\/actualites\/la-messe-de-fin-dannee\/#primaryimage"},"thumbnailUrl":"https:\/\/www.diocese-limoges.fr\/grand-limoges\/wp-content\/uploads\/sites\/2\/2020\/04\/dscf1640-scaled.jpg","datePublished":"2026-08-27T08:03:25+00:00","dateModified":"2026-08-29T08:10:36+00:00","author":{"@id":"https:\/\/www.diocese-limoges.fr\/grand-limoges\/#\/schema\/person\/0efea0b864bcc9f6b627e8556173122f"},"breadcrumb":{"@id":"https:\/\/www.diocese-limoges.fr\/grand-limoges\/actualites\/la-messe-de-fin-dannee\/#breadcrumb"},"inLanguage":"fr-FR","potentialAction":[{"@type":"ReadAction","target":["https:\/\/www.diocese-limoges.fr\/grand-limoges\/actualites\/la-messe-de-fin-dannee\/"]}]},{"@type":"ImageObject","inLanguage":"fr-FR","@id":"https:\/\/www.diocese-limoges.fr\/grand-limoges\/actualites\/la-messe-de-fin-dannee\/#primaryimage","url":"https:\/\/www.diocese-limoges.fr\/grand-limoges\/wp-content\/uploads\/sites\/2\/2020\/04\/dscf1640-scaled.jpg","contentUrl":"https:\/\/www.diocese-limoges.fr\/grand-limoges\/wp-content\/uploads\/sites\/2\/2020\/04\/dscf1640-scaled.jpg","width":1920,"height":2560},{"@type":"BreadcrumbList","@id":"https:\/\/www.diocese-limoges.fr\/grand-limoges\/actualites\/la-messe-de-fin-dannee\/#breadcrumb","itemListElement":[{"@type":"ListItem","position":1,"name":"Accueil","item":"https:\/\/www.diocese-limoges.fr\/grand-limoges\/"},{"@type":"ListItem","position":2,"name":"La messe de fin d&rsquo;ann\u00e9e"}]},{"@type":"WebSite","@id":"https:\/\/www.diocese-limoges.fr\/grand-limoges\/#website","url":"https:\/\/www.diocese-limoges.fr\/grand-limoges\/","name":"Doyenn\u00e9s du Grand Limoges","description":"Dioc\u00e8se de Limoges","potentialAction":[{"@type":"SearchAction","target":{"@type":"EntryPoint","urlTemplate":"https:\/\/www.diocese-limoges.fr\/grand-limoges\/?s={search_term_string}"},"query-input":{"@type":"PropertyValueSpecification","valueRequired":true,"valueName":"search_term_string"}}],"inLanguage":"fr-FR"},{"@type":"Person","@id":"https:\/\/www.diocese-limoges.fr\/grand-limoges\/#\/schema\/person\/0efea0b864bcc9f6b627e8556173122f","name":"sainteloi","image":{"@type":"ImageObject","inLanguage":"fr-FR","@id":"https:\/\/www.diocese-limoges.fr\/grand-limoges\/#\/schema\/person\/image\/","url":"https:\/\/secure.gravatar.com\/avatar\/36135729350d5be2cbc7cc4c88ae11bede1a4fa8b76937e48682433dac7a0c52?s=96&d=mm&r=g","contentUrl":"https:\/\/secure.gravatar.com\/avatar\/36135729350d5be2cbc7cc4c88ae11bede1a4fa8b76937e48682433dac7a0c52?s=96&d=mm&r=g","caption":"sainteloi"},"url":"https:\/\/www.diocese-limoges.fr\/grand-limoges\/author\/sainteloi\/"}]}},"_links":{"self":[{"href":"https:\/\/www.diocese-limoges.fr\/grand-limoges\/wp-json\/wp\/v2\/posts\/25213","targetHints":{"allow":["GET"]}}],"collection":[{"href":"https:\/\/www.diocese-limoges.fr\/grand-limoges\/wp-json\/wp\/v2\/posts"}],"about":[{"href":"https:\/\/www.diocese-limoges.fr\/grand-limoges\/wp-json\/wp\/v2\/types\/post"}],"author":[{"embeddable":true,"href":"https:\/\/www.diocese-limoges.fr\/grand-limoges\/wp-json\/wp\/v2\/users\/10"}],"replies":[{"embeddable":true,"href":"https:\/\/www.diocese-limoges.fr\/grand-limoges\/wp-json\/wp\/v2\/comments?post=25213"}],"version-history":[{"count":1,"href":"https:\/\/www.diocese-limoges.fr\/grand-limoges\/wp-json\/wp\/v2\/posts\/25213\/revisions"}],"predecessor-version":[{"id":25214,"href":"https:\/\/www.diocese-limoges.fr\/grand-limoges\/wp-json\/wp\/v2\/posts\/25213\/revisions\/25214"}],"wp:featuredmedia":[{"embeddable":true,"href":"https:\/\/www.diocese-limoges.fr\/grand-limoges\/wp-json\/wp\/v2\/media\/17830"}],"wp:attachment":[{"href":"https:\/\/www.diocese-limoges.fr\/grand-limoges\/wp-json\/wp\/v2\/media?parent=25213"}],"wp:term":[{"taxonomy":"category","embeddable":true,"href":"https:\/\/www.diocese-limoges.fr\/grand-limoges\/wp-json\/wp\/v2\/categories?post=25213"},{"taxonomy":"post_tag","embeddable":true,"href":"https:\/\/www.diocese-limoges.fr\/grand-limoges\/wp-json\/wp\/v2\/tags?post=25213"}],"curies":[{"name":"wp","href":"https:\/\/api.w.org\/{rel}","templated":true}]}}