{"id":4479,"date":"2015-06-02T13:32:51","date_gmt":"2015-06-02T11:32:51","guid":{"rendered":"https:\/\/www.diocese-limoges.fr\/?post_type=eloi&#038;p=4479"},"modified":"2020-03-31T02:49:11","modified_gmt":"2020-03-31T00:49:11","slug":"sur-les-pas-de-saint-eloi","status":"publish","type":"post","link":"https:\/\/www.diocese-limoges.fr\/grand-limoges\/actualites\/sur-les-pas-de-saint-eloi\/","title":{"rendered":"Sur les pas de Saint Eloi"},"content":{"rendered":"<p>Le Comit\u00e9 d&rsquo;Organisation des Ostensions de Chaptelat organise un concert dans le cadre de la pr\u00e9paration aux Ostensions.<\/p>\n<p>Vendredi 5 juin 2015 \u00e0 20 heures dans l&rsquo;\u00e9glise de Couzeix<a href=\"https:\/\/www.diocese-limoges.fr\/wp-content\/uploads\/2014\/12\/Logo-Saint-Eloi2-couleur-e1418206650207.jpg\"><img loading=\"lazy\" decoding=\"async\" class=\"  wp-image-2883 alignleft\" src=\"https:\/\/www.diocese-limoges.fr\/wp-content\/uploads\/2014\/12\/Logo-Saint-Eloi2-couleur-144x300.jpg\" alt=\"Logo Saint Eloi2 couleur\" width=\"94\" height=\"196\" \/><\/a><\/p>\n<p>Chants et musique autour du r\u00e9cit de la vie de Saint Eloi<\/p>\n<p>Soir\u00e9e anim\u00e9e par Agn\u00e8s Cornuault et ses amis musiciens<\/p>\n<p>Entr\u00e9e gratuite<\/p>\n<p>Verre de l&rsquo;amiti\u00e9 \u00e0 l&rsquo;issue du spectacle<\/p>\n","protected":false},"excerpt":{"rendered":"<p>Le Comit\u00e9 d&rsquo;Organisation des Ostensions de Chaptelat organise un concert dans le cadre de la pr\u00e9paration aux Ostensions. Vendredi 5 juin 2015 \u00e0 20 heures dans l&rsquo;\u00e9glise de Couzeix Chants et musique autour du r\u00e9cit de la vie de Saint Eloi Soir\u00e9e anim\u00e9e par Agn\u00e8s Cornuault et ses amis musiciens Entr\u00e9e gratuite Verre de l&rsquo;amiti\u00e9 [&hellip;]<\/p>\n","protected":false},"author":10,"featured_media":0,"comment_status":"closed","ping_status":"closed","sticky":false,"template":"","format":"standard","meta":{"_acf_changed":false,"footnotes":""},"categories":[1],"tags":[],"class_list":["post-4479","post","type-post","status-publish","format-standard","hentry","category-grand-limoges"],"acf":[],"yoast_head":"<!-- This site is optimized with the Yoast SEO plugin v26.4 - https:\/\/yoast.com\/wordpress\/plugins\/seo\/ -->\n<title>Sur les pas de Saint Eloi - Doyenn\u00e9s du Grand Limoges<\/title>\n<meta name=\"robots\" content=\"index, follow, max-snippet:-1, max-image-preview:large, max-video-preview:-1\" \/>\n<link rel=\"canonical\" href=\"https:\/\/www.diocese-limoges.fr\/grand-limoges\/actualites\/sur-les-pas-de-saint-eloi\/\" \/>\n<meta property=\"og:locale\" content=\"fr_FR\" \/>\n<meta property=\"og:type\" content=\"article\" \/>\n<meta property=\"og:title\" content=\"Sur les pas de Saint Eloi - Doyenn\u00e9s du Grand Limoges\" \/>\n<meta property=\"og:description\" content=\"Le Comit\u00e9 d&rsquo;Organisation des Ostensions de Chaptelat organise un concert dans le cadre de la pr\u00e9paration aux Ostensions. Vendredi 5 juin 2015 \u00e0 20 heures dans l&rsquo;\u00e9glise de Couzeix Chants et musique autour du r\u00e9cit de la vie de Saint Eloi Soir\u00e9e anim\u00e9e par Agn\u00e8s Cornuault et ses amis musiciens Entr\u00e9e gratuite Verre de l&rsquo;amiti\u00e9 [&hellip;]\" \/>\n<meta property=\"og:url\" content=\"https:\/\/www.diocese-limoges.fr\/grand-limoges\/actualites\/sur-les-pas-de-saint-eloi\/\" \/>\n<meta property=\"og:site_name\" content=\"Doyenn\u00e9s du Grand Limoges\" \/>\n<meta property=\"article:published_time\" content=\"2015-06-02T11:32:51+00:00\" \/>\n<meta property=\"article:modified_time\" content=\"2020-03-31T00:49:11+00:00\" \/>\n<meta property=\"og:image\" content=\"https:\/\/www.diocese-limoges.fr\/wp-content\/uploads\/2014\/12\/Logo-Saint-Eloi2-couleur-144x300.jpg\" \/>\n<meta name=\"author\" content=\"sainteloi\" \/>\n<meta name=\"twitter:card\" content=\"summary_large_image\" \/>\n<meta name=\"twitter:label1\" content=\"\u00c9crit par\" \/>\n\t<meta name=\"twitter:data1\" content=\"sainteloi\" \/>\n<script type=\"application\/ld+json\" class=\"yoast-schema-graph\">{\"@context\":\"https:\/\/schema.org\",\"@graph\":[{\"@type\":\"WebPage\",\"@id\":\"https:\/\/www.diocese-limoges.fr\/grand-limoges\/actualites\/sur-les-pas-de-saint-eloi\/\",\"url\":\"https:\/\/www.diocese-limoges.fr\/grand-limoges\/actualites\/sur-les-pas-de-saint-eloi\/\",\"name\":\"Sur les pas de Saint Eloi - Doyenn\u00e9s du Grand Limoges\",\"isPartOf\":{\"@id\":\"https:\/\/www.diocese-limoges.fr\/grand-limoges\/#website\"},\"primaryImageOfPage\":{\"@id\":\"https:\/\/www.diocese-limoges.fr\/grand-limoges\/actualites\/sur-les-pas-de-saint-eloi\/#primaryimage\"},\"image\":{\"@id\":\"https:\/\/www.diocese-limoges.fr\/grand-limoges\/actualites\/sur-les-pas-de-saint-eloi\/#primaryimage\"},\"thumbnailUrl\":\"https:\/\/www.diocese-limoges.fr\/wp-content\/uploads\/2014\/12\/Logo-Saint-Eloi2-couleur-144x300.jpg\",\"datePublished\":\"2015-06-02T11:32:51+00:00\",\"dateModified\":\"2020-03-31T00:49:11+00:00\",\"author\":{\"@id\":\"https:\/\/www.diocese-limoges.fr\/grand-limoges\/#\/schema\/person\/0efea0b864bcc9f6b627e8556173122f\"},\"breadcrumb\":{\"@id\":\"https:\/\/www.diocese-limoges.fr\/grand-limoges\/actualites\/sur-les-pas-de-saint-eloi\/#breadcrumb\"},\"inLanguage\":\"fr-FR\",\"potentialAction\":[{\"@type\":\"ReadAction\",\"target\":[\"https:\/\/www.diocese-limoges.fr\/grand-limoges\/actualites\/sur-les-pas-de-saint-eloi\/\"]}]},{\"@type\":\"ImageObject\",\"inLanguage\":\"fr-FR\",\"@id\":\"https:\/\/www.diocese-limoges.fr\/grand-limoges\/actualites\/sur-les-pas-de-saint-eloi\/#primaryimage\",\"url\":\"https:\/\/www.diocese-limoges.fr\/wp-content\/uploads\/2014\/12\/Logo-Saint-Eloi2-couleur-144x300.jpg\",\"contentUrl\":\"https:\/\/www.diocese-limoges.fr\/wp-content\/uploads\/2014\/12\/Logo-Saint-Eloi2-couleur-144x300.jpg\"},{\"@type\":\"BreadcrumbList\",\"@id\":\"https:\/\/www.diocese-limoges.fr\/grand-limoges\/actualites\/sur-les-pas-de-saint-eloi\/#breadcrumb\",\"itemListElement\":[{\"@type\":\"ListItem\",\"position\":1,\"name\":\"Accueil\",\"item\":\"https:\/\/www.diocese-limoges.fr\/grand-limoges\/\"},{\"@type\":\"ListItem\",\"position\":2,\"name\":\"Sur les pas de Saint Eloi\"}]},{\"@type\":\"WebSite\",\"@id\":\"https:\/\/www.diocese-limoges.fr\/grand-limoges\/#website\",\"url\":\"https:\/\/www.diocese-limoges.fr\/grand-limoges\/\",\"name\":\"Doyenn\u00e9s du Grand Limoges\",\"description\":\"Dioc\u00e8se de Limoges\",\"potentialAction\":[{\"@type\":\"SearchAction\",\"target\":{\"@type\":\"EntryPoint\",\"urlTemplate\":\"https:\/\/www.diocese-limoges.fr\/grand-limoges\/?s={search_term_string}\"},\"query-input\":{\"@type\":\"PropertyValueSpecification\",\"valueRequired\":true,\"valueName\":\"search_term_string\"}}],\"inLanguage\":\"fr-FR\"},{\"@type\":\"Person\",\"@id\":\"https:\/\/www.diocese-limoges.fr\/grand-limoges\/#\/schema\/person\/0efea0b864bcc9f6b627e8556173122f\",\"name\":\"sainteloi\",\"image\":{\"@type\":\"ImageObject\",\"inLanguage\":\"fr-FR\",\"@id\":\"https:\/\/www.diocese-limoges.fr\/grand-limoges\/#\/schema\/person\/image\/\",\"url\":\"https:\/\/secure.gravatar.com\/avatar\/36135729350d5be2cbc7cc4c88ae11bede1a4fa8b76937e48682433dac7a0c52?s=96&d=mm&r=g\",\"contentUrl\":\"https:\/\/secure.gravatar.com\/avatar\/36135729350d5be2cbc7cc4c88ae11bede1a4fa8b76937e48682433dac7a0c52?s=96&d=mm&r=g\",\"caption\":\"sainteloi\"},\"url\":\"https:\/\/www.diocese-limoges.fr\/grand-limoges\/author\/sainteloi\/\"}]}<\/script>\n<!-- \/ Yoast SEO plugin. -->","yoast_head_json":{"title":"Sur les pas de Saint Eloi - Doyenn\u00e9s du Grand Limoges","robots":{"index":"index","follow":"follow","max-snippet":"max-snippet:-1","max-image-preview":"max-image-preview:large","max-video-preview":"max-video-preview:-1"},"canonical":"https:\/\/www.diocese-limoges.fr\/grand-limoges\/actualites\/sur-les-pas-de-saint-eloi\/","og_locale":"fr_FR","og_type":"article","og_title":"Sur les pas de Saint Eloi - Doyenn\u00e9s du Grand Limoges","og_description":"Le Comit\u00e9 d&rsquo;Organisation des Ostensions de Chaptelat organise un concert dans le cadre de la pr\u00e9paration aux Ostensions. Vendredi 5 juin 2015 \u00e0 20 heures dans l&rsquo;\u00e9glise de Couzeix Chants et musique autour du r\u00e9cit de la vie de Saint Eloi Soir\u00e9e anim\u00e9e par Agn\u00e8s Cornuault et ses amis musiciens Entr\u00e9e gratuite Verre de l&rsquo;amiti\u00e9 [&hellip;]","og_url":"https:\/\/www.diocese-limoges.fr\/grand-limoges\/actualites\/sur-les-pas-de-saint-eloi\/","og_site_name":"Doyenn\u00e9s du Grand Limoges","article_published_time":"2015-06-02T11:32:51+00:00","article_modified_time":"2020-03-31T00:49:11+00:00","og_image":[{"url":"https:\/\/www.diocese-limoges.fr\/wp-content\/uploads\/2014\/12\/Logo-Saint-Eloi2-couleur-144x300.jpg","type":"","width":"","height":""}],"author":"sainteloi","twitter_card":"summary_large_image","twitter_misc":{"\u00c9crit par":"sainteloi"},"schema":{"@context":"https:\/\/schema.org","@graph":[{"@type":"WebPage","@id":"https:\/\/www.diocese-limoges.fr\/grand-limoges\/actualites\/sur-les-pas-de-saint-eloi\/","url":"https:\/\/www.diocese-limoges.fr\/grand-limoges\/actualites\/sur-les-pas-de-saint-eloi\/","name":"Sur les pas de Saint Eloi - Doyenn\u00e9s du Grand Limoges","isPartOf":{"@id":"https:\/\/www.diocese-limoges.fr\/grand-limoges\/#website"},"primaryImageOfPage":{"@id":"https:\/\/www.diocese-limoges.fr\/grand-limoges\/actualites\/sur-les-pas-de-saint-eloi\/#primaryimage"},"image":{"@id":"https:\/\/www.diocese-limoges.fr\/grand-limoges\/actualites\/sur-les-pas-de-saint-eloi\/#primaryimage"},"thumbnailUrl":"https:\/\/www.diocese-limoges.fr\/wp-content\/uploads\/2014\/12\/Logo-Saint-Eloi2-couleur-144x300.jpg","datePublished":"2015-06-02T11:32:51+00:00","dateModified":"2020-03-31T00:49:11+00:00","author":{"@id":"https:\/\/www.diocese-limoges.fr\/grand-limoges\/#\/schema\/person\/0efea0b864bcc9f6b627e8556173122f"},"breadcrumb":{"@id":"https:\/\/www.diocese-limoges.fr\/grand-limoges\/actualites\/sur-les-pas-de-saint-eloi\/#breadcrumb"},"inLanguage":"fr-FR","potentialAction":[{"@type":"ReadAction","target":["https:\/\/www.diocese-limoges.fr\/grand-limoges\/actualites\/sur-les-pas-de-saint-eloi\/"]}]},{"@type":"ImageObject","inLanguage":"fr-FR","@id":"https:\/\/www.diocese-limoges.fr\/grand-limoges\/actualites\/sur-les-pas-de-saint-eloi\/#primaryimage","url":"https:\/\/www.diocese-limoges.fr\/wp-content\/uploads\/2014\/12\/Logo-Saint-Eloi2-couleur-144x300.jpg","contentUrl":"https:\/\/www.diocese-limoges.fr\/wp-content\/uploads\/2014\/12\/Logo-Saint-Eloi2-couleur-144x300.jpg"},{"@type":"BreadcrumbList","@id":"https:\/\/www.diocese-limoges.fr\/grand-limoges\/actualites\/sur-les-pas-de-saint-eloi\/#breadcrumb","itemListElement":[{"@type":"ListItem","position":1,"name":"Accueil","item":"https:\/\/www.diocese-limoges.fr\/grand-limoges\/"},{"@type":"ListItem","position":2,"name":"Sur les pas de Saint Eloi"}]},{"@type":"WebSite","@id":"https:\/\/www.diocese-limoges.fr\/grand-limoges\/#website","url":"https:\/\/www.diocese-limoges.fr\/grand-limoges\/","name":"Doyenn\u00e9s du Grand Limoges","description":"Dioc\u00e8se de Limoges","potentialAction":[{"@type":"SearchAction","target":{"@type":"EntryPoint","urlTemplate":"https:\/\/www.diocese-limoges.fr\/grand-limoges\/?s={search_term_string}"},"query-input":{"@type":"PropertyValueSpecification","valueRequired":true,"valueName":"search_term_string"}}],"inLanguage":"fr-FR"},{"@type":"Person","@id":"https:\/\/www.diocese-limoges.fr\/grand-limoges\/#\/schema\/person\/0efea0b864bcc9f6b627e8556173122f","name":"sainteloi","image":{"@type":"ImageObject","inLanguage":"fr-FR","@id":"https:\/\/www.diocese-limoges.fr\/grand-limoges\/#\/schema\/person\/image\/","url":"https:\/\/secure.gravatar.com\/avatar\/36135729350d5be2cbc7cc4c88ae11bede1a4fa8b76937e48682433dac7a0c52?s=96&d=mm&r=g","contentUrl":"https:\/\/secure.gravatar.com\/avatar\/36135729350d5be2cbc7cc4c88ae11bede1a4fa8b76937e48682433dac7a0c52?s=96&d=mm&r=g","caption":"sainteloi"},"url":"https:\/\/www.diocese-limoges.fr\/grand-limoges\/author\/sainteloi\/"}]}},"_links":{"self":[{"href":"https:\/\/www.diocese-limoges.fr\/grand-limoges\/wp-json\/wp\/v2\/posts\/4479","targetHints":{"allow":["GET"]}}],"collection":[{"href":"https:\/\/www.diocese-limoges.fr\/grand-limoges\/wp-json\/wp\/v2\/posts"}],"about":[{"href":"https:\/\/www.diocese-limoges.fr\/grand-limoges\/wp-json\/wp\/v2\/types\/post"}],"author":[{"embeddable":true,"href":"https:\/\/www.diocese-limoges.fr\/grand-limoges\/wp-json\/wp\/v2\/users\/10"}],"replies":[{"embeddable":true,"href":"https:\/\/www.diocese-limoges.fr\/grand-limoges\/wp-json\/wp\/v2\/comments?post=4479"}],"version-history":[{"count":1,"href":"https:\/\/www.diocese-limoges.fr\/grand-limoges\/wp-json\/wp\/v2\/posts\/4479\/revisions"}],"predecessor-version":[{"id":17001,"href":"https:\/\/www.diocese-limoges.fr\/grand-limoges\/wp-json\/wp\/v2\/posts\/4479\/revisions\/17001"}],"wp:attachment":[{"href":"https:\/\/www.diocese-limoges.fr\/grand-limoges\/wp-json\/wp\/v2\/media?parent=4479"}],"wp:term":[{"taxonomy":"category","embeddable":true,"href":"https:\/\/www.diocese-limoges.fr\/grand-limoges\/wp-json\/wp\/v2\/categories?post=4479"},{"taxonomy":"post_tag","embeddable":true,"href":"https:\/\/www.diocese-limoges.fr\/grand-limoges\/wp-json\/wp\/v2\/tags?post=4479"}],"curies":[{"name":"wp","href":"https:\/\/api.w.org\/{rel}","templated":true}]}}