{"id":5352,"date":"2015-11-09T22:48:48","date_gmt":"2015-11-09T21:48:48","guid":{"rendered":"https:\/\/www.diocese-limoges.fr\/?post_type=eloi&#038;p=5352"},"modified":"2020-03-31T02:48:44","modified_gmt":"2020-03-31T00:48:44","slug":"concert-de-lensemble-vocal-de-st-yrieix-le-29-novembre-eglise-des-saints-anges","status":"publish","type":"post","link":"https:\/\/www.diocese-limoges.fr\/grand-limoges\/actualites\/concert-de-lensemble-vocal-de-st-yrieix-le-29-novembre-eglise-des-saints-anges\/","title":{"rendered":"Concert de l&rsquo;Ensemble Vocal de Saint-Yrieix le 29 novembre, \u00e9glise des Saints-Anges."},"content":{"rendered":"<h3 class=\"nodeTitle\"><a href=\"http:\/\/www.paroisse-saint-eloi.fr\/print\/2472\" target=\"_blank\" rel=\"noopener noreferrer\"><img decoding=\"async\" title=\"Cliquer ici pour imprimer\" src=\"http:\/\/www.paroisse-saint-eloi.fr\/sites\/paroisse-saint-eloi.fr\/themes\/marinelli\/img\/print.gif\" alt=\"imprimante\" align=\"right\" \/><\/a><\/h3>\n<div class=\"content\">\n<p>Dans le cadre de l&rsquo;Ostension de St Eloi, l&rsquo;\u00e9glise des Saints Anges accueillera le dimanche 29 novembre \u00e0 16 heures,\u00a0 l&rsquo;Ensemble Vocal de St Yrieix la Perche. (Soient une cinquantaine de choristes, d&rsquo;un niveau national)<\/p>\n<p>En fait, ce sont trois concerts\u00a0 que nous aurons le plaisir d&rsquo;\u00e9couter : Cantar\u00e9dia, un choeur de femmes sous la direction de Mme Jenny LUKEY, interpr\u00e9tant des oeuvres modernes profanes et sacr\u00e9es. Le choeur mixte, (le Choeur de la Loue) sous la direction de M.Chris Norris, musicien compositeur, interpr\u00e9tant des oeuvres sacr\u00e9es, et des chants populaires \u00e9trangers, notamment d&rsquo;Am\u00e9rique du Sud. Un choeur d&rsquo;hommes, (Homm&rsquo;&amp; Gars ) sous la direction&#8230;.d&rsquo;une femme : Mme Marie-Laure Frochot, m\u00ealant chants profanes et sacr\u00e9s.<\/p>\n<p><img decoding=\"async\" src=\"http:\/\/www.paroisse-saint-eloi.fr\/sites\/paroisse-saint-eloi.fr\/files\/telechargements\/utilisateur_13\/2015%20Ensemble_Vocal_de_St_Yrieix.jpg\" alt=\"\" \/><\/p>\n<p>Tous ces choristes ont \u00e9galement la bonne id\u00e9e de chanter ensemble sous le nom de EVSY. (Ensemble Vocal de Saint Yrieix)<\/p>\n<p>Les ma\u00eetres-mots\u00a0 des ces ensembles sont : g\u00e9n\u00e9rosit\u00e9, partage, \u00e9motion,<\/p>\n<p><em>\u00a0\u00ab\u00a0Le chant est la ligne musicale la plus directe entre celui qui \u00e9coute et l&rsquo;\u00e2me du choriste\u00a0\u00bb<\/em> (Chris.Norris)<\/p>\n<p>Nous vous invitons \u00e0 venir partager un grand moment de convivialit\u00e9, gr\u00e2ce \u00e0 ces choeurs d&rsquo;un haut niveau technique et \u00e0 des choristes qui ont envie de vous faire partager leur joie de chanter.<\/p>\n<p>De plus, vous apporterez votre participation \u00e0 l&rsquo; Ostension de St Eloi, (Chaptelat 11&amp;12 juin 2016), Saint Patron de notre Paroisse.<\/p>\n<\/div>\n","protected":false},"excerpt":{"rendered":"<p>Dans le cadre de l&rsquo;Ostension de St Eloi, l&rsquo;\u00e9glise des Saints Anges accueillera le dimanche 29 novembre \u00e0 16 heures,\u00a0 l&rsquo;Ensemble Vocal de St Yrieix la Perche. (Soient une cinquantaine de choristes, d&rsquo;un niveau national) En fait, ce sont trois concerts\u00a0 que nous aurons le plaisir d&rsquo;\u00e9couter : Cantar\u00e9dia, un choeur de femmes sous la [&hellip;]<\/p>\n","protected":false},"author":10,"featured_media":0,"comment_status":"closed","ping_status":"closed","sticky":false,"template":"","format":"standard","meta":{"_acf_changed":false,"footnotes":""},"categories":[1],"tags":[],"class_list":["post-5352","post","type-post","status-publish","format-standard","hentry","category-grand-limoges"],"acf":[],"yoast_head":"<!-- This site is optimized with the Yoast SEO plugin v26.4 - https:\/\/yoast.com\/wordpress\/plugins\/seo\/ -->\n<title>Concert de l&#039;Ensemble Vocal de Saint-Yrieix le 29 novembre, \u00e9glise des Saints-Anges. - Doyenn\u00e9s du Grand Limoges<\/title>\n<meta name=\"robots\" content=\"index, follow, max-snippet:-1, max-image-preview:large, max-video-preview:-1\" \/>\n<link rel=\"canonical\" href=\"https:\/\/www.diocese-limoges.fr\/grand-limoges\/actualites\/concert-de-lensemble-vocal-de-st-yrieix-le-29-novembre-eglise-des-saints-anges\/\" \/>\n<meta property=\"og:locale\" content=\"fr_FR\" \/>\n<meta property=\"og:type\" content=\"article\" \/>\n<meta property=\"og:title\" content=\"Concert de l&#039;Ensemble Vocal de Saint-Yrieix le 29 novembre, \u00e9glise des Saints-Anges. - Doyenn\u00e9s du Grand Limoges\" \/>\n<meta property=\"og:description\" content=\"Dans le cadre de l&rsquo;Ostension de St Eloi, l&rsquo;\u00e9glise des Saints Anges accueillera le dimanche 29 novembre \u00e0 16 heures,\u00a0 l&rsquo;Ensemble Vocal de St Yrieix la Perche. (Soient une cinquantaine de choristes, d&rsquo;un niveau national) En fait, ce sont trois concerts\u00a0 que nous aurons le plaisir d&rsquo;\u00e9couter : Cantar\u00e9dia, un choeur de femmes sous la [&hellip;]\" \/>\n<meta property=\"og:url\" content=\"https:\/\/www.diocese-limoges.fr\/grand-limoges\/actualites\/concert-de-lensemble-vocal-de-st-yrieix-le-29-novembre-eglise-des-saints-anges\/\" \/>\n<meta property=\"og:site_name\" content=\"Doyenn\u00e9s du Grand Limoges\" \/>\n<meta property=\"article:published_time\" content=\"2015-11-09T21:48:48+00:00\" \/>\n<meta property=\"article:modified_time\" content=\"2020-03-31T00:48:44+00:00\" \/>\n<meta property=\"og:image\" content=\"http:\/\/www.paroisse-saint-eloi.fr\/sites\/paroisse-saint-eloi.fr\/themes\/marinelli\/img\/print.gif\" \/>\n<meta name=\"author\" content=\"sainteloi\" \/>\n<meta name=\"twitter:card\" content=\"summary_large_image\" \/>\n<meta name=\"twitter:label1\" content=\"\u00c9crit par\" \/>\n\t<meta name=\"twitter:data1\" content=\"sainteloi\" \/>\n\t<meta name=\"twitter:label2\" content=\"Dur\u00e9e de lecture estim\u00e9e\" \/>\n\t<meta name=\"twitter:data2\" content=\"1 minute\" \/>\n<script type=\"application\/ld+json\" class=\"yoast-schema-graph\">{\"@context\":\"https:\/\/schema.org\",\"@graph\":[{\"@type\":\"WebPage\",\"@id\":\"https:\/\/www.diocese-limoges.fr\/grand-limoges\/actualites\/concert-de-lensemble-vocal-de-st-yrieix-le-29-novembre-eglise-des-saints-anges\/\",\"url\":\"https:\/\/www.diocese-limoges.fr\/grand-limoges\/actualites\/concert-de-lensemble-vocal-de-st-yrieix-le-29-novembre-eglise-des-saints-anges\/\",\"name\":\"Concert de l'Ensemble Vocal de Saint-Yrieix le 29 novembre, \u00e9glise des Saints-Anges. - Doyenn\u00e9s du Grand Limoges\",\"isPartOf\":{\"@id\":\"https:\/\/www.diocese-limoges.fr\/grand-limoges\/#website\"},\"primaryImageOfPage\":{\"@id\":\"https:\/\/www.diocese-limoges.fr\/grand-limoges\/actualites\/concert-de-lensemble-vocal-de-st-yrieix-le-29-novembre-eglise-des-saints-anges\/#primaryimage\"},\"image\":{\"@id\":\"https:\/\/www.diocese-limoges.fr\/grand-limoges\/actualites\/concert-de-lensemble-vocal-de-st-yrieix-le-29-novembre-eglise-des-saints-anges\/#primaryimage\"},\"thumbnailUrl\":\"http:\/\/www.paroisse-saint-eloi.fr\/sites\/paroisse-saint-eloi.fr\/themes\/marinelli\/img\/print.gif\",\"datePublished\":\"2015-11-09T21:48:48+00:00\",\"dateModified\":\"2020-03-31T00:48:44+00:00\",\"author\":{\"@id\":\"https:\/\/www.diocese-limoges.fr\/grand-limoges\/#\/schema\/person\/0efea0b864bcc9f6b627e8556173122f\"},\"breadcrumb\":{\"@id\":\"https:\/\/www.diocese-limoges.fr\/grand-limoges\/actualites\/concert-de-lensemble-vocal-de-st-yrieix-le-29-novembre-eglise-des-saints-anges\/#breadcrumb\"},\"inLanguage\":\"fr-FR\",\"potentialAction\":[{\"@type\":\"ReadAction\",\"target\":[\"https:\/\/www.diocese-limoges.fr\/grand-limoges\/actualites\/concert-de-lensemble-vocal-de-st-yrieix-le-29-novembre-eglise-des-saints-anges\/\"]}]},{\"@type\":\"ImageObject\",\"inLanguage\":\"fr-FR\",\"@id\":\"https:\/\/www.diocese-limoges.fr\/grand-limoges\/actualites\/concert-de-lensemble-vocal-de-st-yrieix-le-29-novembre-eglise-des-saints-anges\/#primaryimage\",\"url\":\"http:\/\/www.paroisse-saint-eloi.fr\/sites\/paroisse-saint-eloi.fr\/themes\/marinelli\/img\/print.gif\",\"contentUrl\":\"http:\/\/www.paroisse-saint-eloi.fr\/sites\/paroisse-saint-eloi.fr\/themes\/marinelli\/img\/print.gif\"},{\"@type\":\"BreadcrumbList\",\"@id\":\"https:\/\/www.diocese-limoges.fr\/grand-limoges\/actualites\/concert-de-lensemble-vocal-de-st-yrieix-le-29-novembre-eglise-des-saints-anges\/#breadcrumb\",\"itemListElement\":[{\"@type\":\"ListItem\",\"position\":1,\"name\":\"Accueil\",\"item\":\"https:\/\/www.diocese-limoges.fr\/grand-limoges\/\"},{\"@type\":\"ListItem\",\"position\":2,\"name\":\"Concert de l&rsquo;Ensemble Vocal de Saint-Yrieix le 29 novembre, \u00e9glise des Saints-Anges.\"}]},{\"@type\":\"WebSite\",\"@id\":\"https:\/\/www.diocese-limoges.fr\/grand-limoges\/#website\",\"url\":\"https:\/\/www.diocese-limoges.fr\/grand-limoges\/\",\"name\":\"Doyenn\u00e9s du Grand Limoges\",\"description\":\"Dioc\u00e8se de Limoges\",\"potentialAction\":[{\"@type\":\"SearchAction\",\"target\":{\"@type\":\"EntryPoint\",\"urlTemplate\":\"https:\/\/www.diocese-limoges.fr\/grand-limoges\/?s={search_term_string}\"},\"query-input\":{\"@type\":\"PropertyValueSpecification\",\"valueRequired\":true,\"valueName\":\"search_term_string\"}}],\"inLanguage\":\"fr-FR\"},{\"@type\":\"Person\",\"@id\":\"https:\/\/www.diocese-limoges.fr\/grand-limoges\/#\/schema\/person\/0efea0b864bcc9f6b627e8556173122f\",\"name\":\"sainteloi\",\"image\":{\"@type\":\"ImageObject\",\"inLanguage\":\"fr-FR\",\"@id\":\"https:\/\/www.diocese-limoges.fr\/grand-limoges\/#\/schema\/person\/image\/\",\"url\":\"https:\/\/secure.gravatar.com\/avatar\/36135729350d5be2cbc7cc4c88ae11bede1a4fa8b76937e48682433dac7a0c52?s=96&d=mm&r=g\",\"contentUrl\":\"https:\/\/secure.gravatar.com\/avatar\/36135729350d5be2cbc7cc4c88ae11bede1a4fa8b76937e48682433dac7a0c52?s=96&d=mm&r=g\",\"caption\":\"sainteloi\"},\"url\":\"https:\/\/www.diocese-limoges.fr\/grand-limoges\/author\/sainteloi\/\"}]}<\/script>\n<!-- \/ Yoast SEO plugin. -->","yoast_head_json":{"title":"Concert de l'Ensemble Vocal de Saint-Yrieix le 29 novembre, \u00e9glise des Saints-Anges. - Doyenn\u00e9s du Grand Limoges","robots":{"index":"index","follow":"follow","max-snippet":"max-snippet:-1","max-image-preview":"max-image-preview:large","max-video-preview":"max-video-preview:-1"},"canonical":"https:\/\/www.diocese-limoges.fr\/grand-limoges\/actualites\/concert-de-lensemble-vocal-de-st-yrieix-le-29-novembre-eglise-des-saints-anges\/","og_locale":"fr_FR","og_type":"article","og_title":"Concert de l'Ensemble Vocal de Saint-Yrieix le 29 novembre, \u00e9glise des Saints-Anges. - Doyenn\u00e9s du Grand Limoges","og_description":"Dans le cadre de l&rsquo;Ostension de St Eloi, l&rsquo;\u00e9glise des Saints Anges accueillera le dimanche 29 novembre \u00e0 16 heures,\u00a0 l&rsquo;Ensemble Vocal de St Yrieix la Perche. (Soient une cinquantaine de choristes, d&rsquo;un niveau national) En fait, ce sont trois concerts\u00a0 que nous aurons le plaisir d&rsquo;\u00e9couter : Cantar\u00e9dia, un choeur de femmes sous la [&hellip;]","og_url":"https:\/\/www.diocese-limoges.fr\/grand-limoges\/actualites\/concert-de-lensemble-vocal-de-st-yrieix-le-29-novembre-eglise-des-saints-anges\/","og_site_name":"Doyenn\u00e9s du Grand Limoges","article_published_time":"2015-11-09T21:48:48+00:00","article_modified_time":"2020-03-31T00:48:44+00:00","og_image":[{"url":"http:\/\/www.paroisse-saint-eloi.fr\/sites\/paroisse-saint-eloi.fr\/themes\/marinelli\/img\/print.gif","type":"","width":"","height":""}],"author":"sainteloi","twitter_card":"summary_large_image","twitter_misc":{"\u00c9crit par":"sainteloi","Dur\u00e9e de lecture estim\u00e9e":"1 minute"},"schema":{"@context":"https:\/\/schema.org","@graph":[{"@type":"WebPage","@id":"https:\/\/www.diocese-limoges.fr\/grand-limoges\/actualites\/concert-de-lensemble-vocal-de-st-yrieix-le-29-novembre-eglise-des-saints-anges\/","url":"https:\/\/www.diocese-limoges.fr\/grand-limoges\/actualites\/concert-de-lensemble-vocal-de-st-yrieix-le-29-novembre-eglise-des-saints-anges\/","name":"Concert de l'Ensemble Vocal de Saint-Yrieix le 29 novembre, \u00e9glise des Saints-Anges. - Doyenn\u00e9s du Grand Limoges","isPartOf":{"@id":"https:\/\/www.diocese-limoges.fr\/grand-limoges\/#website"},"primaryImageOfPage":{"@id":"https:\/\/www.diocese-limoges.fr\/grand-limoges\/actualites\/concert-de-lensemble-vocal-de-st-yrieix-le-29-novembre-eglise-des-saints-anges\/#primaryimage"},"image":{"@id":"https:\/\/www.diocese-limoges.fr\/grand-limoges\/actualites\/concert-de-lensemble-vocal-de-st-yrieix-le-29-novembre-eglise-des-saints-anges\/#primaryimage"},"thumbnailUrl":"http:\/\/www.paroisse-saint-eloi.fr\/sites\/paroisse-saint-eloi.fr\/themes\/marinelli\/img\/print.gif","datePublished":"2015-11-09T21:48:48+00:00","dateModified":"2020-03-31T00:48:44+00:00","author":{"@id":"https:\/\/www.diocese-limoges.fr\/grand-limoges\/#\/schema\/person\/0efea0b864bcc9f6b627e8556173122f"},"breadcrumb":{"@id":"https:\/\/www.diocese-limoges.fr\/grand-limoges\/actualites\/concert-de-lensemble-vocal-de-st-yrieix-le-29-novembre-eglise-des-saints-anges\/#breadcrumb"},"inLanguage":"fr-FR","potentialAction":[{"@type":"ReadAction","target":["https:\/\/www.diocese-limoges.fr\/grand-limoges\/actualites\/concert-de-lensemble-vocal-de-st-yrieix-le-29-novembre-eglise-des-saints-anges\/"]}]},{"@type":"ImageObject","inLanguage":"fr-FR","@id":"https:\/\/www.diocese-limoges.fr\/grand-limoges\/actualites\/concert-de-lensemble-vocal-de-st-yrieix-le-29-novembre-eglise-des-saints-anges\/#primaryimage","url":"http:\/\/www.paroisse-saint-eloi.fr\/sites\/paroisse-saint-eloi.fr\/themes\/marinelli\/img\/print.gif","contentUrl":"http:\/\/www.paroisse-saint-eloi.fr\/sites\/paroisse-saint-eloi.fr\/themes\/marinelli\/img\/print.gif"},{"@type":"BreadcrumbList","@id":"https:\/\/www.diocese-limoges.fr\/grand-limoges\/actualites\/concert-de-lensemble-vocal-de-st-yrieix-le-29-novembre-eglise-des-saints-anges\/#breadcrumb","itemListElement":[{"@type":"ListItem","position":1,"name":"Accueil","item":"https:\/\/www.diocese-limoges.fr\/grand-limoges\/"},{"@type":"ListItem","position":2,"name":"Concert de l&rsquo;Ensemble Vocal de Saint-Yrieix le 29 novembre, \u00e9glise des Saints-Anges."}]},{"@type":"WebSite","@id":"https:\/\/www.diocese-limoges.fr\/grand-limoges\/#website","url":"https:\/\/www.diocese-limoges.fr\/grand-limoges\/","name":"Doyenn\u00e9s du Grand Limoges","description":"Dioc\u00e8se de Limoges","potentialAction":[{"@type":"SearchAction","target":{"@type":"EntryPoint","urlTemplate":"https:\/\/www.diocese-limoges.fr\/grand-limoges\/?s={search_term_string}"},"query-input":{"@type":"PropertyValueSpecification","valueRequired":true,"valueName":"search_term_string"}}],"inLanguage":"fr-FR"},{"@type":"Person","@id":"https:\/\/www.diocese-limoges.fr\/grand-limoges\/#\/schema\/person\/0efea0b864bcc9f6b627e8556173122f","name":"sainteloi","image":{"@type":"ImageObject","inLanguage":"fr-FR","@id":"https:\/\/www.diocese-limoges.fr\/grand-limoges\/#\/schema\/person\/image\/","url":"https:\/\/secure.gravatar.com\/avatar\/36135729350d5be2cbc7cc4c88ae11bede1a4fa8b76937e48682433dac7a0c52?s=96&d=mm&r=g","contentUrl":"https:\/\/secure.gravatar.com\/avatar\/36135729350d5be2cbc7cc4c88ae11bede1a4fa8b76937e48682433dac7a0c52?s=96&d=mm&r=g","caption":"sainteloi"},"url":"https:\/\/www.diocese-limoges.fr\/grand-limoges\/author\/sainteloi\/"}]}},"_links":{"self":[{"href":"https:\/\/www.diocese-limoges.fr\/grand-limoges\/wp-json\/wp\/v2\/posts\/5352","targetHints":{"allow":["GET"]}}],"collection":[{"href":"https:\/\/www.diocese-limoges.fr\/grand-limoges\/wp-json\/wp\/v2\/posts"}],"about":[{"href":"https:\/\/www.diocese-limoges.fr\/grand-limoges\/wp-json\/wp\/v2\/types\/post"}],"author":[{"embeddable":true,"href":"https:\/\/www.diocese-limoges.fr\/grand-limoges\/wp-json\/wp\/v2\/users\/10"}],"replies":[{"embeddable":true,"href":"https:\/\/www.diocese-limoges.fr\/grand-limoges\/wp-json\/wp\/v2\/comments?post=5352"}],"version-history":[{"count":1,"href":"https:\/\/www.diocese-limoges.fr\/grand-limoges\/wp-json\/wp\/v2\/posts\/5352\/revisions"}],"predecessor-version":[{"id":16996,"href":"https:\/\/www.diocese-limoges.fr\/grand-limoges\/wp-json\/wp\/v2\/posts\/5352\/revisions\/16996"}],"wp:attachment":[{"href":"https:\/\/www.diocese-limoges.fr\/grand-limoges\/wp-json\/wp\/v2\/media?parent=5352"}],"wp:term":[{"taxonomy":"category","embeddable":true,"href":"https:\/\/www.diocese-limoges.fr\/grand-limoges\/wp-json\/wp\/v2\/categories?post=5352"},{"taxonomy":"post_tag","embeddable":true,"href":"https:\/\/www.diocese-limoges.fr\/grand-limoges\/wp-json\/wp\/v2\/tags?post=5352"}],"curies":[{"name":"wp","href":"https:\/\/api.w.org\/{rel}","templated":true}]}}