{"id":6134,"date":"2016-02-23T00:59:00","date_gmt":"2016-02-22T23:59:00","guid":{"rendered":"https:\/\/www.diocese-limoges.fr\/?post_type=eloi&#038;p=6134"},"modified":"2020-03-31T02:48:29","modified_gmt":"2020-03-31T00:48:29","slug":"saint-eloi-a-pris-la-parole","status":"publish","type":"post","link":"https:\/\/www.diocese-limoges.fr\/grand-limoges\/actualites\/saint-eloi-a-pris-la-parole\/","title":{"rendered":"Saint-Eloi a pris la parole"},"content":{"rendered":"<p>Annonc\u00e9e depuis plusieurs semaines, pr\u00e9par\u00e9e par de nombreuses rencontres, l\u2019assembl\u00e9e paroissiale de la paroisse Saint-Eloi-des-Hauts-de-l\u2019Aurence s\u2019est tenue le dimanche 24 janvier dans la salle du faubourien.<\/p>\n<p>Une centaine de personnes est venue partager la synth\u00e8se de ces groupes constitu\u00e9s librement. Des synth\u00e8ses fid\u00e8les \u00e0 ce qui avait \u00e9t\u00e9 r\u00e9fl\u00e9chi \u00e0 partir des cinq questions nous ont \u00e9t\u00e9 propos\u00e9es pour lancer la discussion de l\u2019assembl\u00e9e.<\/p>\n<p><img loading=\"lazy\" decoding=\"async\" class=\"\" src=\"http:\/\/www.paroisse-saint-eloi.fr\/sites\/paroisse-saint-eloi.fr\/files\/telechargements\/utilisateur_13\/2016%20As%20P%20%20assistance%206.JPG\" alt=\"\" width=\"265\" height=\"176\" \/><img loading=\"lazy\" decoding=\"async\" class=\"\" src=\"http:\/\/www.paroisse-saint-eloi.fr\/sites\/paroisse-saint-eloi.fr\/files\/telechargements\/utilisateur_13\/2016%20As%20P%20assistance%205.JPG\" alt=\"\" width=\"265\" height=\"176\" \/><\/p>\n<p>Comme l\u2019a soulign\u00e9 notre \u00e9v\u00eaque, Mgr Fran\u00e7ois KALIST, dans son mot de conclusion de nos travaux, c\u2019est une exp\u00e9rience synodale que nous avons initi\u00e9e et qu\u2019a conduite le Conseil Pastoral\u00a0: une Eglise qui se rassemble pour d\u00e9battre de son avenir et discerner vers o\u00f9 l\u2019Esprit oriente notre marche.<\/p>\n<p><img loading=\"lazy\" decoding=\"async\" class=\"\" src=\"http:\/\/www.paroisse-saint-eloi.fr\/sites\/paroisse-saint-eloi.fr\/files\/telechargements\/utilisateur_13\/2016%20As%20P%20d%C3%A9bat%201.JPG\" alt=\"\" width=\"264\" height=\"175\" \/><img loading=\"lazy\" decoding=\"async\" class=\"\" src=\"http:\/\/www.paroisse-saint-eloi.fr\/sites\/paroisse-saint-eloi.fr\/files\/telechargements\/utilisateur_13\/2016%20As%20P%20Eveque.JPG\" alt=\"\" width=\"264\" height=\"175\" \/><\/p>\n<p>Le Conseil Pastoral, d\u00e8s sa prochaine rencontre, en mars, va reprendre tout ce qui a \u00e9t\u00e9 exprim\u00e9 lors des temps d\u2019\u00e9change et des r\u00e9actions de nos \u00ab\u00a0oreilles\u00a0\u00bb attentives. Il s\u2019agit maintenant de d\u00e9gager des orientations concr\u00e8tes et de les remettre \u00e0 l\u2019\u00e9quipe pastorale, en vue de d\u00e9cisions \u00e0 prendre pour la prochaine rentr\u00e9e.<\/p>\n<p><img loading=\"lazy\" decoding=\"async\" class=\" alignright\" src=\"http:\/\/www.paroisse-saint-eloi.fr\/sites\/paroisse-saint-eloi.fr\/files\/telechargements\/utilisateur_13\/2016%20As%20Gospel.JPG\" alt=\"\" width=\"283\" height=\"188\" \/><\/p>\n<p>&nbsp;<\/p>\n<p>Cette assembl\u00e9e paroissiale s\u2019est termin\u00e9e en musique avec le groupe Gospel Fusion, (partie prenante sur diff\u00e9rentes questions de cette assembl\u00e9e) et un partage de galette.<\/p>\n<p>&nbsp;<\/p>\n<p><em><img loading=\"lazy\" decoding=\"async\" class=\" alignleft\" src=\"http:\/\/www.paroisse-saint-eloi.fr\/sites\/paroisse-saint-eloi.fr\/files\/telechargements\/utilisateur_13\/2016%20As%20P%20BV.jpg\" alt=\"\" width=\"189\" height=\"282\" \/><\/em><\/p>\n<p style=\"text-align: left;padding-left: 60px\"><em>\u00ab\u00a0J\u2019ai senti un corps vivre, il y a eu une prise de <\/em><em>conscience sur quelques d\u00e9fis et des propositions int\u00e9ressantes. Il peut y avoir des points de vue diff\u00e9renci\u00e9s, mais nous cherchons ensemble, riches d\u2019exp\u00e9riences d\u00e9j\u00e0 v\u00e9cues et disponibles pour des remises en question ou des fa\u00e7ons nouvelles de faire. J\u2019ai appr\u00e9ci\u00e9 d\u2019entendre notre souci d\u2019accueillir, d\u2019aller vers, de traverser quelques fronti\u00e8res plus ou moins conscientes, dans une flamme missionnaire. <\/em><\/p>\n<p style=\"text-align: left;padding-left: 60px\"><em>Je tiens, avec l\u2019\u00e9quipe pastorale,\u00a0 \u00e0 remercier tous ceux et celles qui se sont investis dans la pr\u00e9paration et la r\u00e9alisation de cette d\u00e9marche. Nous t\u00e9moignons ainsi de notre d\u00e9sir de faire vivre l\u2019Eglise en servant notre paroisse et les multiples groupes qui la composent. Je confie \u00e0 la pri\u00e8re de tous les fruits \u00e0 venir de ce travail.\u00a0\u00bb\u00a0\u00a0\u00a0\u00a0\u00a0\u00a0\u00a0\u00a0\u00a0\u00a0\u00a0\u00a0\u00a0\u00a0\u00a0\u00a0\u00a0\u00a0\u00a0\u00a0\u00a0\u00a0\u00a0\u00a0\u00a0\u00a0\u00a0 \u00a0\u00a0 \u00a0\u00a0\u00a0\u00a0\u00a0\u00a0 \u00a0 \u00a0 \u00a0 \u00a0 \u00a0 \u00a0 \u00a0 \u00a0 \u00a0 \u00a0 \u00a0 \u00a0 \u00a0 \u00a0 \u00a0 \u00a0 \u00a0 \u00a0 \u00a0 \u00a0 \u00a0 \u00a0 \u00a0 \u00a0 \u00a0 \u00a0 \u00a0 \u00a0 \u00a0 \u00a0 \u00a0 \u00a0 \u00a0 \u00a0 \u00a0 \u00a0 \u00a0 \u00a0 \u00a0 \u00a0 \u00a0 \u00a0 \u00a0 \u00a0 \u00a0 \u00a0 \u00a0 \u00a0 \u00a0 \u00a0 \u00a0 \u00a0 \u00a0 \u00a0 \u00a0 \u00a0 \u00a0 P\u00e8re Bernard Vign\u00e9ras<br \/>\n<\/em><\/p>\n","protected":false},"excerpt":{"rendered":"<p>Annonc\u00e9e depuis plusieurs semaines, pr\u00e9par\u00e9e par de nombreuses rencontres, l\u2019assembl\u00e9e paroissiale de la paroisse Saint-Eloi-des-Hauts-de-l\u2019Aurence s\u2019est tenue le dimanche 24 janvier dans la salle du faubourien. Une centaine de personnes est venue partager la synth\u00e8se de ces groupes constitu\u00e9s librement. Des synth\u00e8ses fid\u00e8les \u00e0 ce qui avait \u00e9t\u00e9 r\u00e9fl\u00e9chi \u00e0 partir des cinq questions nous [&hellip;]<\/p>\n","protected":false},"author":10,"featured_media":0,"comment_status":"closed","ping_status":"closed","sticky":false,"template":"","format":"standard","meta":{"_acf_changed":false,"footnotes":""},"categories":[1],"tags":[],"class_list":["post-6134","post","type-post","status-publish","format-standard","hentry","category-grand-limoges"],"acf":[],"yoast_head":"<!-- This site is optimized with the Yoast SEO plugin v26.4 - https:\/\/yoast.com\/wordpress\/plugins\/seo\/ -->\n<title>Saint-Eloi a pris la parole - Doyenn\u00e9s du Grand Limoges<\/title>\n<meta name=\"robots\" content=\"index, follow, max-snippet:-1, max-image-preview:large, max-video-preview:-1\" \/>\n<link rel=\"canonical\" href=\"https:\/\/www.diocese-limoges.fr\/grand-limoges\/actualites\/saint-eloi-a-pris-la-parole\/\" \/>\n<meta property=\"og:locale\" content=\"fr_FR\" \/>\n<meta property=\"og:type\" content=\"article\" \/>\n<meta property=\"og:title\" content=\"Saint-Eloi a pris la parole - Doyenn\u00e9s du Grand Limoges\" \/>\n<meta property=\"og:description\" content=\"Annonc\u00e9e depuis plusieurs semaines, pr\u00e9par\u00e9e par de nombreuses rencontres, l\u2019assembl\u00e9e paroissiale de la paroisse Saint-Eloi-des-Hauts-de-l\u2019Aurence s\u2019est tenue le dimanche 24 janvier dans la salle du faubourien. Une centaine de personnes est venue partager la synth\u00e8se de ces groupes constitu\u00e9s librement. Des synth\u00e8ses fid\u00e8les \u00e0 ce qui avait \u00e9t\u00e9 r\u00e9fl\u00e9chi \u00e0 partir des cinq questions nous [&hellip;]\" \/>\n<meta property=\"og:url\" content=\"https:\/\/www.diocese-limoges.fr\/grand-limoges\/actualites\/saint-eloi-a-pris-la-parole\/\" \/>\n<meta property=\"og:site_name\" content=\"Doyenn\u00e9s du Grand Limoges\" \/>\n<meta property=\"article:published_time\" content=\"2016-02-22T23:59:00+00:00\" \/>\n<meta property=\"article:modified_time\" content=\"2020-03-31T00:48:29+00:00\" \/>\n<meta property=\"og:image\" content=\"http:\/\/www.paroisse-saint-eloi.fr\/sites\/paroisse-saint-eloi.fr\/files\/telechargements\/utilisateur_13\/2016%20As%20P%20%20assistance%206.JPG\" \/>\n<meta name=\"author\" content=\"sainteloi\" \/>\n<meta name=\"twitter:card\" content=\"summary_large_image\" \/>\n<meta name=\"twitter:label1\" content=\"\u00c9crit par\" \/>\n\t<meta name=\"twitter:data1\" content=\"sainteloi\" \/>\n\t<meta name=\"twitter:label2\" content=\"Dur\u00e9e de lecture estim\u00e9e\" \/>\n\t<meta name=\"twitter:data2\" content=\"2 minutes\" \/>\n<script type=\"application\/ld+json\" class=\"yoast-schema-graph\">{\"@context\":\"https:\/\/schema.org\",\"@graph\":[{\"@type\":\"WebPage\",\"@id\":\"https:\/\/www.diocese-limoges.fr\/grand-limoges\/actualites\/saint-eloi-a-pris-la-parole\/\",\"url\":\"https:\/\/www.diocese-limoges.fr\/grand-limoges\/actualites\/saint-eloi-a-pris-la-parole\/\",\"name\":\"Saint-Eloi a pris la parole - Doyenn\u00e9s du Grand Limoges\",\"isPartOf\":{\"@id\":\"https:\/\/www.diocese-limoges.fr\/grand-limoges\/#website\"},\"primaryImageOfPage\":{\"@id\":\"https:\/\/www.diocese-limoges.fr\/grand-limoges\/actualites\/saint-eloi-a-pris-la-parole\/#primaryimage\"},\"image\":{\"@id\":\"https:\/\/www.diocese-limoges.fr\/grand-limoges\/actualites\/saint-eloi-a-pris-la-parole\/#primaryimage\"},\"thumbnailUrl\":\"http:\/\/www.paroisse-saint-eloi.fr\/sites\/paroisse-saint-eloi.fr\/files\/telechargements\/utilisateur_13\/2016%20As%20P%20%20assistance%206.JPG\",\"datePublished\":\"2016-02-22T23:59:00+00:00\",\"dateModified\":\"2020-03-31T00:48:29+00:00\",\"author\":{\"@id\":\"https:\/\/www.diocese-limoges.fr\/grand-limoges\/#\/schema\/person\/0efea0b864bcc9f6b627e8556173122f\"},\"breadcrumb\":{\"@id\":\"https:\/\/www.diocese-limoges.fr\/grand-limoges\/actualites\/saint-eloi-a-pris-la-parole\/#breadcrumb\"},\"inLanguage\":\"fr-FR\",\"potentialAction\":[{\"@type\":\"ReadAction\",\"target\":[\"https:\/\/www.diocese-limoges.fr\/grand-limoges\/actualites\/saint-eloi-a-pris-la-parole\/\"]}]},{\"@type\":\"ImageObject\",\"inLanguage\":\"fr-FR\",\"@id\":\"https:\/\/www.diocese-limoges.fr\/grand-limoges\/actualites\/saint-eloi-a-pris-la-parole\/#primaryimage\",\"url\":\"http:\/\/www.paroisse-saint-eloi.fr\/sites\/paroisse-saint-eloi.fr\/files\/telechargements\/utilisateur_13\/2016%20As%20P%20%20assistance%206.JPG\",\"contentUrl\":\"http:\/\/www.paroisse-saint-eloi.fr\/sites\/paroisse-saint-eloi.fr\/files\/telechargements\/utilisateur_13\/2016%20As%20P%20%20assistance%206.JPG\"},{\"@type\":\"BreadcrumbList\",\"@id\":\"https:\/\/www.diocese-limoges.fr\/grand-limoges\/actualites\/saint-eloi-a-pris-la-parole\/#breadcrumb\",\"itemListElement\":[{\"@type\":\"ListItem\",\"position\":1,\"name\":\"Accueil\",\"item\":\"https:\/\/www.diocese-limoges.fr\/grand-limoges\/\"},{\"@type\":\"ListItem\",\"position\":2,\"name\":\"Saint-Eloi a pris la parole\"}]},{\"@type\":\"WebSite\",\"@id\":\"https:\/\/www.diocese-limoges.fr\/grand-limoges\/#website\",\"url\":\"https:\/\/www.diocese-limoges.fr\/grand-limoges\/\",\"name\":\"Doyenn\u00e9s du Grand Limoges\",\"description\":\"Dioc\u00e8se de Limoges\",\"potentialAction\":[{\"@type\":\"SearchAction\",\"target\":{\"@type\":\"EntryPoint\",\"urlTemplate\":\"https:\/\/www.diocese-limoges.fr\/grand-limoges\/?s={search_term_string}\"},\"query-input\":{\"@type\":\"PropertyValueSpecification\",\"valueRequired\":true,\"valueName\":\"search_term_string\"}}],\"inLanguage\":\"fr-FR\"},{\"@type\":\"Person\",\"@id\":\"https:\/\/www.diocese-limoges.fr\/grand-limoges\/#\/schema\/person\/0efea0b864bcc9f6b627e8556173122f\",\"name\":\"sainteloi\",\"image\":{\"@type\":\"ImageObject\",\"inLanguage\":\"fr-FR\",\"@id\":\"https:\/\/www.diocese-limoges.fr\/grand-limoges\/#\/schema\/person\/image\/\",\"url\":\"https:\/\/secure.gravatar.com\/avatar\/36135729350d5be2cbc7cc4c88ae11bede1a4fa8b76937e48682433dac7a0c52?s=96&d=mm&r=g\",\"contentUrl\":\"https:\/\/secure.gravatar.com\/avatar\/36135729350d5be2cbc7cc4c88ae11bede1a4fa8b76937e48682433dac7a0c52?s=96&d=mm&r=g\",\"caption\":\"sainteloi\"},\"url\":\"https:\/\/www.diocese-limoges.fr\/grand-limoges\/author\/sainteloi\/\"}]}<\/script>\n<!-- \/ Yoast SEO plugin. -->","yoast_head_json":{"title":"Saint-Eloi a pris la parole - Doyenn\u00e9s du Grand Limoges","robots":{"index":"index","follow":"follow","max-snippet":"max-snippet:-1","max-image-preview":"max-image-preview:large","max-video-preview":"max-video-preview:-1"},"canonical":"https:\/\/www.diocese-limoges.fr\/grand-limoges\/actualites\/saint-eloi-a-pris-la-parole\/","og_locale":"fr_FR","og_type":"article","og_title":"Saint-Eloi a pris la parole - Doyenn\u00e9s du Grand Limoges","og_description":"Annonc\u00e9e depuis plusieurs semaines, pr\u00e9par\u00e9e par de nombreuses rencontres, l\u2019assembl\u00e9e paroissiale de la paroisse Saint-Eloi-des-Hauts-de-l\u2019Aurence s\u2019est tenue le dimanche 24 janvier dans la salle du faubourien. Une centaine de personnes est venue partager la synth\u00e8se de ces groupes constitu\u00e9s librement. Des synth\u00e8ses fid\u00e8les \u00e0 ce qui avait \u00e9t\u00e9 r\u00e9fl\u00e9chi \u00e0 partir des cinq questions nous [&hellip;]","og_url":"https:\/\/www.diocese-limoges.fr\/grand-limoges\/actualites\/saint-eloi-a-pris-la-parole\/","og_site_name":"Doyenn\u00e9s du Grand Limoges","article_published_time":"2016-02-22T23:59:00+00:00","article_modified_time":"2020-03-31T00:48:29+00:00","og_image":[{"url":"http:\/\/www.paroisse-saint-eloi.fr\/sites\/paroisse-saint-eloi.fr\/files\/telechargements\/utilisateur_13\/2016%20As%20P%20%20assistance%206.JPG","type":"","width":"","height":""}],"author":"sainteloi","twitter_card":"summary_large_image","twitter_misc":{"\u00c9crit par":"sainteloi","Dur\u00e9e de lecture estim\u00e9e":"2 minutes"},"schema":{"@context":"https:\/\/schema.org","@graph":[{"@type":"WebPage","@id":"https:\/\/www.diocese-limoges.fr\/grand-limoges\/actualites\/saint-eloi-a-pris-la-parole\/","url":"https:\/\/www.diocese-limoges.fr\/grand-limoges\/actualites\/saint-eloi-a-pris-la-parole\/","name":"Saint-Eloi a pris la parole - Doyenn\u00e9s du Grand Limoges","isPartOf":{"@id":"https:\/\/www.diocese-limoges.fr\/grand-limoges\/#website"},"primaryImageOfPage":{"@id":"https:\/\/www.diocese-limoges.fr\/grand-limoges\/actualites\/saint-eloi-a-pris-la-parole\/#primaryimage"},"image":{"@id":"https:\/\/www.diocese-limoges.fr\/grand-limoges\/actualites\/saint-eloi-a-pris-la-parole\/#primaryimage"},"thumbnailUrl":"http:\/\/www.paroisse-saint-eloi.fr\/sites\/paroisse-saint-eloi.fr\/files\/telechargements\/utilisateur_13\/2016%20As%20P%20%20assistance%206.JPG","datePublished":"2016-02-22T23:59:00+00:00","dateModified":"2020-03-31T00:48:29+00:00","author":{"@id":"https:\/\/www.diocese-limoges.fr\/grand-limoges\/#\/schema\/person\/0efea0b864bcc9f6b627e8556173122f"},"breadcrumb":{"@id":"https:\/\/www.diocese-limoges.fr\/grand-limoges\/actualites\/saint-eloi-a-pris-la-parole\/#breadcrumb"},"inLanguage":"fr-FR","potentialAction":[{"@type":"ReadAction","target":["https:\/\/www.diocese-limoges.fr\/grand-limoges\/actualites\/saint-eloi-a-pris-la-parole\/"]}]},{"@type":"ImageObject","inLanguage":"fr-FR","@id":"https:\/\/www.diocese-limoges.fr\/grand-limoges\/actualites\/saint-eloi-a-pris-la-parole\/#primaryimage","url":"http:\/\/www.paroisse-saint-eloi.fr\/sites\/paroisse-saint-eloi.fr\/files\/telechargements\/utilisateur_13\/2016%20As%20P%20%20assistance%206.JPG","contentUrl":"http:\/\/www.paroisse-saint-eloi.fr\/sites\/paroisse-saint-eloi.fr\/files\/telechargements\/utilisateur_13\/2016%20As%20P%20%20assistance%206.JPG"},{"@type":"BreadcrumbList","@id":"https:\/\/www.diocese-limoges.fr\/grand-limoges\/actualites\/saint-eloi-a-pris-la-parole\/#breadcrumb","itemListElement":[{"@type":"ListItem","position":1,"name":"Accueil","item":"https:\/\/www.diocese-limoges.fr\/grand-limoges\/"},{"@type":"ListItem","position":2,"name":"Saint-Eloi a pris la parole"}]},{"@type":"WebSite","@id":"https:\/\/www.diocese-limoges.fr\/grand-limoges\/#website","url":"https:\/\/www.diocese-limoges.fr\/grand-limoges\/","name":"Doyenn\u00e9s du Grand Limoges","description":"Dioc\u00e8se de Limoges","potentialAction":[{"@type":"SearchAction","target":{"@type":"EntryPoint","urlTemplate":"https:\/\/www.diocese-limoges.fr\/grand-limoges\/?s={search_term_string}"},"query-input":{"@type":"PropertyValueSpecification","valueRequired":true,"valueName":"search_term_string"}}],"inLanguage":"fr-FR"},{"@type":"Person","@id":"https:\/\/www.diocese-limoges.fr\/grand-limoges\/#\/schema\/person\/0efea0b864bcc9f6b627e8556173122f","name":"sainteloi","image":{"@type":"ImageObject","inLanguage":"fr-FR","@id":"https:\/\/www.diocese-limoges.fr\/grand-limoges\/#\/schema\/person\/image\/","url":"https:\/\/secure.gravatar.com\/avatar\/36135729350d5be2cbc7cc4c88ae11bede1a4fa8b76937e48682433dac7a0c52?s=96&d=mm&r=g","contentUrl":"https:\/\/secure.gravatar.com\/avatar\/36135729350d5be2cbc7cc4c88ae11bede1a4fa8b76937e48682433dac7a0c52?s=96&d=mm&r=g","caption":"sainteloi"},"url":"https:\/\/www.diocese-limoges.fr\/grand-limoges\/author\/sainteloi\/"}]}},"_links":{"self":[{"href":"https:\/\/www.diocese-limoges.fr\/grand-limoges\/wp-json\/wp\/v2\/posts\/6134","targetHints":{"allow":["GET"]}}],"collection":[{"href":"https:\/\/www.diocese-limoges.fr\/grand-limoges\/wp-json\/wp\/v2\/posts"}],"about":[{"href":"https:\/\/www.diocese-limoges.fr\/grand-limoges\/wp-json\/wp\/v2\/types\/post"}],"author":[{"embeddable":true,"href":"https:\/\/www.diocese-limoges.fr\/grand-limoges\/wp-json\/wp\/v2\/users\/10"}],"replies":[{"embeddable":true,"href":"https:\/\/www.diocese-limoges.fr\/grand-limoges\/wp-json\/wp\/v2\/comments?post=6134"}],"version-history":[{"count":1,"href":"https:\/\/www.diocese-limoges.fr\/grand-limoges\/wp-json\/wp\/v2\/posts\/6134\/revisions"}],"predecessor-version":[{"id":16993,"href":"https:\/\/www.diocese-limoges.fr\/grand-limoges\/wp-json\/wp\/v2\/posts\/6134\/revisions\/16993"}],"wp:attachment":[{"href":"https:\/\/www.diocese-limoges.fr\/grand-limoges\/wp-json\/wp\/v2\/media?parent=6134"}],"wp:term":[{"taxonomy":"category","embeddable":true,"href":"https:\/\/www.diocese-limoges.fr\/grand-limoges\/wp-json\/wp\/v2\/categories?post=6134"},{"taxonomy":"post_tag","embeddable":true,"href":"https:\/\/www.diocese-limoges.fr\/grand-limoges\/wp-json\/wp\/v2\/tags?post=6134"}],"curies":[{"name":"wp","href":"https:\/\/api.w.org\/{rel}","templated":true}]}}