{"id":1304,"date":"2021-06-28T10:23:24","date_gmt":"2021-06-28T08:23:24","guid":{"rendered":"https:\/\/www.diocese-limoges.fr\/haute-vienne\/?p=1304"},"modified":"2021-06-28T10:41:06","modified_gmt":"2021-06-28T08:41:06","slug":"dieu-est-pour-la-vie","status":"publish","type":"post","link":"https:\/\/www.diocese-limoges.fr\/haute-vienne\/actualites\/dieu-est-pour-la-vie\/","title":{"rendered":"Dieu est pour la vie !"},"content":{"rendered":"\n<p>Peut \u00eatre que la phrase de l\u2019\u00e9vangile \u201cTalitha koum !\u201d, \u201cPetite fille fille, l\u00e8ve-toi !\u201d est celle qui marque le plus le d\u00e9sir de Dieu de mettre ou de remettre l\u2019homme debout et vivant. Dieu est pour la Vie !<\/p>\n\n\n\n<div class=\"wp-block-image is-style-default\"><figure class=\"alignleft size-large is-resized\"><img loading=\"lazy\" decoding=\"async\" src=\"https:\/\/www.diocese-limoges.fr\/haute-vienne\/wp-content\/uploads\/sites\/4\/2021\/06\/image-5-778x1024.png\" alt=\"\" class=\"wp-image-1307\" width=\"389\" height=\"512\" srcset=\"https:\/\/www.diocese-limoges.fr\/haute-vienne\/wp-content\/uploads\/sites\/4\/2021\/06\/image-5-778x1024.png 778w, https:\/\/www.diocese-limoges.fr\/haute-vienne\/wp-content\/uploads\/sites\/4\/2021\/06\/image-5-228x300.png 228w, https:\/\/www.diocese-limoges.fr\/haute-vienne\/wp-content\/uploads\/sites\/4\/2021\/06\/image-5-768x1010.png 768w, https:\/\/www.diocese-limoges.fr\/haute-vienne\/wp-content\/uploads\/sites\/4\/2021\/06\/image-5.png 894w\" sizes=\"auto, (max-width: 389px) 100vw, 389px\" \/><\/figure><\/div>\n\n\n\n<p>C\u2019est ce que nous rappelle l\u2019\u00e9vangile : d&rsquo;une part J\u00e9sus gu\u00e9rit une femme que sa maladie exclut de la vie et d\u2019autre part il rappelle \u00e0 la vie une jeune fille&#8230; Les miracles de J\u00e9sus ne se comprennent que dans la foi. Ce ne sont pas des d\u00e9monstrations d&rsquo;une puissance exceptionnelle. Il y avait d\u2019autres gu\u00e9risseurs au temps de J\u00e9sus et dans son pays. Et les gu\u00e9risons attiraient toujours l\u2019attention et l\u2019admiration. Ceux qui commen\u00e7aient \u00e0 croire en J\u00e9sus voyaient appara\u00eetre, dans les signes que J\u00e9sus posait, son identit\u00e9 de Fils de Dieu. Il leur fallait ensuite, \u00e0 l\u2019image de la femme de l\u2019\u00e9vangile, grandir dans la foi&#8230;<\/p>\n\n\n\n<p>Dieu entre dans le temps des hommes pour faire jaillir sa gloire. Toute la vie des hommes est marqu\u00e9e par le temps. Elle s\u2019inscrit dans un pass\u00e9, un pr\u00e9sent, un avenir&#8230; La vie des hommes est balis\u00e9e par des indications de temps&#8230; Sans cesse, on regarde sa montre, on demande l\u2019heure, on s\u2019interroge sur l\u2019\u00e2ge&#8230; Si l\u2019homme donne tant d\u2019importance aux temps c\u2019est qu\u2019il y a, \u00e0 un moment donn\u00e9, l\u2019arr\u00eat brutal du temps, autrement dit la mort&#8230;<\/p>\n\n\n\n<p>Dans le remous de la foule, Ja\u00efre, le chef de la synagogue interpelle J\u00e9sus : \u201cViens imposer les mains \u00e0 ma petite fille mourante\u201d.<\/p>\n\n\n\n<p>Dans le remous de la foule, une femme qui avaient des pertes de sang parvient \u00e0 toucher le v\u00eatement de J\u00e9sus et ressent dans son corps la gu\u00e9risons subite. Depuis douze ans, cette femme \u00e9tait malade, impure et porteuse d\u2019impuret\u00e9, selon la Loi, donc rejet\u00e9e. Et cette \u201cintouchable\u201d a os\u00e9 touch\u00e9 J\u00e9sus.<\/p>\n\n\n\n<p>J\u00e9sus dit \u00e0 la femme, \u00e0 la surprise g\u00e9n\u00e9rale : \u201cTa foi t\u2019a sauv\u00e9e !\u201d<\/p>\n\n\n\n<p>J\u00e9sus prend seulement la main de la fille de Ja\u00efre : \u201cJeune fille, l\u00e8ve-toi !\u201d<\/p>\n\n\n\n<p>Une parole, un geste&#8230; suffise pour redonner vie, pour ressusciter !<\/p>\n\n\n\n<p>J\u00e9sus apporte la vie. Voil\u00e0 la Bonne Nouvelle de l\u2019\u00c9vangile. Aurons-nous la confiance de la femme de l\u2019\u00e9vangile ou de Ja\u00efre, le chef de la synagogue, pour aller au devant de celui qui vient nous donner la vie ?<\/p>\n\n\n\n<p>Seigneur, donne-moi assez de foi pour vivre dans la confiance ces moments o\u00f9 le temps de Dieu vient croiser le temps des hommes. Dans le remous de notre monde donne nous de garder un espace pour oser la rencontre avec celui qui nous entra\u00eene sans cesse vers la vie !<\/p>\n\n\n\n<p><\/p>\n\n\n\n<p><\/p>\n","protected":false},"excerpt":{"rendered":"<p>Peut \u00eatre que la phrase de l\u2019\u00e9vangile \u201cTalitha koum !\u201d, \u201cPetite fille fille, l\u00e8ve-toi !\u201d est celle qui marque le plus le d\u00e9sir de Dieu de mettre ou de remettre l\u2019homme debout et vivant. Dieu est pour la Vie ! C\u2019est ce que nous rappelle l\u2019\u00e9vangile : d&rsquo;une part J\u00e9sus gu\u00e9rit une femme que sa [&hellip;]<\/p>\n","protected":false},"author":26,"featured_media":480,"comment_status":"closed","ping_status":"open","sticky":false,"template":"","format":"standard","meta":{"_acf_changed":false,"footnotes":""},"categories":[1],"tags":[],"class_list":["post-1304","post","type-post","status-publish","format-standard","has-post-thumbnail","hentry","category-actualites"],"acf":[],"yoast_head":"<!-- This site is optimized with the Yoast SEO plugin v26.4 - https:\/\/yoast.com\/wordpress\/plugins\/seo\/ -->\n<title>Dieu est pour la vie ! - Doyenn\u00e9s de Haute Vienne<\/title>\n<meta name=\"robots\" content=\"index, follow, max-snippet:-1, max-image-preview:large, max-video-preview:-1\" \/>\n<link rel=\"canonical\" href=\"https:\/\/www.diocese-limoges.fr\/haute-vienne\/actualites\/dieu-est-pour-la-vie\/\" \/>\n<meta property=\"og:locale\" content=\"fr_FR\" \/>\n<meta property=\"og:type\" content=\"article\" \/>\n<meta property=\"og:title\" content=\"Dieu est pour la vie ! - Doyenn\u00e9s de Haute Vienne\" \/>\n<meta property=\"og:description\" content=\"Peut \u00eatre que la phrase de l\u2019\u00e9vangile \u201cTalitha koum !\u201d, \u201cPetite fille fille, l\u00e8ve-toi !\u201d est celle qui marque le plus le d\u00e9sir de Dieu de mettre ou de remettre l\u2019homme debout et vivant. Dieu est pour la Vie ! C\u2019est ce que nous rappelle l\u2019\u00e9vangile : d&rsquo;une part J\u00e9sus gu\u00e9rit une femme que sa [&hellip;]\" \/>\n<meta property=\"og:url\" content=\"https:\/\/www.diocese-limoges.fr\/haute-vienne\/actualites\/dieu-est-pour-la-vie\/\" \/>\n<meta property=\"og:site_name\" content=\"Doyenn\u00e9s de Haute Vienne\" \/>\n<meta property=\"article:published_time\" content=\"2021-06-28T08:23:24+00:00\" \/>\n<meta property=\"article:modified_time\" content=\"2021-06-28T08:41:06+00:00\" \/>\n<meta property=\"og:image\" content=\"https:\/\/www.diocese-limoges.fr\/haute-vienne\/wp-content\/uploads\/sites\/4\/2020\/11\/livre-de-la-parole-2.jpg\" \/>\n\t<meta property=\"og:image:width\" content=\"448\" \/>\n\t<meta property=\"og:image:height\" content=\"336\" \/>\n\t<meta property=\"og:image:type\" content=\"image\/jpeg\" \/>\n<meta name=\"author\" content=\"saintaurelien\" \/>\n<meta name=\"twitter:card\" content=\"summary_large_image\" \/>\n<meta name=\"twitter:label1\" content=\"\u00c9crit par\" \/>\n\t<meta name=\"twitter:data1\" content=\"saintaurelien\" \/>\n\t<meta name=\"twitter:label2\" content=\"Dur\u00e9e de lecture estim\u00e9e\" \/>\n\t<meta name=\"twitter:data2\" content=\"3 minutes\" \/>\n<script type=\"application\/ld+json\" class=\"yoast-schema-graph\">{\"@context\":\"https:\/\/schema.org\",\"@graph\":[{\"@type\":\"WebPage\",\"@id\":\"https:\/\/www.diocese-limoges.fr\/haute-vienne\/actualites\/dieu-est-pour-la-vie\/\",\"url\":\"https:\/\/www.diocese-limoges.fr\/haute-vienne\/actualites\/dieu-est-pour-la-vie\/\",\"name\":\"Dieu est pour la vie ! - Doyenn\u00e9s de Haute Vienne\",\"isPartOf\":{\"@id\":\"https:\/\/www.diocese-limoges.fr\/haute-vienne\/#website\"},\"primaryImageOfPage\":{\"@id\":\"https:\/\/www.diocese-limoges.fr\/haute-vienne\/actualites\/dieu-est-pour-la-vie\/#primaryimage\"},\"image\":{\"@id\":\"https:\/\/www.diocese-limoges.fr\/haute-vienne\/actualites\/dieu-est-pour-la-vie\/#primaryimage\"},\"thumbnailUrl\":\"https:\/\/www.diocese-limoges.fr\/haute-vienne\/wp-content\/uploads\/sites\/4\/2020\/11\/livre-de-la-parole-2.jpg\",\"datePublished\":\"2021-06-28T08:23:24+00:00\",\"dateModified\":\"2021-06-28T08:41:06+00:00\",\"author\":{\"@id\":\"https:\/\/www.diocese-limoges.fr\/haute-vienne\/#\/schema\/person\/07e59a9282b42d93e154a91d7ef4a911\"},\"breadcrumb\":{\"@id\":\"https:\/\/www.diocese-limoges.fr\/haute-vienne\/actualites\/dieu-est-pour-la-vie\/#breadcrumb\"},\"inLanguage\":\"fr-FR\",\"potentialAction\":[{\"@type\":\"ReadAction\",\"target\":[\"https:\/\/www.diocese-limoges.fr\/haute-vienne\/actualites\/dieu-est-pour-la-vie\/\"]}]},{\"@type\":\"ImageObject\",\"inLanguage\":\"fr-FR\",\"@id\":\"https:\/\/www.diocese-limoges.fr\/haute-vienne\/actualites\/dieu-est-pour-la-vie\/#primaryimage\",\"url\":\"https:\/\/www.diocese-limoges.fr\/haute-vienne\/wp-content\/uploads\/sites\/4\/2020\/11\/livre-de-la-parole-2.jpg\",\"contentUrl\":\"https:\/\/www.diocese-limoges.fr\/haute-vienne\/wp-content\/uploads\/sites\/4\/2020\/11\/livre-de-la-parole-2.jpg\",\"width\":448,\"height\":336},{\"@type\":\"BreadcrumbList\",\"@id\":\"https:\/\/www.diocese-limoges.fr\/haute-vienne\/actualites\/dieu-est-pour-la-vie\/#breadcrumb\",\"itemListElement\":[{\"@type\":\"ListItem\",\"position\":1,\"name\":\"Accueil\",\"item\":\"https:\/\/www.diocese-limoges.fr\/haute-vienne\/\"},{\"@type\":\"ListItem\",\"position\":2,\"name\":\"Dieu est pour la vie !\"}]},{\"@type\":\"WebSite\",\"@id\":\"https:\/\/www.diocese-limoges.fr\/haute-vienne\/#website\",\"url\":\"https:\/\/www.diocese-limoges.fr\/haute-vienne\/\",\"name\":\"Doyenn\u00e9s de Haute Vienne\",\"description\":\"Dioc\u00e8se de Limoges\",\"potentialAction\":[{\"@type\":\"SearchAction\",\"target\":{\"@type\":\"EntryPoint\",\"urlTemplate\":\"https:\/\/www.diocese-limoges.fr\/haute-vienne\/?s={search_term_string}\"},\"query-input\":{\"@type\":\"PropertyValueSpecification\",\"valueRequired\":true,\"valueName\":\"search_term_string\"}}],\"inLanguage\":\"fr-FR\"},{\"@type\":\"Person\",\"@id\":\"https:\/\/www.diocese-limoges.fr\/haute-vienne\/#\/schema\/person\/07e59a9282b42d93e154a91d7ef4a911\",\"name\":\"saintaurelien\",\"image\":{\"@type\":\"ImageObject\",\"inLanguage\":\"fr-FR\",\"@id\":\"https:\/\/www.diocese-limoges.fr\/haute-vienne\/#\/schema\/person\/image\/\",\"url\":\"https:\/\/secure.gravatar.com\/avatar\/f995c9c29ef845bcf738b6c228937790e0fa5f34cd7a879b056eb08df917fe84?s=96&d=mm&r=g\",\"contentUrl\":\"https:\/\/secure.gravatar.com\/avatar\/f995c9c29ef845bcf738b6c228937790e0fa5f34cd7a879b056eb08df917fe84?s=96&d=mm&r=g\",\"caption\":\"saintaurelien\"},\"url\":\"https:\/\/www.diocese-limoges.fr\/haute-vienne\/author\/saintaurelien\/\"}]}<\/script>\n<!-- \/ Yoast SEO plugin. -->","yoast_head_json":{"title":"Dieu est pour la vie ! - Doyenn\u00e9s de Haute Vienne","robots":{"index":"index","follow":"follow","max-snippet":"max-snippet:-1","max-image-preview":"max-image-preview:large","max-video-preview":"max-video-preview:-1"},"canonical":"https:\/\/www.diocese-limoges.fr\/haute-vienne\/actualites\/dieu-est-pour-la-vie\/","og_locale":"fr_FR","og_type":"article","og_title":"Dieu est pour la vie ! - Doyenn\u00e9s de Haute Vienne","og_description":"Peut \u00eatre que la phrase de l\u2019\u00e9vangile \u201cTalitha koum !\u201d, \u201cPetite fille fille, l\u00e8ve-toi !\u201d est celle qui marque le plus le d\u00e9sir de Dieu de mettre ou de remettre l\u2019homme debout et vivant. Dieu est pour la Vie ! C\u2019est ce que nous rappelle l\u2019\u00e9vangile : d&rsquo;une part J\u00e9sus gu\u00e9rit une femme que sa [&hellip;]","og_url":"https:\/\/www.diocese-limoges.fr\/haute-vienne\/actualites\/dieu-est-pour-la-vie\/","og_site_name":"Doyenn\u00e9s de Haute Vienne","article_published_time":"2021-06-28T08:23:24+00:00","article_modified_time":"2021-06-28T08:41:06+00:00","og_image":[{"width":448,"height":336,"url":"https:\/\/www.diocese-limoges.fr\/haute-vienne\/wp-content\/uploads\/sites\/4\/2020\/11\/livre-de-la-parole-2.jpg","type":"image\/jpeg"}],"author":"saintaurelien","twitter_card":"summary_large_image","twitter_misc":{"\u00c9crit par":"saintaurelien","Dur\u00e9e de lecture estim\u00e9e":"3 minutes"},"schema":{"@context":"https:\/\/schema.org","@graph":[{"@type":"WebPage","@id":"https:\/\/www.diocese-limoges.fr\/haute-vienne\/actualites\/dieu-est-pour-la-vie\/","url":"https:\/\/www.diocese-limoges.fr\/haute-vienne\/actualites\/dieu-est-pour-la-vie\/","name":"Dieu est pour la vie ! - Doyenn\u00e9s de Haute Vienne","isPartOf":{"@id":"https:\/\/www.diocese-limoges.fr\/haute-vienne\/#website"},"primaryImageOfPage":{"@id":"https:\/\/www.diocese-limoges.fr\/haute-vienne\/actualites\/dieu-est-pour-la-vie\/#primaryimage"},"image":{"@id":"https:\/\/www.diocese-limoges.fr\/haute-vienne\/actualites\/dieu-est-pour-la-vie\/#primaryimage"},"thumbnailUrl":"https:\/\/www.diocese-limoges.fr\/haute-vienne\/wp-content\/uploads\/sites\/4\/2020\/11\/livre-de-la-parole-2.jpg","datePublished":"2021-06-28T08:23:24+00:00","dateModified":"2021-06-28T08:41:06+00:00","author":{"@id":"https:\/\/www.diocese-limoges.fr\/haute-vienne\/#\/schema\/person\/07e59a9282b42d93e154a91d7ef4a911"},"breadcrumb":{"@id":"https:\/\/www.diocese-limoges.fr\/haute-vienne\/actualites\/dieu-est-pour-la-vie\/#breadcrumb"},"inLanguage":"fr-FR","potentialAction":[{"@type":"ReadAction","target":["https:\/\/www.diocese-limoges.fr\/haute-vienne\/actualites\/dieu-est-pour-la-vie\/"]}]},{"@type":"ImageObject","inLanguage":"fr-FR","@id":"https:\/\/www.diocese-limoges.fr\/haute-vienne\/actualites\/dieu-est-pour-la-vie\/#primaryimage","url":"https:\/\/www.diocese-limoges.fr\/haute-vienne\/wp-content\/uploads\/sites\/4\/2020\/11\/livre-de-la-parole-2.jpg","contentUrl":"https:\/\/www.diocese-limoges.fr\/haute-vienne\/wp-content\/uploads\/sites\/4\/2020\/11\/livre-de-la-parole-2.jpg","width":448,"height":336},{"@type":"BreadcrumbList","@id":"https:\/\/www.diocese-limoges.fr\/haute-vienne\/actualites\/dieu-est-pour-la-vie\/#breadcrumb","itemListElement":[{"@type":"ListItem","position":1,"name":"Accueil","item":"https:\/\/www.diocese-limoges.fr\/haute-vienne\/"},{"@type":"ListItem","position":2,"name":"Dieu est pour la vie !"}]},{"@type":"WebSite","@id":"https:\/\/www.diocese-limoges.fr\/haute-vienne\/#website","url":"https:\/\/www.diocese-limoges.fr\/haute-vienne\/","name":"Doyenn\u00e9s de Haute Vienne","description":"Dioc\u00e8se de Limoges","potentialAction":[{"@type":"SearchAction","target":{"@type":"EntryPoint","urlTemplate":"https:\/\/www.diocese-limoges.fr\/haute-vienne\/?s={search_term_string}"},"query-input":{"@type":"PropertyValueSpecification","valueRequired":true,"valueName":"search_term_string"}}],"inLanguage":"fr-FR"},{"@type":"Person","@id":"https:\/\/www.diocese-limoges.fr\/haute-vienne\/#\/schema\/person\/07e59a9282b42d93e154a91d7ef4a911","name":"saintaurelien","image":{"@type":"ImageObject","inLanguage":"fr-FR","@id":"https:\/\/www.diocese-limoges.fr\/haute-vienne\/#\/schema\/person\/image\/","url":"https:\/\/secure.gravatar.com\/avatar\/f995c9c29ef845bcf738b6c228937790e0fa5f34cd7a879b056eb08df917fe84?s=96&d=mm&r=g","contentUrl":"https:\/\/secure.gravatar.com\/avatar\/f995c9c29ef845bcf738b6c228937790e0fa5f34cd7a879b056eb08df917fe84?s=96&d=mm&r=g","caption":"saintaurelien"},"url":"https:\/\/www.diocese-limoges.fr\/haute-vienne\/author\/saintaurelien\/"}]}},"_links":{"self":[{"href":"https:\/\/www.diocese-limoges.fr\/haute-vienne\/wp-json\/wp\/v2\/posts\/1304","targetHints":{"allow":["GET"]}}],"collection":[{"href":"https:\/\/www.diocese-limoges.fr\/haute-vienne\/wp-json\/wp\/v2\/posts"}],"about":[{"href":"https:\/\/www.diocese-limoges.fr\/haute-vienne\/wp-json\/wp\/v2\/types\/post"}],"author":[{"embeddable":true,"href":"https:\/\/www.diocese-limoges.fr\/haute-vienne\/wp-json\/wp\/v2\/users\/26"}],"replies":[{"embeddable":true,"href":"https:\/\/www.diocese-limoges.fr\/haute-vienne\/wp-json\/wp\/v2\/comments?post=1304"}],"version-history":[{"count":3,"href":"https:\/\/www.diocese-limoges.fr\/haute-vienne\/wp-json\/wp\/v2\/posts\/1304\/revisions"}],"predecessor-version":[{"id":1312,"href":"https:\/\/www.diocese-limoges.fr\/haute-vienne\/wp-json\/wp\/v2\/posts\/1304\/revisions\/1312"}],"wp:featuredmedia":[{"embeddable":true,"href":"https:\/\/www.diocese-limoges.fr\/haute-vienne\/wp-json\/wp\/v2\/media\/480"}],"wp:attachment":[{"href":"https:\/\/www.diocese-limoges.fr\/haute-vienne\/wp-json\/wp\/v2\/media?parent=1304"}],"wp:term":[{"taxonomy":"category","embeddable":true,"href":"https:\/\/www.diocese-limoges.fr\/haute-vienne\/wp-json\/wp\/v2\/categories?post=1304"},{"taxonomy":"post_tag","embeddable":true,"href":"https:\/\/www.diocese-limoges.fr\/haute-vienne\/wp-json\/wp\/v2\/tags?post=1304"}],"curies":[{"name":"wp","href":"https:\/\/api.w.org\/{rel}","templated":true}]}}