{"id":144,"date":"2020-05-28T15:22:56","date_gmt":"2020-05-28T13:22:56","guid":{"rendered":"https:\/\/www.diocese-limoges.fr\/haute-vienne\/actualites\/\/"},"modified":"2020-05-28T15:34:27","modified_gmt":"2020-05-28T13:34:27","slug":"messes-de-pentecote","status":"publish","type":"post","link":"https:\/\/www.diocese-limoges.fr\/haute-vienne\/actualites\/messes-de-pentecote\/","title":{"rendered":"Messes de Pentec\u00f4te"},"content":{"rendered":"\n<h3 class=\"wp-block-heading\"><span class=\"has-inline-color has-luminous-vivid-orange-color\">Le week-end prochain, f\u00eate de la Pentec\u00f4te, la messe sera c\u00e9l\u00e9br\u00e9e :<\/span><\/h3>\n\n\n\n<p>samedi 30 mai \u00e0 18 h 30 \u00e0 l&rsquo;\u00e9glise d&rsquo;Aixe sur Vienne<br>dimanche 31 mai \u00e0 10 h 30 &#8211;<span style=\"color:#e54f06\" class=\"has-inline-color\"> \u00e0 Arliquet en plein air<\/span> &#8211; (chacun doit apporter de quoi s&rsquo;asseoir)<br>dimanche 31 mai \u00e0 10 h 45 \u00e0 Verneuil<\/p>\n\n\n\n<p>Pour cela, il y a des pr\u00e9cautions \u00e0 prendre :<br>&#8211; Vous devez vous munir d&rsquo;un masque <br>&#8211; Du gel Hydroalcoolique sera \u00e0 votre disposition \u00e0 l&rsquo;entr\u00e9e pour vous d\u00e9sinfecter les mains (obligatoire)<br>&#8211; Dans l&rsquo;\u00e9glise, les places o\u00f9 vous pourrez vous asseoir seront marqu\u00e9es, les autres sont prohib\u00e9es. <br>&#8211; Lorsque toutes les places sont occup\u00e9es, aucune autre personne ne pourra entrer.<br>&#8211; Respecter le sens de circulation et la distance lors des processions&#8230;<br>&#8211; Pour la messe \u00e0 Arliquet, merci d&rsquo;apporter un si\u00e8ge et se placer \u00e0 distance d&rsquo;un m\u00e8tre r\u00e9glementaire.<\/p>\n","protected":false},"excerpt":{"rendered":"<p>Le week-end prochain, f\u00eate de la Pentec\u00f4te, la messe sera c\u00e9l\u00e9br\u00e9e : samedi 30 mai \u00e0 18 h 30 \u00e0 l&rsquo;\u00e9glise d&rsquo;Aixe sur Viennedimanche 31 mai \u00e0 10 h 30 &#8211; \u00e0 Arliquet en plein air &#8211; (chacun doit apporter de quoi s&rsquo;asseoir)dimanche 31 mai \u00e0 10 h 45 \u00e0 Verneuil Pour cela, il y [&hellip;]<\/p>\n","protected":false},"author":7,"featured_media":146,"comment_status":"closed","ping_status":"open","sticky":false,"template":"","format":"standard","meta":{"_acf_changed":false,"footnotes":""},"categories":[1],"tags":[],"class_list":["post-144","post","type-post","status-publish","format-standard","has-post-thumbnail","hentry","category-actualites"],"acf":[],"yoast_head":"<!-- This site is optimized with the Yoast SEO plugin v26.4 - https:\/\/yoast.com\/wordpress\/plugins\/seo\/ -->\n<title>Messes de Pentec\u00f4te-Paroisse de l&#039;Assomption - Doyenn\u00e9s de Haute Vienne<\/title>\n<meta name=\"robots\" content=\"index, follow, max-snippet:-1, max-image-preview:large, max-video-preview:-1\" \/>\n<link rel=\"canonical\" href=\"https:\/\/www.diocese-limoges.fr\/haute-vienne\/actualites\/messes-de-pentecote\/\" \/>\n<meta property=\"og:locale\" content=\"fr_FR\" \/>\n<meta property=\"og:type\" content=\"article\" \/>\n<meta property=\"og:title\" content=\"Messes de Pentec\u00f4te-Paroisse de l&#039;Assomption - Doyenn\u00e9s de Haute Vienne\" \/>\n<meta property=\"og:description\" content=\"Le week-end prochain, f\u00eate de la Pentec\u00f4te, la messe sera c\u00e9l\u00e9br\u00e9e : samedi 30 mai \u00e0 18 h 30 \u00e0 l&rsquo;\u00e9glise d&rsquo;Aixe sur Viennedimanche 31 mai \u00e0 10 h 30 &#8211; \u00e0 Arliquet en plein air &#8211; (chacun doit apporter de quoi s&rsquo;asseoir)dimanche 31 mai \u00e0 10 h 45 \u00e0 Verneuil Pour cela, il y [&hellip;]\" \/>\n<meta property=\"og:url\" content=\"https:\/\/www.diocese-limoges.fr\/haute-vienne\/actualites\/messes-de-pentecote\/\" \/>\n<meta property=\"og:site_name\" content=\"Doyenn\u00e9s de Haute Vienne\" \/>\n<meta property=\"article:published_time\" content=\"2020-05-28T13:22:56+00:00\" \/>\n<meta property=\"article:modified_time\" content=\"2020-05-28T13:34:27+00:00\" \/>\n<meta property=\"og:image\" content=\"https:\/\/www.diocese-limoges.fr\/haute-vienne\/wp-content\/uploads\/sites\/4\/2020\/05\/arliquet-parc-accueil2.jpg\" \/>\n\t<meta property=\"og:image:width\" content=\"1800\" \/>\n\t<meta property=\"og:image:height\" content=\"515\" \/>\n\t<meta property=\"og:image:type\" content=\"image\/jpeg\" \/>\n<meta name=\"author\" content=\"assomption\" \/>\n<meta name=\"twitter:card\" content=\"summary_large_image\" \/>\n<meta name=\"twitter:label1\" content=\"\u00c9crit par\" \/>\n\t<meta name=\"twitter:data1\" content=\"assomption\" \/>\n\t<meta name=\"twitter:label2\" content=\"Dur\u00e9e de lecture estim\u00e9e\" \/>\n\t<meta name=\"twitter:data2\" content=\"1 minute\" \/>\n<script type=\"application\/ld+json\" class=\"yoast-schema-graph\">{\"@context\":\"https:\/\/schema.org\",\"@graph\":[{\"@type\":\"WebPage\",\"@id\":\"https:\/\/www.diocese-limoges.fr\/haute-vienne\/actualites\/messes-de-pentecote\/\",\"url\":\"https:\/\/www.diocese-limoges.fr\/haute-vienne\/actualites\/messes-de-pentecote\/\",\"name\":\"Messes de Pentec\u00f4te-Paroisse de l'Assomption - Doyenn\u00e9s de Haute Vienne\",\"isPartOf\":{\"@id\":\"https:\/\/www.diocese-limoges.fr\/haute-vienne\/#website\"},\"primaryImageOfPage\":{\"@id\":\"https:\/\/www.diocese-limoges.fr\/haute-vienne\/actualites\/messes-de-pentecote\/#primaryimage\"},\"image\":{\"@id\":\"https:\/\/www.diocese-limoges.fr\/haute-vienne\/actualites\/messes-de-pentecote\/#primaryimage\"},\"thumbnailUrl\":\"https:\/\/www.diocese-limoges.fr\/haute-vienne\/wp-content\/uploads\/sites\/4\/2020\/05\/arliquet-parc-accueil2.jpg\",\"datePublished\":\"2020-05-28T13:22:56+00:00\",\"dateModified\":\"2020-05-28T13:34:27+00:00\",\"author\":{\"@id\":\"https:\/\/www.diocese-limoges.fr\/haute-vienne\/#\/schema\/person\/d3c609b00f4f1396745c719afc5bb856\"},\"breadcrumb\":{\"@id\":\"https:\/\/www.diocese-limoges.fr\/haute-vienne\/actualites\/messes-de-pentecote\/#breadcrumb\"},\"inLanguage\":\"fr-FR\",\"potentialAction\":[{\"@type\":\"ReadAction\",\"target\":[\"https:\/\/www.diocese-limoges.fr\/haute-vienne\/actualites\/messes-de-pentecote\/\"]}]},{\"@type\":\"ImageObject\",\"inLanguage\":\"fr-FR\",\"@id\":\"https:\/\/www.diocese-limoges.fr\/haute-vienne\/actualites\/messes-de-pentecote\/#primaryimage\",\"url\":\"https:\/\/www.diocese-limoges.fr\/haute-vienne\/wp-content\/uploads\/sites\/4\/2020\/05\/arliquet-parc-accueil2.jpg\",\"contentUrl\":\"https:\/\/www.diocese-limoges.fr\/haute-vienne\/wp-content\/uploads\/sites\/4\/2020\/05\/arliquet-parc-accueil2.jpg\",\"width\":1800,\"height\":515,\"caption\":\"Bienvenue au sanctuaire Notre-Dame-d'Arliquet\"},{\"@type\":\"BreadcrumbList\",\"@id\":\"https:\/\/www.diocese-limoges.fr\/haute-vienne\/actualites\/messes-de-pentecote\/#breadcrumb\",\"itemListElement\":[{\"@type\":\"ListItem\",\"position\":1,\"name\":\"Accueil\",\"item\":\"https:\/\/www.diocese-limoges.fr\/haute-vienne\/\"},{\"@type\":\"ListItem\",\"position\":2,\"name\":\"Messes de Pentec\u00f4te\"}]},{\"@type\":\"WebSite\",\"@id\":\"https:\/\/www.diocese-limoges.fr\/haute-vienne\/#website\",\"url\":\"https:\/\/www.diocese-limoges.fr\/haute-vienne\/\",\"name\":\"Doyenn\u00e9s de Haute Vienne\",\"description\":\"Dioc\u00e8se de Limoges\",\"potentialAction\":[{\"@type\":\"SearchAction\",\"target\":{\"@type\":\"EntryPoint\",\"urlTemplate\":\"https:\/\/www.diocese-limoges.fr\/haute-vienne\/?s={search_term_string}\"},\"query-input\":{\"@type\":\"PropertyValueSpecification\",\"valueRequired\":true,\"valueName\":\"search_term_string\"}}],\"inLanguage\":\"fr-FR\"},{\"@type\":\"Person\",\"@id\":\"https:\/\/www.diocese-limoges.fr\/haute-vienne\/#\/schema\/person\/d3c609b00f4f1396745c719afc5bb856\",\"name\":\"assomption\",\"image\":{\"@type\":\"ImageObject\",\"inLanguage\":\"fr-FR\",\"@id\":\"https:\/\/www.diocese-limoges.fr\/haute-vienne\/#\/schema\/person\/image\/\",\"url\":\"https:\/\/secure.gravatar.com\/avatar\/f2acefd1e9fc403a08150335662ec86c9ad79ed7788b5fd72e75403773bfcf35?s=96&d=mm&r=g\",\"contentUrl\":\"https:\/\/secure.gravatar.com\/avatar\/f2acefd1e9fc403a08150335662ec86c9ad79ed7788b5fd72e75403773bfcf35?s=96&d=mm&r=g\",\"caption\":\"assomption\"},\"url\":\"https:\/\/www.diocese-limoges.fr\/haute-vienne\/author\/assomption\/\"}]}<\/script>\n<!-- \/ Yoast SEO plugin. -->","yoast_head_json":{"title":"Messes de Pentec\u00f4te-Paroisse de l'Assomption - Doyenn\u00e9s de Haute Vienne","robots":{"index":"index","follow":"follow","max-snippet":"max-snippet:-1","max-image-preview":"max-image-preview:large","max-video-preview":"max-video-preview:-1"},"canonical":"https:\/\/www.diocese-limoges.fr\/haute-vienne\/actualites\/messes-de-pentecote\/","og_locale":"fr_FR","og_type":"article","og_title":"Messes de Pentec\u00f4te-Paroisse de l'Assomption - Doyenn\u00e9s de Haute Vienne","og_description":"Le week-end prochain, f\u00eate de la Pentec\u00f4te, la messe sera c\u00e9l\u00e9br\u00e9e : samedi 30 mai \u00e0 18 h 30 \u00e0 l&rsquo;\u00e9glise d&rsquo;Aixe sur Viennedimanche 31 mai \u00e0 10 h 30 &#8211; \u00e0 Arliquet en plein air &#8211; (chacun doit apporter de quoi s&rsquo;asseoir)dimanche 31 mai \u00e0 10 h 45 \u00e0 Verneuil Pour cela, il y [&hellip;]","og_url":"https:\/\/www.diocese-limoges.fr\/haute-vienne\/actualites\/messes-de-pentecote\/","og_site_name":"Doyenn\u00e9s de Haute Vienne","article_published_time":"2020-05-28T13:22:56+00:00","article_modified_time":"2020-05-28T13:34:27+00:00","og_image":[{"width":1800,"height":515,"url":"https:\/\/www.diocese-limoges.fr\/haute-vienne\/wp-content\/uploads\/sites\/4\/2020\/05\/arliquet-parc-accueil2.jpg","type":"image\/jpeg"}],"author":"assomption","twitter_card":"summary_large_image","twitter_misc":{"\u00c9crit par":"assomption","Dur\u00e9e de lecture estim\u00e9e":"1 minute"},"schema":{"@context":"https:\/\/schema.org","@graph":[{"@type":"WebPage","@id":"https:\/\/www.diocese-limoges.fr\/haute-vienne\/actualites\/messes-de-pentecote\/","url":"https:\/\/www.diocese-limoges.fr\/haute-vienne\/actualites\/messes-de-pentecote\/","name":"Messes de Pentec\u00f4te-Paroisse de l'Assomption - Doyenn\u00e9s de Haute Vienne","isPartOf":{"@id":"https:\/\/www.diocese-limoges.fr\/haute-vienne\/#website"},"primaryImageOfPage":{"@id":"https:\/\/www.diocese-limoges.fr\/haute-vienne\/actualites\/messes-de-pentecote\/#primaryimage"},"image":{"@id":"https:\/\/www.diocese-limoges.fr\/haute-vienne\/actualites\/messes-de-pentecote\/#primaryimage"},"thumbnailUrl":"https:\/\/www.diocese-limoges.fr\/haute-vienne\/wp-content\/uploads\/sites\/4\/2020\/05\/arliquet-parc-accueil2.jpg","datePublished":"2020-05-28T13:22:56+00:00","dateModified":"2020-05-28T13:34:27+00:00","author":{"@id":"https:\/\/www.diocese-limoges.fr\/haute-vienne\/#\/schema\/person\/d3c609b00f4f1396745c719afc5bb856"},"breadcrumb":{"@id":"https:\/\/www.diocese-limoges.fr\/haute-vienne\/actualites\/messes-de-pentecote\/#breadcrumb"},"inLanguage":"fr-FR","potentialAction":[{"@type":"ReadAction","target":["https:\/\/www.diocese-limoges.fr\/haute-vienne\/actualites\/messes-de-pentecote\/"]}]},{"@type":"ImageObject","inLanguage":"fr-FR","@id":"https:\/\/www.diocese-limoges.fr\/haute-vienne\/actualites\/messes-de-pentecote\/#primaryimage","url":"https:\/\/www.diocese-limoges.fr\/haute-vienne\/wp-content\/uploads\/sites\/4\/2020\/05\/arliquet-parc-accueil2.jpg","contentUrl":"https:\/\/www.diocese-limoges.fr\/haute-vienne\/wp-content\/uploads\/sites\/4\/2020\/05\/arliquet-parc-accueil2.jpg","width":1800,"height":515,"caption":"Bienvenue au sanctuaire Notre-Dame-d'Arliquet"},{"@type":"BreadcrumbList","@id":"https:\/\/www.diocese-limoges.fr\/haute-vienne\/actualites\/messes-de-pentecote\/#breadcrumb","itemListElement":[{"@type":"ListItem","position":1,"name":"Accueil","item":"https:\/\/www.diocese-limoges.fr\/haute-vienne\/"},{"@type":"ListItem","position":2,"name":"Messes de Pentec\u00f4te"}]},{"@type":"WebSite","@id":"https:\/\/www.diocese-limoges.fr\/haute-vienne\/#website","url":"https:\/\/www.diocese-limoges.fr\/haute-vienne\/","name":"Doyenn\u00e9s de Haute Vienne","description":"Dioc\u00e8se de Limoges","potentialAction":[{"@type":"SearchAction","target":{"@type":"EntryPoint","urlTemplate":"https:\/\/www.diocese-limoges.fr\/haute-vienne\/?s={search_term_string}"},"query-input":{"@type":"PropertyValueSpecification","valueRequired":true,"valueName":"search_term_string"}}],"inLanguage":"fr-FR"},{"@type":"Person","@id":"https:\/\/www.diocese-limoges.fr\/haute-vienne\/#\/schema\/person\/d3c609b00f4f1396745c719afc5bb856","name":"assomption","image":{"@type":"ImageObject","inLanguage":"fr-FR","@id":"https:\/\/www.diocese-limoges.fr\/haute-vienne\/#\/schema\/person\/image\/","url":"https:\/\/secure.gravatar.com\/avatar\/f2acefd1e9fc403a08150335662ec86c9ad79ed7788b5fd72e75403773bfcf35?s=96&d=mm&r=g","contentUrl":"https:\/\/secure.gravatar.com\/avatar\/f2acefd1e9fc403a08150335662ec86c9ad79ed7788b5fd72e75403773bfcf35?s=96&d=mm&r=g","caption":"assomption"},"url":"https:\/\/www.diocese-limoges.fr\/haute-vienne\/author\/assomption\/"}]}},"_links":{"self":[{"href":"https:\/\/www.diocese-limoges.fr\/haute-vienne\/wp-json\/wp\/v2\/posts\/144","targetHints":{"allow":["GET"]}}],"collection":[{"href":"https:\/\/www.diocese-limoges.fr\/haute-vienne\/wp-json\/wp\/v2\/posts"}],"about":[{"href":"https:\/\/www.diocese-limoges.fr\/haute-vienne\/wp-json\/wp\/v2\/types\/post"}],"author":[{"embeddable":true,"href":"https:\/\/www.diocese-limoges.fr\/haute-vienne\/wp-json\/wp\/v2\/users\/7"}],"replies":[{"embeddable":true,"href":"https:\/\/www.diocese-limoges.fr\/haute-vienne\/wp-json\/wp\/v2\/comments?post=144"}],"version-history":[{"count":1,"href":"https:\/\/www.diocese-limoges.fr\/haute-vienne\/wp-json\/wp\/v2\/posts\/144\/revisions"}],"predecessor-version":[{"id":145,"href":"https:\/\/www.diocese-limoges.fr\/haute-vienne\/wp-json\/wp\/v2\/posts\/144\/revisions\/145"}],"wp:featuredmedia":[{"embeddable":true,"href":"https:\/\/www.diocese-limoges.fr\/haute-vienne\/wp-json\/wp\/v2\/media\/146"}],"wp:attachment":[{"href":"https:\/\/www.diocese-limoges.fr\/haute-vienne\/wp-json\/wp\/v2\/media?parent=144"}],"wp:term":[{"taxonomy":"category","embeddable":true,"href":"https:\/\/www.diocese-limoges.fr\/haute-vienne\/wp-json\/wp\/v2\/categories?post=144"},{"taxonomy":"post_tag","embeddable":true,"href":"https:\/\/www.diocese-limoges.fr\/haute-vienne\/wp-json\/wp\/v2\/tags?post=144"}],"curies":[{"name":"wp","href":"https:\/\/api.w.org\/{rel}","templated":true}]}}