{"id":1675,"date":"2022-01-11T13:34:25","date_gmt":"2022-01-11T12:34:25","guid":{"rendered":"https:\/\/www.diocese-limoges.fr\/haute-vienne\/?p=1675"},"modified":"2022-01-11T13:34:26","modified_gmt":"2022-01-11T12:34:26","slug":"offices-de-fevrier-2022-2","status":"publish","type":"post","link":"https:\/\/www.diocese-limoges.fr\/haute-vienne\/actualites\/offices-de-fevrier-2022-2\/","title":{"rendered":"OFFICES DE FEVRIER 2022"},"content":{"rendered":"\n<p class=\"has-text-align-center\"><strong>Samedi 29 janvier 18h30 Cussac<\/strong><\/p>\n\n\n\n<p class=\"has-text-align-center\"><strong>Dimanche 30 janvier 11h Rochechouart<\/strong><\/p>\n\n\n\n<p class=\"has-text-align-center\"><strong>Mercredi 02 f\u00e9vrier 11 h Saint Bazile<\/strong><\/p>\n\n\n\n<p class=\"has-text-align-center\"><strong>Samedi 05 f\u00e9vrier 18h30 Cussac<\/strong><\/p>\n\n\n\n<p class=\"has-text-align-center has-vivid-cyan-blue-color has-text-color\"><em><strong>Messe de l\u2019Alliance<\/strong><\/em><\/p>\n\n\n\n<p class=\"has-text-align-center has-vivid-cyan-blue-color has-text-color\"><strong>Dimanche 6 f\u00e9vrier \u00e0 11h \u00e0 Rochechouart<\/strong><\/p>\n\n\n\n<p class=\"has-text-align-center\">Samedi 12 f\u00e9vrier 18h30 Ch\u00e9ronnac<\/p>\n\n\n\n<p class=\"has-text-align-center\"><strong>Dimanche 13 F\u00e9vrier 11h Oradour sur Vayres<\/strong><\/p>\n\n\n\n<p class=\"has-text-align-center\"><strong>Dimanche 13 f\u00e9vrier \u00e0 11h \u00e0 Saint-Junien (Messe de l\u2019Alliance)<\/strong><\/p>\n\n\n\n<p class=\"has-text-align-center\"><strong>Samedi 19 f\u00e9vrier 18h30 Maisonnais sur Tardoire<\/strong><\/p>\n\n\n\n<p class=\"has-text-align-center\"><strong>Dimanche 20 f\u00e9vrier 11h Saint Cyr<\/strong><\/p>\n\n\n\n<p class=\"has-text-align-center\"><strong>Samedi 26 f\u00e9vrier 18h30 Saint Auvent<\/strong><\/p>\n\n\n\n<p class=\"has-text-align-center\"><strong>Dimanche 27 F\u00e9vrier 11h Saint Mathieu<\/strong><\/p>\n","protected":false},"excerpt":{"rendered":"<p>Samedi 29 janvier 18h30 Cussac Dimanche 30 janvier 11h Rochechouart Mercredi 02 f\u00e9vrier 11 h Saint Bazile Samedi 05 f\u00e9vrier 18h30 Cussac Messe de l\u2019Alliance Dimanche 6 f\u00e9vrier \u00e0 11h \u00e0 Rochechouart Samedi 12 f\u00e9vrier 18h30 Ch\u00e9ronnac Dimanche 13 F\u00e9vrier 11h Oradour sur Vayres Dimanche 13 f\u00e9vrier \u00e0 11h \u00e0 Saint-Junien (Messe de l\u2019Alliance) Samedi [&hellip;]<\/p>\n","protected":false},"author":32,"featured_media":0,"comment_status":"closed","ping_status":"open","sticky":false,"template":"","format":"standard","meta":{"_acf_changed":false,"footnotes":""},"categories":[1],"tags":[],"class_list":["post-1675","post","type-post","status-publish","format-standard","hentry","category-actualites"],"acf":[],"yoast_head":"<!-- This site is optimized with the Yoast SEO plugin v26.4 - https:\/\/yoast.com\/wordpress\/plugins\/seo\/ -->\n<title>OFFICES DE FEVRIER 2022 - Doyenn\u00e9s de Haute Vienne<\/title>\n<meta name=\"robots\" content=\"index, follow, max-snippet:-1, max-image-preview:large, max-video-preview:-1\" \/>\n<link rel=\"canonical\" href=\"https:\/\/www.diocese-limoges.fr\/haute-vienne\/actualites\/offices-de-fevrier-2022-2\/\" \/>\n<meta property=\"og:locale\" content=\"fr_FR\" \/>\n<meta property=\"og:type\" content=\"article\" \/>\n<meta property=\"og:title\" content=\"OFFICES DE FEVRIER 2022 - Doyenn\u00e9s de Haute Vienne\" \/>\n<meta property=\"og:description\" content=\"Samedi 29 janvier 18h30 Cussac Dimanche 30 janvier 11h Rochechouart Mercredi 02 f\u00e9vrier 11 h Saint Bazile Samedi 05 f\u00e9vrier 18h30 Cussac Messe de l\u2019Alliance Dimanche 6 f\u00e9vrier \u00e0 11h \u00e0 Rochechouart Samedi 12 f\u00e9vrier 18h30 Ch\u00e9ronnac Dimanche 13 F\u00e9vrier 11h Oradour sur Vayres Dimanche 13 f\u00e9vrier \u00e0 11h \u00e0 Saint-Junien (Messe de l\u2019Alliance) Samedi [&hellip;]\" \/>\n<meta property=\"og:url\" content=\"https:\/\/www.diocese-limoges.fr\/haute-vienne\/actualites\/offices-de-fevrier-2022-2\/\" \/>\n<meta property=\"og:site_name\" content=\"Doyenn\u00e9s de Haute Vienne\" \/>\n<meta property=\"article:published_time\" content=\"2022-01-11T12:34:25+00:00\" \/>\n<meta property=\"article:modified_time\" content=\"2022-01-11T12:34:26+00:00\" \/>\n<meta name=\"author\" content=\"saintpierrefontaine\" \/>\n<meta name=\"twitter:card\" content=\"summary_large_image\" \/>\n<meta name=\"twitter:label1\" content=\"\u00c9crit par\" \/>\n\t<meta name=\"twitter:data1\" content=\"saintpierrefontaine\" \/>\n\t<meta name=\"twitter:label2\" content=\"Dur\u00e9e de lecture estim\u00e9e\" \/>\n\t<meta name=\"twitter:data2\" content=\"1 minute\" \/>\n<script type=\"application\/ld+json\" class=\"yoast-schema-graph\">{\"@context\":\"https:\/\/schema.org\",\"@graph\":[{\"@type\":\"WebPage\",\"@id\":\"https:\/\/www.diocese-limoges.fr\/haute-vienne\/actualites\/offices-de-fevrier-2022-2\/\",\"url\":\"https:\/\/www.diocese-limoges.fr\/haute-vienne\/actualites\/offices-de-fevrier-2022-2\/\",\"name\":\"OFFICES DE FEVRIER 2022 - Doyenn\u00e9s de Haute Vienne\",\"isPartOf\":{\"@id\":\"https:\/\/www.diocese-limoges.fr\/haute-vienne\/#website\"},\"datePublished\":\"2022-01-11T12:34:25+00:00\",\"dateModified\":\"2022-01-11T12:34:26+00:00\",\"author\":{\"@id\":\"https:\/\/www.diocese-limoges.fr\/haute-vienne\/#\/schema\/person\/4f0ae260b8d78f7f783ba71b18408b68\"},\"breadcrumb\":{\"@id\":\"https:\/\/www.diocese-limoges.fr\/haute-vienne\/actualites\/offices-de-fevrier-2022-2\/#breadcrumb\"},\"inLanguage\":\"fr-FR\",\"potentialAction\":[{\"@type\":\"ReadAction\",\"target\":[\"https:\/\/www.diocese-limoges.fr\/haute-vienne\/actualites\/offices-de-fevrier-2022-2\/\"]}]},{\"@type\":\"BreadcrumbList\",\"@id\":\"https:\/\/www.diocese-limoges.fr\/haute-vienne\/actualites\/offices-de-fevrier-2022-2\/#breadcrumb\",\"itemListElement\":[{\"@type\":\"ListItem\",\"position\":1,\"name\":\"Accueil\",\"item\":\"https:\/\/www.diocese-limoges.fr\/haute-vienne\/\"},{\"@type\":\"ListItem\",\"position\":2,\"name\":\"OFFICES DE FEVRIER 2022\"}]},{\"@type\":\"WebSite\",\"@id\":\"https:\/\/www.diocese-limoges.fr\/haute-vienne\/#website\",\"url\":\"https:\/\/www.diocese-limoges.fr\/haute-vienne\/\",\"name\":\"Doyenn\u00e9s de Haute Vienne\",\"description\":\"Dioc\u00e8se de Limoges\",\"potentialAction\":[{\"@type\":\"SearchAction\",\"target\":{\"@type\":\"EntryPoint\",\"urlTemplate\":\"https:\/\/www.diocese-limoges.fr\/haute-vienne\/?s={search_term_string}\"},\"query-input\":{\"@type\":\"PropertyValueSpecification\",\"valueRequired\":true,\"valueName\":\"search_term_string\"}}],\"inLanguage\":\"fr-FR\"},{\"@type\":\"Person\",\"@id\":\"https:\/\/www.diocese-limoges.fr\/haute-vienne\/#\/schema\/person\/4f0ae260b8d78f7f783ba71b18408b68\",\"name\":\"saintpierrefontaine\",\"image\":{\"@type\":\"ImageObject\",\"inLanguage\":\"fr-FR\",\"@id\":\"https:\/\/www.diocese-limoges.fr\/haute-vienne\/#\/schema\/person\/image\/\",\"url\":\"https:\/\/secure.gravatar.com\/avatar\/82793a872513682e22e08d74b915f78bb13fe46a61c27203e6d179cf8b099d1a?s=96&d=mm&r=g\",\"contentUrl\":\"https:\/\/secure.gravatar.com\/avatar\/82793a872513682e22e08d74b915f78bb13fe46a61c27203e6d179cf8b099d1a?s=96&d=mm&r=g\",\"caption\":\"saintpierrefontaine\"},\"url\":\"https:\/\/www.diocese-limoges.fr\/haute-vienne\/author\/saintpierrefontaine\/\"}]}<\/script>\n<!-- \/ Yoast SEO plugin. -->","yoast_head_json":{"title":"OFFICES DE FEVRIER 2022 - Doyenn\u00e9s de Haute Vienne","robots":{"index":"index","follow":"follow","max-snippet":"max-snippet:-1","max-image-preview":"max-image-preview:large","max-video-preview":"max-video-preview:-1"},"canonical":"https:\/\/www.diocese-limoges.fr\/haute-vienne\/actualites\/offices-de-fevrier-2022-2\/","og_locale":"fr_FR","og_type":"article","og_title":"OFFICES DE FEVRIER 2022 - Doyenn\u00e9s de Haute Vienne","og_description":"Samedi 29 janvier 18h30 Cussac Dimanche 30 janvier 11h Rochechouart Mercredi 02 f\u00e9vrier 11 h Saint Bazile Samedi 05 f\u00e9vrier 18h30 Cussac Messe de l\u2019Alliance Dimanche 6 f\u00e9vrier \u00e0 11h \u00e0 Rochechouart Samedi 12 f\u00e9vrier 18h30 Ch\u00e9ronnac Dimanche 13 F\u00e9vrier 11h Oradour sur Vayres Dimanche 13 f\u00e9vrier \u00e0 11h \u00e0 Saint-Junien (Messe de l\u2019Alliance) Samedi [&hellip;]","og_url":"https:\/\/www.diocese-limoges.fr\/haute-vienne\/actualites\/offices-de-fevrier-2022-2\/","og_site_name":"Doyenn\u00e9s de Haute Vienne","article_published_time":"2022-01-11T12:34:25+00:00","article_modified_time":"2022-01-11T12:34:26+00:00","author":"saintpierrefontaine","twitter_card":"summary_large_image","twitter_misc":{"\u00c9crit par":"saintpierrefontaine","Dur\u00e9e de lecture estim\u00e9e":"1 minute"},"schema":{"@context":"https:\/\/schema.org","@graph":[{"@type":"WebPage","@id":"https:\/\/www.diocese-limoges.fr\/haute-vienne\/actualites\/offices-de-fevrier-2022-2\/","url":"https:\/\/www.diocese-limoges.fr\/haute-vienne\/actualites\/offices-de-fevrier-2022-2\/","name":"OFFICES DE FEVRIER 2022 - Doyenn\u00e9s de Haute Vienne","isPartOf":{"@id":"https:\/\/www.diocese-limoges.fr\/haute-vienne\/#website"},"datePublished":"2022-01-11T12:34:25+00:00","dateModified":"2022-01-11T12:34:26+00:00","author":{"@id":"https:\/\/www.diocese-limoges.fr\/haute-vienne\/#\/schema\/person\/4f0ae260b8d78f7f783ba71b18408b68"},"breadcrumb":{"@id":"https:\/\/www.diocese-limoges.fr\/haute-vienne\/actualites\/offices-de-fevrier-2022-2\/#breadcrumb"},"inLanguage":"fr-FR","potentialAction":[{"@type":"ReadAction","target":["https:\/\/www.diocese-limoges.fr\/haute-vienne\/actualites\/offices-de-fevrier-2022-2\/"]}]},{"@type":"BreadcrumbList","@id":"https:\/\/www.diocese-limoges.fr\/haute-vienne\/actualites\/offices-de-fevrier-2022-2\/#breadcrumb","itemListElement":[{"@type":"ListItem","position":1,"name":"Accueil","item":"https:\/\/www.diocese-limoges.fr\/haute-vienne\/"},{"@type":"ListItem","position":2,"name":"OFFICES DE FEVRIER 2022"}]},{"@type":"WebSite","@id":"https:\/\/www.diocese-limoges.fr\/haute-vienne\/#website","url":"https:\/\/www.diocese-limoges.fr\/haute-vienne\/","name":"Doyenn\u00e9s de Haute Vienne","description":"Dioc\u00e8se de Limoges","potentialAction":[{"@type":"SearchAction","target":{"@type":"EntryPoint","urlTemplate":"https:\/\/www.diocese-limoges.fr\/haute-vienne\/?s={search_term_string}"},"query-input":{"@type":"PropertyValueSpecification","valueRequired":true,"valueName":"search_term_string"}}],"inLanguage":"fr-FR"},{"@type":"Person","@id":"https:\/\/www.diocese-limoges.fr\/haute-vienne\/#\/schema\/person\/4f0ae260b8d78f7f783ba71b18408b68","name":"saintpierrefontaine","image":{"@type":"ImageObject","inLanguage":"fr-FR","@id":"https:\/\/www.diocese-limoges.fr\/haute-vienne\/#\/schema\/person\/image\/","url":"https:\/\/secure.gravatar.com\/avatar\/82793a872513682e22e08d74b915f78bb13fe46a61c27203e6d179cf8b099d1a?s=96&d=mm&r=g","contentUrl":"https:\/\/secure.gravatar.com\/avatar\/82793a872513682e22e08d74b915f78bb13fe46a61c27203e6d179cf8b099d1a?s=96&d=mm&r=g","caption":"saintpierrefontaine"},"url":"https:\/\/www.diocese-limoges.fr\/haute-vienne\/author\/saintpierrefontaine\/"}]}},"_links":{"self":[{"href":"https:\/\/www.diocese-limoges.fr\/haute-vienne\/wp-json\/wp\/v2\/posts\/1675","targetHints":{"allow":["GET"]}}],"collection":[{"href":"https:\/\/www.diocese-limoges.fr\/haute-vienne\/wp-json\/wp\/v2\/posts"}],"about":[{"href":"https:\/\/www.diocese-limoges.fr\/haute-vienne\/wp-json\/wp\/v2\/types\/post"}],"author":[{"embeddable":true,"href":"https:\/\/www.diocese-limoges.fr\/haute-vienne\/wp-json\/wp\/v2\/users\/32"}],"replies":[{"embeddable":true,"href":"https:\/\/www.diocese-limoges.fr\/haute-vienne\/wp-json\/wp\/v2\/comments?post=1675"}],"version-history":[{"count":1,"href":"https:\/\/www.diocese-limoges.fr\/haute-vienne\/wp-json\/wp\/v2\/posts\/1675\/revisions"}],"predecessor-version":[{"id":1676,"href":"https:\/\/www.diocese-limoges.fr\/haute-vienne\/wp-json\/wp\/v2\/posts\/1675\/revisions\/1676"}],"wp:attachment":[{"href":"https:\/\/www.diocese-limoges.fr\/haute-vienne\/wp-json\/wp\/v2\/media?parent=1675"}],"wp:term":[{"taxonomy":"category","embeddable":true,"href":"https:\/\/www.diocese-limoges.fr\/haute-vienne\/wp-json\/wp\/v2\/categories?post=1675"},{"taxonomy":"post_tag","embeddable":true,"href":"https:\/\/www.diocese-limoges.fr\/haute-vienne\/wp-json\/wp\/v2\/tags?post=1675"}],"curies":[{"name":"wp","href":"https:\/\/api.w.org\/{rel}","templated":true}]}}