{"id":2036,"date":"2022-09-05T17:45:38","date_gmt":"2022-09-05T15:45:38","guid":{"rendered":"https:\/\/www.diocese-limoges.fr\/haute-vienne\/?p=2036"},"modified":"2022-09-08T15:50:41","modified_gmt":"2022-09-08T13:50:41","slug":"pelerinage-a-notre-dame-darliquet-du-18-septembre","status":"publish","type":"post","link":"https:\/\/www.diocese-limoges.fr\/haute-vienne\/actualites\/pelerinage-a-notre-dame-darliquet-du-18-septembre\/","title":{"rendered":"P\u00c8LERINAGE \u00e0 Notre-Dame-d&rsquo;Arliquet du 18 septembre"},"content":{"rendered":"\n<h2 class=\"wp-block-heading\">Le 18 septembre prochain, vers les Ostensions 2023 avec Notre Dame d&rsquo;Arliquet:<\/h2>\n\n\n\n<h2 class=\"has-text-align-center has-vivid-cyan-blue-color has-text-color wp-block-heading\">\u00ab\u00a0Avec Marie, OUI \u00e0 un monde fraternel\u00a0\u00bb<\/h2>\n\n\n\n<div class=\"wp-block-image\"><figure class=\"aligncenter size-full is-resized\"><img decoding=\"async\" src=\"https:\/\/www.diocese-limoges.fr\/haute-vienne\/wp-content\/uploads\/sites\/4\/2022\/09\/2022pelerinage.jpg\" alt=\"P\u00e8lerinage \u00e0 Notre-Dame-d'Arliquet vers les Ostensions 2023, le 18 septembre 2022, 14h30 chemin marial, 15h30 Messe pr\u00e9sid\u00e9e par Mgr Bozo. Rentr\u00e9e paroissiale 11h30 accueil des familles et d\u00e9jeuner festif\" class=\"wp-image-2037\" width=\"457\" srcset=\"https:\/\/www.diocese-limoges.fr\/haute-vienne\/wp-content\/uploads\/sites\/4\/2022\/09\/2022pelerinage.jpg 628w, https:\/\/www.diocese-limoges.fr\/haute-vienne\/wp-content\/uploads\/sites\/4\/2022\/09\/2022pelerinage-212x300.jpg 212w\" sizes=\"(max-width: 628px) 100vw, 628px\" \/><\/figure><\/div>\n\n\n\n<h2 class=\"wp-block-heading\">Une communaut\u00e9 en marche vers les Ostensions 2023<\/h2>\n\n\n\n<p>Rendez-vous traditionnel du 3\u00e8me dimanche de septembre, le P\u00e8lerinage d\u2019Arliquet aura cette ann\u00e9e une saveur particuli\u00e8re.<br>Comme annonc\u00e9 par notre cur\u00e9 dans son \u00e9dito, en plus des rendez-vous traditionnels &#8211; chemin marial et messe pr\u00e9sid\u00e9e par Mgr Bozo \u2013 ce 18 septembre sera l\u2019occasion, pour notre communaut\u00e9 paroissiale, de vivre la devise des Ostensions 2023 :<\/p>\n\n\n\n<p class=\"has-text-align-center has-vivid-cyan-blue-color has-text-color\"><strong>\u00ab Avec Marie, OUI \u00e0 un monde fraternel \u00bb.<\/strong><\/p>\n\n\n\n<p>Cette fraternit\u00e9 se vit dans notre paroisse : dans la chaleur de nos rencontres dominicales ; dans les multiples services rendus par de nombreux paroissiens pour que nos \u00e9glises soient belles et nos c\u00e9l\u00e9brations recueillies ; dans l\u2019investissement des \u00e9quipes de pr\u00e9paration aux sacrements ou celles d\u2019accompagnement des familles de d\u00e9funts.<br>Cependant, comme dans toute famille, chacun vit sa vie de son c\u00f4t\u00e9, \u00e0 un rythme parfois trop rapide. Il nous faut donc nous retrouver pour partager, c\u00e9l\u00e9brer et mieux nous conna\u00eetre. En ce d\u00e9but d\u2019ann\u00e9e ostensionnaire, notre communaut\u00e9 doit s\u2019appr\u00eater \u00e0 marcher \u00e0 grands pas vers le rendez-vous de mai 2023. Mais, avant de se mettre en marche, il faut prendre le temps de pr\u00e9parer le voyage.<br>Ce dimanche 18 septembre sera donc d\u00e9di\u00e9 \u00e0 la rencontre et au partage pour notre paroisse.<\/p>\n\n\n\n<p>La journ\u00e9e commencera d\u00e8s 11h30 \u00e0 Arliquet par un accueil.<br>Suivront les r\u00e9unions de rentr\u00e9e du cat\u00e9 et de l\u2019aum\u00f4nerie. Des stands d\u00e9di\u00e9s aux sacrements, \u00e0 la liturgie et aux diff\u00e9rents services qui \u0153uvrent au sein de la paroisse vous permettront peut-\u00eatre de mieux conna\u00eetre notre communaut\u00e9.<br>Le stand des Ostensions vous \u00e9clairera certainement sur les d\u00e9fis que nous avons \u00e0 relever d\u2019ici mai 2023.<br>A partir de 12h30, nous prendrons aussi le temps, avec un pique-nique tir\u00e9 du sac, de partager notre repas, des id\u00e9es, en somme un bon moment.<br>A 14h30, nous pourrons nous retrouver pour le chemin marial ax\u00e9 sur le mariage et la famille, suivi par la messe pr\u00e9sid\u00e9e par Mgr Bozo.<\/p>\n\n\n\n<p class=\"has-text-align-center has-luminous-vivid-orange-color has-text-color has-medium-font-size\"><strong><em>Alors rendez-vous le 18 \u00e0 Arliquet. Venez en famille !<\/em><\/strong><\/p>\n","protected":false},"excerpt":{"rendered":"<p>Le 18 septembre prochain, vers les Ostensions 2023 avec Notre Dame d&rsquo;Arliquet: \u00ab\u00a0Avec Marie, OUI \u00e0 un monde fraternel\u00a0\u00bb Une communaut\u00e9 en marche vers les Ostensions 2023 Rendez-vous traditionnel du 3\u00e8me dimanche de septembre, le P\u00e8lerinage d\u2019Arliquet aura cette ann\u00e9e une saveur particuli\u00e8re.Comme annonc\u00e9 par notre cur\u00e9 dans son \u00e9dito, en plus des rendez-vous traditionnels [&hellip;]<\/p>\n","protected":false},"author":7,"featured_media":2042,"comment_status":"closed","ping_status":"open","sticky":false,"template":"","format":"standard","meta":{"_acf_changed":false,"footnotes":""},"categories":[1,7],"tags":[],"class_list":["post-2036","post","type-post","status-publish","format-standard","has-post-thumbnail","hentry","category-actualites","category-lassomption"],"acf":[],"yoast_head":"<!-- This site is optimized with the Yoast SEO plugin v26.4 - https:\/\/yoast.com\/wordpress\/plugins\/seo\/ -->\n<title>P\u00c8LERINAGE \u00e0 Notre-Dame-d&#039;Arliquet du 18 septembre - Doyenn\u00e9s de Haute Vienne<\/title>\n<meta name=\"description\" content=\"P\u00e8lerinage \u00e0 Notre-Dame-d&#039;Arliquet vers les Ostensions 2023\" \/>\n<meta name=\"robots\" content=\"index, follow, max-snippet:-1, max-image-preview:large, max-video-preview:-1\" \/>\n<link rel=\"canonical\" href=\"https:\/\/www.diocese-limoges.fr\/haute-vienne\/actualites\/pelerinage-a-notre-dame-darliquet-du-18-septembre\/\" \/>\n<meta property=\"og:locale\" content=\"fr_FR\" \/>\n<meta property=\"og:type\" content=\"article\" \/>\n<meta property=\"og:title\" content=\"P\u00c8LERINAGE \u00e0 Notre-Dame-d&#039;Arliquet du 18 septembre - Doyenn\u00e9s de Haute Vienne\" \/>\n<meta property=\"og:description\" content=\"P\u00e8lerinage \u00e0 Notre-Dame-d&#039;Arliquet vers les Ostensions 2023\" \/>\n<meta property=\"og:url\" content=\"https:\/\/www.diocese-limoges.fr\/haute-vienne\/actualites\/pelerinage-a-notre-dame-darliquet-du-18-septembre\/\" \/>\n<meta property=\"og:site_name\" content=\"Doyenn\u00e9s de Haute Vienne\" \/>\n<meta property=\"article:published_time\" content=\"2022-09-05T15:45:38+00:00\" \/>\n<meta property=\"article:modified_time\" content=\"2022-09-08T13:50:41+00:00\" \/>\n<meta property=\"og:image\" content=\"https:\/\/www.diocese-limoges.fr\/haute-vienne\/wp-content\/uploads\/sites\/4\/2022\/09\/nda-ostensions2023-bandeau-v3.jpg\" \/>\n\t<meta property=\"og:image:width\" content=\"1754\" \/>\n\t<meta property=\"og:image:height\" content=\"549\" \/>\n\t<meta property=\"og:image:type\" content=\"image\/jpeg\" \/>\n<meta name=\"author\" content=\"assomption\" \/>\n<meta name=\"twitter:card\" content=\"summary_large_image\" \/>\n<meta name=\"twitter:label1\" content=\"\u00c9crit par\" \/>\n\t<meta name=\"twitter:data1\" content=\"assomption\" \/>\n\t<meta name=\"twitter:label2\" content=\"Dur\u00e9e de lecture estim\u00e9e\" \/>\n\t<meta name=\"twitter:data2\" content=\"2 minutes\" \/>\n<script type=\"application\/ld+json\" class=\"yoast-schema-graph\">{\"@context\":\"https:\/\/schema.org\",\"@graph\":[{\"@type\":\"WebPage\",\"@id\":\"https:\/\/www.diocese-limoges.fr\/haute-vienne\/actualites\/pelerinage-a-notre-dame-darliquet-du-18-septembre\/\",\"url\":\"https:\/\/www.diocese-limoges.fr\/haute-vienne\/actualites\/pelerinage-a-notre-dame-darliquet-du-18-septembre\/\",\"name\":\"P\u00c8LERINAGE \u00e0 Notre-Dame-d'Arliquet du 18 septembre - Doyenn\u00e9s de Haute Vienne\",\"isPartOf\":{\"@id\":\"https:\/\/www.diocese-limoges.fr\/haute-vienne\/#website\"},\"primaryImageOfPage\":{\"@id\":\"https:\/\/www.diocese-limoges.fr\/haute-vienne\/actualites\/pelerinage-a-notre-dame-darliquet-du-18-septembre\/#primaryimage\"},\"image\":{\"@id\":\"https:\/\/www.diocese-limoges.fr\/haute-vienne\/actualites\/pelerinage-a-notre-dame-darliquet-du-18-septembre\/#primaryimage\"},\"thumbnailUrl\":\"https:\/\/www.diocese-limoges.fr\/haute-vienne\/wp-content\/uploads\/sites\/4\/2022\/09\/nda-ostensions2023-bandeau-v3.jpg\",\"datePublished\":\"2022-09-05T15:45:38+00:00\",\"dateModified\":\"2022-09-08T13:50:41+00:00\",\"author\":{\"@id\":\"https:\/\/www.diocese-limoges.fr\/haute-vienne\/#\/schema\/person\/d3c609b00f4f1396745c719afc5bb856\"},\"description\":\"P\u00e8lerinage \u00e0 Notre-Dame-d'Arliquet vers les Ostensions 2023\",\"breadcrumb\":{\"@id\":\"https:\/\/www.diocese-limoges.fr\/haute-vienne\/actualites\/pelerinage-a-notre-dame-darliquet-du-18-septembre\/#breadcrumb\"},\"inLanguage\":\"fr-FR\",\"potentialAction\":[{\"@type\":\"ReadAction\",\"target\":[\"https:\/\/www.diocese-limoges.fr\/haute-vienne\/actualites\/pelerinage-a-notre-dame-darliquet-du-18-septembre\/\"]}]},{\"@type\":\"ImageObject\",\"inLanguage\":\"fr-FR\",\"@id\":\"https:\/\/www.diocese-limoges.fr\/haute-vienne\/actualites\/pelerinage-a-notre-dame-darliquet-du-18-septembre\/#primaryimage\",\"url\":\"https:\/\/www.diocese-limoges.fr\/haute-vienne\/wp-content\/uploads\/sites\/4\/2022\/09\/nda-ostensions2023-bandeau-v3.jpg\",\"contentUrl\":\"https:\/\/www.diocese-limoges.fr\/haute-vienne\/wp-content\/uploads\/sites\/4\/2022\/09\/nda-ostensions2023-bandeau-v3.jpg\",\"width\":1754,\"height\":549},{\"@type\":\"BreadcrumbList\",\"@id\":\"https:\/\/www.diocese-limoges.fr\/haute-vienne\/actualites\/pelerinage-a-notre-dame-darliquet-du-18-septembre\/#breadcrumb\",\"itemListElement\":[{\"@type\":\"ListItem\",\"position\":1,\"name\":\"Accueil\",\"item\":\"https:\/\/www.diocese-limoges.fr\/haute-vienne\/\"},{\"@type\":\"ListItem\",\"position\":2,\"name\":\"P\u00c8LERINAGE \u00e0 Notre-Dame-d&rsquo;Arliquet du 18 septembre\"}]},{\"@type\":\"WebSite\",\"@id\":\"https:\/\/www.diocese-limoges.fr\/haute-vienne\/#website\",\"url\":\"https:\/\/www.diocese-limoges.fr\/haute-vienne\/\",\"name\":\"Doyenn\u00e9s de Haute Vienne\",\"description\":\"Dioc\u00e8se de Limoges\",\"potentialAction\":[{\"@type\":\"SearchAction\",\"target\":{\"@type\":\"EntryPoint\",\"urlTemplate\":\"https:\/\/www.diocese-limoges.fr\/haute-vienne\/?s={search_term_string}\"},\"query-input\":{\"@type\":\"PropertyValueSpecification\",\"valueRequired\":true,\"valueName\":\"search_term_string\"}}],\"inLanguage\":\"fr-FR\"},{\"@type\":\"Person\",\"@id\":\"https:\/\/www.diocese-limoges.fr\/haute-vienne\/#\/schema\/person\/d3c609b00f4f1396745c719afc5bb856\",\"name\":\"assomption\",\"image\":{\"@type\":\"ImageObject\",\"inLanguage\":\"fr-FR\",\"@id\":\"https:\/\/www.diocese-limoges.fr\/haute-vienne\/#\/schema\/person\/image\/\",\"url\":\"https:\/\/secure.gravatar.com\/avatar\/f2acefd1e9fc403a08150335662ec86c9ad79ed7788b5fd72e75403773bfcf35?s=96&d=mm&r=g\",\"contentUrl\":\"https:\/\/secure.gravatar.com\/avatar\/f2acefd1e9fc403a08150335662ec86c9ad79ed7788b5fd72e75403773bfcf35?s=96&d=mm&r=g\",\"caption\":\"assomption\"},\"url\":\"https:\/\/www.diocese-limoges.fr\/haute-vienne\/author\/assomption\/\"}]}<\/script>\n<!-- \/ Yoast SEO plugin. -->","yoast_head_json":{"title":"P\u00c8LERINAGE \u00e0 Notre-Dame-d'Arliquet du 18 septembre - Doyenn\u00e9s de Haute Vienne","description":"P\u00e8lerinage \u00e0 Notre-Dame-d'Arliquet vers les Ostensions 2023","robots":{"index":"index","follow":"follow","max-snippet":"max-snippet:-1","max-image-preview":"max-image-preview:large","max-video-preview":"max-video-preview:-1"},"canonical":"https:\/\/www.diocese-limoges.fr\/haute-vienne\/actualites\/pelerinage-a-notre-dame-darliquet-du-18-septembre\/","og_locale":"fr_FR","og_type":"article","og_title":"P\u00c8LERINAGE \u00e0 Notre-Dame-d'Arliquet du 18 septembre - Doyenn\u00e9s de Haute Vienne","og_description":"P\u00e8lerinage \u00e0 Notre-Dame-d'Arliquet vers les Ostensions 2023","og_url":"https:\/\/www.diocese-limoges.fr\/haute-vienne\/actualites\/pelerinage-a-notre-dame-darliquet-du-18-septembre\/","og_site_name":"Doyenn\u00e9s de Haute Vienne","article_published_time":"2022-09-05T15:45:38+00:00","article_modified_time":"2022-09-08T13:50:41+00:00","og_image":[{"width":1754,"height":549,"url":"https:\/\/www.diocese-limoges.fr\/haute-vienne\/wp-content\/uploads\/sites\/4\/2022\/09\/nda-ostensions2023-bandeau-v3.jpg","type":"image\/jpeg"}],"author":"assomption","twitter_card":"summary_large_image","twitter_misc":{"\u00c9crit par":"assomption","Dur\u00e9e de lecture estim\u00e9e":"2 minutes"},"schema":{"@context":"https:\/\/schema.org","@graph":[{"@type":"WebPage","@id":"https:\/\/www.diocese-limoges.fr\/haute-vienne\/actualites\/pelerinage-a-notre-dame-darliquet-du-18-septembre\/","url":"https:\/\/www.diocese-limoges.fr\/haute-vienne\/actualites\/pelerinage-a-notre-dame-darliquet-du-18-septembre\/","name":"P\u00c8LERINAGE \u00e0 Notre-Dame-d'Arliquet du 18 septembre - Doyenn\u00e9s de Haute Vienne","isPartOf":{"@id":"https:\/\/www.diocese-limoges.fr\/haute-vienne\/#website"},"primaryImageOfPage":{"@id":"https:\/\/www.diocese-limoges.fr\/haute-vienne\/actualites\/pelerinage-a-notre-dame-darliquet-du-18-septembre\/#primaryimage"},"image":{"@id":"https:\/\/www.diocese-limoges.fr\/haute-vienne\/actualites\/pelerinage-a-notre-dame-darliquet-du-18-septembre\/#primaryimage"},"thumbnailUrl":"https:\/\/www.diocese-limoges.fr\/haute-vienne\/wp-content\/uploads\/sites\/4\/2022\/09\/nda-ostensions2023-bandeau-v3.jpg","datePublished":"2022-09-05T15:45:38+00:00","dateModified":"2022-09-08T13:50:41+00:00","author":{"@id":"https:\/\/www.diocese-limoges.fr\/haute-vienne\/#\/schema\/person\/d3c609b00f4f1396745c719afc5bb856"},"description":"P\u00e8lerinage \u00e0 Notre-Dame-d'Arliquet vers les Ostensions 2023","breadcrumb":{"@id":"https:\/\/www.diocese-limoges.fr\/haute-vienne\/actualites\/pelerinage-a-notre-dame-darliquet-du-18-septembre\/#breadcrumb"},"inLanguage":"fr-FR","potentialAction":[{"@type":"ReadAction","target":["https:\/\/www.diocese-limoges.fr\/haute-vienne\/actualites\/pelerinage-a-notre-dame-darliquet-du-18-septembre\/"]}]},{"@type":"ImageObject","inLanguage":"fr-FR","@id":"https:\/\/www.diocese-limoges.fr\/haute-vienne\/actualites\/pelerinage-a-notre-dame-darliquet-du-18-septembre\/#primaryimage","url":"https:\/\/www.diocese-limoges.fr\/haute-vienne\/wp-content\/uploads\/sites\/4\/2022\/09\/nda-ostensions2023-bandeau-v3.jpg","contentUrl":"https:\/\/www.diocese-limoges.fr\/haute-vienne\/wp-content\/uploads\/sites\/4\/2022\/09\/nda-ostensions2023-bandeau-v3.jpg","width":1754,"height":549},{"@type":"BreadcrumbList","@id":"https:\/\/www.diocese-limoges.fr\/haute-vienne\/actualites\/pelerinage-a-notre-dame-darliquet-du-18-septembre\/#breadcrumb","itemListElement":[{"@type":"ListItem","position":1,"name":"Accueil","item":"https:\/\/www.diocese-limoges.fr\/haute-vienne\/"},{"@type":"ListItem","position":2,"name":"P\u00c8LERINAGE \u00e0 Notre-Dame-d&rsquo;Arliquet du 18 septembre"}]},{"@type":"WebSite","@id":"https:\/\/www.diocese-limoges.fr\/haute-vienne\/#website","url":"https:\/\/www.diocese-limoges.fr\/haute-vienne\/","name":"Doyenn\u00e9s de Haute Vienne","description":"Dioc\u00e8se de Limoges","potentialAction":[{"@type":"SearchAction","target":{"@type":"EntryPoint","urlTemplate":"https:\/\/www.diocese-limoges.fr\/haute-vienne\/?s={search_term_string}"},"query-input":{"@type":"PropertyValueSpecification","valueRequired":true,"valueName":"search_term_string"}}],"inLanguage":"fr-FR"},{"@type":"Person","@id":"https:\/\/www.diocese-limoges.fr\/haute-vienne\/#\/schema\/person\/d3c609b00f4f1396745c719afc5bb856","name":"assomption","image":{"@type":"ImageObject","inLanguage":"fr-FR","@id":"https:\/\/www.diocese-limoges.fr\/haute-vienne\/#\/schema\/person\/image\/","url":"https:\/\/secure.gravatar.com\/avatar\/f2acefd1e9fc403a08150335662ec86c9ad79ed7788b5fd72e75403773bfcf35?s=96&d=mm&r=g","contentUrl":"https:\/\/secure.gravatar.com\/avatar\/f2acefd1e9fc403a08150335662ec86c9ad79ed7788b5fd72e75403773bfcf35?s=96&d=mm&r=g","caption":"assomption"},"url":"https:\/\/www.diocese-limoges.fr\/haute-vienne\/author\/assomption\/"}]}},"_links":{"self":[{"href":"https:\/\/www.diocese-limoges.fr\/haute-vienne\/wp-json\/wp\/v2\/posts\/2036","targetHints":{"allow":["GET"]}}],"collection":[{"href":"https:\/\/www.diocese-limoges.fr\/haute-vienne\/wp-json\/wp\/v2\/posts"}],"about":[{"href":"https:\/\/www.diocese-limoges.fr\/haute-vienne\/wp-json\/wp\/v2\/types\/post"}],"author":[{"embeddable":true,"href":"https:\/\/www.diocese-limoges.fr\/haute-vienne\/wp-json\/wp\/v2\/users\/7"}],"replies":[{"embeddable":true,"href":"https:\/\/www.diocese-limoges.fr\/haute-vienne\/wp-json\/wp\/v2\/comments?post=2036"}],"version-history":[{"count":4,"href":"https:\/\/www.diocese-limoges.fr\/haute-vienne\/wp-json\/wp\/v2\/posts\/2036\/revisions"}],"predecessor-version":[{"id":2579,"href":"https:\/\/www.diocese-limoges.fr\/haute-vienne\/wp-json\/wp\/v2\/posts\/2036\/revisions\/2579"}],"wp:featuredmedia":[{"embeddable":true,"href":"https:\/\/www.diocese-limoges.fr\/haute-vienne\/wp-json\/wp\/v2\/media\/2042"}],"wp:attachment":[{"href":"https:\/\/www.diocese-limoges.fr\/haute-vienne\/wp-json\/wp\/v2\/media?parent=2036"}],"wp:term":[{"taxonomy":"category","embeddable":true,"href":"https:\/\/www.diocese-limoges.fr\/haute-vienne\/wp-json\/wp\/v2\/categories?post=2036"},{"taxonomy":"post_tag","embeddable":true,"href":"https:\/\/www.diocese-limoges.fr\/haute-vienne\/wp-json\/wp\/v2\/tags?post=2036"}],"curies":[{"name":"wp","href":"https:\/\/api.w.org\/{rel}","templated":true}]}}