{"id":2568,"date":"2023-04-24T16:54:36","date_gmt":"2023-04-24T14:54:36","guid":{"rendered":"https:\/\/www.diocese-limoges.fr\/haute-vienne\/?p=2568"},"modified":"2023-04-25T10:33:26","modified_gmt":"2023-04-25T08:33:26","slug":"pelerinage-de-laumonerie-19-mars","status":"publish","type":"post","link":"https:\/\/www.diocese-limoges.fr\/haute-vienne\/actualites\/pelerinage-de-laumonerie-19-mars\/","title":{"rendered":"P\u00e8lerinage de l\u2019aum\u00f4nerie &#8211; 19 mars"},"content":{"rendered":"\n<p class=\"has-black-color has-pale-cyan-blue-background-color has-text-color has-background\">Ce samedi 18 mars, Sainte Claire avait r\u00e9pondu \u00e0 la pri\u00e8re des p\u00e8lerins et pas une goutte d\u2019eau n\u2019est venue troubler notre beau p\u00e8lerinage. La petite troupe de l\u2019aum\u00f4nerie de la paroisse de l&rsquo;Assomption a vu les renforts venir de Ch\u00e2lus et de l\u2019aum\u00f4nerie du Z\u00e9phir du Saint-Esprit de la paroisse Saint-Jacques en Creuse. Accompagn\u00e9 par le p\u00e8re Luc-Ars\u00e8ne Nkwar de la Souterraine, tout le monde a joyeusement emprunt\u00e9 les chemins de traverse entre Flavignac et le bourg des Cars. Ensuite, les jeunes ont pu, au sec, contribuer \u00e0 la d\u00e9coration des Ostensions en commen\u00e7ant la confection de panneaux de fleurs, gr\u00e2ce \u00e0 l\u2019hospitalit\u00e9 de R\u00e9gis dans son atelier APROBOIS. Merci beaucoup R\u00e9gis pour votre accueil et votre beau t\u00e9moignage ! Cette belle journ\u00e9e s\u2019est termin\u00e9e par une messe, c\u00e9l\u00e9br\u00e9e dans l\u2019\u00e9glise des Cars par notre cur\u00e9 et anim\u00e9e par les paroissiens de St Joseph des Feuillardiers.<\/p>\n\n\n\n<figure class=\"wp-block-image size-full is-style-rounded\"><img loading=\"lazy\" decoding=\"async\" width=\"613\" height=\"817\" src=\"https:\/\/www.diocese-limoges.fr\/haute-vienne\/wp-content\/uploads\/sites\/4\/2023\/04\/marche-aumonerie.jpg\" alt=\"Confection Fleurs Ostensions Aixe 2023\" class=\"wp-image-2573\" srcset=\"https:\/\/www.diocese-limoges.fr\/haute-vienne\/wp-content\/uploads\/sites\/4\/2023\/04\/marche-aumonerie.jpg 613w, https:\/\/www.diocese-limoges.fr\/haute-vienne\/wp-content\/uploads\/sites\/4\/2023\/04\/marche-aumonerie-225x300.jpg 225w\" sizes=\"auto, (max-width: 613px) 100vw, 613px\" \/><figcaption>Confection de fleurs pour les Ostensions d&rsquo;Aixe-sur-Vienne<\/figcaption><\/figure>\n","protected":false},"excerpt":{"rendered":"<p>Ce samedi 18 mars, Sainte Claire avait r\u00e9pondu \u00e0 la pri\u00e8re des p\u00e8lerins et pas une goutte d\u2019eau n\u2019est venue troubler notre beau p\u00e8lerinage. La petite troupe de l\u2019aum\u00f4nerie de la paroisse de l&rsquo;Assomption a vu les renforts venir de Ch\u00e2lus et de l\u2019aum\u00f4nerie du Z\u00e9phir du Saint-Esprit de la paroisse Saint-Jacques en Creuse. Accompagn\u00e9 [&hellip;]<\/p>\n","protected":false},"author":7,"featured_media":2586,"comment_status":"closed","ping_status":"open","sticky":false,"template":"","format":"standard","meta":{"_acf_changed":false,"footnotes":""},"categories":[1,7],"tags":[],"class_list":["post-2568","post","type-post","status-publish","format-standard","has-post-thumbnail","hentry","category-actualites","category-lassomption"],"acf":[],"yoast_head":"<!-- This site is optimized with the Yoast SEO plugin v26.4 - https:\/\/yoast.com\/wordpress\/plugins\/seo\/ -->\n<title>P\u00e8lerinage de l\u2019aum\u00f4nerie - 19 mars - Doyenn\u00e9s de Haute Vienne<\/title>\n<meta name=\"description\" content=\"P\u00e8lerinage-Aum\u00f4nerie-Assomption-Feuillardiers\" \/>\n<meta name=\"robots\" content=\"index, follow, max-snippet:-1, max-image-preview:large, max-video-preview:-1\" \/>\n<link rel=\"canonical\" href=\"https:\/\/www.diocese-limoges.fr\/haute-vienne\/actualites\/pelerinage-de-laumonerie-19-mars\/\" \/>\n<meta property=\"og:locale\" content=\"fr_FR\" \/>\n<meta property=\"og:type\" content=\"article\" \/>\n<meta property=\"og:title\" content=\"P\u00e8lerinage de l\u2019aum\u00f4nerie - 19 mars - Doyenn\u00e9s de Haute Vienne\" \/>\n<meta property=\"og:description\" content=\"P\u00e8lerinage-Aum\u00f4nerie-Assomption-Feuillardiers\" \/>\n<meta property=\"og:url\" content=\"https:\/\/www.diocese-limoges.fr\/haute-vienne\/actualites\/pelerinage-de-laumonerie-19-mars\/\" \/>\n<meta property=\"og:site_name\" content=\"Doyenn\u00e9s de Haute Vienne\" \/>\n<meta property=\"article:published_time\" content=\"2023-04-24T14:54:36+00:00\" \/>\n<meta property=\"article:modified_time\" content=\"2023-04-25T08:33:26+00:00\" \/>\n<meta property=\"og:image\" content=\"https:\/\/www.diocese-limoges.fr\/haute-vienne\/wp-content\/uploads\/sites\/4\/2023\/04\/pelerinage-aumonerie-aixe-01-scaled.jpg\" \/>\n\t<meta property=\"og:image:width\" content=\"2560\" \/>\n\t<meta property=\"og:image:height\" content=\"956\" \/>\n\t<meta property=\"og:image:type\" content=\"image\/jpeg\" \/>\n<meta name=\"author\" content=\"assomption\" \/>\n<meta name=\"twitter:card\" content=\"summary_large_image\" \/>\n<meta name=\"twitter:label1\" content=\"\u00c9crit par\" \/>\n\t<meta name=\"twitter:data1\" content=\"assomption\" \/>\n\t<meta name=\"twitter:label2\" content=\"Dur\u00e9e de lecture estim\u00e9e\" \/>\n\t<meta name=\"twitter:data2\" content=\"1 minute\" \/>\n<script type=\"application\/ld+json\" class=\"yoast-schema-graph\">{\"@context\":\"https:\/\/schema.org\",\"@graph\":[{\"@type\":\"WebPage\",\"@id\":\"https:\/\/www.diocese-limoges.fr\/haute-vienne\/actualites\/pelerinage-de-laumonerie-19-mars\/\",\"url\":\"https:\/\/www.diocese-limoges.fr\/haute-vienne\/actualites\/pelerinage-de-laumonerie-19-mars\/\",\"name\":\"P\u00e8lerinage de l\u2019aum\u00f4nerie - 19 mars - Doyenn\u00e9s de Haute Vienne\",\"isPartOf\":{\"@id\":\"https:\/\/www.diocese-limoges.fr\/haute-vienne\/#website\"},\"primaryImageOfPage\":{\"@id\":\"https:\/\/www.diocese-limoges.fr\/haute-vienne\/actualites\/pelerinage-de-laumonerie-19-mars\/#primaryimage\"},\"image\":{\"@id\":\"https:\/\/www.diocese-limoges.fr\/haute-vienne\/actualites\/pelerinage-de-laumonerie-19-mars\/#primaryimage\"},\"thumbnailUrl\":\"https:\/\/www.diocese-limoges.fr\/haute-vienne\/wp-content\/uploads\/sites\/4\/2023\/04\/pelerinage-aumonerie-aixe-01-scaled.jpg\",\"datePublished\":\"2023-04-24T14:54:36+00:00\",\"dateModified\":\"2023-04-25T08:33:26+00:00\",\"author\":{\"@id\":\"https:\/\/www.diocese-limoges.fr\/haute-vienne\/#\/schema\/person\/d3c609b00f4f1396745c719afc5bb856\"},\"description\":\"P\u00e8lerinage-Aum\u00f4nerie-Assomption-Feuillardiers\",\"breadcrumb\":{\"@id\":\"https:\/\/www.diocese-limoges.fr\/haute-vienne\/actualites\/pelerinage-de-laumonerie-19-mars\/#breadcrumb\"},\"inLanguage\":\"fr-FR\",\"potentialAction\":[{\"@type\":\"ReadAction\",\"target\":[\"https:\/\/www.diocese-limoges.fr\/haute-vienne\/actualites\/pelerinage-de-laumonerie-19-mars\/\"]}]},{\"@type\":\"ImageObject\",\"inLanguage\":\"fr-FR\",\"@id\":\"https:\/\/www.diocese-limoges.fr\/haute-vienne\/actualites\/pelerinage-de-laumonerie-19-mars\/#primaryimage\",\"url\":\"https:\/\/www.diocese-limoges.fr\/haute-vienne\/wp-content\/uploads\/sites\/4\/2023\/04\/pelerinage-aumonerie-aixe-01-scaled.jpg\",\"contentUrl\":\"https:\/\/www.diocese-limoges.fr\/haute-vienne\/wp-content\/uploads\/sites\/4\/2023\/04\/pelerinage-aumonerie-aixe-01-scaled.jpg\",\"width\":2560,\"height\":956},{\"@type\":\"BreadcrumbList\",\"@id\":\"https:\/\/www.diocese-limoges.fr\/haute-vienne\/actualites\/pelerinage-de-laumonerie-19-mars\/#breadcrumb\",\"itemListElement\":[{\"@type\":\"ListItem\",\"position\":1,\"name\":\"Accueil\",\"item\":\"https:\/\/www.diocese-limoges.fr\/haute-vienne\/\"},{\"@type\":\"ListItem\",\"position\":2,\"name\":\"P\u00e8lerinage de l\u2019aum\u00f4nerie &#8211; 19 mars\"}]},{\"@type\":\"WebSite\",\"@id\":\"https:\/\/www.diocese-limoges.fr\/haute-vienne\/#website\",\"url\":\"https:\/\/www.diocese-limoges.fr\/haute-vienne\/\",\"name\":\"Doyenn\u00e9s de Haute Vienne\",\"description\":\"Dioc\u00e8se de Limoges\",\"potentialAction\":[{\"@type\":\"SearchAction\",\"target\":{\"@type\":\"EntryPoint\",\"urlTemplate\":\"https:\/\/www.diocese-limoges.fr\/haute-vienne\/?s={search_term_string}\"},\"query-input\":{\"@type\":\"PropertyValueSpecification\",\"valueRequired\":true,\"valueName\":\"search_term_string\"}}],\"inLanguage\":\"fr-FR\"},{\"@type\":\"Person\",\"@id\":\"https:\/\/www.diocese-limoges.fr\/haute-vienne\/#\/schema\/person\/d3c609b00f4f1396745c719afc5bb856\",\"name\":\"assomption\",\"image\":{\"@type\":\"ImageObject\",\"inLanguage\":\"fr-FR\",\"@id\":\"https:\/\/www.diocese-limoges.fr\/haute-vienne\/#\/schema\/person\/image\/\",\"url\":\"https:\/\/secure.gravatar.com\/avatar\/f2acefd1e9fc403a08150335662ec86c9ad79ed7788b5fd72e75403773bfcf35?s=96&d=mm&r=g\",\"contentUrl\":\"https:\/\/secure.gravatar.com\/avatar\/f2acefd1e9fc403a08150335662ec86c9ad79ed7788b5fd72e75403773bfcf35?s=96&d=mm&r=g\",\"caption\":\"assomption\"},\"url\":\"https:\/\/www.diocese-limoges.fr\/haute-vienne\/author\/assomption\/\"}]}<\/script>\n<!-- \/ Yoast SEO plugin. -->","yoast_head_json":{"title":"P\u00e8lerinage de l\u2019aum\u00f4nerie - 19 mars - Doyenn\u00e9s de Haute Vienne","description":"P\u00e8lerinage-Aum\u00f4nerie-Assomption-Feuillardiers","robots":{"index":"index","follow":"follow","max-snippet":"max-snippet:-1","max-image-preview":"max-image-preview:large","max-video-preview":"max-video-preview:-1"},"canonical":"https:\/\/www.diocese-limoges.fr\/haute-vienne\/actualites\/pelerinage-de-laumonerie-19-mars\/","og_locale":"fr_FR","og_type":"article","og_title":"P\u00e8lerinage de l\u2019aum\u00f4nerie - 19 mars - Doyenn\u00e9s de Haute Vienne","og_description":"P\u00e8lerinage-Aum\u00f4nerie-Assomption-Feuillardiers","og_url":"https:\/\/www.diocese-limoges.fr\/haute-vienne\/actualites\/pelerinage-de-laumonerie-19-mars\/","og_site_name":"Doyenn\u00e9s de Haute Vienne","article_published_time":"2023-04-24T14:54:36+00:00","article_modified_time":"2023-04-25T08:33:26+00:00","og_image":[{"width":2560,"height":956,"url":"https:\/\/www.diocese-limoges.fr\/haute-vienne\/wp-content\/uploads\/sites\/4\/2023\/04\/pelerinage-aumonerie-aixe-01-scaled.jpg","type":"image\/jpeg"}],"author":"assomption","twitter_card":"summary_large_image","twitter_misc":{"\u00c9crit par":"assomption","Dur\u00e9e de lecture estim\u00e9e":"1 minute"},"schema":{"@context":"https:\/\/schema.org","@graph":[{"@type":"WebPage","@id":"https:\/\/www.diocese-limoges.fr\/haute-vienne\/actualites\/pelerinage-de-laumonerie-19-mars\/","url":"https:\/\/www.diocese-limoges.fr\/haute-vienne\/actualites\/pelerinage-de-laumonerie-19-mars\/","name":"P\u00e8lerinage de l\u2019aum\u00f4nerie - 19 mars - Doyenn\u00e9s de Haute Vienne","isPartOf":{"@id":"https:\/\/www.diocese-limoges.fr\/haute-vienne\/#website"},"primaryImageOfPage":{"@id":"https:\/\/www.diocese-limoges.fr\/haute-vienne\/actualites\/pelerinage-de-laumonerie-19-mars\/#primaryimage"},"image":{"@id":"https:\/\/www.diocese-limoges.fr\/haute-vienne\/actualites\/pelerinage-de-laumonerie-19-mars\/#primaryimage"},"thumbnailUrl":"https:\/\/www.diocese-limoges.fr\/haute-vienne\/wp-content\/uploads\/sites\/4\/2023\/04\/pelerinage-aumonerie-aixe-01-scaled.jpg","datePublished":"2023-04-24T14:54:36+00:00","dateModified":"2023-04-25T08:33:26+00:00","author":{"@id":"https:\/\/www.diocese-limoges.fr\/haute-vienne\/#\/schema\/person\/d3c609b00f4f1396745c719afc5bb856"},"description":"P\u00e8lerinage-Aum\u00f4nerie-Assomption-Feuillardiers","breadcrumb":{"@id":"https:\/\/www.diocese-limoges.fr\/haute-vienne\/actualites\/pelerinage-de-laumonerie-19-mars\/#breadcrumb"},"inLanguage":"fr-FR","potentialAction":[{"@type":"ReadAction","target":["https:\/\/www.diocese-limoges.fr\/haute-vienne\/actualites\/pelerinage-de-laumonerie-19-mars\/"]}]},{"@type":"ImageObject","inLanguage":"fr-FR","@id":"https:\/\/www.diocese-limoges.fr\/haute-vienne\/actualites\/pelerinage-de-laumonerie-19-mars\/#primaryimage","url":"https:\/\/www.diocese-limoges.fr\/haute-vienne\/wp-content\/uploads\/sites\/4\/2023\/04\/pelerinage-aumonerie-aixe-01-scaled.jpg","contentUrl":"https:\/\/www.diocese-limoges.fr\/haute-vienne\/wp-content\/uploads\/sites\/4\/2023\/04\/pelerinage-aumonerie-aixe-01-scaled.jpg","width":2560,"height":956},{"@type":"BreadcrumbList","@id":"https:\/\/www.diocese-limoges.fr\/haute-vienne\/actualites\/pelerinage-de-laumonerie-19-mars\/#breadcrumb","itemListElement":[{"@type":"ListItem","position":1,"name":"Accueil","item":"https:\/\/www.diocese-limoges.fr\/haute-vienne\/"},{"@type":"ListItem","position":2,"name":"P\u00e8lerinage de l\u2019aum\u00f4nerie &#8211; 19 mars"}]},{"@type":"WebSite","@id":"https:\/\/www.diocese-limoges.fr\/haute-vienne\/#website","url":"https:\/\/www.diocese-limoges.fr\/haute-vienne\/","name":"Doyenn\u00e9s de Haute Vienne","description":"Dioc\u00e8se de Limoges","potentialAction":[{"@type":"SearchAction","target":{"@type":"EntryPoint","urlTemplate":"https:\/\/www.diocese-limoges.fr\/haute-vienne\/?s={search_term_string}"},"query-input":{"@type":"PropertyValueSpecification","valueRequired":true,"valueName":"search_term_string"}}],"inLanguage":"fr-FR"},{"@type":"Person","@id":"https:\/\/www.diocese-limoges.fr\/haute-vienne\/#\/schema\/person\/d3c609b00f4f1396745c719afc5bb856","name":"assomption","image":{"@type":"ImageObject","inLanguage":"fr-FR","@id":"https:\/\/www.diocese-limoges.fr\/haute-vienne\/#\/schema\/person\/image\/","url":"https:\/\/secure.gravatar.com\/avatar\/f2acefd1e9fc403a08150335662ec86c9ad79ed7788b5fd72e75403773bfcf35?s=96&d=mm&r=g","contentUrl":"https:\/\/secure.gravatar.com\/avatar\/f2acefd1e9fc403a08150335662ec86c9ad79ed7788b5fd72e75403773bfcf35?s=96&d=mm&r=g","caption":"assomption"},"url":"https:\/\/www.diocese-limoges.fr\/haute-vienne\/author\/assomption\/"}]}},"_links":{"self":[{"href":"https:\/\/www.diocese-limoges.fr\/haute-vienne\/wp-json\/wp\/v2\/posts\/2568","targetHints":{"allow":["GET"]}}],"collection":[{"href":"https:\/\/www.diocese-limoges.fr\/haute-vienne\/wp-json\/wp\/v2\/posts"}],"about":[{"href":"https:\/\/www.diocese-limoges.fr\/haute-vienne\/wp-json\/wp\/v2\/types\/post"}],"author":[{"embeddable":true,"href":"https:\/\/www.diocese-limoges.fr\/haute-vienne\/wp-json\/wp\/v2\/users\/7"}],"replies":[{"embeddable":true,"href":"https:\/\/www.diocese-limoges.fr\/haute-vienne\/wp-json\/wp\/v2\/comments?post=2568"}],"version-history":[{"count":5,"href":"https:\/\/www.diocese-limoges.fr\/haute-vienne\/wp-json\/wp\/v2\/posts\/2568\/revisions"}],"predecessor-version":[{"id":2590,"href":"https:\/\/www.diocese-limoges.fr\/haute-vienne\/wp-json\/wp\/v2\/posts\/2568\/revisions\/2590"}],"wp:featuredmedia":[{"embeddable":true,"href":"https:\/\/www.diocese-limoges.fr\/haute-vienne\/wp-json\/wp\/v2\/media\/2586"}],"wp:attachment":[{"href":"https:\/\/www.diocese-limoges.fr\/haute-vienne\/wp-json\/wp\/v2\/media?parent=2568"}],"wp:term":[{"taxonomy":"category","embeddable":true,"href":"https:\/\/www.diocese-limoges.fr\/haute-vienne\/wp-json\/wp\/v2\/categories?post=2568"},{"taxonomy":"post_tag","embeddable":true,"href":"https:\/\/www.diocese-limoges.fr\/haute-vienne\/wp-json\/wp\/v2\/tags?post=2568"}],"curies":[{"name":"wp","href":"https:\/\/api.w.org\/{rel}","templated":true}]}}