{"id":3046,"date":"2023-09-05T14:48:25","date_gmt":"2023-09-05T12:48:25","guid":{"rendered":"https:\/\/www.diocese-limoges.fr\/haute-vienne\/?p=3046"},"modified":"2023-09-21T18:54:48","modified_gmt":"2023-09-21T16:54:48","slug":"pelerinage-a-notre-dame-darliquet","status":"publish","type":"post","link":"https:\/\/www.diocese-limoges.fr\/haute-vienne\/actualites\/pelerinage-a-notre-dame-darliquet\/","title":{"rendered":"P\u00e8lerinage \u00e0 Notre Dame d&rsquo;Arliquet"},"content":{"rendered":"\n<p>Le 17 septembre nous sommes tous invit\u00e9s \u00e0 nous&nbsp; rassembler \u00e0 Arliquet pour le p\u00e8lerinage \u00e0 Notre Dame, qui aura pour th\u00e8me&nbsp;: <\/p>\n\n\n\n<p>Avec Marie, accueillir les dons de l\u2019Esprit.<\/p>\n\n\n\n<p>Le chemin marial, qui d\u00e9butera \u00e0 14h30 devant la chapelle d\u2019Arliquet, nous offrira l\u2019occasion, au cours de ses sept \u2018stations\u2019,&nbsp; de m\u00e9diter la Parole et de prier Marie pour que nous sachions demander \u00e0 l\u2019Esprit Saint de recevoir la gr\u00e2ce divine par ses 7 dons&nbsp;: Sagesse, Intelligence, Science, Force, Conseil, Pi\u00e9t\u00e9 et Crainte.<\/p>\n\n\n\n<p>La messe, \u00e0 16h00, sera pr\u00e9sid\u00e9e par Mgr Blondel.<\/p>\n\n\n\n\n\n<div data-wp-interactive=\"core\/file\" class=\"wp-block-file\"><object data-wp-bind--hidden=\"!state.hasPdfPreview\" hidden class=\"wp-block-file__embed\" data=\"https:\/\/www.diocese-limoges.fr\/haute-vienne\/wp-content\/uploads\/sites\/4\/2023\/09\/pelerinage-arliquet-2023-affiche.pdf\" type=\"application\/pdf\" style=\"width:100%;height:600px\" aria-label=\"Contenu embarqu\u00e9 pelerinage-arliquet-2023-affiche.\"><\/object><a id=\"wp-block-file--media-ca2fd8cb-af6e-439c-aa25-9dbb20ff4e13\" href=\"https:\/\/www.diocese-limoges.fr\/haute-vienne\/wp-content\/uploads\/sites\/4\/2023\/09\/pelerinage-arliquet-2023-affiche.pdf\">pelerinage-arliquet-2023-affiche<\/a><a href=\"https:\/\/www.diocese-limoges.fr\/haute-vienne\/wp-content\/uploads\/sites\/4\/2023\/09\/pelerinage-arliquet-2023-affiche.pdf\" class=\"wp-block-file__button wp-element-button\" download aria-describedby=\"wp-block-file--media-ca2fd8cb-af6e-439c-aa25-9dbb20ff4e13\">T\u00e9l\u00e9charger<\/a><\/div>\n\n\n\n<p><\/p>\n","protected":false},"excerpt":{"rendered":"<p>Le 17 septembre nous sommes tous invit\u00e9s \u00e0 nous&nbsp; rassembler \u00e0 Arliquet pour le p\u00e8lerinage \u00e0 Notre Dame, qui aura pour th\u00e8me&nbsp;: Avec Marie, accueillir les dons de l\u2019Esprit. Le chemin marial, qui d\u00e9butera \u00e0 14h30 devant la chapelle d\u2019Arliquet, nous offrira l\u2019occasion, au cours de ses sept \u2018stations\u2019,&nbsp; de m\u00e9diter la Parole et de [&hellip;]<\/p>\n","protected":false},"author":7,"featured_media":3050,"comment_status":"closed","ping_status":"open","sticky":false,"template":"","format":"standard","meta":{"_acf_changed":false,"footnotes":""},"categories":[7],"tags":[4,2,3],"class_list":["post-3046","post","type-post","status-publish","format-standard","has-post-thumbnail","hentry","category-lassomption","tag-arliquet","tag-paroisse-assomption","tag-pelerinage"],"acf":[],"yoast_head":"<!-- This site is optimized with the Yoast SEO plugin v26.4 - https:\/\/yoast.com\/wordpress\/plugins\/seo\/ -->\n<title>P\u00e8lerinage \u00e0 Notre Dame d&#039;Arliquet - Doyenn\u00e9s de Haute Vienne<\/title>\n<meta name=\"robots\" content=\"index, follow, max-snippet:-1, max-image-preview:large, max-video-preview:-1\" \/>\n<link rel=\"canonical\" href=\"https:\/\/www.diocese-limoges.fr\/haute-vienne\/actualites\/pelerinage-a-notre-dame-darliquet\/\" \/>\n<meta property=\"og:locale\" content=\"fr_FR\" \/>\n<meta property=\"og:type\" content=\"article\" \/>\n<meta property=\"og:title\" content=\"P\u00e8lerinage \u00e0 Notre Dame d&#039;Arliquet - Doyenn\u00e9s de Haute Vienne\" \/>\n<meta property=\"og:description\" content=\"Le 17 septembre nous sommes tous invit\u00e9s \u00e0 nous&nbsp; rassembler \u00e0 Arliquet pour le p\u00e8lerinage \u00e0 Notre Dame, qui aura pour th\u00e8me&nbsp;: Avec Marie, accueillir les dons de l\u2019Esprit. Le chemin marial, qui d\u00e9butera \u00e0 14h30 devant la chapelle d\u2019Arliquet, nous offrira l\u2019occasion, au cours de ses sept \u2018stations\u2019,&nbsp; de m\u00e9diter la Parole et de [&hellip;]\" \/>\n<meta property=\"og:url\" content=\"https:\/\/www.diocese-limoges.fr\/haute-vienne\/actualites\/pelerinage-a-notre-dame-darliquet\/\" \/>\n<meta property=\"og:site_name\" content=\"Doyenn\u00e9s de Haute Vienne\" \/>\n<meta property=\"article:published_time\" content=\"2023-09-05T12:48:25+00:00\" \/>\n<meta property=\"article:modified_time\" content=\"2023-09-21T16:54:48+00:00\" \/>\n<meta property=\"og:image\" content=\"https:\/\/www.diocese-limoges.fr\/haute-vienne\/wp-content\/uploads\/sites\/4\/2023\/09\/piete.jpg\" \/>\n\t<meta property=\"og:image:width\" content=\"1192\" \/>\n\t<meta property=\"og:image:height\" content=\"549\" \/>\n\t<meta property=\"og:image:type\" content=\"image\/jpeg\" \/>\n<meta name=\"author\" content=\"assomption\" \/>\n<meta name=\"twitter:card\" content=\"summary_large_image\" \/>\n<meta name=\"twitter:label1\" content=\"\u00c9crit par\" \/>\n\t<meta name=\"twitter:data1\" content=\"assomption\" \/>\n\t<meta name=\"twitter:label2\" content=\"Dur\u00e9e de lecture estim\u00e9e\" \/>\n\t<meta name=\"twitter:data2\" content=\"1 minute\" \/>\n<script type=\"application\/ld+json\" class=\"yoast-schema-graph\">{\"@context\":\"https:\/\/schema.org\",\"@graph\":[{\"@type\":\"WebPage\",\"@id\":\"https:\/\/www.diocese-limoges.fr\/haute-vienne\/actualites\/pelerinage-a-notre-dame-darliquet\/\",\"url\":\"https:\/\/www.diocese-limoges.fr\/haute-vienne\/actualites\/pelerinage-a-notre-dame-darliquet\/\",\"name\":\"P\u00e8lerinage \u00e0 Notre Dame d'Arliquet - Doyenn\u00e9s de Haute Vienne\",\"isPartOf\":{\"@id\":\"https:\/\/www.diocese-limoges.fr\/haute-vienne\/#website\"},\"primaryImageOfPage\":{\"@id\":\"https:\/\/www.diocese-limoges.fr\/haute-vienne\/actualites\/pelerinage-a-notre-dame-darliquet\/#primaryimage\"},\"image\":{\"@id\":\"https:\/\/www.diocese-limoges.fr\/haute-vienne\/actualites\/pelerinage-a-notre-dame-darliquet\/#primaryimage\"},\"thumbnailUrl\":\"https:\/\/www.diocese-limoges.fr\/haute-vienne\/wp-content\/uploads\/sites\/4\/2023\/09\/piete.jpg\",\"datePublished\":\"2023-09-05T12:48:25+00:00\",\"dateModified\":\"2023-09-21T16:54:48+00:00\",\"author\":{\"@id\":\"https:\/\/www.diocese-limoges.fr\/haute-vienne\/#\/schema\/person\/d3c609b00f4f1396745c719afc5bb856\"},\"breadcrumb\":{\"@id\":\"https:\/\/www.diocese-limoges.fr\/haute-vienne\/actualites\/pelerinage-a-notre-dame-darliquet\/#breadcrumb\"},\"inLanguage\":\"fr-FR\",\"potentialAction\":[{\"@type\":\"ReadAction\",\"target\":[\"https:\/\/www.diocese-limoges.fr\/haute-vienne\/actualites\/pelerinage-a-notre-dame-darliquet\/\"]}]},{\"@type\":\"ImageObject\",\"inLanguage\":\"fr-FR\",\"@id\":\"https:\/\/www.diocese-limoges.fr\/haute-vienne\/actualites\/pelerinage-a-notre-dame-darliquet\/#primaryimage\",\"url\":\"https:\/\/www.diocese-limoges.fr\/haute-vienne\/wp-content\/uploads\/sites\/4\/2023\/09\/piete.jpg\",\"contentUrl\":\"https:\/\/www.diocese-limoges.fr\/haute-vienne\/wp-content\/uploads\/sites\/4\/2023\/09\/piete.jpg\",\"width\":1192,\"height\":549},{\"@type\":\"BreadcrumbList\",\"@id\":\"https:\/\/www.diocese-limoges.fr\/haute-vienne\/actualites\/pelerinage-a-notre-dame-darliquet\/#breadcrumb\",\"itemListElement\":[{\"@type\":\"ListItem\",\"position\":1,\"name\":\"Accueil\",\"item\":\"https:\/\/www.diocese-limoges.fr\/haute-vienne\/\"},{\"@type\":\"ListItem\",\"position\":2,\"name\":\"P\u00e8lerinage \u00e0 Notre Dame d&rsquo;Arliquet\"}]},{\"@type\":\"WebSite\",\"@id\":\"https:\/\/www.diocese-limoges.fr\/haute-vienne\/#website\",\"url\":\"https:\/\/www.diocese-limoges.fr\/haute-vienne\/\",\"name\":\"Doyenn\u00e9s de Haute Vienne\",\"description\":\"Dioc\u00e8se de Limoges\",\"potentialAction\":[{\"@type\":\"SearchAction\",\"target\":{\"@type\":\"EntryPoint\",\"urlTemplate\":\"https:\/\/www.diocese-limoges.fr\/haute-vienne\/?s={search_term_string}\"},\"query-input\":{\"@type\":\"PropertyValueSpecification\",\"valueRequired\":true,\"valueName\":\"search_term_string\"}}],\"inLanguage\":\"fr-FR\"},{\"@type\":\"Person\",\"@id\":\"https:\/\/www.diocese-limoges.fr\/haute-vienne\/#\/schema\/person\/d3c609b00f4f1396745c719afc5bb856\",\"name\":\"assomption\",\"image\":{\"@type\":\"ImageObject\",\"inLanguage\":\"fr-FR\",\"@id\":\"https:\/\/www.diocese-limoges.fr\/haute-vienne\/#\/schema\/person\/image\/\",\"url\":\"https:\/\/secure.gravatar.com\/avatar\/f2acefd1e9fc403a08150335662ec86c9ad79ed7788b5fd72e75403773bfcf35?s=96&d=mm&r=g\",\"contentUrl\":\"https:\/\/secure.gravatar.com\/avatar\/f2acefd1e9fc403a08150335662ec86c9ad79ed7788b5fd72e75403773bfcf35?s=96&d=mm&r=g\",\"caption\":\"assomption\"},\"url\":\"https:\/\/www.diocese-limoges.fr\/haute-vienne\/author\/assomption\/\"}]}<\/script>\n<!-- \/ Yoast SEO plugin. -->","yoast_head_json":{"title":"P\u00e8lerinage \u00e0 Notre Dame d'Arliquet - Doyenn\u00e9s de Haute Vienne","robots":{"index":"index","follow":"follow","max-snippet":"max-snippet:-1","max-image-preview":"max-image-preview:large","max-video-preview":"max-video-preview:-1"},"canonical":"https:\/\/www.diocese-limoges.fr\/haute-vienne\/actualites\/pelerinage-a-notre-dame-darliquet\/","og_locale":"fr_FR","og_type":"article","og_title":"P\u00e8lerinage \u00e0 Notre Dame d'Arliquet - Doyenn\u00e9s de Haute Vienne","og_description":"Le 17 septembre nous sommes tous invit\u00e9s \u00e0 nous&nbsp; rassembler \u00e0 Arliquet pour le p\u00e8lerinage \u00e0 Notre Dame, qui aura pour th\u00e8me&nbsp;: Avec Marie, accueillir les dons de l\u2019Esprit. Le chemin marial, qui d\u00e9butera \u00e0 14h30 devant la chapelle d\u2019Arliquet, nous offrira l\u2019occasion, au cours de ses sept \u2018stations\u2019,&nbsp; de m\u00e9diter la Parole et de [&hellip;]","og_url":"https:\/\/www.diocese-limoges.fr\/haute-vienne\/actualites\/pelerinage-a-notre-dame-darliquet\/","og_site_name":"Doyenn\u00e9s de Haute Vienne","article_published_time":"2023-09-05T12:48:25+00:00","article_modified_time":"2023-09-21T16:54:48+00:00","og_image":[{"width":1192,"height":549,"url":"https:\/\/www.diocese-limoges.fr\/haute-vienne\/wp-content\/uploads\/sites\/4\/2023\/09\/piete.jpg","type":"image\/jpeg"}],"author":"assomption","twitter_card":"summary_large_image","twitter_misc":{"\u00c9crit par":"assomption","Dur\u00e9e de lecture estim\u00e9e":"1 minute"},"schema":{"@context":"https:\/\/schema.org","@graph":[{"@type":"WebPage","@id":"https:\/\/www.diocese-limoges.fr\/haute-vienne\/actualites\/pelerinage-a-notre-dame-darliquet\/","url":"https:\/\/www.diocese-limoges.fr\/haute-vienne\/actualites\/pelerinage-a-notre-dame-darliquet\/","name":"P\u00e8lerinage \u00e0 Notre Dame d'Arliquet - Doyenn\u00e9s de Haute Vienne","isPartOf":{"@id":"https:\/\/www.diocese-limoges.fr\/haute-vienne\/#website"},"primaryImageOfPage":{"@id":"https:\/\/www.diocese-limoges.fr\/haute-vienne\/actualites\/pelerinage-a-notre-dame-darliquet\/#primaryimage"},"image":{"@id":"https:\/\/www.diocese-limoges.fr\/haute-vienne\/actualites\/pelerinage-a-notre-dame-darliquet\/#primaryimage"},"thumbnailUrl":"https:\/\/www.diocese-limoges.fr\/haute-vienne\/wp-content\/uploads\/sites\/4\/2023\/09\/piete.jpg","datePublished":"2023-09-05T12:48:25+00:00","dateModified":"2023-09-21T16:54:48+00:00","author":{"@id":"https:\/\/www.diocese-limoges.fr\/haute-vienne\/#\/schema\/person\/d3c609b00f4f1396745c719afc5bb856"},"breadcrumb":{"@id":"https:\/\/www.diocese-limoges.fr\/haute-vienne\/actualites\/pelerinage-a-notre-dame-darliquet\/#breadcrumb"},"inLanguage":"fr-FR","potentialAction":[{"@type":"ReadAction","target":["https:\/\/www.diocese-limoges.fr\/haute-vienne\/actualites\/pelerinage-a-notre-dame-darliquet\/"]}]},{"@type":"ImageObject","inLanguage":"fr-FR","@id":"https:\/\/www.diocese-limoges.fr\/haute-vienne\/actualites\/pelerinage-a-notre-dame-darliquet\/#primaryimage","url":"https:\/\/www.diocese-limoges.fr\/haute-vienne\/wp-content\/uploads\/sites\/4\/2023\/09\/piete.jpg","contentUrl":"https:\/\/www.diocese-limoges.fr\/haute-vienne\/wp-content\/uploads\/sites\/4\/2023\/09\/piete.jpg","width":1192,"height":549},{"@type":"BreadcrumbList","@id":"https:\/\/www.diocese-limoges.fr\/haute-vienne\/actualites\/pelerinage-a-notre-dame-darliquet\/#breadcrumb","itemListElement":[{"@type":"ListItem","position":1,"name":"Accueil","item":"https:\/\/www.diocese-limoges.fr\/haute-vienne\/"},{"@type":"ListItem","position":2,"name":"P\u00e8lerinage \u00e0 Notre Dame d&rsquo;Arliquet"}]},{"@type":"WebSite","@id":"https:\/\/www.diocese-limoges.fr\/haute-vienne\/#website","url":"https:\/\/www.diocese-limoges.fr\/haute-vienne\/","name":"Doyenn\u00e9s de Haute Vienne","description":"Dioc\u00e8se de Limoges","potentialAction":[{"@type":"SearchAction","target":{"@type":"EntryPoint","urlTemplate":"https:\/\/www.diocese-limoges.fr\/haute-vienne\/?s={search_term_string}"},"query-input":{"@type":"PropertyValueSpecification","valueRequired":true,"valueName":"search_term_string"}}],"inLanguage":"fr-FR"},{"@type":"Person","@id":"https:\/\/www.diocese-limoges.fr\/haute-vienne\/#\/schema\/person\/d3c609b00f4f1396745c719afc5bb856","name":"assomption","image":{"@type":"ImageObject","inLanguage":"fr-FR","@id":"https:\/\/www.diocese-limoges.fr\/haute-vienne\/#\/schema\/person\/image\/","url":"https:\/\/secure.gravatar.com\/avatar\/f2acefd1e9fc403a08150335662ec86c9ad79ed7788b5fd72e75403773bfcf35?s=96&d=mm&r=g","contentUrl":"https:\/\/secure.gravatar.com\/avatar\/f2acefd1e9fc403a08150335662ec86c9ad79ed7788b5fd72e75403773bfcf35?s=96&d=mm&r=g","caption":"assomption"},"url":"https:\/\/www.diocese-limoges.fr\/haute-vienne\/author\/assomption\/"}]}},"_links":{"self":[{"href":"https:\/\/www.diocese-limoges.fr\/haute-vienne\/wp-json\/wp\/v2\/posts\/3046","targetHints":{"allow":["GET"]}}],"collection":[{"href":"https:\/\/www.diocese-limoges.fr\/haute-vienne\/wp-json\/wp\/v2\/posts"}],"about":[{"href":"https:\/\/www.diocese-limoges.fr\/haute-vienne\/wp-json\/wp\/v2\/types\/post"}],"author":[{"embeddable":true,"href":"https:\/\/www.diocese-limoges.fr\/haute-vienne\/wp-json\/wp\/v2\/users\/7"}],"replies":[{"embeddable":true,"href":"https:\/\/www.diocese-limoges.fr\/haute-vienne\/wp-json\/wp\/v2\/comments?post=3046"}],"version-history":[{"count":3,"href":"https:\/\/www.diocese-limoges.fr\/haute-vienne\/wp-json\/wp\/v2\/posts\/3046\/revisions"}],"predecessor-version":[{"id":3125,"href":"https:\/\/www.diocese-limoges.fr\/haute-vienne\/wp-json\/wp\/v2\/posts\/3046\/revisions\/3125"}],"wp:featuredmedia":[{"embeddable":true,"href":"https:\/\/www.diocese-limoges.fr\/haute-vienne\/wp-json\/wp\/v2\/media\/3050"}],"wp:attachment":[{"href":"https:\/\/www.diocese-limoges.fr\/haute-vienne\/wp-json\/wp\/v2\/media?parent=3046"}],"wp:term":[{"taxonomy":"category","embeddable":true,"href":"https:\/\/www.diocese-limoges.fr\/haute-vienne\/wp-json\/wp\/v2\/categories?post=3046"},{"taxonomy":"post_tag","embeddable":true,"href":"https:\/\/www.diocese-limoges.fr\/haute-vienne\/wp-json\/wp\/v2\/tags?post=3046"}],"curies":[{"name":"wp","href":"https:\/\/api.w.org\/{rel}","templated":true}]}}