{"id":3292,"date":"2023-11-06T18:36:23","date_gmt":"2023-11-06T17:36:23","guid":{"rendered":"https:\/\/www.diocese-limoges.fr\/haute-vienne\/?p=3292"},"modified":"2023-11-06T18:36:24","modified_gmt":"2023-11-06T17:36:24","slug":"les-ostensions-daixe-sur-vienne-2023-sont-finies","status":"publish","type":"post","link":"https:\/\/www.diocese-limoges.fr\/haute-vienne\/actualites\/les-ostensions-daixe-sur-vienne-2023-sont-finies\/","title":{"rendered":"Les Ostensions d\u2019Aixe sur Vienne 2023 sont finies !"},"content":{"rendered":"\n<p><strong>&nbsp;&nbsp;&nbsp;&nbsp;&nbsp;&nbsp;&nbsp;&nbsp;&nbsp;&nbsp;<\/strong>La page se tourne ! Durant plus d\u2019un an, de la pr\u00e9paration \u00e0 la descente du drapeau, les Ostensions 2023 d\u2019Aixe sur Vienne ont tenu leurs promesses : elles nous ont rempli de joie lors de nos rencontres, de nos c\u00e9l\u00e9brations et des moments de partage fraternels, que ce soit dans les clochers de la paroisse ou dans les villes ostensionaires qui ont accueilli Notre Dame d\u2019Arliquet.<\/p>\n\n\n\n<p>Mais voil\u00e0 ! Les fleurs et d\u00e9corations ayant surv\u00e9cu au d\u00e9luge du dimanche sont remis\u00e9es pour sept ans et le drapeau ne flotte plus sur le clocher de Sainte Croix.<\/p>\n\n\n\n<figure class=\"wp-block-image size-large\"><img loading=\"lazy\" decoding=\"async\" width=\"1024\" height=\"683\" src=\"https:\/\/www.diocese-limoges.fr\/haute-vienne\/wp-content\/uploads\/sites\/4\/2023\/11\/img_9355-1024x683.jpg\" alt=\"\" class=\"wp-image-3293\" srcset=\"https:\/\/www.diocese-limoges.fr\/haute-vienne\/wp-content\/uploads\/sites\/4\/2023\/11\/img_9355-1024x683.jpg 1024w, https:\/\/www.diocese-limoges.fr\/haute-vienne\/wp-content\/uploads\/sites\/4\/2023\/11\/img_9355-300x200.jpg 300w, https:\/\/www.diocese-limoges.fr\/haute-vienne\/wp-content\/uploads\/sites\/4\/2023\/11\/img_9355-768x512.jpg 768w, https:\/\/www.diocese-limoges.fr\/haute-vienne\/wp-content\/uploads\/sites\/4\/2023\/11\/img_9355-1536x1025.jpg 1536w, https:\/\/www.diocese-limoges.fr\/haute-vienne\/wp-content\/uploads\/sites\/4\/2023\/11\/img_9355-2048x1367.jpg 2048w\" sizes=\"auto, (max-width: 1024px) 100vw, 1024px\" \/><\/figure>\n\n\n\n<p>\/Les Amis d\u2019Arliquet l\u2019ont descendu le 1<sup>er <\/sup>novembre, f\u00eate de tous les saints, afin qu\u2019il soit d\u00e9ploy\u00e9 dans le ch\u0153ur de l\u2019\u00e9glise lors d\u2019une messe recueillie et embellie par les voix de la chorale \u00ab&nbsp;La Bell\u2019Avventura&nbsp;\u00bb.<\/p>\n\n\n\n<figure class=\"wp-block-image size-large\"><img loading=\"lazy\" decoding=\"async\" width=\"1024\" height=\"683\" src=\"https:\/\/www.diocese-limoges.fr\/haute-vienne\/wp-content\/uploads\/sites\/4\/2023\/11\/img_9366-1024x683.jpg\" alt=\"\" class=\"wp-image-3303\" srcset=\"https:\/\/www.diocese-limoges.fr\/haute-vienne\/wp-content\/uploads\/sites\/4\/2023\/11\/img_9366-1024x683.jpg 1024w, https:\/\/www.diocese-limoges.fr\/haute-vienne\/wp-content\/uploads\/sites\/4\/2023\/11\/img_9366-300x200.jpg 300w, https:\/\/www.diocese-limoges.fr\/haute-vienne\/wp-content\/uploads\/sites\/4\/2023\/11\/img_9366-768x512.jpg 768w, https:\/\/www.diocese-limoges.fr\/haute-vienne\/wp-content\/uploads\/sites\/4\/2023\/11\/img_9366-1536x1025.jpg 1536w, https:\/\/www.diocese-limoges.fr\/haute-vienne\/wp-content\/uploads\/sites\/4\/2023\/11\/img_9366-2048x1367.jpg 2048w\" sizes=\"auto, (max-width: 1024px) 100vw, 1024px\" \/><\/figure>\n\n\n\n<figure class=\"wp-block-image size-large\"><img loading=\"lazy\" decoding=\"async\" width=\"1024\" height=\"683\" src=\"https:\/\/www.diocese-limoges.fr\/haute-vienne\/wp-content\/uploads\/sites\/4\/2023\/11\/img_9360-1024x683.jpg\" alt=\"\" class=\"wp-image-3295\" srcset=\"https:\/\/www.diocese-limoges.fr\/haute-vienne\/wp-content\/uploads\/sites\/4\/2023\/11\/img_9360-1024x683.jpg 1024w, https:\/\/www.diocese-limoges.fr\/haute-vienne\/wp-content\/uploads\/sites\/4\/2023\/11\/img_9360-300x200.jpg 300w, https:\/\/www.diocese-limoges.fr\/haute-vienne\/wp-content\/uploads\/sites\/4\/2023\/11\/img_9360-768x512.jpg 768w, https:\/\/www.diocese-limoges.fr\/haute-vienne\/wp-content\/uploads\/sites\/4\/2023\/11\/img_9360-1536x1025.jpg 1536w, https:\/\/www.diocese-limoges.fr\/haute-vienne\/wp-content\/uploads\/sites\/4\/2023\/11\/img_9360-2048x1367.jpg 2048w\" sizes=\"auto, (max-width: 1024px) 100vw, 1024px\" \/><\/figure>\n\n\n\n<p>\/Pr\u00e9c\u00e9dant cette fin officielle de nos ostensions et respectant la tradition gauloise du banquet de fin d\u2019aventure, tous les acteurs des ostensions avaient \u00e9t\u00e9 invit\u00e9s \u00e0 un pot de l\u2019amiti\u00e9 \u00e0 la salle des P\u00e8lerins. Ce fut, l\u00e0 encore, un beau moment de fraternit\u00e9 et de partage o\u00f9 plus de 120 convives ont pu \u00e9changer leurs souvenirs.<\/p>\n\n\n\n<figure class=\"wp-block-image size-large\"><img loading=\"lazy\" decoding=\"async\" width=\"1024\" height=\"422\" src=\"https:\/\/www.diocese-limoges.fr\/haute-vienne\/wp-content\/uploads\/sites\/4\/2023\/11\/29102023-img_9311-1024x422.jpg\" alt=\"\" class=\"wp-image-3296\" srcset=\"https:\/\/www.diocese-limoges.fr\/haute-vienne\/wp-content\/uploads\/sites\/4\/2023\/11\/29102023-img_9311-1024x422.jpg 1024w, https:\/\/www.diocese-limoges.fr\/haute-vienne\/wp-content\/uploads\/sites\/4\/2023\/11\/29102023-img_9311-300x124.jpg 300w, https:\/\/www.diocese-limoges.fr\/haute-vienne\/wp-content\/uploads\/sites\/4\/2023\/11\/29102023-img_9311-768x316.jpg 768w, https:\/\/www.diocese-limoges.fr\/haute-vienne\/wp-content\/uploads\/sites\/4\/2023\/11\/29102023-img_9311-1536x633.jpg 1536w, https:\/\/www.diocese-limoges.fr\/haute-vienne\/wp-content\/uploads\/sites\/4\/2023\/11\/29102023-img_9311-2048x844.jpg 2048w\" sizes=\"auto, (max-width: 1024px) 100vw, 1024px\" \/><\/figure>\n\n\n\n<figure class=\"wp-block-image size-large\"><img loading=\"lazy\" decoding=\"async\" width=\"1024\" height=\"433\" src=\"https:\/\/www.diocese-limoges.fr\/haute-vienne\/wp-content\/uploads\/sites\/4\/2023\/11\/sans-titre-9315-1024x433.jpg\" alt=\"\" class=\"wp-image-3297\" srcset=\"https:\/\/www.diocese-limoges.fr\/haute-vienne\/wp-content\/uploads\/sites\/4\/2023\/11\/sans-titre-9315-1024x433.jpg 1024w, https:\/\/www.diocese-limoges.fr\/haute-vienne\/wp-content\/uploads\/sites\/4\/2023\/11\/sans-titre-9315-300x127.jpg 300w, https:\/\/www.diocese-limoges.fr\/haute-vienne\/wp-content\/uploads\/sites\/4\/2023\/11\/sans-titre-9315-768x325.jpg 768w, https:\/\/www.diocese-limoges.fr\/haute-vienne\/wp-content\/uploads\/sites\/4\/2023\/11\/sans-titre-9315-1536x649.jpg 1536w, https:\/\/www.diocese-limoges.fr\/haute-vienne\/wp-content\/uploads\/sites\/4\/2023\/11\/sans-titre-9315-2048x866.jpg 2048w\" sizes=\"auto, (max-width: 1024px) 100vw, 1024px\" \/><\/figure>\n\n\n\n<figure class=\"wp-block-image size-large\"><img loading=\"lazy\" decoding=\"async\" width=\"1024\" height=\"664\" src=\"https:\/\/www.diocese-limoges.fr\/haute-vienne\/wp-content\/uploads\/sites\/4\/2023\/11\/sans-titre-9317-1024x664.jpg\" alt=\"\" class=\"wp-image-3298\" srcset=\"https:\/\/www.diocese-limoges.fr\/haute-vienne\/wp-content\/uploads\/sites\/4\/2023\/11\/sans-titre-9317-1024x664.jpg 1024w, https:\/\/www.diocese-limoges.fr\/haute-vienne\/wp-content\/uploads\/sites\/4\/2023\/11\/sans-titre-9317-300x195.jpg 300w, https:\/\/www.diocese-limoges.fr\/haute-vienne\/wp-content\/uploads\/sites\/4\/2023\/11\/sans-titre-9317-768x498.jpg 768w, https:\/\/www.diocese-limoges.fr\/haute-vienne\/wp-content\/uploads\/sites\/4\/2023\/11\/sans-titre-9317-1536x997.jpg 1536w, https:\/\/www.diocese-limoges.fr\/haute-vienne\/wp-content\/uploads\/sites\/4\/2023\/11\/sans-titre-9317-2048x1329.jpg 2048w\" sizes=\"auto, (max-width: 1024px) 100vw, 1024px\" \/><\/figure>\n\n\n\n<figure class=\"wp-block-image size-large\"><img loading=\"lazy\" decoding=\"async\" width=\"1024\" height=\"683\" src=\"https:\/\/www.diocese-limoges.fr\/haute-vienne\/wp-content\/uploads\/sites\/4\/2023\/11\/sans-titre-9325-1024x683.jpg\" alt=\"\" class=\"wp-image-3299\" srcset=\"https:\/\/www.diocese-limoges.fr\/haute-vienne\/wp-content\/uploads\/sites\/4\/2023\/11\/sans-titre-9325-1024x683.jpg 1024w, https:\/\/www.diocese-limoges.fr\/haute-vienne\/wp-content\/uploads\/sites\/4\/2023\/11\/sans-titre-9325-300x200.jpg 300w, https:\/\/www.diocese-limoges.fr\/haute-vienne\/wp-content\/uploads\/sites\/4\/2023\/11\/sans-titre-9325-768x512.jpg 768w, https:\/\/www.diocese-limoges.fr\/haute-vienne\/wp-content\/uploads\/sites\/4\/2023\/11\/sans-titre-9325-1536x1024.jpg 1536w, https:\/\/www.diocese-limoges.fr\/haute-vienne\/wp-content\/uploads\/sites\/4\/2023\/11\/sans-titre-9325-2048x1365.jpg 2048w\" sizes=\"auto, (max-width: 1024px) 100vw, 1024px\" \/><\/figure>\n\n\n\n<h2 class=\"wp-block-heading has-text-align-center\"><strong>Mais, la fraternit\u00e9 ?<\/strong>                                      <\/h2>\n\n\n\n<p>\/Alors est-ce que l\u2019on s\u2019arr\u00eate l\u00e0&nbsp;? Doit-on remiser la belle devise de nos Ostensions \u00ab&nbsp;Avec Marie, OUI \u00e0 la fraternit\u00e9&nbsp;\u00bb \u00e0 c\u00f4t\u00e9 des fleurs et du drapeau pour ne la ressortir que dans sept ans&nbsp;?&nbsp; <\/p>\n\n\n\n<p>Bien s\u00fbr que non&nbsp;! Cet \u00e9lan qui a rassembl\u00e9 dans nos processions des populations bien diff\u00e9rentes, cette g\u00e9n\u00e9rosit\u00e9 dans le travail et l\u2019entraide, cet investissement en temps et en argent ne peut pas s\u2019arr\u00eater. Avons-nous besoin de faire des fleurs pour passer un moment ensemble autour d\u2019un caf\u00e9&nbsp;? Est-ce que la g\u00e9n\u00e9rosit\u00e9 dont j\u2019ai fait preuve pourrait se r\u00e9pliquer&nbsp;pour les missions, le denier, etc\u2026&nbsp;? <\/p>\n\n\n\n<p>Alors oui, l\u2019ann\u00e9e ostensionaire se termine mais ne laissons pas se mourir l\u2019esprit des Ostensions&nbsp;: la v\u00e9n\u00e9ration des saints qui m\u00e8ne \u00e0 J\u00e9sus, donc \u00e0 la fraternit\u00e9 avec tous nos fr\u00e8res et s\u0153urs.&nbsp; &nbsp;<\/p>\n\n\n\n<figure class=\"wp-block-image size-large\"><img loading=\"lazy\" decoding=\"async\" width=\"726\" height=\"1024\" src=\"https:\/\/www.diocese-limoges.fr\/haute-vienne\/wp-content\/uploads\/sites\/4\/2023\/11\/carte-remerciements-ostensions-2023-page001-726x1024.jpeg\" alt=\"\" class=\"wp-image-3301\" srcset=\"https:\/\/www.diocese-limoges.fr\/haute-vienne\/wp-content\/uploads\/sites\/4\/2023\/11\/carte-remerciements-ostensions-2023-page001-726x1024.jpeg 726w, https:\/\/www.diocese-limoges.fr\/haute-vienne\/wp-content\/uploads\/sites\/4\/2023\/11\/carte-remerciements-ostensions-2023-page001-213x300.jpeg 213w, https:\/\/www.diocese-limoges.fr\/haute-vienne\/wp-content\/uploads\/sites\/4\/2023\/11\/carte-remerciements-ostensions-2023-page001-768x1083.jpeg 768w, https:\/\/www.diocese-limoges.fr\/haute-vienne\/wp-content\/uploads\/sites\/4\/2023\/11\/carte-remerciements-ostensions-2023-page001-1090x1536.jpeg 1090w, https:\/\/www.diocese-limoges.fr\/haute-vienne\/wp-content\/uploads\/sites\/4\/2023\/11\/carte-remerciements-ostensions-2023-page001.jpeg 1240w\" sizes=\"auto, (max-width: 726px) 100vw, 726px\" \/><\/figure>\n\n\n","protected":false},"excerpt":{"rendered":"<p>&nbsp;&nbsp;&nbsp;&nbsp;&nbsp;&nbsp;&nbsp;&nbsp;&nbsp;&nbsp;La page se tourne ! Durant plus d\u2019un an, de la pr\u00e9paration \u00e0 la descente du drapeau, les Ostensions 2023 d\u2019Aixe sur Vienne ont tenu leurs promesses : elles nous ont rempli de joie lors de nos rencontres, de nos c\u00e9l\u00e9brations et des moments de partage fraternels, que ce soit dans les clochers de la [&hellip;]<\/p>\n","protected":false},"author":7,"featured_media":3302,"comment_status":"closed","ping_status":"open","sticky":false,"template":"","format":"standard","meta":{"_acf_changed":false,"footnotes":""},"categories":[7],"tags":[2],"class_list":["post-3292","post","type-post","status-publish","format-standard","has-post-thumbnail","hentry","category-lassomption","tag-paroisse-assomption"],"acf":[],"yoast_head":"<!-- This site is optimized with the Yoast SEO plugin v26.4 - https:\/\/yoast.com\/wordpress\/plugins\/seo\/ -->\n<title>Les Ostensions d\u2019Aixe sur Vienne 2023 sont finies ! - Doyenn\u00e9s de Haute Vienne<\/title>\n<meta name=\"robots\" content=\"index, follow, max-snippet:-1, max-image-preview:large, max-video-preview:-1\" \/>\n<link rel=\"canonical\" href=\"https:\/\/www.diocese-limoges.fr\/haute-vienne\/actualites\/les-ostensions-daixe-sur-vienne-2023-sont-finies\/\" \/>\n<meta property=\"og:locale\" content=\"fr_FR\" \/>\n<meta property=\"og:type\" content=\"article\" \/>\n<meta property=\"og:title\" content=\"Les Ostensions d\u2019Aixe sur Vienne 2023 sont finies ! - Doyenn\u00e9s de Haute Vienne\" \/>\n<meta property=\"og:description\" content=\"&nbsp;&nbsp;&nbsp;&nbsp;&nbsp;&nbsp;&nbsp;&nbsp;&nbsp;&nbsp;La page se tourne ! Durant plus d\u2019un an, de la pr\u00e9paration \u00e0 la descente du drapeau, les Ostensions 2023 d\u2019Aixe sur Vienne ont tenu leurs promesses : elles nous ont rempli de joie lors de nos rencontres, de nos c\u00e9l\u00e9brations et des moments de partage fraternels, que ce soit dans les clochers de la [&hellip;]\" \/>\n<meta property=\"og:url\" content=\"https:\/\/www.diocese-limoges.fr\/haute-vienne\/actualites\/les-ostensions-daixe-sur-vienne-2023-sont-finies\/\" \/>\n<meta property=\"og:site_name\" content=\"Doyenn\u00e9s de Haute Vienne\" \/>\n<meta property=\"article:published_time\" content=\"2023-11-06T17:36:23+00:00\" \/>\n<meta property=\"article:modified_time\" content=\"2023-11-06T17:36:24+00:00\" \/>\n<meta property=\"og:image\" content=\"https:\/\/www.diocese-limoges.fr\/haute-vienne\/wp-content\/uploads\/sites\/4\/2023\/11\/bandeau-1-scaled.jpg\" \/>\n\t<meta property=\"og:image:width\" content=\"2560\" \/>\n\t<meta property=\"og:image:height\" content=\"1144\" \/>\n\t<meta property=\"og:image:type\" content=\"image\/jpeg\" \/>\n<meta name=\"author\" content=\"assomption\" \/>\n<meta name=\"twitter:card\" content=\"summary_large_image\" \/>\n<meta name=\"twitter:label1\" content=\"\u00c9crit par\" \/>\n\t<meta name=\"twitter:data1\" content=\"assomption\" \/>\n\t<meta name=\"twitter:label2\" content=\"Dur\u00e9e de lecture estim\u00e9e\" \/>\n\t<meta name=\"twitter:data2\" content=\"4 minutes\" \/>\n<script type=\"application\/ld+json\" class=\"yoast-schema-graph\">{\"@context\":\"https:\/\/schema.org\",\"@graph\":[{\"@type\":\"WebPage\",\"@id\":\"https:\/\/www.diocese-limoges.fr\/haute-vienne\/actualites\/les-ostensions-daixe-sur-vienne-2023-sont-finies\/\",\"url\":\"https:\/\/www.diocese-limoges.fr\/haute-vienne\/actualites\/les-ostensions-daixe-sur-vienne-2023-sont-finies\/\",\"name\":\"Les Ostensions d\u2019Aixe sur Vienne 2023 sont finies ! - Doyenn\u00e9s de Haute Vienne\",\"isPartOf\":{\"@id\":\"https:\/\/www.diocese-limoges.fr\/haute-vienne\/#website\"},\"primaryImageOfPage\":{\"@id\":\"https:\/\/www.diocese-limoges.fr\/haute-vienne\/actualites\/les-ostensions-daixe-sur-vienne-2023-sont-finies\/#primaryimage\"},\"image\":{\"@id\":\"https:\/\/www.diocese-limoges.fr\/haute-vienne\/actualites\/les-ostensions-daixe-sur-vienne-2023-sont-finies\/#primaryimage\"},\"thumbnailUrl\":\"https:\/\/www.diocese-limoges.fr\/haute-vienne\/wp-content\/uploads\/sites\/4\/2023\/11\/bandeau-1-scaled.jpg\",\"datePublished\":\"2023-11-06T17:36:23+00:00\",\"dateModified\":\"2023-11-06T17:36:24+00:00\",\"author\":{\"@id\":\"https:\/\/www.diocese-limoges.fr\/haute-vienne\/#\/schema\/person\/d3c609b00f4f1396745c719afc5bb856\"},\"breadcrumb\":{\"@id\":\"https:\/\/www.diocese-limoges.fr\/haute-vienne\/actualites\/les-ostensions-daixe-sur-vienne-2023-sont-finies\/#breadcrumb\"},\"inLanguage\":\"fr-FR\",\"potentialAction\":[{\"@type\":\"ReadAction\",\"target\":[\"https:\/\/www.diocese-limoges.fr\/haute-vienne\/actualites\/les-ostensions-daixe-sur-vienne-2023-sont-finies\/\"]}]},{\"@type\":\"ImageObject\",\"inLanguage\":\"fr-FR\",\"@id\":\"https:\/\/www.diocese-limoges.fr\/haute-vienne\/actualites\/les-ostensions-daixe-sur-vienne-2023-sont-finies\/#primaryimage\",\"url\":\"https:\/\/www.diocese-limoges.fr\/haute-vienne\/wp-content\/uploads\/sites\/4\/2023\/11\/bandeau-1-scaled.jpg\",\"contentUrl\":\"https:\/\/www.diocese-limoges.fr\/haute-vienne\/wp-content\/uploads\/sites\/4\/2023\/11\/bandeau-1-scaled.jpg\",\"width\":2560,\"height\":1144},{\"@type\":\"BreadcrumbList\",\"@id\":\"https:\/\/www.diocese-limoges.fr\/haute-vienne\/actualites\/les-ostensions-daixe-sur-vienne-2023-sont-finies\/#breadcrumb\",\"itemListElement\":[{\"@type\":\"ListItem\",\"position\":1,\"name\":\"Accueil\",\"item\":\"https:\/\/www.diocese-limoges.fr\/haute-vienne\/\"},{\"@type\":\"ListItem\",\"position\":2,\"name\":\"Les Ostensions d\u2019Aixe sur Vienne 2023 sont finies !\"}]},{\"@type\":\"WebSite\",\"@id\":\"https:\/\/www.diocese-limoges.fr\/haute-vienne\/#website\",\"url\":\"https:\/\/www.diocese-limoges.fr\/haute-vienne\/\",\"name\":\"Doyenn\u00e9s de Haute Vienne\",\"description\":\"Dioc\u00e8se de Limoges\",\"potentialAction\":[{\"@type\":\"SearchAction\",\"target\":{\"@type\":\"EntryPoint\",\"urlTemplate\":\"https:\/\/www.diocese-limoges.fr\/haute-vienne\/?s={search_term_string}\"},\"query-input\":{\"@type\":\"PropertyValueSpecification\",\"valueRequired\":true,\"valueName\":\"search_term_string\"}}],\"inLanguage\":\"fr-FR\"},{\"@type\":\"Person\",\"@id\":\"https:\/\/www.diocese-limoges.fr\/haute-vienne\/#\/schema\/person\/d3c609b00f4f1396745c719afc5bb856\",\"name\":\"assomption\",\"image\":{\"@type\":\"ImageObject\",\"inLanguage\":\"fr-FR\",\"@id\":\"https:\/\/www.diocese-limoges.fr\/haute-vienne\/#\/schema\/person\/image\/\",\"url\":\"https:\/\/secure.gravatar.com\/avatar\/f2acefd1e9fc403a08150335662ec86c9ad79ed7788b5fd72e75403773bfcf35?s=96&d=mm&r=g\",\"contentUrl\":\"https:\/\/secure.gravatar.com\/avatar\/f2acefd1e9fc403a08150335662ec86c9ad79ed7788b5fd72e75403773bfcf35?s=96&d=mm&r=g\",\"caption\":\"assomption\"},\"url\":\"https:\/\/www.diocese-limoges.fr\/haute-vienne\/author\/assomption\/\"}]}<\/script>\n<!-- \/ Yoast SEO plugin. -->","yoast_head_json":{"title":"Les Ostensions d\u2019Aixe sur Vienne 2023 sont finies ! - Doyenn\u00e9s de Haute Vienne","robots":{"index":"index","follow":"follow","max-snippet":"max-snippet:-1","max-image-preview":"max-image-preview:large","max-video-preview":"max-video-preview:-1"},"canonical":"https:\/\/www.diocese-limoges.fr\/haute-vienne\/actualites\/les-ostensions-daixe-sur-vienne-2023-sont-finies\/","og_locale":"fr_FR","og_type":"article","og_title":"Les Ostensions d\u2019Aixe sur Vienne 2023 sont finies ! - Doyenn\u00e9s de Haute Vienne","og_description":"&nbsp;&nbsp;&nbsp;&nbsp;&nbsp;&nbsp;&nbsp;&nbsp;&nbsp;&nbsp;La page se tourne ! Durant plus d\u2019un an, de la pr\u00e9paration \u00e0 la descente du drapeau, les Ostensions 2023 d\u2019Aixe sur Vienne ont tenu leurs promesses : elles nous ont rempli de joie lors de nos rencontres, de nos c\u00e9l\u00e9brations et des moments de partage fraternels, que ce soit dans les clochers de la [&hellip;]","og_url":"https:\/\/www.diocese-limoges.fr\/haute-vienne\/actualites\/les-ostensions-daixe-sur-vienne-2023-sont-finies\/","og_site_name":"Doyenn\u00e9s de Haute Vienne","article_published_time":"2023-11-06T17:36:23+00:00","article_modified_time":"2023-11-06T17:36:24+00:00","og_image":[{"width":2560,"height":1144,"url":"https:\/\/www.diocese-limoges.fr\/haute-vienne\/wp-content\/uploads\/sites\/4\/2023\/11\/bandeau-1-scaled.jpg","type":"image\/jpeg"}],"author":"assomption","twitter_card":"summary_large_image","twitter_misc":{"\u00c9crit par":"assomption","Dur\u00e9e de lecture estim\u00e9e":"4 minutes"},"schema":{"@context":"https:\/\/schema.org","@graph":[{"@type":"WebPage","@id":"https:\/\/www.diocese-limoges.fr\/haute-vienne\/actualites\/les-ostensions-daixe-sur-vienne-2023-sont-finies\/","url":"https:\/\/www.diocese-limoges.fr\/haute-vienne\/actualites\/les-ostensions-daixe-sur-vienne-2023-sont-finies\/","name":"Les Ostensions d\u2019Aixe sur Vienne 2023 sont finies ! - Doyenn\u00e9s de Haute Vienne","isPartOf":{"@id":"https:\/\/www.diocese-limoges.fr\/haute-vienne\/#website"},"primaryImageOfPage":{"@id":"https:\/\/www.diocese-limoges.fr\/haute-vienne\/actualites\/les-ostensions-daixe-sur-vienne-2023-sont-finies\/#primaryimage"},"image":{"@id":"https:\/\/www.diocese-limoges.fr\/haute-vienne\/actualites\/les-ostensions-daixe-sur-vienne-2023-sont-finies\/#primaryimage"},"thumbnailUrl":"https:\/\/www.diocese-limoges.fr\/haute-vienne\/wp-content\/uploads\/sites\/4\/2023\/11\/bandeau-1-scaled.jpg","datePublished":"2023-11-06T17:36:23+00:00","dateModified":"2023-11-06T17:36:24+00:00","author":{"@id":"https:\/\/www.diocese-limoges.fr\/haute-vienne\/#\/schema\/person\/d3c609b00f4f1396745c719afc5bb856"},"breadcrumb":{"@id":"https:\/\/www.diocese-limoges.fr\/haute-vienne\/actualites\/les-ostensions-daixe-sur-vienne-2023-sont-finies\/#breadcrumb"},"inLanguage":"fr-FR","potentialAction":[{"@type":"ReadAction","target":["https:\/\/www.diocese-limoges.fr\/haute-vienne\/actualites\/les-ostensions-daixe-sur-vienne-2023-sont-finies\/"]}]},{"@type":"ImageObject","inLanguage":"fr-FR","@id":"https:\/\/www.diocese-limoges.fr\/haute-vienne\/actualites\/les-ostensions-daixe-sur-vienne-2023-sont-finies\/#primaryimage","url":"https:\/\/www.diocese-limoges.fr\/haute-vienne\/wp-content\/uploads\/sites\/4\/2023\/11\/bandeau-1-scaled.jpg","contentUrl":"https:\/\/www.diocese-limoges.fr\/haute-vienne\/wp-content\/uploads\/sites\/4\/2023\/11\/bandeau-1-scaled.jpg","width":2560,"height":1144},{"@type":"BreadcrumbList","@id":"https:\/\/www.diocese-limoges.fr\/haute-vienne\/actualites\/les-ostensions-daixe-sur-vienne-2023-sont-finies\/#breadcrumb","itemListElement":[{"@type":"ListItem","position":1,"name":"Accueil","item":"https:\/\/www.diocese-limoges.fr\/haute-vienne\/"},{"@type":"ListItem","position":2,"name":"Les Ostensions d\u2019Aixe sur Vienne 2023 sont finies !"}]},{"@type":"WebSite","@id":"https:\/\/www.diocese-limoges.fr\/haute-vienne\/#website","url":"https:\/\/www.diocese-limoges.fr\/haute-vienne\/","name":"Doyenn\u00e9s de Haute Vienne","description":"Dioc\u00e8se de Limoges","potentialAction":[{"@type":"SearchAction","target":{"@type":"EntryPoint","urlTemplate":"https:\/\/www.diocese-limoges.fr\/haute-vienne\/?s={search_term_string}"},"query-input":{"@type":"PropertyValueSpecification","valueRequired":true,"valueName":"search_term_string"}}],"inLanguage":"fr-FR"},{"@type":"Person","@id":"https:\/\/www.diocese-limoges.fr\/haute-vienne\/#\/schema\/person\/d3c609b00f4f1396745c719afc5bb856","name":"assomption","image":{"@type":"ImageObject","inLanguage":"fr-FR","@id":"https:\/\/www.diocese-limoges.fr\/haute-vienne\/#\/schema\/person\/image\/","url":"https:\/\/secure.gravatar.com\/avatar\/f2acefd1e9fc403a08150335662ec86c9ad79ed7788b5fd72e75403773bfcf35?s=96&d=mm&r=g","contentUrl":"https:\/\/secure.gravatar.com\/avatar\/f2acefd1e9fc403a08150335662ec86c9ad79ed7788b5fd72e75403773bfcf35?s=96&d=mm&r=g","caption":"assomption"},"url":"https:\/\/www.diocese-limoges.fr\/haute-vienne\/author\/assomption\/"}]}},"_links":{"self":[{"href":"https:\/\/www.diocese-limoges.fr\/haute-vienne\/wp-json\/wp\/v2\/posts\/3292","targetHints":{"allow":["GET"]}}],"collection":[{"href":"https:\/\/www.diocese-limoges.fr\/haute-vienne\/wp-json\/wp\/v2\/posts"}],"about":[{"href":"https:\/\/www.diocese-limoges.fr\/haute-vienne\/wp-json\/wp\/v2\/types\/post"}],"author":[{"embeddable":true,"href":"https:\/\/www.diocese-limoges.fr\/haute-vienne\/wp-json\/wp\/v2\/users\/7"}],"replies":[{"embeddable":true,"href":"https:\/\/www.diocese-limoges.fr\/haute-vienne\/wp-json\/wp\/v2\/comments?post=3292"}],"version-history":[{"count":2,"href":"https:\/\/www.diocese-limoges.fr\/haute-vienne\/wp-json\/wp\/v2\/posts\/3292\/revisions"}],"predecessor-version":[{"id":3305,"href":"https:\/\/www.diocese-limoges.fr\/haute-vienne\/wp-json\/wp\/v2\/posts\/3292\/revisions\/3305"}],"wp:featuredmedia":[{"embeddable":true,"href":"https:\/\/www.diocese-limoges.fr\/haute-vienne\/wp-json\/wp\/v2\/media\/3302"}],"wp:attachment":[{"href":"https:\/\/www.diocese-limoges.fr\/haute-vienne\/wp-json\/wp\/v2\/media?parent=3292"}],"wp:term":[{"taxonomy":"category","embeddable":true,"href":"https:\/\/www.diocese-limoges.fr\/haute-vienne\/wp-json\/wp\/v2\/categories?post=3292"},{"taxonomy":"post_tag","embeddable":true,"href":"https:\/\/www.diocese-limoges.fr\/haute-vienne\/wp-json\/wp\/v2\/tags?post=3292"}],"curies":[{"name":"wp","href":"https:\/\/api.w.org\/{rel}","templated":true}]}}