{"id":3433,"date":"2023-12-24T09:31:37","date_gmt":"2023-12-24T08:31:37","guid":{"rendered":"https:\/\/www.diocese-limoges.fr\/haute-vienne\/?p=3433"},"modified":"2023-12-24T09:35:48","modified_gmt":"2023-12-24T08:35:48","slug":"connectez-vous-a-notre-fil-dactualite-paroissiale","status":"publish","type":"post","link":"https:\/\/www.diocese-limoges.fr\/haute-vienne\/actualites\/connectez-vous-a-notre-fil-dactualite-paroissiale\/","title":{"rendered":"Connectez-vous \u00e0 notre fil d&rsquo;actualit\u00e9 paroissiale"},"content":{"rendered":"<a href=\"https:\/\/www.diocese-limoges.fr\/haute-vienne\/wp-content\/uploads\/sites\/4\/2023\/12\/abonnement-whatsappv1qr.pdf\" class=\"pdfemb-viewer\" style=\"\" data-width=\"max\" data-height=\"max\" data-toolbar=\"bottom\" data-toolbar-fixed=\"off\">abonnement-whatsappv1qr<\/a>\n<p class=\"wp-block-pdfemb-pdf-embedder-viewer\"><\/p>\n","protected":false},"excerpt":{"rendered":"","protected":false},"author":58,"featured_media":0,"comment_status":"closed","ping_status":"open","sticky":false,"template":"","format":"standard","meta":{"_acf_changed":false,"footnotes":""},"categories":[1],"tags":[],"class_list":["post-3433","post","type-post","status-publish","format-standard","hentry","category-actualites"],"acf":[],"yoast_head":"<!-- This site is optimized with the Yoast SEO plugin v26.4 - https:\/\/yoast.com\/wordpress\/plugins\/seo\/ -->\n<title>Connectez-vous \u00e0 notre fil d&#039;actualit\u00e9 paroissiale - Doyenn\u00e9s de Haute Vienne<\/title>\n<meta name=\"robots\" content=\"index, follow, max-snippet:-1, max-image-preview:large, max-video-preview:-1\" \/>\n<link rel=\"canonical\" href=\"https:\/\/www.diocese-limoges.fr\/haute-vienne\/actualites\/connectez-vous-a-notre-fil-dactualite-paroissiale\/\" \/>\n<meta property=\"og:locale\" content=\"fr_FR\" \/>\n<meta property=\"og:type\" content=\"article\" \/>\n<meta property=\"og:title\" content=\"Connectez-vous \u00e0 notre fil d&#039;actualit\u00e9 paroissiale - Doyenn\u00e9s de Haute Vienne\" \/>\n<meta property=\"og:url\" content=\"https:\/\/www.diocese-limoges.fr\/haute-vienne\/actualites\/connectez-vous-a-notre-fil-dactualite-paroissiale\/\" \/>\n<meta property=\"og:site_name\" content=\"Doyenn\u00e9s de Haute Vienne\" \/>\n<meta property=\"article:published_time\" content=\"2023-12-24T08:31:37+00:00\" \/>\n<meta property=\"article:modified_time\" content=\"2023-12-24T08:35:48+00:00\" \/>\n<meta name=\"author\" content=\"ardoin\" \/>\n<meta name=\"twitter:card\" content=\"summary_large_image\" \/>\n<meta name=\"twitter:label1\" content=\"\u00c9crit par\" \/>\n\t<meta name=\"twitter:data1\" content=\"ardoin\" \/>\n<script type=\"application\/ld+json\" class=\"yoast-schema-graph\">{\"@context\":\"https:\/\/schema.org\",\"@graph\":[{\"@type\":\"WebPage\",\"@id\":\"https:\/\/www.diocese-limoges.fr\/haute-vienne\/actualites\/connectez-vous-a-notre-fil-dactualite-paroissiale\/\",\"url\":\"https:\/\/www.diocese-limoges.fr\/haute-vienne\/actualites\/connectez-vous-a-notre-fil-dactualite-paroissiale\/\",\"name\":\"Connectez-vous \u00e0 notre fil d'actualit\u00e9 paroissiale - Doyenn\u00e9s de Haute Vienne\",\"isPartOf\":{\"@id\":\"https:\/\/www.diocese-limoges.fr\/haute-vienne\/#website\"},\"datePublished\":\"2023-12-24T08:31:37+00:00\",\"dateModified\":\"2023-12-24T08:35:48+00:00\",\"author\":{\"@id\":\"https:\/\/www.diocese-limoges.fr\/haute-vienne\/#\/schema\/person\/8782d7323b552e176cb1d2234221e964\"},\"breadcrumb\":{\"@id\":\"https:\/\/www.diocese-limoges.fr\/haute-vienne\/actualites\/connectez-vous-a-notre-fil-dactualite-paroissiale\/#breadcrumb\"},\"inLanguage\":\"fr-FR\",\"potentialAction\":[{\"@type\":\"ReadAction\",\"target\":[\"https:\/\/www.diocese-limoges.fr\/haute-vienne\/actualites\/connectez-vous-a-notre-fil-dactualite-paroissiale\/\"]}]},{\"@type\":\"BreadcrumbList\",\"@id\":\"https:\/\/www.diocese-limoges.fr\/haute-vienne\/actualites\/connectez-vous-a-notre-fil-dactualite-paroissiale\/#breadcrumb\",\"itemListElement\":[{\"@type\":\"ListItem\",\"position\":1,\"name\":\"Accueil\",\"item\":\"https:\/\/www.diocese-limoges.fr\/haute-vienne\/\"},{\"@type\":\"ListItem\",\"position\":2,\"name\":\"Connectez-vous \u00e0 notre fil d&rsquo;actualit\u00e9 paroissiale\"}]},{\"@type\":\"WebSite\",\"@id\":\"https:\/\/www.diocese-limoges.fr\/haute-vienne\/#website\",\"url\":\"https:\/\/www.diocese-limoges.fr\/haute-vienne\/\",\"name\":\"Doyenn\u00e9s de Haute Vienne\",\"description\":\"Dioc\u00e8se de Limoges\",\"potentialAction\":[{\"@type\":\"SearchAction\",\"target\":{\"@type\":\"EntryPoint\",\"urlTemplate\":\"https:\/\/www.diocese-limoges.fr\/haute-vienne\/?s={search_term_string}\"},\"query-input\":{\"@type\":\"PropertyValueSpecification\",\"valueRequired\":true,\"valueName\":\"search_term_string\"}}],\"inLanguage\":\"fr-FR\"},{\"@type\":\"Person\",\"@id\":\"https:\/\/www.diocese-limoges.fr\/haute-vienne\/#\/schema\/person\/8782d7323b552e176cb1d2234221e964\",\"name\":\"ardoin\",\"image\":{\"@type\":\"ImageObject\",\"inLanguage\":\"fr-FR\",\"@id\":\"https:\/\/www.diocese-limoges.fr\/haute-vienne\/#\/schema\/person\/image\/\",\"url\":\"https:\/\/secure.gravatar.com\/avatar\/7089679469f16dd2d5bdb22b98d0fdf635e8bc2a32388b63e8a77ecbdfea02db?s=96&d=mm&r=g\",\"contentUrl\":\"https:\/\/secure.gravatar.com\/avatar\/7089679469f16dd2d5bdb22b98d0fdf635e8bc2a32388b63e8a77ecbdfea02db?s=96&d=mm&r=g\",\"caption\":\"ardoin\"},\"url\":\"https:\/\/www.diocese-limoges.fr\/haute-vienne\/author\/ardoin\/\"}]}<\/script>\n<!-- \/ Yoast SEO plugin. -->","yoast_head_json":{"title":"Connectez-vous \u00e0 notre fil d'actualit\u00e9 paroissiale - Doyenn\u00e9s de Haute Vienne","robots":{"index":"index","follow":"follow","max-snippet":"max-snippet:-1","max-image-preview":"max-image-preview:large","max-video-preview":"max-video-preview:-1"},"canonical":"https:\/\/www.diocese-limoges.fr\/haute-vienne\/actualites\/connectez-vous-a-notre-fil-dactualite-paroissiale\/","og_locale":"fr_FR","og_type":"article","og_title":"Connectez-vous \u00e0 notre fil d'actualit\u00e9 paroissiale - Doyenn\u00e9s de Haute Vienne","og_url":"https:\/\/www.diocese-limoges.fr\/haute-vienne\/actualites\/connectez-vous-a-notre-fil-dactualite-paroissiale\/","og_site_name":"Doyenn\u00e9s de Haute Vienne","article_published_time":"2023-12-24T08:31:37+00:00","article_modified_time":"2023-12-24T08:35:48+00:00","author":"ardoin","twitter_card":"summary_large_image","twitter_misc":{"\u00c9crit par":"ardoin"},"schema":{"@context":"https:\/\/schema.org","@graph":[{"@type":"WebPage","@id":"https:\/\/www.diocese-limoges.fr\/haute-vienne\/actualites\/connectez-vous-a-notre-fil-dactualite-paroissiale\/","url":"https:\/\/www.diocese-limoges.fr\/haute-vienne\/actualites\/connectez-vous-a-notre-fil-dactualite-paroissiale\/","name":"Connectez-vous \u00e0 notre fil d'actualit\u00e9 paroissiale - Doyenn\u00e9s de Haute Vienne","isPartOf":{"@id":"https:\/\/www.diocese-limoges.fr\/haute-vienne\/#website"},"datePublished":"2023-12-24T08:31:37+00:00","dateModified":"2023-12-24T08:35:48+00:00","author":{"@id":"https:\/\/www.diocese-limoges.fr\/haute-vienne\/#\/schema\/person\/8782d7323b552e176cb1d2234221e964"},"breadcrumb":{"@id":"https:\/\/www.diocese-limoges.fr\/haute-vienne\/actualites\/connectez-vous-a-notre-fil-dactualite-paroissiale\/#breadcrumb"},"inLanguage":"fr-FR","potentialAction":[{"@type":"ReadAction","target":["https:\/\/www.diocese-limoges.fr\/haute-vienne\/actualites\/connectez-vous-a-notre-fil-dactualite-paroissiale\/"]}]},{"@type":"BreadcrumbList","@id":"https:\/\/www.diocese-limoges.fr\/haute-vienne\/actualites\/connectez-vous-a-notre-fil-dactualite-paroissiale\/#breadcrumb","itemListElement":[{"@type":"ListItem","position":1,"name":"Accueil","item":"https:\/\/www.diocese-limoges.fr\/haute-vienne\/"},{"@type":"ListItem","position":2,"name":"Connectez-vous \u00e0 notre fil d&rsquo;actualit\u00e9 paroissiale"}]},{"@type":"WebSite","@id":"https:\/\/www.diocese-limoges.fr\/haute-vienne\/#website","url":"https:\/\/www.diocese-limoges.fr\/haute-vienne\/","name":"Doyenn\u00e9s de Haute Vienne","description":"Dioc\u00e8se de Limoges","potentialAction":[{"@type":"SearchAction","target":{"@type":"EntryPoint","urlTemplate":"https:\/\/www.diocese-limoges.fr\/haute-vienne\/?s={search_term_string}"},"query-input":{"@type":"PropertyValueSpecification","valueRequired":true,"valueName":"search_term_string"}}],"inLanguage":"fr-FR"},{"@type":"Person","@id":"https:\/\/www.diocese-limoges.fr\/haute-vienne\/#\/schema\/person\/8782d7323b552e176cb1d2234221e964","name":"ardoin","image":{"@type":"ImageObject","inLanguage":"fr-FR","@id":"https:\/\/www.diocese-limoges.fr\/haute-vienne\/#\/schema\/person\/image\/","url":"https:\/\/secure.gravatar.com\/avatar\/7089679469f16dd2d5bdb22b98d0fdf635e8bc2a32388b63e8a77ecbdfea02db?s=96&d=mm&r=g","contentUrl":"https:\/\/secure.gravatar.com\/avatar\/7089679469f16dd2d5bdb22b98d0fdf635e8bc2a32388b63e8a77ecbdfea02db?s=96&d=mm&r=g","caption":"ardoin"},"url":"https:\/\/www.diocese-limoges.fr\/haute-vienne\/author\/ardoin\/"}]}},"_links":{"self":[{"href":"https:\/\/www.diocese-limoges.fr\/haute-vienne\/wp-json\/wp\/v2\/posts\/3433","targetHints":{"allow":["GET"]}}],"collection":[{"href":"https:\/\/www.diocese-limoges.fr\/haute-vienne\/wp-json\/wp\/v2\/posts"}],"about":[{"href":"https:\/\/www.diocese-limoges.fr\/haute-vienne\/wp-json\/wp\/v2\/types\/post"}],"author":[{"embeddable":true,"href":"https:\/\/www.diocese-limoges.fr\/haute-vienne\/wp-json\/wp\/v2\/users\/58"}],"replies":[{"embeddable":true,"href":"https:\/\/www.diocese-limoges.fr\/haute-vienne\/wp-json\/wp\/v2\/comments?post=3433"}],"version-history":[{"count":2,"href":"https:\/\/www.diocese-limoges.fr\/haute-vienne\/wp-json\/wp\/v2\/posts\/3433\/revisions"}],"predecessor-version":[{"id":3437,"href":"https:\/\/www.diocese-limoges.fr\/haute-vienne\/wp-json\/wp\/v2\/posts\/3433\/revisions\/3437"}],"wp:attachment":[{"href":"https:\/\/www.diocese-limoges.fr\/haute-vienne\/wp-json\/wp\/v2\/media?parent=3433"}],"wp:term":[{"taxonomy":"category","embeddable":true,"href":"https:\/\/www.diocese-limoges.fr\/haute-vienne\/wp-json\/wp\/v2\/categories?post=3433"},{"taxonomy":"post_tag","embeddable":true,"href":"https:\/\/www.diocese-limoges.fr\/haute-vienne\/wp-json\/wp\/v2\/tags?post=3433"}],"curies":[{"name":"wp","href":"https:\/\/api.w.org\/{rel}","templated":true}]}}