{"id":4222,"date":"2024-10-16T10:25:18","date_gmt":"2024-10-16T08:25:18","guid":{"rendered":"https:\/\/www.diocese-limoges.fr\/haute-vienne\/?p=4222"},"modified":"2024-10-24T11:10:36","modified_gmt":"2024-10-24T09:10:36","slug":"offices-de-novembre-2024","status":"publish","type":"post","link":"https:\/\/www.diocese-limoges.fr\/haute-vienne\/actualites\/offices-de-novembre-2024\/","title":{"rendered":"Offices de Novembre 2024"},"content":{"rendered":"\n<p class=\"has-text-align-center has-vivid-purple-color has-text-color has-link-color wp-elements-67a3c620234027cc44e0424623ffae1e\">\u00a0<strong>Toussaint<\/strong><\/p>\n\n\n\n<p class=\"has-text-align-center has-vivid-purple-color has-text-color has-link-color wp-elements-074aae1a45b5e6a0e859850092a6ec0f\"><strong>Jeudi 31 octobre 18h30 Rochechouart<\/strong><\/p>\n\n\n\n<p class=\"has-text-align-center has-vivid-purple-color has-text-color has-link-color wp-elements-d4aa127ece9702b07f5f9c48e75efa64\"><strong>Vendredi 1ier novembre 11h00 Oradour sur Vayres<\/strong><\/p>\n\n\n\n<p class=\"has-text-align-center has-vivid-purple-color has-text-color has-link-color wp-elements-d9e57fd41d9b458f2233656cc79db8e4\"><strong>Samedi 02 novembre 18h30 Cussac<\/strong><\/p>\n\n\n\n<p class=\"has-text-align-center has-vivid-purple-color has-text-color has-link-color wp-elements-e5f0c8db8b739b828ca9d758cfdea42a\"><strong>Dimanche 03 novembre 11h00 Rochechouart<\/strong><\/p>\n\n\n\n<p class=\"has-text-align-center has-vivid-cyan-blue-color has-text-color has-link-color wp-elements-c6e071e0eb4563abd07c3843408cd125\"><strong>Samedi 09 novembre 18h30 Ch\u00e9ronnac<\/strong><\/p>\n\n\n\n<p class=\"has-text-align-center has-vivid-red-color has-text-color has-link-color wp-elements-b996255a1c42754c79640683c6ad2776\"><strong>Dimanche 10 novembre 11h00 Oradour sur Vayres<\/strong><\/p>\n\n\n\n<p class=\"has-text-align-center has-vivid-cyan-blue-color has-text-color has-link-color wp-elements-46c67c51afae93a3b0b824f9666b76ab\"><strong>Samedi 16 novembre 18h30 Rochechouart \u00ab\u00a0Sainte C\u00e9cile\u00a0\u00bb<\/strong><\/p>\n\n\n\n<p class=\"has-text-align-center has-vivid-red-color has-text-color has-link-color wp-elements-f9f3b942de24f1bc06ce52ba13897757\"><strong>Dimanche 17 novembre 11h00 Maisonnais sur Tardoire<\/strong><\/p>\n\n\n\n<p class=\"has-text-align-center has-vivid-cyan-blue-color has-text-color has-link-color wp-elements-f38a872556f8ab9ace749d3708d0e909\"><strong>Samedi 23 novembre 18h30 Saint Auvent<\/strong><\/p>\n\n\n\n<p class=\"has-text-align-center has-vivid-red-color has-text-color has-link-color wp-elements-9e1b36c91601eb864ca00b85509c6fbb\"><strong>Dimanche 24 novembre 11h00 Saint Mathieu<\/strong><\/p>\n\n\n\n<p class=\"has-text-align-center has-vivid-cyan-blue-color has-text-color has-link-color wp-elements-b6809253ca3064dd95df5344c6236b63\"><strong>Samedi 30 novembre 18h30 Cussac<\/strong><\/p>\n\n\n\n<p class=\"has-text-align-center has-vivid-red-color has-text-color has-link-color wp-elements-26065da8aa4a047a9e9c0c1e78bbb321\"><strong>Dimanche 1ier d\u00e9cembre 11h00 Rochechouart<\/strong><\/p>\n","protected":false},"excerpt":{"rendered":"<p>\u00a0Toussaint Jeudi 31 octobre 18h30 Rochechouart Vendredi 1ier novembre 11h00 Oradour sur Vayres Samedi 02 novembre 18h30 Cussac Dimanche 03 novembre 11h00 Rochechouart Samedi 09 novembre 18h30 Ch\u00e9ronnac Dimanche 10 novembre 11h00 Oradour sur Vayres Samedi 16 novembre 18h30 Rochechouart \u00ab\u00a0Sainte C\u00e9cile\u00a0\u00bb Dimanche 17 novembre 11h00 Maisonnais sur Tardoire Samedi 23 novembre 18h30 Saint Auvent [&hellip;]<\/p>\n","protected":false},"author":31,"featured_media":0,"comment_status":"closed","ping_status":"open","sticky":false,"template":"","format":"standard","meta":{"_acf_changed":false,"footnotes":""},"categories":[1],"tags":[],"class_list":["post-4222","post","type-post","status-publish","format-standard","hentry","category-actualites"],"acf":[],"yoast_head":"<!-- This site is optimized with the Yoast SEO plugin v26.4 - https:\/\/yoast.com\/wordpress\/plugins\/seo\/ -->\n<title>Offices de Novembre 2024 - Doyenn\u00e9s de Haute Vienne<\/title>\n<meta name=\"robots\" content=\"index, follow, max-snippet:-1, max-image-preview:large, max-video-preview:-1\" \/>\n<link rel=\"canonical\" href=\"https:\/\/www.diocese-limoges.fr\/haute-vienne\/actualites\/offices-de-novembre-2024\/\" \/>\n<meta property=\"og:locale\" content=\"fr_FR\" \/>\n<meta property=\"og:type\" content=\"article\" \/>\n<meta property=\"og:title\" content=\"Offices de Novembre 2024 - Doyenn\u00e9s de Haute Vienne\" \/>\n<meta property=\"og:description\" content=\"\u00a0Toussaint Jeudi 31 octobre 18h30 Rochechouart Vendredi 1ier novembre 11h00 Oradour sur Vayres Samedi 02 novembre 18h30 Cussac Dimanche 03 novembre 11h00 Rochechouart Samedi 09 novembre 18h30 Ch\u00e9ronnac Dimanche 10 novembre 11h00 Oradour sur Vayres Samedi 16 novembre 18h30 Rochechouart \u00ab\u00a0Sainte C\u00e9cile\u00a0\u00bb Dimanche 17 novembre 11h00 Maisonnais sur Tardoire Samedi 23 novembre 18h30 Saint Auvent [&hellip;]\" \/>\n<meta property=\"og:url\" content=\"https:\/\/www.diocese-limoges.fr\/haute-vienne\/actualites\/offices-de-novembre-2024\/\" \/>\n<meta property=\"og:site_name\" content=\"Doyenn\u00e9s de Haute Vienne\" \/>\n<meta property=\"article:published_time\" content=\"2024-10-16T08:25:18+00:00\" \/>\n<meta property=\"article:modified_time\" content=\"2024-10-24T09:10:36+00:00\" \/>\n<meta name=\"author\" content=\"saintsauveur\" \/>\n<meta name=\"twitter:card\" content=\"summary_large_image\" \/>\n<meta name=\"twitter:label1\" content=\"\u00c9crit par\" \/>\n\t<meta name=\"twitter:data1\" content=\"saintsauveur\" \/>\n\t<meta name=\"twitter:label2\" content=\"Dur\u00e9e de lecture estim\u00e9e\" \/>\n\t<meta name=\"twitter:data2\" content=\"1 minute\" \/>\n<script type=\"application\/ld+json\" class=\"yoast-schema-graph\">{\"@context\":\"https:\/\/schema.org\",\"@graph\":[{\"@type\":\"WebPage\",\"@id\":\"https:\/\/www.diocese-limoges.fr\/haute-vienne\/actualites\/offices-de-novembre-2024\/\",\"url\":\"https:\/\/www.diocese-limoges.fr\/haute-vienne\/actualites\/offices-de-novembre-2024\/\",\"name\":\"Offices de Novembre 2024 - Doyenn\u00e9s de Haute Vienne\",\"isPartOf\":{\"@id\":\"https:\/\/www.diocese-limoges.fr\/haute-vienne\/#website\"},\"datePublished\":\"2024-10-16T08:25:18+00:00\",\"dateModified\":\"2024-10-24T09:10:36+00:00\",\"author\":{\"@id\":\"https:\/\/www.diocese-limoges.fr\/haute-vienne\/#\/schema\/person\/b0dc7faf96547a8125b31c62b6813296\"},\"breadcrumb\":{\"@id\":\"https:\/\/www.diocese-limoges.fr\/haute-vienne\/actualites\/offices-de-novembre-2024\/#breadcrumb\"},\"inLanguage\":\"fr-FR\",\"potentialAction\":[{\"@type\":\"ReadAction\",\"target\":[\"https:\/\/www.diocese-limoges.fr\/haute-vienne\/actualites\/offices-de-novembre-2024\/\"]}]},{\"@type\":\"BreadcrumbList\",\"@id\":\"https:\/\/www.diocese-limoges.fr\/haute-vienne\/actualites\/offices-de-novembre-2024\/#breadcrumb\",\"itemListElement\":[{\"@type\":\"ListItem\",\"position\":1,\"name\":\"Accueil\",\"item\":\"https:\/\/www.diocese-limoges.fr\/haute-vienne\/\"},{\"@type\":\"ListItem\",\"position\":2,\"name\":\"Offices de Novembre 2024\"}]},{\"@type\":\"WebSite\",\"@id\":\"https:\/\/www.diocese-limoges.fr\/haute-vienne\/#website\",\"url\":\"https:\/\/www.diocese-limoges.fr\/haute-vienne\/\",\"name\":\"Doyenn\u00e9s de Haute Vienne\",\"description\":\"Dioc\u00e8se de Limoges\",\"potentialAction\":[{\"@type\":\"SearchAction\",\"target\":{\"@type\":\"EntryPoint\",\"urlTemplate\":\"https:\/\/www.diocese-limoges.fr\/haute-vienne\/?s={search_term_string}\"},\"query-input\":{\"@type\":\"PropertyValueSpecification\",\"valueRequired\":true,\"valueName\":\"search_term_string\"}}],\"inLanguage\":\"fr-FR\"},{\"@type\":\"Person\",\"@id\":\"https:\/\/www.diocese-limoges.fr\/haute-vienne\/#\/schema\/person\/b0dc7faf96547a8125b31c62b6813296\",\"name\":\"saintsauveur\",\"image\":{\"@type\":\"ImageObject\",\"inLanguage\":\"fr-FR\",\"@id\":\"https:\/\/www.diocese-limoges.fr\/haute-vienne\/#\/schema\/person\/image\/\",\"url\":\"https:\/\/secure.gravatar.com\/avatar\/a187b4b2874fc564251207c08b459c60473b426cd4a6b725047b3ad5240041f6?s=96&d=mm&r=g\",\"contentUrl\":\"https:\/\/secure.gravatar.com\/avatar\/a187b4b2874fc564251207c08b459c60473b426cd4a6b725047b3ad5240041f6?s=96&d=mm&r=g\",\"caption\":\"saintsauveur\"},\"url\":\"https:\/\/www.diocese-limoges.fr\/haute-vienne\/author\/saintsauveur\/\"}]}<\/script>\n<!-- \/ Yoast SEO plugin. -->","yoast_head_json":{"title":"Offices de Novembre 2024 - Doyenn\u00e9s de Haute Vienne","robots":{"index":"index","follow":"follow","max-snippet":"max-snippet:-1","max-image-preview":"max-image-preview:large","max-video-preview":"max-video-preview:-1"},"canonical":"https:\/\/www.diocese-limoges.fr\/haute-vienne\/actualites\/offices-de-novembre-2024\/","og_locale":"fr_FR","og_type":"article","og_title":"Offices de Novembre 2024 - Doyenn\u00e9s de Haute Vienne","og_description":"\u00a0Toussaint Jeudi 31 octobre 18h30 Rochechouart Vendredi 1ier novembre 11h00 Oradour sur Vayres Samedi 02 novembre 18h30 Cussac Dimanche 03 novembre 11h00 Rochechouart Samedi 09 novembre 18h30 Ch\u00e9ronnac Dimanche 10 novembre 11h00 Oradour sur Vayres Samedi 16 novembre 18h30 Rochechouart \u00ab\u00a0Sainte C\u00e9cile\u00a0\u00bb Dimanche 17 novembre 11h00 Maisonnais sur Tardoire Samedi 23 novembre 18h30 Saint Auvent [&hellip;]","og_url":"https:\/\/www.diocese-limoges.fr\/haute-vienne\/actualites\/offices-de-novembre-2024\/","og_site_name":"Doyenn\u00e9s de Haute Vienne","article_published_time":"2024-10-16T08:25:18+00:00","article_modified_time":"2024-10-24T09:10:36+00:00","author":"saintsauveur","twitter_card":"summary_large_image","twitter_misc":{"\u00c9crit par":"saintsauveur","Dur\u00e9e de lecture estim\u00e9e":"1 minute"},"schema":{"@context":"https:\/\/schema.org","@graph":[{"@type":"WebPage","@id":"https:\/\/www.diocese-limoges.fr\/haute-vienne\/actualites\/offices-de-novembre-2024\/","url":"https:\/\/www.diocese-limoges.fr\/haute-vienne\/actualites\/offices-de-novembre-2024\/","name":"Offices de Novembre 2024 - Doyenn\u00e9s de Haute Vienne","isPartOf":{"@id":"https:\/\/www.diocese-limoges.fr\/haute-vienne\/#website"},"datePublished":"2024-10-16T08:25:18+00:00","dateModified":"2024-10-24T09:10:36+00:00","author":{"@id":"https:\/\/www.diocese-limoges.fr\/haute-vienne\/#\/schema\/person\/b0dc7faf96547a8125b31c62b6813296"},"breadcrumb":{"@id":"https:\/\/www.diocese-limoges.fr\/haute-vienne\/actualites\/offices-de-novembre-2024\/#breadcrumb"},"inLanguage":"fr-FR","potentialAction":[{"@type":"ReadAction","target":["https:\/\/www.diocese-limoges.fr\/haute-vienne\/actualites\/offices-de-novembre-2024\/"]}]},{"@type":"BreadcrumbList","@id":"https:\/\/www.diocese-limoges.fr\/haute-vienne\/actualites\/offices-de-novembre-2024\/#breadcrumb","itemListElement":[{"@type":"ListItem","position":1,"name":"Accueil","item":"https:\/\/www.diocese-limoges.fr\/haute-vienne\/"},{"@type":"ListItem","position":2,"name":"Offices de Novembre 2024"}]},{"@type":"WebSite","@id":"https:\/\/www.diocese-limoges.fr\/haute-vienne\/#website","url":"https:\/\/www.diocese-limoges.fr\/haute-vienne\/","name":"Doyenn\u00e9s de Haute Vienne","description":"Dioc\u00e8se de Limoges","potentialAction":[{"@type":"SearchAction","target":{"@type":"EntryPoint","urlTemplate":"https:\/\/www.diocese-limoges.fr\/haute-vienne\/?s={search_term_string}"},"query-input":{"@type":"PropertyValueSpecification","valueRequired":true,"valueName":"search_term_string"}}],"inLanguage":"fr-FR"},{"@type":"Person","@id":"https:\/\/www.diocese-limoges.fr\/haute-vienne\/#\/schema\/person\/b0dc7faf96547a8125b31c62b6813296","name":"saintsauveur","image":{"@type":"ImageObject","inLanguage":"fr-FR","@id":"https:\/\/www.diocese-limoges.fr\/haute-vienne\/#\/schema\/person\/image\/","url":"https:\/\/secure.gravatar.com\/avatar\/a187b4b2874fc564251207c08b459c60473b426cd4a6b725047b3ad5240041f6?s=96&d=mm&r=g","contentUrl":"https:\/\/secure.gravatar.com\/avatar\/a187b4b2874fc564251207c08b459c60473b426cd4a6b725047b3ad5240041f6?s=96&d=mm&r=g","caption":"saintsauveur"},"url":"https:\/\/www.diocese-limoges.fr\/haute-vienne\/author\/saintsauveur\/"}]}},"_links":{"self":[{"href":"https:\/\/www.diocese-limoges.fr\/haute-vienne\/wp-json\/wp\/v2\/posts\/4222","targetHints":{"allow":["GET"]}}],"collection":[{"href":"https:\/\/www.diocese-limoges.fr\/haute-vienne\/wp-json\/wp\/v2\/posts"}],"about":[{"href":"https:\/\/www.diocese-limoges.fr\/haute-vienne\/wp-json\/wp\/v2\/types\/post"}],"author":[{"embeddable":true,"href":"https:\/\/www.diocese-limoges.fr\/haute-vienne\/wp-json\/wp\/v2\/users\/31"}],"replies":[{"embeddable":true,"href":"https:\/\/www.diocese-limoges.fr\/haute-vienne\/wp-json\/wp\/v2\/comments?post=4222"}],"version-history":[{"count":1,"href":"https:\/\/www.diocese-limoges.fr\/haute-vienne\/wp-json\/wp\/v2\/posts\/4222\/revisions"}],"predecessor-version":[{"id":4223,"href":"https:\/\/www.diocese-limoges.fr\/haute-vienne\/wp-json\/wp\/v2\/posts\/4222\/revisions\/4223"}],"wp:attachment":[{"href":"https:\/\/www.diocese-limoges.fr\/haute-vienne\/wp-json\/wp\/v2\/media?parent=4222"}],"wp:term":[{"taxonomy":"category","embeddable":true,"href":"https:\/\/www.diocese-limoges.fr\/haute-vienne\/wp-json\/wp\/v2\/categories?post=4222"},{"taxonomy":"post_tag","embeddable":true,"href":"https:\/\/www.diocese-limoges.fr\/haute-vienne\/wp-json\/wp\/v2\/tags?post=4222"}],"curies":[{"name":"wp","href":"https:\/\/api.w.org\/{rel}","templated":true}]}}