{"id":463,"date":"2020-11-03T19:05:19","date_gmt":"2020-11-03T18:05:19","guid":{"rendered":"https:\/\/www.diocese-limoges.fr\/haute-vienne\/actualites\/\/"},"modified":"2020-11-03T19:10:51","modified_gmt":"2020-11-03T18:10:51","slug":"que-faire-durant-le-confinement","status":"publish","type":"post","link":"https:\/\/www.diocese-limoges.fr\/haute-vienne\/actualites\/que-faire-durant-le-confinement\/","title":{"rendered":"Que faire durant le confinement ?"},"content":{"rendered":"\n<p>\u00ab\u00a0<em>Les p\u00e9riodes troubl\u00e9es de notre histoire g\u00e9n\u00e8rent le meilleur et le pire. Il en est ainsi de ce temps particulier de lutte contre la pand\u00e9mie et de fortes tensions. C\u2019est le moment ou jamais de chercher, non pas \u00e0 sauvegarder notre bien-\u00eatre et notre pr\u00e9 carr\u00e9, mais \u00e0 viser haut, \u00e0 donner un surplus de sens \u00e0 notre vie en nous mettant \u00e0 la suite de J\u00e9sus-Christ&#8230; Le temps du confinement, plein de privations, de complications et de frustrations peut faire de nous des grognons tristes. Il peut \u00e0 l\u2019inverse stimuler notre pri\u00e8re, notre qu\u00eate de Dieu, notre amour fraternel, une charit\u00e9 inventive, dans \u00ab le don d\u00e9sint\u00e9ress\u00e9 \u00bb de nous-m\u00eames.&nbsp;<\/em><\/p>\n\n\n\n<p><em>C\u2019est ce \u00e0 quoi je vous invite, quels que soient votre \u00e9tat et vos conditions de vie. Nous \u00e9prouverons alors la v\u00e9rit\u00e9 de cette parole de J\u00e9sus : \u00ab il y a plus de bonheur \u00e0 donner qu\u2019\u00e0 recevoir \u00bb (Ac. 20, 35). Or nous avons tous quelque chose \u00e0 donner, f\u00fbt-ce l\u2019offrande de notre pri\u00e8re, de nos souffrances ou de notre solitude&#8230;. Le confinement nous laisse beaucoup de possibilit\u00e9s pour mettre en oeuvre les deux grands commandements qui n\u2019en font qu\u2019un, de l\u2019amour de Dieu et du prochain&#8230; Nous n\u2019aurons h\u00e9las plus acc\u00e8s pendant quelques semaines \u00e0 la messe dominicale. Cependant les \u00e9glises resteront ouvertes, nous aurons acc\u00e8s \u00e0 la paix qu\u2019on trouve dans la maison de Dieu et \u00e0 sa pr\u00e9sence r\u00e9elle dans le Saint Sacrement, devant lequel il est beau d\u2019aller prier lorsque c\u2019est possible&#8230; Nous sommes confin\u00e9s, mais ni notre Foi ni notre Charit\u00e9 ni notre Esp\u00e9rance ne le sont ! Nous sommes priv\u00e9s de la messe, mais ni de la pr\u00e9sence, ni de l\u2019amour de Dieu, m\u00eame si nous aspirons \u00e0 retrouver d\u00e8s que possible l\u2019acc\u00e8s au rassemblement de la communaut\u00e9 et \u00e0 la table eucharistique. Prions les uns pour les autres, gardons confiance dans le Seigneur qui nous invite \u00e0 ne pas avoir peur. Merci \u00e0 tous ceux qui, de mani\u00e8re visible ou cach\u00e9e, oeuvrent \u00e0 la vie de l\u2019\u00c9glise, au soutien de la vie fraternelle, en particulier au service des plus d\u00e9munis.\u00a0\u00bb<\/em><\/p>\n\n\n\n<div class=\"wp-block-group\"><div class=\"wp-block-group__inner-container is-layout-flow wp-block-group-is-layout-flow\">\n<p class=\"has-text-align-right\"><em>Pierre-Antoine BOZO<\/em><\/p>\n\n\n\n<p class=\"has-text-align-right\"><em>Ev\u00eaque de Limoges<\/em><\/p>\n\n\n\n<p class=\"has-text-align-right\"><em>30 octobre 2020<\/em><\/p>\n<\/div><\/div>\n","protected":false},"excerpt":{"rendered":"<p>\u00ab\u00a0Les p\u00e9riodes troubl\u00e9es de notre histoire g\u00e9n\u00e8rent le meilleur et le pire. Il en est ainsi de ce temps particulier de lutte contre la pand\u00e9mie et de fortes tensions. C\u2019est le moment ou jamais de chercher, non pas \u00e0 sauvegarder notre bien-\u00eatre et notre pr\u00e9 carr\u00e9, mais \u00e0 viser haut, \u00e0 donner un surplus de [&hellip;]<\/p>\n","protected":false},"author":26,"featured_media":464,"comment_status":"closed","ping_status":"open","sticky":false,"template":"","format":"standard","meta":{"_acf_changed":false,"footnotes":""},"categories":[1],"tags":[],"class_list":["post-463","post","type-post","status-publish","format-standard","has-post-thumbnail","hentry","category-actualites"],"acf":[],"yoast_head":"<!-- This site is optimized with the Yoast SEO plugin v26.4 - https:\/\/yoast.com\/wordpress\/plugins\/seo\/ -->\n<title>Que faire durant le confinement ? - Doyenn\u00e9s de Haute Vienne<\/title>\n<meta name=\"robots\" content=\"index, follow, max-snippet:-1, max-image-preview:large, max-video-preview:-1\" \/>\n<link rel=\"canonical\" href=\"https:\/\/www.diocese-limoges.fr\/haute-vienne\/actualites\/que-faire-durant-le-confinement\/\" \/>\n<meta property=\"og:locale\" content=\"fr_FR\" \/>\n<meta property=\"og:type\" content=\"article\" \/>\n<meta property=\"og:title\" content=\"Que faire durant le confinement ? - Doyenn\u00e9s de Haute Vienne\" \/>\n<meta property=\"og:description\" content=\"\u00ab\u00a0Les p\u00e9riodes troubl\u00e9es de notre histoire g\u00e9n\u00e8rent le meilleur et le pire. Il en est ainsi de ce temps particulier de lutte contre la pand\u00e9mie et de fortes tensions. C\u2019est le moment ou jamais de chercher, non pas \u00e0 sauvegarder notre bien-\u00eatre et notre pr\u00e9 carr\u00e9, mais \u00e0 viser haut, \u00e0 donner un surplus de [&hellip;]\" \/>\n<meta property=\"og:url\" content=\"https:\/\/www.diocese-limoges.fr\/haute-vienne\/actualites\/que-faire-durant-le-confinement\/\" \/>\n<meta property=\"og:site_name\" content=\"Doyenn\u00e9s de Haute Vienne\" \/>\n<meta property=\"article:published_time\" content=\"2020-11-03T18:05:19+00:00\" \/>\n<meta property=\"article:modified_time\" content=\"2020-11-03T18:10:51+00:00\" \/>\n<meta property=\"og:image\" content=\"https:\/\/www.diocese-limoges.fr\/haute-vienne\/wp-content\/uploads\/sites\/4\/2020\/11\/img_0080-scaled.jpeg\" \/>\n\t<meta property=\"og:image:width\" content=\"2560\" \/>\n\t<meta property=\"og:image:height\" content=\"1920\" \/>\n\t<meta property=\"og:image:type\" content=\"image\/jpeg\" \/>\n<meta name=\"author\" content=\"saintaurelien\" \/>\n<meta name=\"twitter:card\" content=\"summary_large_image\" \/>\n<meta name=\"twitter:label1\" content=\"\u00c9crit par\" \/>\n\t<meta name=\"twitter:data1\" content=\"saintaurelien\" \/>\n\t<meta name=\"twitter:label2\" content=\"Dur\u00e9e de lecture estim\u00e9e\" \/>\n\t<meta name=\"twitter:data2\" content=\"2 minutes\" \/>\n<script type=\"application\/ld+json\" class=\"yoast-schema-graph\">{\"@context\":\"https:\/\/schema.org\",\"@graph\":[{\"@type\":\"WebPage\",\"@id\":\"https:\/\/www.diocese-limoges.fr\/haute-vienne\/actualites\/que-faire-durant-le-confinement\/\",\"url\":\"https:\/\/www.diocese-limoges.fr\/haute-vienne\/actualites\/que-faire-durant-le-confinement\/\",\"name\":\"Que faire durant le confinement ? - Doyenn\u00e9s de Haute Vienne\",\"isPartOf\":{\"@id\":\"https:\/\/www.diocese-limoges.fr\/haute-vienne\/#website\"},\"primaryImageOfPage\":{\"@id\":\"https:\/\/www.diocese-limoges.fr\/haute-vienne\/actualites\/que-faire-durant-le-confinement\/#primaryimage\"},\"image\":{\"@id\":\"https:\/\/www.diocese-limoges.fr\/haute-vienne\/actualites\/que-faire-durant-le-confinement\/#primaryimage\"},\"thumbnailUrl\":\"https:\/\/www.diocese-limoges.fr\/haute-vienne\/wp-content\/uploads\/sites\/4\/2020\/11\/img_0080-scaled.jpeg\",\"datePublished\":\"2020-11-03T18:05:19+00:00\",\"dateModified\":\"2020-11-03T18:10:51+00:00\",\"author\":{\"@id\":\"https:\/\/www.diocese-limoges.fr\/haute-vienne\/#\/schema\/person\/07e59a9282b42d93e154a91d7ef4a911\"},\"breadcrumb\":{\"@id\":\"https:\/\/www.diocese-limoges.fr\/haute-vienne\/actualites\/que-faire-durant-le-confinement\/#breadcrumb\"},\"inLanguage\":\"fr-FR\",\"potentialAction\":[{\"@type\":\"ReadAction\",\"target\":[\"https:\/\/www.diocese-limoges.fr\/haute-vienne\/actualites\/que-faire-durant-le-confinement\/\"]}]},{\"@type\":\"ImageObject\",\"inLanguage\":\"fr-FR\",\"@id\":\"https:\/\/www.diocese-limoges.fr\/haute-vienne\/actualites\/que-faire-durant-le-confinement\/#primaryimage\",\"url\":\"https:\/\/www.diocese-limoges.fr\/haute-vienne\/wp-content\/uploads\/sites\/4\/2020\/11\/img_0080-scaled.jpeg\",\"contentUrl\":\"https:\/\/www.diocese-limoges.fr\/haute-vienne\/wp-content\/uploads\/sites\/4\/2020\/11\/img_0080-scaled.jpeg\",\"width\":2560,\"height\":1920},{\"@type\":\"BreadcrumbList\",\"@id\":\"https:\/\/www.diocese-limoges.fr\/haute-vienne\/actualites\/que-faire-durant-le-confinement\/#breadcrumb\",\"itemListElement\":[{\"@type\":\"ListItem\",\"position\":1,\"name\":\"Accueil\",\"item\":\"https:\/\/www.diocese-limoges.fr\/haute-vienne\/\"},{\"@type\":\"ListItem\",\"position\":2,\"name\":\"Que faire durant le confinement ?\"}]},{\"@type\":\"WebSite\",\"@id\":\"https:\/\/www.diocese-limoges.fr\/haute-vienne\/#website\",\"url\":\"https:\/\/www.diocese-limoges.fr\/haute-vienne\/\",\"name\":\"Doyenn\u00e9s de Haute Vienne\",\"description\":\"Dioc\u00e8se de Limoges\",\"potentialAction\":[{\"@type\":\"SearchAction\",\"target\":{\"@type\":\"EntryPoint\",\"urlTemplate\":\"https:\/\/www.diocese-limoges.fr\/haute-vienne\/?s={search_term_string}\"},\"query-input\":{\"@type\":\"PropertyValueSpecification\",\"valueRequired\":true,\"valueName\":\"search_term_string\"}}],\"inLanguage\":\"fr-FR\"},{\"@type\":\"Person\",\"@id\":\"https:\/\/www.diocese-limoges.fr\/haute-vienne\/#\/schema\/person\/07e59a9282b42d93e154a91d7ef4a911\",\"name\":\"saintaurelien\",\"image\":{\"@type\":\"ImageObject\",\"inLanguage\":\"fr-FR\",\"@id\":\"https:\/\/www.diocese-limoges.fr\/haute-vienne\/#\/schema\/person\/image\/\",\"url\":\"https:\/\/secure.gravatar.com\/avatar\/f995c9c29ef845bcf738b6c228937790e0fa5f34cd7a879b056eb08df917fe84?s=96&d=mm&r=g\",\"contentUrl\":\"https:\/\/secure.gravatar.com\/avatar\/f995c9c29ef845bcf738b6c228937790e0fa5f34cd7a879b056eb08df917fe84?s=96&d=mm&r=g\",\"caption\":\"saintaurelien\"},\"url\":\"https:\/\/www.diocese-limoges.fr\/haute-vienne\/author\/saintaurelien\/\"}]}<\/script>\n<!-- \/ Yoast SEO plugin. -->","yoast_head_json":{"title":"Que faire durant le confinement ? - Doyenn\u00e9s de Haute Vienne","robots":{"index":"index","follow":"follow","max-snippet":"max-snippet:-1","max-image-preview":"max-image-preview:large","max-video-preview":"max-video-preview:-1"},"canonical":"https:\/\/www.diocese-limoges.fr\/haute-vienne\/actualites\/que-faire-durant-le-confinement\/","og_locale":"fr_FR","og_type":"article","og_title":"Que faire durant le confinement ? - Doyenn\u00e9s de Haute Vienne","og_description":"\u00ab\u00a0Les p\u00e9riodes troubl\u00e9es de notre histoire g\u00e9n\u00e8rent le meilleur et le pire. Il en est ainsi de ce temps particulier de lutte contre la pand\u00e9mie et de fortes tensions. C\u2019est le moment ou jamais de chercher, non pas \u00e0 sauvegarder notre bien-\u00eatre et notre pr\u00e9 carr\u00e9, mais \u00e0 viser haut, \u00e0 donner un surplus de [&hellip;]","og_url":"https:\/\/www.diocese-limoges.fr\/haute-vienne\/actualites\/que-faire-durant-le-confinement\/","og_site_name":"Doyenn\u00e9s de Haute Vienne","article_published_time":"2020-11-03T18:05:19+00:00","article_modified_time":"2020-11-03T18:10:51+00:00","og_image":[{"width":2560,"height":1920,"url":"https:\/\/www.diocese-limoges.fr\/haute-vienne\/wp-content\/uploads\/sites\/4\/2020\/11\/img_0080-scaled.jpeg","type":"image\/jpeg"}],"author":"saintaurelien","twitter_card":"summary_large_image","twitter_misc":{"\u00c9crit par":"saintaurelien","Dur\u00e9e de lecture estim\u00e9e":"2 minutes"},"schema":{"@context":"https:\/\/schema.org","@graph":[{"@type":"WebPage","@id":"https:\/\/www.diocese-limoges.fr\/haute-vienne\/actualites\/que-faire-durant-le-confinement\/","url":"https:\/\/www.diocese-limoges.fr\/haute-vienne\/actualites\/que-faire-durant-le-confinement\/","name":"Que faire durant le confinement ? - Doyenn\u00e9s de Haute Vienne","isPartOf":{"@id":"https:\/\/www.diocese-limoges.fr\/haute-vienne\/#website"},"primaryImageOfPage":{"@id":"https:\/\/www.diocese-limoges.fr\/haute-vienne\/actualites\/que-faire-durant-le-confinement\/#primaryimage"},"image":{"@id":"https:\/\/www.diocese-limoges.fr\/haute-vienne\/actualites\/que-faire-durant-le-confinement\/#primaryimage"},"thumbnailUrl":"https:\/\/www.diocese-limoges.fr\/haute-vienne\/wp-content\/uploads\/sites\/4\/2020\/11\/img_0080-scaled.jpeg","datePublished":"2020-11-03T18:05:19+00:00","dateModified":"2020-11-03T18:10:51+00:00","author":{"@id":"https:\/\/www.diocese-limoges.fr\/haute-vienne\/#\/schema\/person\/07e59a9282b42d93e154a91d7ef4a911"},"breadcrumb":{"@id":"https:\/\/www.diocese-limoges.fr\/haute-vienne\/actualites\/que-faire-durant-le-confinement\/#breadcrumb"},"inLanguage":"fr-FR","potentialAction":[{"@type":"ReadAction","target":["https:\/\/www.diocese-limoges.fr\/haute-vienne\/actualites\/que-faire-durant-le-confinement\/"]}]},{"@type":"ImageObject","inLanguage":"fr-FR","@id":"https:\/\/www.diocese-limoges.fr\/haute-vienne\/actualites\/que-faire-durant-le-confinement\/#primaryimage","url":"https:\/\/www.diocese-limoges.fr\/haute-vienne\/wp-content\/uploads\/sites\/4\/2020\/11\/img_0080-scaled.jpeg","contentUrl":"https:\/\/www.diocese-limoges.fr\/haute-vienne\/wp-content\/uploads\/sites\/4\/2020\/11\/img_0080-scaled.jpeg","width":2560,"height":1920},{"@type":"BreadcrumbList","@id":"https:\/\/www.diocese-limoges.fr\/haute-vienne\/actualites\/que-faire-durant-le-confinement\/#breadcrumb","itemListElement":[{"@type":"ListItem","position":1,"name":"Accueil","item":"https:\/\/www.diocese-limoges.fr\/haute-vienne\/"},{"@type":"ListItem","position":2,"name":"Que faire durant le confinement ?"}]},{"@type":"WebSite","@id":"https:\/\/www.diocese-limoges.fr\/haute-vienne\/#website","url":"https:\/\/www.diocese-limoges.fr\/haute-vienne\/","name":"Doyenn\u00e9s de Haute Vienne","description":"Dioc\u00e8se de Limoges","potentialAction":[{"@type":"SearchAction","target":{"@type":"EntryPoint","urlTemplate":"https:\/\/www.diocese-limoges.fr\/haute-vienne\/?s={search_term_string}"},"query-input":{"@type":"PropertyValueSpecification","valueRequired":true,"valueName":"search_term_string"}}],"inLanguage":"fr-FR"},{"@type":"Person","@id":"https:\/\/www.diocese-limoges.fr\/haute-vienne\/#\/schema\/person\/07e59a9282b42d93e154a91d7ef4a911","name":"saintaurelien","image":{"@type":"ImageObject","inLanguage":"fr-FR","@id":"https:\/\/www.diocese-limoges.fr\/haute-vienne\/#\/schema\/person\/image\/","url":"https:\/\/secure.gravatar.com\/avatar\/f995c9c29ef845bcf738b6c228937790e0fa5f34cd7a879b056eb08df917fe84?s=96&d=mm&r=g","contentUrl":"https:\/\/secure.gravatar.com\/avatar\/f995c9c29ef845bcf738b6c228937790e0fa5f34cd7a879b056eb08df917fe84?s=96&d=mm&r=g","caption":"saintaurelien"},"url":"https:\/\/www.diocese-limoges.fr\/haute-vienne\/author\/saintaurelien\/"}]}},"_links":{"self":[{"href":"https:\/\/www.diocese-limoges.fr\/haute-vienne\/wp-json\/wp\/v2\/posts\/463","targetHints":{"allow":["GET"]}}],"collection":[{"href":"https:\/\/www.diocese-limoges.fr\/haute-vienne\/wp-json\/wp\/v2\/posts"}],"about":[{"href":"https:\/\/www.diocese-limoges.fr\/haute-vienne\/wp-json\/wp\/v2\/types\/post"}],"author":[{"embeddable":true,"href":"https:\/\/www.diocese-limoges.fr\/haute-vienne\/wp-json\/wp\/v2\/users\/26"}],"replies":[{"embeddable":true,"href":"https:\/\/www.diocese-limoges.fr\/haute-vienne\/wp-json\/wp\/v2\/comments?post=463"}],"version-history":[{"count":2,"href":"https:\/\/www.diocese-limoges.fr\/haute-vienne\/wp-json\/wp\/v2\/posts\/463\/revisions"}],"predecessor-version":[{"id":466,"href":"https:\/\/www.diocese-limoges.fr\/haute-vienne\/wp-json\/wp\/v2\/posts\/463\/revisions\/466"}],"wp:featuredmedia":[{"embeddable":true,"href":"https:\/\/www.diocese-limoges.fr\/haute-vienne\/wp-json\/wp\/v2\/media\/464"}],"wp:attachment":[{"href":"https:\/\/www.diocese-limoges.fr\/haute-vienne\/wp-json\/wp\/v2\/media?parent=463"}],"wp:term":[{"taxonomy":"category","embeddable":true,"href":"https:\/\/www.diocese-limoges.fr\/haute-vienne\/wp-json\/wp\/v2\/categories?post=463"},{"taxonomy":"post_tag","embeddable":true,"href":"https:\/\/www.diocese-limoges.fr\/haute-vienne\/wp-json\/wp\/v2\/tags?post=463"}],"curies":[{"name":"wp","href":"https:\/\/api.w.org\/{rel}","templated":true}]}}