{"id":4796,"date":"2025-05-19T13:44:15","date_gmt":"2025-05-19T11:44:15","guid":{"rendered":"https:\/\/www.diocese-limoges.fr\/haute-vienne\/?p=4796"},"modified":"2025-05-19T13:44:16","modified_gmt":"2025-05-19T11:44:16","slug":"offices-de-juin-2025","status":"publish","type":"post","link":"https:\/\/www.diocese-limoges.fr\/haute-vienne\/actualites\/offices-de-juin-2025\/","title":{"rendered":"OFFICES DE JUIN 2025"},"content":{"rendered":"\n<p class=\"has-text-align-center has-vivid-green-cyan-color has-text-color has-link-color wp-elements-b4b8cbcda37cc5596ae31ce435c81388\"><strong><em>P\u00e8lerinage de Pentec\u00f4te au sanctuaire \u00e0 Saint Auvent<\/em><\/strong><\/p>\n\n\n\n<p class=\"has-text-align-center has-vivid-green-cyan-color has-text-color has-link-color wp-elements-35aea519869e27f680eaebb619a88266\"><strong><em>Lundi 9 juin p\u00e8lerinage \u00e0 partir de 15h, messe \u00e0 16h.<\/em><\/strong><\/p>\n\n\n\n<p class=\"has-text-align-center has-vivid-cyan-blue-color has-text-color has-link-color wp-elements-5edb40c79fd472df8754f0d0d93e55c9\"><strong>Samedi 31 Mai 18h30 Cussac<\/strong><\/p>\n\n\n\n<p class=\"has-text-align-center has-vivid-red-color has-text-color has-link-color wp-elements-6427e71e966f0a15afb4cb1591cb63c9\"><strong>Dimanche 1<sup>ier<\/sup> juin 11h00 Rochechouart<\/strong><\/p>\n\n\n\n<p class=\"has-text-align-center has-vivid-cyan-blue-color has-text-color has-link-color wp-elements-12f472c6fedfa67bfe5bbb8d76f1fafd\"><strong>Samedi 7 juin 18h30 Vayres<\/strong><\/p>\n\n\n\n<p class=\"has-text-align-center has-vivid-red-color has-text-color has-link-color wp-elements-f8a9c9852a05070fc81ead4cacf82704\"><strong>Dimanche de Pentec\u00f4te 8 juin 11h00 Oradour sur Vayres<\/strong><\/p>\n\n\n\n<p class=\"has-text-align-center has-vivid-red-color has-text-color has-link-color wp-elements-4512ccd9b3e41334b5105de50ac0393f\"><strong>Lundi 9 juin 15h P\u00e8lerinage et \u00e0 16h00 messe au Sanctuaire Notre Dame de la Paix \u00e0 Saint Auvent<\/strong><\/p>\n\n\n\n<p class=\"has-text-align-center has-vivid-cyan-blue-color has-text-color has-link-color wp-elements-b0c818aea8ce8d81513c9e46be27aae7\"><strong>Samedi 14 juin 18h30 Marval<\/strong><\/p>\n\n\n\n<p class=\"has-text-align-center has-vivid-red-color has-text-color has-link-color wp-elements-40c0cd93b0cc072955e02a63cfb65882\"><strong>Dimanche 15 juin 1100h Saint Laurent sur Gorre<\/strong><\/p>\n\n\n\n<p class=\"has-text-align-center\"><strong>Samedi 21 juin 18h30 Saint Auvent<\/strong><\/p>\n\n\n\n<p class=\"has-text-align-center has-vivid-red-color has-text-color has-link-color wp-elements-5a61f7d981536a7a3d0d9484bb85ed36\"><strong>Dimanche 22 juin 11h00 Saint Mathieu<\/strong><\/p>\n\n\n\n<p class=\"has-text-align-center has-vivid-cyan-blue-color has-text-color has-link-color wp-elements-607d05c77160f6f42d6acafdfa7c9d2d\"><strong>Samedi 28 juin 18h30 Cussac<\/strong><\/p>\n\n\n\n<p class=\"has-text-align-center has-vivid-red-color has-text-color has-link-color wp-elements-eeeec16e903dbc52d8e5ba1f8013f617\"><strong>Dimanche 29 juin 11h00 Rochechouart<\/strong><\/p>\n","protected":false},"excerpt":{"rendered":"<p>P\u00e8lerinage de Pentec\u00f4te au sanctuaire \u00e0 Saint Auvent Lundi 9 juin p\u00e8lerinage \u00e0 partir de 15h, messe \u00e0 16h. Samedi 31 Mai 18h30 Cussac Dimanche 1ier juin 11h00 Rochechouart Samedi 7 juin 18h30 Vayres Dimanche de Pentec\u00f4te 8 juin 11h00 Oradour sur Vayres Lundi 9 juin 15h P\u00e8lerinage et \u00e0 16h00 messe au Sanctuaire Notre [&hellip;]<\/p>\n","protected":false},"author":31,"featured_media":0,"comment_status":"closed","ping_status":"open","sticky":false,"template":"","format":"standard","meta":{"_acf_changed":false,"footnotes":""},"categories":[1],"tags":[],"class_list":["post-4796","post","type-post","status-publish","format-standard","hentry","category-actualites"],"acf":[],"yoast_head":"<!-- This site is optimized with the Yoast SEO plugin v26.4 - https:\/\/yoast.com\/wordpress\/plugins\/seo\/ -->\n<title>OFFICES DE JUIN 2025 - Doyenn\u00e9s de Haute Vienne<\/title>\n<meta name=\"robots\" content=\"index, follow, max-snippet:-1, max-image-preview:large, max-video-preview:-1\" \/>\n<link rel=\"canonical\" href=\"https:\/\/www.diocese-limoges.fr\/haute-vienne\/actualites\/offices-de-juin-2025\/\" \/>\n<meta property=\"og:locale\" content=\"fr_FR\" \/>\n<meta property=\"og:type\" content=\"article\" \/>\n<meta property=\"og:title\" content=\"OFFICES DE JUIN 2025 - Doyenn\u00e9s de Haute Vienne\" \/>\n<meta property=\"og:description\" content=\"P\u00e8lerinage de Pentec\u00f4te au sanctuaire \u00e0 Saint Auvent Lundi 9 juin p\u00e8lerinage \u00e0 partir de 15h, messe \u00e0 16h. Samedi 31 Mai 18h30 Cussac Dimanche 1ier juin 11h00 Rochechouart Samedi 7 juin 18h30 Vayres Dimanche de Pentec\u00f4te 8 juin 11h00 Oradour sur Vayres Lundi 9 juin 15h P\u00e8lerinage et \u00e0 16h00 messe au Sanctuaire Notre [&hellip;]\" \/>\n<meta property=\"og:url\" content=\"https:\/\/www.diocese-limoges.fr\/haute-vienne\/actualites\/offices-de-juin-2025\/\" \/>\n<meta property=\"og:site_name\" content=\"Doyenn\u00e9s de Haute Vienne\" \/>\n<meta property=\"article:published_time\" content=\"2025-05-19T11:44:15+00:00\" \/>\n<meta property=\"article:modified_time\" content=\"2025-05-19T11:44:16+00:00\" \/>\n<meta name=\"author\" content=\"saintsauveur\" \/>\n<meta name=\"twitter:card\" content=\"summary_large_image\" \/>\n<meta name=\"twitter:label1\" content=\"\u00c9crit par\" \/>\n\t<meta name=\"twitter:data1\" content=\"saintsauveur\" \/>\n\t<meta name=\"twitter:label2\" content=\"Dur\u00e9e de lecture estim\u00e9e\" \/>\n\t<meta name=\"twitter:data2\" content=\"1 minute\" \/>\n<script type=\"application\/ld+json\" class=\"yoast-schema-graph\">{\"@context\":\"https:\/\/schema.org\",\"@graph\":[{\"@type\":\"WebPage\",\"@id\":\"https:\/\/www.diocese-limoges.fr\/haute-vienne\/actualites\/offices-de-juin-2025\/\",\"url\":\"https:\/\/www.diocese-limoges.fr\/haute-vienne\/actualites\/offices-de-juin-2025\/\",\"name\":\"OFFICES DE JUIN 2025 - Doyenn\u00e9s de Haute Vienne\",\"isPartOf\":{\"@id\":\"https:\/\/www.diocese-limoges.fr\/haute-vienne\/#website\"},\"datePublished\":\"2025-05-19T11:44:15+00:00\",\"dateModified\":\"2025-05-19T11:44:16+00:00\",\"author\":{\"@id\":\"https:\/\/www.diocese-limoges.fr\/haute-vienne\/#\/schema\/person\/b0dc7faf96547a8125b31c62b6813296\"},\"breadcrumb\":{\"@id\":\"https:\/\/www.diocese-limoges.fr\/haute-vienne\/actualites\/offices-de-juin-2025\/#breadcrumb\"},\"inLanguage\":\"fr-FR\",\"potentialAction\":[{\"@type\":\"ReadAction\",\"target\":[\"https:\/\/www.diocese-limoges.fr\/haute-vienne\/actualites\/offices-de-juin-2025\/\"]}]},{\"@type\":\"BreadcrumbList\",\"@id\":\"https:\/\/www.diocese-limoges.fr\/haute-vienne\/actualites\/offices-de-juin-2025\/#breadcrumb\",\"itemListElement\":[{\"@type\":\"ListItem\",\"position\":1,\"name\":\"Accueil\",\"item\":\"https:\/\/www.diocese-limoges.fr\/haute-vienne\/\"},{\"@type\":\"ListItem\",\"position\":2,\"name\":\"OFFICES DE JUIN 2025\"}]},{\"@type\":\"WebSite\",\"@id\":\"https:\/\/www.diocese-limoges.fr\/haute-vienne\/#website\",\"url\":\"https:\/\/www.diocese-limoges.fr\/haute-vienne\/\",\"name\":\"Doyenn\u00e9s de Haute Vienne\",\"description\":\"Dioc\u00e8se de Limoges\",\"potentialAction\":[{\"@type\":\"SearchAction\",\"target\":{\"@type\":\"EntryPoint\",\"urlTemplate\":\"https:\/\/www.diocese-limoges.fr\/haute-vienne\/?s={search_term_string}\"},\"query-input\":{\"@type\":\"PropertyValueSpecification\",\"valueRequired\":true,\"valueName\":\"search_term_string\"}}],\"inLanguage\":\"fr-FR\"},{\"@type\":\"Person\",\"@id\":\"https:\/\/www.diocese-limoges.fr\/haute-vienne\/#\/schema\/person\/b0dc7faf96547a8125b31c62b6813296\",\"name\":\"saintsauveur\",\"image\":{\"@type\":\"ImageObject\",\"inLanguage\":\"fr-FR\",\"@id\":\"https:\/\/www.diocese-limoges.fr\/haute-vienne\/#\/schema\/person\/image\/\",\"url\":\"https:\/\/secure.gravatar.com\/avatar\/a187b4b2874fc564251207c08b459c60473b426cd4a6b725047b3ad5240041f6?s=96&d=mm&r=g\",\"contentUrl\":\"https:\/\/secure.gravatar.com\/avatar\/a187b4b2874fc564251207c08b459c60473b426cd4a6b725047b3ad5240041f6?s=96&d=mm&r=g\",\"caption\":\"saintsauveur\"},\"url\":\"https:\/\/www.diocese-limoges.fr\/haute-vienne\/author\/saintsauveur\/\"}]}<\/script>\n<!-- \/ Yoast SEO plugin. -->","yoast_head_json":{"title":"OFFICES DE JUIN 2025 - Doyenn\u00e9s de Haute Vienne","robots":{"index":"index","follow":"follow","max-snippet":"max-snippet:-1","max-image-preview":"max-image-preview:large","max-video-preview":"max-video-preview:-1"},"canonical":"https:\/\/www.diocese-limoges.fr\/haute-vienne\/actualites\/offices-de-juin-2025\/","og_locale":"fr_FR","og_type":"article","og_title":"OFFICES DE JUIN 2025 - Doyenn\u00e9s de Haute Vienne","og_description":"P\u00e8lerinage de Pentec\u00f4te au sanctuaire \u00e0 Saint Auvent Lundi 9 juin p\u00e8lerinage \u00e0 partir de 15h, messe \u00e0 16h. Samedi 31 Mai 18h30 Cussac Dimanche 1ier juin 11h00 Rochechouart Samedi 7 juin 18h30 Vayres Dimanche de Pentec\u00f4te 8 juin 11h00 Oradour sur Vayres Lundi 9 juin 15h P\u00e8lerinage et \u00e0 16h00 messe au Sanctuaire Notre [&hellip;]","og_url":"https:\/\/www.diocese-limoges.fr\/haute-vienne\/actualites\/offices-de-juin-2025\/","og_site_name":"Doyenn\u00e9s de Haute Vienne","article_published_time":"2025-05-19T11:44:15+00:00","article_modified_time":"2025-05-19T11:44:16+00:00","author":"saintsauveur","twitter_card":"summary_large_image","twitter_misc":{"\u00c9crit par":"saintsauveur","Dur\u00e9e de lecture estim\u00e9e":"1 minute"},"schema":{"@context":"https:\/\/schema.org","@graph":[{"@type":"WebPage","@id":"https:\/\/www.diocese-limoges.fr\/haute-vienne\/actualites\/offices-de-juin-2025\/","url":"https:\/\/www.diocese-limoges.fr\/haute-vienne\/actualites\/offices-de-juin-2025\/","name":"OFFICES DE JUIN 2025 - Doyenn\u00e9s de Haute Vienne","isPartOf":{"@id":"https:\/\/www.diocese-limoges.fr\/haute-vienne\/#website"},"datePublished":"2025-05-19T11:44:15+00:00","dateModified":"2025-05-19T11:44:16+00:00","author":{"@id":"https:\/\/www.diocese-limoges.fr\/haute-vienne\/#\/schema\/person\/b0dc7faf96547a8125b31c62b6813296"},"breadcrumb":{"@id":"https:\/\/www.diocese-limoges.fr\/haute-vienne\/actualites\/offices-de-juin-2025\/#breadcrumb"},"inLanguage":"fr-FR","potentialAction":[{"@type":"ReadAction","target":["https:\/\/www.diocese-limoges.fr\/haute-vienne\/actualites\/offices-de-juin-2025\/"]}]},{"@type":"BreadcrumbList","@id":"https:\/\/www.diocese-limoges.fr\/haute-vienne\/actualites\/offices-de-juin-2025\/#breadcrumb","itemListElement":[{"@type":"ListItem","position":1,"name":"Accueil","item":"https:\/\/www.diocese-limoges.fr\/haute-vienne\/"},{"@type":"ListItem","position":2,"name":"OFFICES DE JUIN 2025"}]},{"@type":"WebSite","@id":"https:\/\/www.diocese-limoges.fr\/haute-vienne\/#website","url":"https:\/\/www.diocese-limoges.fr\/haute-vienne\/","name":"Doyenn\u00e9s de Haute Vienne","description":"Dioc\u00e8se de Limoges","potentialAction":[{"@type":"SearchAction","target":{"@type":"EntryPoint","urlTemplate":"https:\/\/www.diocese-limoges.fr\/haute-vienne\/?s={search_term_string}"},"query-input":{"@type":"PropertyValueSpecification","valueRequired":true,"valueName":"search_term_string"}}],"inLanguage":"fr-FR"},{"@type":"Person","@id":"https:\/\/www.diocese-limoges.fr\/haute-vienne\/#\/schema\/person\/b0dc7faf96547a8125b31c62b6813296","name":"saintsauveur","image":{"@type":"ImageObject","inLanguage":"fr-FR","@id":"https:\/\/www.diocese-limoges.fr\/haute-vienne\/#\/schema\/person\/image\/","url":"https:\/\/secure.gravatar.com\/avatar\/a187b4b2874fc564251207c08b459c60473b426cd4a6b725047b3ad5240041f6?s=96&d=mm&r=g","contentUrl":"https:\/\/secure.gravatar.com\/avatar\/a187b4b2874fc564251207c08b459c60473b426cd4a6b725047b3ad5240041f6?s=96&d=mm&r=g","caption":"saintsauveur"},"url":"https:\/\/www.diocese-limoges.fr\/haute-vienne\/author\/saintsauveur\/"}]}},"_links":{"self":[{"href":"https:\/\/www.diocese-limoges.fr\/haute-vienne\/wp-json\/wp\/v2\/posts\/4796","targetHints":{"allow":["GET"]}}],"collection":[{"href":"https:\/\/www.diocese-limoges.fr\/haute-vienne\/wp-json\/wp\/v2\/posts"}],"about":[{"href":"https:\/\/www.diocese-limoges.fr\/haute-vienne\/wp-json\/wp\/v2\/types\/post"}],"author":[{"embeddable":true,"href":"https:\/\/www.diocese-limoges.fr\/haute-vienne\/wp-json\/wp\/v2\/users\/31"}],"replies":[{"embeddable":true,"href":"https:\/\/www.diocese-limoges.fr\/haute-vienne\/wp-json\/wp\/v2\/comments?post=4796"}],"version-history":[{"count":1,"href":"https:\/\/www.diocese-limoges.fr\/haute-vienne\/wp-json\/wp\/v2\/posts\/4796\/revisions"}],"predecessor-version":[{"id":4797,"href":"https:\/\/www.diocese-limoges.fr\/haute-vienne\/wp-json\/wp\/v2\/posts\/4796\/revisions\/4797"}],"wp:attachment":[{"href":"https:\/\/www.diocese-limoges.fr\/haute-vienne\/wp-json\/wp\/v2\/media?parent=4796"}],"wp:term":[{"taxonomy":"category","embeddable":true,"href":"https:\/\/www.diocese-limoges.fr\/haute-vienne\/wp-json\/wp\/v2\/categories?post=4796"},{"taxonomy":"post_tag","embeddable":true,"href":"https:\/\/www.diocese-limoges.fr\/haute-vienne\/wp-json\/wp\/v2\/tags?post=4796"}],"curies":[{"name":"wp","href":"https:\/\/api.w.org\/{rel}","templated":true}]}}