{"id":556,"date":"2020-11-21T22:05:37","date_gmt":"2020-11-21T21:05:37","guid":{"rendered":"https:\/\/www.diocese-limoges.fr\/haute-vienne\/actualites\/\/"},"modified":"2020-11-21T22:10:56","modified_gmt":"2020-11-21T21:10:56","slug":"mais-qui-est-donc-ce-roi","status":"publish","type":"post","link":"https:\/\/www.diocese-limoges.fr\/haute-vienne\/actualites\/mais-qui-est-donc-ce-roi\/","title":{"rendered":"Mais qui est donc ce roi ?"},"content":{"rendered":"\n<p>Nous voici arriv\u00e9 \u00e0 la fin de l\u2019ann\u00e9e liturgique.<br>On peut dire que cette ann\u00e9e a \u00e9t\u00e9 plut\u00f4t chamboul\u00e9e !<br>Un temps du car\u00eame et une semaine sainte v\u00e9cus chacun chez soi\u2026 Profession de Foi et premi\u00e8re communion repouss\u00e9es comme de nombreux bapt\u00eames et mariages\u2026 Un temps de l\u2019\u00e9t\u00e9 presque normal avec de belles c\u00e9l\u00e9brations et de belles rencontres\u2026 Nous pensions repartir emport\u00e9s par le vent qui nous emporte et qui nus envoie\u2026 Et voil\u00e0 que ce \u00ab\u00a0satan\u00e9 virus\u00a0\u00bb nous a de nouveau rattrap\u00e9\u2026 Nous devons de nouveau finir cette ann\u00e9e liturgique, chacun chez soi, sans trop savoir encore ce que nous pourrons vivre et faire \u00e0 No\u00ebl.<br>Quel sens donner \u00e0 tout cela ? Comment vivre cela dans l\u2019Esp\u00e9rance ?<br>Peut-\u00eatre que la f\u00eate du Christ, Roi de l\u2019Univers, qui conclue notre ann\u00e9e liturgique peut nous aider \u00e0 relire tout ce que nous venons de vivre (et que nous vivons encore) dans la confiance.<br>Nous f\u00eatons le Christ, Roi de l\u2019Univers. Quel est donc ce roi ? Que savons-nous de sa royaut\u00e9 ?<br>Oui le Christ est roi mais son royaume est un Royaume d\u2019Amour.<br>Si J\u00e9sus est venu prendre nos chemins d\u2019humanit\u00e9 c\u2019est bien pour nous dire que, Dieu son P\u00e8re, qui est tout Amour, nous ouvre tout grand ses bras pour nous accueillir tous, car nous sommes tous ses enfants bien-aim\u00e9s.<br>Si J\u00e9sus est venu prendre nos chemins d\u2019humanit\u00e9, c\u2019est pour nous inviter \u00e0 notre tour \u00e0 aimer : Aimer Dieu et Aimer nos Fr\u00e8res et Soeurs.<br>Comment aimer Dieu que l\u2019on ne voit pas ?<br>Dans ce beau chapitre 25 de l\u2019\u00e9vangle de Matthieu que nous connaissons sous le titre du \u00ab\u00a0Jugement dernier\u00a0\u00bb J\u00e9sus nous donne une r\u00e9ponse : \u00ab\u00a0Ce que vous faites au plus petit d\u2019entre les miens, c\u2019est \u00e0 moi que vous le faites\u00a0\u00bb Bien s\u00fbr, ce n\u2019est jamais \u00e9vident de donner \u00e0 manger ou \u00e0 boire \u00e0 ceux qui faim et soif, d\u2019accueillir celui qui est diff\u00e9rent de nous, \u00e9tranger ou manquant de tout, d\u2019aller visiter celui qui est malade ou en prison et qui attend parfois qu\u2019un simple sourire\u2026 Et pourtant c\u2019est l\u00e0 que Dieu nous attend ! C\u2019est l\u00e0 que nous pouvons le rencontrer !<br>Gardons dans nos cours cet Amour qui habite en nous et laissons-le d\u00e9border jusqu\u2019aux autres\u2026 Alors nous d\u00e9couvrirons Dieu qui marche \u00e0 nos c\u00f4t\u00e9s et nous pourrons croire en l\u2019avenir !<br>Le Christ a besoin de nous, aujourd\u2019hui !<br>Tenons bon bon en nous rappelant que le Christ est pr\u00e9sent dans nos acres, dans nos paroles et dans celles et ceux qui croisent notre route chaque jour !<\/p>\n\n\n\n<p class=\"has-text-align-right\">Michel Lateras<\/p>\n\n\n\n<div class=\"wp-block-image is-style-default\"><figure class=\"aligncenter size-large\"><img loading=\"lazy\" decoding=\"async\" width=\"1024\" height=\"622\" src=\"https:\/\/www.diocese-limoges.fr\/haute-vienne\/wp-content\/uploads\/sites\/4\/2020\/11\/054a-1024x622.jpg\" alt=\"\" class=\"wp-image-557\" srcset=\"https:\/\/www.diocese-limoges.fr\/haute-vienne\/wp-content\/uploads\/sites\/4\/2020\/11\/054a-1024x622.jpg 1024w, https:\/\/www.diocese-limoges.fr\/haute-vienne\/wp-content\/uploads\/sites\/4\/2020\/11\/054a-300x182.jpg 300w, https:\/\/www.diocese-limoges.fr\/haute-vienne\/wp-content\/uploads\/sites\/4\/2020\/11\/054a-768x467.jpg 768w, https:\/\/www.diocese-limoges.fr\/haute-vienne\/wp-content\/uploads\/sites\/4\/2020\/11\/054a-1536x933.jpg 1536w, https:\/\/www.diocese-limoges.fr\/haute-vienne\/wp-content\/uploads\/sites\/4\/2020\/11\/054a-2048x1244.jpg 2048w\" sizes=\"auto, (max-width: 1024px) 100vw, 1024px\" \/><\/figure><\/div>\n","protected":false},"excerpt":{"rendered":"<p>Nous voici arriv\u00e9 \u00e0 la fin de l\u2019ann\u00e9e liturgique.On peut dire que cette ann\u00e9e a \u00e9t\u00e9 plut\u00f4t chamboul\u00e9e !Un temps du car\u00eame et une semaine sainte v\u00e9cus chacun chez soi\u2026 Profession de Foi et premi\u00e8re communion repouss\u00e9es comme de nombreux bapt\u00eames et mariages\u2026 Un temps de l\u2019\u00e9t\u00e9 presque normal avec de belles c\u00e9l\u00e9brations et de [&hellip;]<\/p>\n","protected":false},"author":26,"featured_media":480,"comment_status":"closed","ping_status":"open","sticky":false,"template":"","format":"standard","meta":{"_acf_changed":false,"footnotes":""},"categories":[1],"tags":[],"class_list":["post-556","post","type-post","status-publish","format-standard","has-post-thumbnail","hentry","category-actualites"],"acf":[],"yoast_head":"<!-- This site is optimized with the Yoast SEO plugin v26.4 - https:\/\/yoast.com\/wordpress\/plugins\/seo\/ -->\n<title>Mais qui est donc ce roi ? - Doyenn\u00e9s de Haute Vienne<\/title>\n<meta name=\"robots\" content=\"index, follow, max-snippet:-1, max-image-preview:large, max-video-preview:-1\" \/>\n<link rel=\"canonical\" href=\"https:\/\/www.diocese-limoges.fr\/haute-vienne\/actualites\/mais-qui-est-donc-ce-roi\/\" \/>\n<meta property=\"og:locale\" content=\"fr_FR\" \/>\n<meta property=\"og:type\" content=\"article\" \/>\n<meta property=\"og:title\" content=\"Mais qui est donc ce roi ? - Doyenn\u00e9s de Haute Vienne\" \/>\n<meta property=\"og:description\" content=\"Nous voici arriv\u00e9 \u00e0 la fin de l\u2019ann\u00e9e liturgique.On peut dire que cette ann\u00e9e a \u00e9t\u00e9 plut\u00f4t chamboul\u00e9e !Un temps du car\u00eame et une semaine sainte v\u00e9cus chacun chez soi\u2026 Profession de Foi et premi\u00e8re communion repouss\u00e9es comme de nombreux bapt\u00eames et mariages\u2026 Un temps de l\u2019\u00e9t\u00e9 presque normal avec de belles c\u00e9l\u00e9brations et de [&hellip;]\" \/>\n<meta property=\"og:url\" content=\"https:\/\/www.diocese-limoges.fr\/haute-vienne\/actualites\/mais-qui-est-donc-ce-roi\/\" \/>\n<meta property=\"og:site_name\" content=\"Doyenn\u00e9s de Haute Vienne\" \/>\n<meta property=\"article:published_time\" content=\"2020-11-21T21:05:37+00:00\" \/>\n<meta property=\"article:modified_time\" content=\"2020-11-21T21:10:56+00:00\" \/>\n<meta property=\"og:image\" content=\"https:\/\/www.diocese-limoges.fr\/haute-vienne\/wp-content\/uploads\/sites\/4\/2020\/11\/livre-de-la-parole-2.jpg\" \/>\n\t<meta property=\"og:image:width\" content=\"448\" \/>\n\t<meta property=\"og:image:height\" content=\"336\" \/>\n\t<meta property=\"og:image:type\" content=\"image\/jpeg\" \/>\n<meta name=\"author\" content=\"saintaurelien\" \/>\n<meta name=\"twitter:card\" content=\"summary_large_image\" \/>\n<meta name=\"twitter:label1\" content=\"\u00c9crit par\" \/>\n\t<meta name=\"twitter:data1\" content=\"saintaurelien\" \/>\n\t<meta name=\"twitter:label2\" content=\"Dur\u00e9e de lecture estim\u00e9e\" \/>\n\t<meta name=\"twitter:data2\" content=\"2 minutes\" \/>\n<script type=\"application\/ld+json\" class=\"yoast-schema-graph\">{\"@context\":\"https:\/\/schema.org\",\"@graph\":[{\"@type\":\"WebPage\",\"@id\":\"https:\/\/www.diocese-limoges.fr\/haute-vienne\/actualites\/mais-qui-est-donc-ce-roi\/\",\"url\":\"https:\/\/www.diocese-limoges.fr\/haute-vienne\/actualites\/mais-qui-est-donc-ce-roi\/\",\"name\":\"Mais qui est donc ce roi ? - Doyenn\u00e9s de Haute Vienne\",\"isPartOf\":{\"@id\":\"https:\/\/www.diocese-limoges.fr\/haute-vienne\/#website\"},\"primaryImageOfPage\":{\"@id\":\"https:\/\/www.diocese-limoges.fr\/haute-vienne\/actualites\/mais-qui-est-donc-ce-roi\/#primaryimage\"},\"image\":{\"@id\":\"https:\/\/www.diocese-limoges.fr\/haute-vienne\/actualites\/mais-qui-est-donc-ce-roi\/#primaryimage\"},\"thumbnailUrl\":\"https:\/\/www.diocese-limoges.fr\/haute-vienne\/wp-content\/uploads\/sites\/4\/2020\/11\/livre-de-la-parole-2.jpg\",\"datePublished\":\"2020-11-21T21:05:37+00:00\",\"dateModified\":\"2020-11-21T21:10:56+00:00\",\"author\":{\"@id\":\"https:\/\/www.diocese-limoges.fr\/haute-vienne\/#\/schema\/person\/07e59a9282b42d93e154a91d7ef4a911\"},\"breadcrumb\":{\"@id\":\"https:\/\/www.diocese-limoges.fr\/haute-vienne\/actualites\/mais-qui-est-donc-ce-roi\/#breadcrumb\"},\"inLanguage\":\"fr-FR\",\"potentialAction\":[{\"@type\":\"ReadAction\",\"target\":[\"https:\/\/www.diocese-limoges.fr\/haute-vienne\/actualites\/mais-qui-est-donc-ce-roi\/\"]}]},{\"@type\":\"ImageObject\",\"inLanguage\":\"fr-FR\",\"@id\":\"https:\/\/www.diocese-limoges.fr\/haute-vienne\/actualites\/mais-qui-est-donc-ce-roi\/#primaryimage\",\"url\":\"https:\/\/www.diocese-limoges.fr\/haute-vienne\/wp-content\/uploads\/sites\/4\/2020\/11\/livre-de-la-parole-2.jpg\",\"contentUrl\":\"https:\/\/www.diocese-limoges.fr\/haute-vienne\/wp-content\/uploads\/sites\/4\/2020\/11\/livre-de-la-parole-2.jpg\",\"width\":448,\"height\":336},{\"@type\":\"BreadcrumbList\",\"@id\":\"https:\/\/www.diocese-limoges.fr\/haute-vienne\/actualites\/mais-qui-est-donc-ce-roi\/#breadcrumb\",\"itemListElement\":[{\"@type\":\"ListItem\",\"position\":1,\"name\":\"Accueil\",\"item\":\"https:\/\/www.diocese-limoges.fr\/haute-vienne\/\"},{\"@type\":\"ListItem\",\"position\":2,\"name\":\"Mais qui est donc ce roi ?\"}]},{\"@type\":\"WebSite\",\"@id\":\"https:\/\/www.diocese-limoges.fr\/haute-vienne\/#website\",\"url\":\"https:\/\/www.diocese-limoges.fr\/haute-vienne\/\",\"name\":\"Doyenn\u00e9s de Haute Vienne\",\"description\":\"Dioc\u00e8se de Limoges\",\"potentialAction\":[{\"@type\":\"SearchAction\",\"target\":{\"@type\":\"EntryPoint\",\"urlTemplate\":\"https:\/\/www.diocese-limoges.fr\/haute-vienne\/?s={search_term_string}\"},\"query-input\":{\"@type\":\"PropertyValueSpecification\",\"valueRequired\":true,\"valueName\":\"search_term_string\"}}],\"inLanguage\":\"fr-FR\"},{\"@type\":\"Person\",\"@id\":\"https:\/\/www.diocese-limoges.fr\/haute-vienne\/#\/schema\/person\/07e59a9282b42d93e154a91d7ef4a911\",\"name\":\"saintaurelien\",\"image\":{\"@type\":\"ImageObject\",\"inLanguage\":\"fr-FR\",\"@id\":\"https:\/\/www.diocese-limoges.fr\/haute-vienne\/#\/schema\/person\/image\/\",\"url\":\"https:\/\/secure.gravatar.com\/avatar\/f995c9c29ef845bcf738b6c228937790e0fa5f34cd7a879b056eb08df917fe84?s=96&d=mm&r=g\",\"contentUrl\":\"https:\/\/secure.gravatar.com\/avatar\/f995c9c29ef845bcf738b6c228937790e0fa5f34cd7a879b056eb08df917fe84?s=96&d=mm&r=g\",\"caption\":\"saintaurelien\"},\"url\":\"https:\/\/www.diocese-limoges.fr\/haute-vienne\/author\/saintaurelien\/\"}]}<\/script>\n<!-- \/ Yoast SEO plugin. -->","yoast_head_json":{"title":"Mais qui est donc ce roi ? - Doyenn\u00e9s de Haute Vienne","robots":{"index":"index","follow":"follow","max-snippet":"max-snippet:-1","max-image-preview":"max-image-preview:large","max-video-preview":"max-video-preview:-1"},"canonical":"https:\/\/www.diocese-limoges.fr\/haute-vienne\/actualites\/mais-qui-est-donc-ce-roi\/","og_locale":"fr_FR","og_type":"article","og_title":"Mais qui est donc ce roi ? - Doyenn\u00e9s de Haute Vienne","og_description":"Nous voici arriv\u00e9 \u00e0 la fin de l\u2019ann\u00e9e liturgique.On peut dire que cette ann\u00e9e a \u00e9t\u00e9 plut\u00f4t chamboul\u00e9e !Un temps du car\u00eame et une semaine sainte v\u00e9cus chacun chez soi\u2026 Profession de Foi et premi\u00e8re communion repouss\u00e9es comme de nombreux bapt\u00eames et mariages\u2026 Un temps de l\u2019\u00e9t\u00e9 presque normal avec de belles c\u00e9l\u00e9brations et de [&hellip;]","og_url":"https:\/\/www.diocese-limoges.fr\/haute-vienne\/actualites\/mais-qui-est-donc-ce-roi\/","og_site_name":"Doyenn\u00e9s de Haute Vienne","article_published_time":"2020-11-21T21:05:37+00:00","article_modified_time":"2020-11-21T21:10:56+00:00","og_image":[{"width":448,"height":336,"url":"https:\/\/www.diocese-limoges.fr\/haute-vienne\/wp-content\/uploads\/sites\/4\/2020\/11\/livre-de-la-parole-2.jpg","type":"image\/jpeg"}],"author":"saintaurelien","twitter_card":"summary_large_image","twitter_misc":{"\u00c9crit par":"saintaurelien","Dur\u00e9e de lecture estim\u00e9e":"2 minutes"},"schema":{"@context":"https:\/\/schema.org","@graph":[{"@type":"WebPage","@id":"https:\/\/www.diocese-limoges.fr\/haute-vienne\/actualites\/mais-qui-est-donc-ce-roi\/","url":"https:\/\/www.diocese-limoges.fr\/haute-vienne\/actualites\/mais-qui-est-donc-ce-roi\/","name":"Mais qui est donc ce roi ? - Doyenn\u00e9s de Haute Vienne","isPartOf":{"@id":"https:\/\/www.diocese-limoges.fr\/haute-vienne\/#website"},"primaryImageOfPage":{"@id":"https:\/\/www.diocese-limoges.fr\/haute-vienne\/actualites\/mais-qui-est-donc-ce-roi\/#primaryimage"},"image":{"@id":"https:\/\/www.diocese-limoges.fr\/haute-vienne\/actualites\/mais-qui-est-donc-ce-roi\/#primaryimage"},"thumbnailUrl":"https:\/\/www.diocese-limoges.fr\/haute-vienne\/wp-content\/uploads\/sites\/4\/2020\/11\/livre-de-la-parole-2.jpg","datePublished":"2020-11-21T21:05:37+00:00","dateModified":"2020-11-21T21:10:56+00:00","author":{"@id":"https:\/\/www.diocese-limoges.fr\/haute-vienne\/#\/schema\/person\/07e59a9282b42d93e154a91d7ef4a911"},"breadcrumb":{"@id":"https:\/\/www.diocese-limoges.fr\/haute-vienne\/actualites\/mais-qui-est-donc-ce-roi\/#breadcrumb"},"inLanguage":"fr-FR","potentialAction":[{"@type":"ReadAction","target":["https:\/\/www.diocese-limoges.fr\/haute-vienne\/actualites\/mais-qui-est-donc-ce-roi\/"]}]},{"@type":"ImageObject","inLanguage":"fr-FR","@id":"https:\/\/www.diocese-limoges.fr\/haute-vienne\/actualites\/mais-qui-est-donc-ce-roi\/#primaryimage","url":"https:\/\/www.diocese-limoges.fr\/haute-vienne\/wp-content\/uploads\/sites\/4\/2020\/11\/livre-de-la-parole-2.jpg","contentUrl":"https:\/\/www.diocese-limoges.fr\/haute-vienne\/wp-content\/uploads\/sites\/4\/2020\/11\/livre-de-la-parole-2.jpg","width":448,"height":336},{"@type":"BreadcrumbList","@id":"https:\/\/www.diocese-limoges.fr\/haute-vienne\/actualites\/mais-qui-est-donc-ce-roi\/#breadcrumb","itemListElement":[{"@type":"ListItem","position":1,"name":"Accueil","item":"https:\/\/www.diocese-limoges.fr\/haute-vienne\/"},{"@type":"ListItem","position":2,"name":"Mais qui est donc ce roi ?"}]},{"@type":"WebSite","@id":"https:\/\/www.diocese-limoges.fr\/haute-vienne\/#website","url":"https:\/\/www.diocese-limoges.fr\/haute-vienne\/","name":"Doyenn\u00e9s de Haute Vienne","description":"Dioc\u00e8se de Limoges","potentialAction":[{"@type":"SearchAction","target":{"@type":"EntryPoint","urlTemplate":"https:\/\/www.diocese-limoges.fr\/haute-vienne\/?s={search_term_string}"},"query-input":{"@type":"PropertyValueSpecification","valueRequired":true,"valueName":"search_term_string"}}],"inLanguage":"fr-FR"},{"@type":"Person","@id":"https:\/\/www.diocese-limoges.fr\/haute-vienne\/#\/schema\/person\/07e59a9282b42d93e154a91d7ef4a911","name":"saintaurelien","image":{"@type":"ImageObject","inLanguage":"fr-FR","@id":"https:\/\/www.diocese-limoges.fr\/haute-vienne\/#\/schema\/person\/image\/","url":"https:\/\/secure.gravatar.com\/avatar\/f995c9c29ef845bcf738b6c228937790e0fa5f34cd7a879b056eb08df917fe84?s=96&d=mm&r=g","contentUrl":"https:\/\/secure.gravatar.com\/avatar\/f995c9c29ef845bcf738b6c228937790e0fa5f34cd7a879b056eb08df917fe84?s=96&d=mm&r=g","caption":"saintaurelien"},"url":"https:\/\/www.diocese-limoges.fr\/haute-vienne\/author\/saintaurelien\/"}]}},"_links":{"self":[{"href":"https:\/\/www.diocese-limoges.fr\/haute-vienne\/wp-json\/wp\/v2\/posts\/556","targetHints":{"allow":["GET"]}}],"collection":[{"href":"https:\/\/www.diocese-limoges.fr\/haute-vienne\/wp-json\/wp\/v2\/posts"}],"about":[{"href":"https:\/\/www.diocese-limoges.fr\/haute-vienne\/wp-json\/wp\/v2\/types\/post"}],"author":[{"embeddable":true,"href":"https:\/\/www.diocese-limoges.fr\/haute-vienne\/wp-json\/wp\/v2\/users\/26"}],"replies":[{"embeddable":true,"href":"https:\/\/www.diocese-limoges.fr\/haute-vienne\/wp-json\/wp\/v2\/comments?post=556"}],"version-history":[{"count":2,"href":"https:\/\/www.diocese-limoges.fr\/haute-vienne\/wp-json\/wp\/v2\/posts\/556\/revisions"}],"predecessor-version":[{"id":560,"href":"https:\/\/www.diocese-limoges.fr\/haute-vienne\/wp-json\/wp\/v2\/posts\/556\/revisions\/560"}],"wp:featuredmedia":[{"embeddable":true,"href":"https:\/\/www.diocese-limoges.fr\/haute-vienne\/wp-json\/wp\/v2\/media\/480"}],"wp:attachment":[{"href":"https:\/\/www.diocese-limoges.fr\/haute-vienne\/wp-json\/wp\/v2\/media?parent=556"}],"wp:term":[{"taxonomy":"category","embeddable":true,"href":"https:\/\/www.diocese-limoges.fr\/haute-vienne\/wp-json\/wp\/v2\/categories?post=556"},{"taxonomy":"post_tag","embeddable":true,"href":"https:\/\/www.diocese-limoges.fr\/haute-vienne\/wp-json\/wp\/v2\/tags?post=556"}],"curies":[{"name":"wp","href":"https:\/\/api.w.org\/{rel}","templated":true}]}}