{"id":576,"date":"2020-11-28T21:19:22","date_gmt":"2020-11-28T20:19:22","guid":{"rendered":"https:\/\/www.diocese-limoges.fr\/haute-vienne\/actualites\/\/"},"modified":"2020-11-28T21:19:52","modified_gmt":"2020-11-28T20:19:52","slug":"veuillez","status":"publish","type":"post","link":"https:\/\/www.diocese-limoges.fr\/haute-vienne\/actualites\/veuillez\/","title":{"rendered":"Veillez !"},"content":{"rendered":"\n<p>Nous voil\u00e0 de nouveau arriver au d\u00e9but du temps de l\u2019Avent, le temps de l\u2019attente&#8230; Aujourd\u2019hui, peut-\u00eatre plus que d&rsquo;habitude, il faut nous remettre en route&#8230; Et ce n&rsquo;est peut-\u00eatre pas un hasard que nous retrouvions le chemin de nos \u00e9glises en ce premier dimanche de l&rsquo;Avent. L\u2019Avent pr\u00e9pare la venue de celui qui, depuis les origines du monde, proclame sa pr\u00e9sence parmi les hommes&#8230; L\u2019Avent conjugue tous les temps du verbe venir : Dieu est venu, il vient, il viendra. L\u2019Avent c\u00e9l\u00e8bre l\u2019amour au quotidien d\u2019un Dieu toujours \u00e0 la recherche de l\u2019homme pour prendre soin de lui. L\u2019Avent c\u2019est le temps o\u00f9 le o\u00f9 l\u2019on attend que la p\u00e2te l\u00e8ve et que le pain dore dans le four&#8230;<\/p>\n\n\n\n<p>J\u00e9sus, dans l\u2019\u00e9vangile nous dit : \u201cTenez-vous pr\u00eat ! Veillez !\u201d<\/p>\n\n\n\n<p>Cette attente, saint Paul nous dit comment la vivre : \u201cTenez bon, le Christ nous a d\u00e9j\u00e0 tout donn\u00e9.\u201d<\/p>\n\n\n\n<p>Avan\u00e7ons donc m\u00eame si parfois la route est rude. L\u2019avenir est entre nos mains. Tout attendre et tout faire, voil\u00e0 le programme qui nous est propos\u00e9 au d\u00e9but de ce temps d\u2019avent. Notre attente nous tourne vers un autre que nous. Notre attente s\u2019appelle Esp\u00e9rance. L\u2019Avent, c\u2019est le temps de la vigilance. Il nous faut guetter, les signes, les clins d\u2019\u0153il de Dieu.<\/p>\n\n\n\n<p>Attendre&#8230; c\u2019est tendre vers quelque chose&#8230; tendre vers quelqu\u2019un&#8230; Attendre comme l&rsquo;\u00e9migr\u00e9 attend une lettre de son pays, rien qu\u2019une carte postale, de sa m\u00e8re, de son ami&#8230; Attendre comme attendent les vieillards de nos E.H.P.A.D. et de nos h\u00f4pitaux, rien qu\u2019une petite visite, un sourire, un peu d\u2019affection&#8230; Attendre, que c\u2019est long pour ceux dont la dignit\u00e9 d\u2019homme, de femme est quotidiennement bafou\u00e9e, pour ceux qui sont opprim\u00e9s ou tortur\u00e9s&#8230; Attendre le retour de la paix quand r\u00e9sonne \u00e0 nos oreilles le vacarme des guerres&#8230; Attendre que joue la solidarit\u00e9 entre les hommes, que des signes d\u2019amour se manifestent dans l\u2019aide quotidienne, l\u00e0-bas, mais aussi ici, chez nous&#8230;.<\/p>\n\n\n\n<p>Attendre ! Mais qu\u2019attendons-nous ? Le d\u00e9sir d\u2019un monde plus juste, d\u2019une terre plus belle est-il au fond de nous aujourd\u2019hui ? Cette ann\u00e9e, notre marche sur le chemin de l\u2019Avent va nous conduire jusqu\u2019\u00e0 la Maison du Pain. C\u2019est ainsi que l\u2019on peut traduire le nom \u201cBethl\u00e9em\u201d. La Maison et le Pain : deux \u00e9l\u00e9ments de notre vie quotidienne. La Maison pour s\u2019abriter et se loger&#8230; Le Pain pour se nourrir&#8230; Dieu va nous rejoindre dans le quotidien de chacune de nos existences&#8230;.<\/p>\n","protected":false},"excerpt":{"rendered":"<p>Nous voil\u00e0 de nouveau arriver au d\u00e9but du temps de l\u2019Avent, le temps de l\u2019attente&#8230; Aujourd\u2019hui, peut-\u00eatre plus que d&rsquo;habitude, il faut nous remettre en route&#8230; Et ce n&rsquo;est peut-\u00eatre pas un hasard que nous retrouvions le chemin de nos \u00e9glises en ce premier dimanche de l&rsquo;Avent. L\u2019Avent pr\u00e9pare la venue de celui qui, depuis [&hellip;]<\/p>\n","protected":false},"author":26,"featured_media":480,"comment_status":"closed","ping_status":"open","sticky":false,"template":"","format":"standard","meta":{"_acf_changed":false,"footnotes":""},"categories":[1],"tags":[],"class_list":["post-576","post","type-post","status-publish","format-standard","has-post-thumbnail","hentry","category-actualites"],"acf":[],"yoast_head":"<!-- This site is optimized with the Yoast SEO plugin v26.4 - https:\/\/yoast.com\/wordpress\/plugins\/seo\/ -->\n<title>Veillez ! - Doyenn\u00e9s de Haute Vienne<\/title>\n<meta name=\"robots\" content=\"index, follow, max-snippet:-1, max-image-preview:large, max-video-preview:-1\" \/>\n<link rel=\"canonical\" href=\"https:\/\/www.diocese-limoges.fr\/haute-vienne\/actualites\/veuillez\/\" \/>\n<meta property=\"og:locale\" content=\"fr_FR\" \/>\n<meta property=\"og:type\" content=\"article\" \/>\n<meta property=\"og:title\" content=\"Veillez ! - Doyenn\u00e9s de Haute Vienne\" \/>\n<meta property=\"og:description\" content=\"Nous voil\u00e0 de nouveau arriver au d\u00e9but du temps de l\u2019Avent, le temps de l\u2019attente&#8230; Aujourd\u2019hui, peut-\u00eatre plus que d&rsquo;habitude, il faut nous remettre en route&#8230; Et ce n&rsquo;est peut-\u00eatre pas un hasard que nous retrouvions le chemin de nos \u00e9glises en ce premier dimanche de l&rsquo;Avent. L\u2019Avent pr\u00e9pare la venue de celui qui, depuis [&hellip;]\" \/>\n<meta property=\"og:url\" content=\"https:\/\/www.diocese-limoges.fr\/haute-vienne\/actualites\/veuillez\/\" \/>\n<meta property=\"og:site_name\" content=\"Doyenn\u00e9s de Haute Vienne\" \/>\n<meta property=\"article:published_time\" content=\"2020-11-28T20:19:22+00:00\" \/>\n<meta property=\"article:modified_time\" content=\"2020-11-28T20:19:52+00:00\" \/>\n<meta property=\"og:image\" content=\"https:\/\/www.diocese-limoges.fr\/haute-vienne\/wp-content\/uploads\/sites\/4\/2020\/11\/livre-de-la-parole-2.jpg\" \/>\n\t<meta property=\"og:image:width\" content=\"448\" \/>\n\t<meta property=\"og:image:height\" content=\"336\" \/>\n\t<meta property=\"og:image:type\" content=\"image\/jpeg\" \/>\n<meta name=\"author\" content=\"saintaurelien\" \/>\n<meta name=\"twitter:card\" content=\"summary_large_image\" \/>\n<meta name=\"twitter:label1\" content=\"\u00c9crit par\" \/>\n\t<meta name=\"twitter:data1\" content=\"saintaurelien\" \/>\n\t<meta name=\"twitter:label2\" content=\"Dur\u00e9e de lecture estim\u00e9e\" \/>\n\t<meta name=\"twitter:data2\" content=\"2 minutes\" \/>\n<script type=\"application\/ld+json\" class=\"yoast-schema-graph\">{\"@context\":\"https:\/\/schema.org\",\"@graph\":[{\"@type\":\"WebPage\",\"@id\":\"https:\/\/www.diocese-limoges.fr\/haute-vienne\/actualites\/veuillez\/\",\"url\":\"https:\/\/www.diocese-limoges.fr\/haute-vienne\/actualites\/veuillez\/\",\"name\":\"Veillez ! - Doyenn\u00e9s de Haute Vienne\",\"isPartOf\":{\"@id\":\"https:\/\/www.diocese-limoges.fr\/haute-vienne\/#website\"},\"primaryImageOfPage\":{\"@id\":\"https:\/\/www.diocese-limoges.fr\/haute-vienne\/actualites\/veuillez\/#primaryimage\"},\"image\":{\"@id\":\"https:\/\/www.diocese-limoges.fr\/haute-vienne\/actualites\/veuillez\/#primaryimage\"},\"thumbnailUrl\":\"https:\/\/www.diocese-limoges.fr\/haute-vienne\/wp-content\/uploads\/sites\/4\/2020\/11\/livre-de-la-parole-2.jpg\",\"datePublished\":\"2020-11-28T20:19:22+00:00\",\"dateModified\":\"2020-11-28T20:19:52+00:00\",\"author\":{\"@id\":\"https:\/\/www.diocese-limoges.fr\/haute-vienne\/#\/schema\/person\/07e59a9282b42d93e154a91d7ef4a911\"},\"breadcrumb\":{\"@id\":\"https:\/\/www.diocese-limoges.fr\/haute-vienne\/actualites\/veuillez\/#breadcrumb\"},\"inLanguage\":\"fr-FR\",\"potentialAction\":[{\"@type\":\"ReadAction\",\"target\":[\"https:\/\/www.diocese-limoges.fr\/haute-vienne\/actualites\/veuillez\/\"]}]},{\"@type\":\"ImageObject\",\"inLanguage\":\"fr-FR\",\"@id\":\"https:\/\/www.diocese-limoges.fr\/haute-vienne\/actualites\/veuillez\/#primaryimage\",\"url\":\"https:\/\/www.diocese-limoges.fr\/haute-vienne\/wp-content\/uploads\/sites\/4\/2020\/11\/livre-de-la-parole-2.jpg\",\"contentUrl\":\"https:\/\/www.diocese-limoges.fr\/haute-vienne\/wp-content\/uploads\/sites\/4\/2020\/11\/livre-de-la-parole-2.jpg\",\"width\":448,\"height\":336},{\"@type\":\"BreadcrumbList\",\"@id\":\"https:\/\/www.diocese-limoges.fr\/haute-vienne\/actualites\/veuillez\/#breadcrumb\",\"itemListElement\":[{\"@type\":\"ListItem\",\"position\":1,\"name\":\"Accueil\",\"item\":\"https:\/\/www.diocese-limoges.fr\/haute-vienne\/\"},{\"@type\":\"ListItem\",\"position\":2,\"name\":\"Veillez !\"}]},{\"@type\":\"WebSite\",\"@id\":\"https:\/\/www.diocese-limoges.fr\/haute-vienne\/#website\",\"url\":\"https:\/\/www.diocese-limoges.fr\/haute-vienne\/\",\"name\":\"Doyenn\u00e9s de Haute Vienne\",\"description\":\"Dioc\u00e8se de Limoges\",\"potentialAction\":[{\"@type\":\"SearchAction\",\"target\":{\"@type\":\"EntryPoint\",\"urlTemplate\":\"https:\/\/www.diocese-limoges.fr\/haute-vienne\/?s={search_term_string}\"},\"query-input\":{\"@type\":\"PropertyValueSpecification\",\"valueRequired\":true,\"valueName\":\"search_term_string\"}}],\"inLanguage\":\"fr-FR\"},{\"@type\":\"Person\",\"@id\":\"https:\/\/www.diocese-limoges.fr\/haute-vienne\/#\/schema\/person\/07e59a9282b42d93e154a91d7ef4a911\",\"name\":\"saintaurelien\",\"image\":{\"@type\":\"ImageObject\",\"inLanguage\":\"fr-FR\",\"@id\":\"https:\/\/www.diocese-limoges.fr\/haute-vienne\/#\/schema\/person\/image\/\",\"url\":\"https:\/\/secure.gravatar.com\/avatar\/f995c9c29ef845bcf738b6c228937790e0fa5f34cd7a879b056eb08df917fe84?s=96&d=mm&r=g\",\"contentUrl\":\"https:\/\/secure.gravatar.com\/avatar\/f995c9c29ef845bcf738b6c228937790e0fa5f34cd7a879b056eb08df917fe84?s=96&d=mm&r=g\",\"caption\":\"saintaurelien\"},\"url\":\"https:\/\/www.diocese-limoges.fr\/haute-vienne\/author\/saintaurelien\/\"}]}<\/script>\n<!-- \/ Yoast SEO plugin. -->","yoast_head_json":{"title":"Veillez ! - Doyenn\u00e9s de Haute Vienne","robots":{"index":"index","follow":"follow","max-snippet":"max-snippet:-1","max-image-preview":"max-image-preview:large","max-video-preview":"max-video-preview:-1"},"canonical":"https:\/\/www.diocese-limoges.fr\/haute-vienne\/actualites\/veuillez\/","og_locale":"fr_FR","og_type":"article","og_title":"Veillez ! - Doyenn\u00e9s de Haute Vienne","og_description":"Nous voil\u00e0 de nouveau arriver au d\u00e9but du temps de l\u2019Avent, le temps de l\u2019attente&#8230; Aujourd\u2019hui, peut-\u00eatre plus que d&rsquo;habitude, il faut nous remettre en route&#8230; Et ce n&rsquo;est peut-\u00eatre pas un hasard que nous retrouvions le chemin de nos \u00e9glises en ce premier dimanche de l&rsquo;Avent. L\u2019Avent pr\u00e9pare la venue de celui qui, depuis [&hellip;]","og_url":"https:\/\/www.diocese-limoges.fr\/haute-vienne\/actualites\/veuillez\/","og_site_name":"Doyenn\u00e9s de Haute Vienne","article_published_time":"2020-11-28T20:19:22+00:00","article_modified_time":"2020-11-28T20:19:52+00:00","og_image":[{"width":448,"height":336,"url":"https:\/\/www.diocese-limoges.fr\/haute-vienne\/wp-content\/uploads\/sites\/4\/2020\/11\/livre-de-la-parole-2.jpg","type":"image\/jpeg"}],"author":"saintaurelien","twitter_card":"summary_large_image","twitter_misc":{"\u00c9crit par":"saintaurelien","Dur\u00e9e de lecture estim\u00e9e":"2 minutes"},"schema":{"@context":"https:\/\/schema.org","@graph":[{"@type":"WebPage","@id":"https:\/\/www.diocese-limoges.fr\/haute-vienne\/actualites\/veuillez\/","url":"https:\/\/www.diocese-limoges.fr\/haute-vienne\/actualites\/veuillez\/","name":"Veillez ! - Doyenn\u00e9s de Haute Vienne","isPartOf":{"@id":"https:\/\/www.diocese-limoges.fr\/haute-vienne\/#website"},"primaryImageOfPage":{"@id":"https:\/\/www.diocese-limoges.fr\/haute-vienne\/actualites\/veuillez\/#primaryimage"},"image":{"@id":"https:\/\/www.diocese-limoges.fr\/haute-vienne\/actualites\/veuillez\/#primaryimage"},"thumbnailUrl":"https:\/\/www.diocese-limoges.fr\/haute-vienne\/wp-content\/uploads\/sites\/4\/2020\/11\/livre-de-la-parole-2.jpg","datePublished":"2020-11-28T20:19:22+00:00","dateModified":"2020-11-28T20:19:52+00:00","author":{"@id":"https:\/\/www.diocese-limoges.fr\/haute-vienne\/#\/schema\/person\/07e59a9282b42d93e154a91d7ef4a911"},"breadcrumb":{"@id":"https:\/\/www.diocese-limoges.fr\/haute-vienne\/actualites\/veuillez\/#breadcrumb"},"inLanguage":"fr-FR","potentialAction":[{"@type":"ReadAction","target":["https:\/\/www.diocese-limoges.fr\/haute-vienne\/actualites\/veuillez\/"]}]},{"@type":"ImageObject","inLanguage":"fr-FR","@id":"https:\/\/www.diocese-limoges.fr\/haute-vienne\/actualites\/veuillez\/#primaryimage","url":"https:\/\/www.diocese-limoges.fr\/haute-vienne\/wp-content\/uploads\/sites\/4\/2020\/11\/livre-de-la-parole-2.jpg","contentUrl":"https:\/\/www.diocese-limoges.fr\/haute-vienne\/wp-content\/uploads\/sites\/4\/2020\/11\/livre-de-la-parole-2.jpg","width":448,"height":336},{"@type":"BreadcrumbList","@id":"https:\/\/www.diocese-limoges.fr\/haute-vienne\/actualites\/veuillez\/#breadcrumb","itemListElement":[{"@type":"ListItem","position":1,"name":"Accueil","item":"https:\/\/www.diocese-limoges.fr\/haute-vienne\/"},{"@type":"ListItem","position":2,"name":"Veillez !"}]},{"@type":"WebSite","@id":"https:\/\/www.diocese-limoges.fr\/haute-vienne\/#website","url":"https:\/\/www.diocese-limoges.fr\/haute-vienne\/","name":"Doyenn\u00e9s de Haute Vienne","description":"Dioc\u00e8se de Limoges","potentialAction":[{"@type":"SearchAction","target":{"@type":"EntryPoint","urlTemplate":"https:\/\/www.diocese-limoges.fr\/haute-vienne\/?s={search_term_string}"},"query-input":{"@type":"PropertyValueSpecification","valueRequired":true,"valueName":"search_term_string"}}],"inLanguage":"fr-FR"},{"@type":"Person","@id":"https:\/\/www.diocese-limoges.fr\/haute-vienne\/#\/schema\/person\/07e59a9282b42d93e154a91d7ef4a911","name":"saintaurelien","image":{"@type":"ImageObject","inLanguage":"fr-FR","@id":"https:\/\/www.diocese-limoges.fr\/haute-vienne\/#\/schema\/person\/image\/","url":"https:\/\/secure.gravatar.com\/avatar\/f995c9c29ef845bcf738b6c228937790e0fa5f34cd7a879b056eb08df917fe84?s=96&d=mm&r=g","contentUrl":"https:\/\/secure.gravatar.com\/avatar\/f995c9c29ef845bcf738b6c228937790e0fa5f34cd7a879b056eb08df917fe84?s=96&d=mm&r=g","caption":"saintaurelien"},"url":"https:\/\/www.diocese-limoges.fr\/haute-vienne\/author\/saintaurelien\/"}]}},"_links":{"self":[{"href":"https:\/\/www.diocese-limoges.fr\/haute-vienne\/wp-json\/wp\/v2\/posts\/576","targetHints":{"allow":["GET"]}}],"collection":[{"href":"https:\/\/www.diocese-limoges.fr\/haute-vienne\/wp-json\/wp\/v2\/posts"}],"about":[{"href":"https:\/\/www.diocese-limoges.fr\/haute-vienne\/wp-json\/wp\/v2\/types\/post"}],"author":[{"embeddable":true,"href":"https:\/\/www.diocese-limoges.fr\/haute-vienne\/wp-json\/wp\/v2\/users\/26"}],"replies":[{"embeddable":true,"href":"https:\/\/www.diocese-limoges.fr\/haute-vienne\/wp-json\/wp\/v2\/comments?post=576"}],"version-history":[{"count":2,"href":"https:\/\/www.diocese-limoges.fr\/haute-vienne\/wp-json\/wp\/v2\/posts\/576\/revisions"}],"predecessor-version":[{"id":578,"href":"https:\/\/www.diocese-limoges.fr\/haute-vienne\/wp-json\/wp\/v2\/posts\/576\/revisions\/578"}],"wp:featuredmedia":[{"embeddable":true,"href":"https:\/\/www.diocese-limoges.fr\/haute-vienne\/wp-json\/wp\/v2\/media\/480"}],"wp:attachment":[{"href":"https:\/\/www.diocese-limoges.fr\/haute-vienne\/wp-json\/wp\/v2\/media?parent=576"}],"wp:term":[{"taxonomy":"category","embeddable":true,"href":"https:\/\/www.diocese-limoges.fr\/haute-vienne\/wp-json\/wp\/v2\/categories?post=576"},{"taxonomy":"post_tag","embeddable":true,"href":"https:\/\/www.diocese-limoges.fr\/haute-vienne\/wp-json\/wp\/v2\/tags?post=576"}],"curies":[{"name":"wp","href":"https:\/\/api.w.org\/{rel}","templated":true}]}}