{"id":715,"date":"2020-12-27T21:59:48","date_gmt":"2020-12-27T20:59:48","guid":{"rendered":"https:\/\/www.diocese-limoges.fr\/haute-vienne\/actualites\/\/"},"modified":"2020-12-27T21:59:49","modified_gmt":"2020-12-27T20:59:49","slug":"bethleem-la-maison-du-pain","status":"publish","type":"post","link":"https:\/\/www.diocese-limoges.fr\/haute-vienne\/actualites\/bethleem-la-maison-du-pain\/","title":{"rendered":"Bethl\u00e9em : la \u00ab\u00a0Maison du Pain\u00a0\u00bb"},"content":{"rendered":"\n<div class=\"wp-block-image is-style-default\"><figure class=\"alignleft size-large\"><img loading=\"lazy\" decoding=\"async\" width=\"1024\" height=\"768\" src=\"https:\/\/www.diocese-limoges.fr\/haute-vienne\/wp-content\/uploads\/sites\/4\/2020\/12\/img_1646-1-1024x768.jpeg\" alt=\"\" class=\"wp-image-717\" srcset=\"https:\/\/www.diocese-limoges.fr\/haute-vienne\/wp-content\/uploads\/sites\/4\/2020\/12\/img_1646-1-1024x768.jpeg 1024w, https:\/\/www.diocese-limoges.fr\/haute-vienne\/wp-content\/uploads\/sites\/4\/2020\/12\/img_1646-1-300x225.jpeg 300w, https:\/\/www.diocese-limoges.fr\/haute-vienne\/wp-content\/uploads\/sites\/4\/2020\/12\/img_1646-1-768x576.jpeg 768w, https:\/\/www.diocese-limoges.fr\/haute-vienne\/wp-content\/uploads\/sites\/4\/2020\/12\/img_1646-1-1536x1152.jpeg 1536w, https:\/\/www.diocese-limoges.fr\/haute-vienne\/wp-content\/uploads\/sites\/4\/2020\/12\/img_1646-1-2048x1536.jpeg 2048w\" sizes=\"auto, (max-width: 1024px) 100vw, 1024px\" \/><\/figure><\/div>\n\n\n\n<p>A Bethl\u00e9em, il y a quelques deux milles ans, il \u00e9tait question de Maison et de Pain !<\/p>\n\n\n\n<p>Marie et Joseph \u00e9tait un couple comme les autres. Ils avaient pris la route, de Nazareth \u00e0 Bethl\u00e9em, pour ob\u00e9ir \u00e0 l\u2019ordre de l\u2019empereur Auguste et venir se faire recenser. Il fallait savoir combien l\u2019Empire comptait d\u2019habitants. Il fallait des chiffres imposants pour montrer sa force. Marie et Joseph faisaient donc partie de cette longue cohorte qui venait pour se faire inscrire sur les livres du pouvoir.<\/p>\n\n\n\n<p>Oui mais voil\u00e0, les grands de Rome ou de J\u00e9rusalem n\u2019avaient pas tout pr\u00e9vu&#8230; A Bethl\u00e9em, il n\u2019y a avait pas assez de place&#8230; Marie et Joseph n\u2019avaient pas de Maison et probablement pas de Pain. Leur situation fait \u00e9cho a plein d\u2019autres situations que nous pouvons conna\u00eetre aujourd\u2019hui&#8230; Ils sont nombreux ceux qui n\u2019ont plus de Maison ou plus de Pain ! Ils sont nombreux ceux qui comme Marie et Joseph sont en route sur des chemins pas toujours facile ! Notre monde a perdu l\u2019esp\u00e9rance qui permet de croire en l\u2019avenir et d\u2019avancer&#8230;<\/p>\n\n\n\n<p>Nous qui avons c\u00e9l\u00e9brer No\u00ebl&#8230; Nous qui avons reconnu la pr\u00e9sence de Dieu dans un enfant&#8230; Saurons-nous faire appara\u00eetre sur le chemin des hommes et des femmes de notre temps, une Lumi\u00e8re pour les guider, m\u00eame petite, m\u00eame fragile ? Saurons-nous annoncer la Paix, dans notre monde et dans nos vies ? Saurons-nous inviter ceux qui croisent notre \u00e0 venir trouver un peu de chaleur dans la Maison du Pain ?<\/p>\n\n\n\n<p>La Maison et le Pain deux \u00e9l\u00e9ments essentiels dans la vie des hommes. La Maison pour se prot\u00e9ger et le Pain pour se nourrir. La Maison pour accueillir la famille, les amis, ceux qui frappent \u00e0 nos portes&#8230; et le pain pour \u00eatre partager&#8230;<\/p>\n\n\n\n<p>Quoi de plus beau que de partager un morceau de pain ! Nos yeux voient le beau travail de tous ceux qui, du semeur au boulanger, ont fait ce pain&#8230; Nos oreilles entendent le pain encore chaud qui craque et la cro\u00fbte qui rompt sous la pression des mains&#8230; Nous sentons la bonne odeur qui se d\u00e9gage du pain et qui fait penser \u00e0 la vie, tout simplement&#8230; Nos mains touchent ce pain et le partage : il y a la cro\u00fbte qui est parfois rugueuse et qui se casse pour laisser appara\u00eetre une mie blanche et douce&#8230; Alors nous pouvons go\u00fbter \u00e0 ce go\u00fbt, c\u2019est Dieu qui se donne !<\/p>\n\n\n\n<p>En vivant ce No\u00ebl dans la simplicit\u00e9, la sobri\u00e9t\u00e9, la confiance,\u00a0 nous posons dans notre monde un signe d\u2019esp\u00e9rance&#8230; Celui d\u2019un enfant, d\u2019un nouveau-n\u00e9, emmaillot\u00e9 et couch\u00e9 dans la paille&#8230; Notre monde est tellement malmen\u00e9 aujourd&rsquo;hui que nos contemporains un besoin d&rsquo;un signe pour ouvrir un nouvel avenir. Cet enfant invite les hommes et les femmes de tout temps et tout lieu au partage&#8230; Cet enfant qui n\u00e9 aujourd&rsquo;hui, il deviendra m\u00eame nourriture pour conduire toute l&rsquo;humanit\u00e9 sur les chemins de Dieu&#8230; Cet enfant nous invite \u00e0 prendre place dans la Maison du Pain pour aujourd\u2019hui et pour demain&#8230;<\/p>\n\n\n\n<p>Que ce temps de No\u00ebl, malgr\u00e9 des conditions un peu particuli\u00e8res, ou peut-\u00eatre gr\u00e2ce \u00e0 ses conditions, nous donne l\u2019occasion d&rsquo;accueillir et de partager ! Alors notre monde retrouvera un peu d\u2019esp\u00e9rance dans les yeux de l\u2019enfant de la cr\u00e8che&#8230;<\/p>\n\n\n\n<p class=\"has-text-align-right\">P. Michel LATERAS<\/p>\n","protected":false},"excerpt":{"rendered":"<p>A Bethl\u00e9em, il y a quelques deux milles ans, il \u00e9tait question de Maison et de Pain ! Marie et Joseph \u00e9tait un couple comme les autres. Ils avaient pris la route, de Nazareth \u00e0 Bethl\u00e9em, pour ob\u00e9ir \u00e0 l\u2019ordre de l\u2019empereur Auguste et venir se faire recenser. Il fallait savoir combien l\u2019Empire comptait d\u2019habitants. [&hellip;]<\/p>\n","protected":false},"author":26,"featured_media":480,"comment_status":"closed","ping_status":"open","sticky":false,"template":"","format":"standard","meta":{"_acf_changed":false,"footnotes":""},"categories":[1],"tags":[],"class_list":["post-715","post","type-post","status-publish","format-standard","has-post-thumbnail","hentry","category-actualites"],"acf":[],"yoast_head":"<!-- This site is optimized with the Yoast SEO plugin v26.4 - https:\/\/yoast.com\/wordpress\/plugins\/seo\/ -->\n<title>Bethl\u00e9em : la &quot;Maison du Pain&quot; - Doyenn\u00e9s de Haute Vienne<\/title>\n<meta name=\"robots\" content=\"index, follow, max-snippet:-1, max-image-preview:large, max-video-preview:-1\" \/>\n<link rel=\"canonical\" href=\"https:\/\/www.diocese-limoges.fr\/haute-vienne\/actualites\/bethleem-la-maison-du-pain\/\" \/>\n<meta property=\"og:locale\" content=\"fr_FR\" \/>\n<meta property=\"og:type\" content=\"article\" \/>\n<meta property=\"og:title\" content=\"Bethl\u00e9em : la &quot;Maison du Pain&quot; - Doyenn\u00e9s de Haute Vienne\" \/>\n<meta property=\"og:description\" content=\"A Bethl\u00e9em, il y a quelques deux milles ans, il \u00e9tait question de Maison et de Pain ! Marie et Joseph \u00e9tait un couple comme les autres. Ils avaient pris la route, de Nazareth \u00e0 Bethl\u00e9em, pour ob\u00e9ir \u00e0 l\u2019ordre de l\u2019empereur Auguste et venir se faire recenser. Il fallait savoir combien l\u2019Empire comptait d\u2019habitants. [&hellip;]\" \/>\n<meta property=\"og:url\" content=\"https:\/\/www.diocese-limoges.fr\/haute-vienne\/actualites\/bethleem-la-maison-du-pain\/\" \/>\n<meta property=\"og:site_name\" content=\"Doyenn\u00e9s de Haute Vienne\" \/>\n<meta property=\"article:published_time\" content=\"2020-12-27T20:59:48+00:00\" \/>\n<meta property=\"article:modified_time\" content=\"2020-12-27T20:59:49+00:00\" \/>\n<meta property=\"og:image\" content=\"https:\/\/www.diocese-limoges.fr\/haute-vienne\/wp-content\/uploads\/sites\/4\/2020\/11\/livre-de-la-parole-2.jpg\" \/>\n\t<meta property=\"og:image:width\" content=\"448\" \/>\n\t<meta property=\"og:image:height\" content=\"336\" \/>\n\t<meta property=\"og:image:type\" content=\"image\/jpeg\" \/>\n<meta name=\"author\" content=\"saintaurelien\" \/>\n<meta name=\"twitter:card\" content=\"summary_large_image\" \/>\n<meta name=\"twitter:label1\" content=\"\u00c9crit par\" \/>\n\t<meta name=\"twitter:data1\" content=\"saintaurelien\" \/>\n\t<meta name=\"twitter:label2\" content=\"Dur\u00e9e de lecture estim\u00e9e\" \/>\n\t<meta name=\"twitter:data2\" content=\"3 minutes\" \/>\n<script type=\"application\/ld+json\" class=\"yoast-schema-graph\">{\"@context\":\"https:\/\/schema.org\",\"@graph\":[{\"@type\":\"WebPage\",\"@id\":\"https:\/\/www.diocese-limoges.fr\/haute-vienne\/actualites\/bethleem-la-maison-du-pain\/\",\"url\":\"https:\/\/www.diocese-limoges.fr\/haute-vienne\/actualites\/bethleem-la-maison-du-pain\/\",\"name\":\"Bethl\u00e9em : la \\\"Maison du Pain\\\" - Doyenn\u00e9s de Haute Vienne\",\"isPartOf\":{\"@id\":\"https:\/\/www.diocese-limoges.fr\/haute-vienne\/#website\"},\"primaryImageOfPage\":{\"@id\":\"https:\/\/www.diocese-limoges.fr\/haute-vienne\/actualites\/bethleem-la-maison-du-pain\/#primaryimage\"},\"image\":{\"@id\":\"https:\/\/www.diocese-limoges.fr\/haute-vienne\/actualites\/bethleem-la-maison-du-pain\/#primaryimage\"},\"thumbnailUrl\":\"https:\/\/www.diocese-limoges.fr\/haute-vienne\/wp-content\/uploads\/sites\/4\/2020\/11\/livre-de-la-parole-2.jpg\",\"datePublished\":\"2020-12-27T20:59:48+00:00\",\"dateModified\":\"2020-12-27T20:59:49+00:00\",\"author\":{\"@id\":\"https:\/\/www.diocese-limoges.fr\/haute-vienne\/#\/schema\/person\/07e59a9282b42d93e154a91d7ef4a911\"},\"breadcrumb\":{\"@id\":\"https:\/\/www.diocese-limoges.fr\/haute-vienne\/actualites\/bethleem-la-maison-du-pain\/#breadcrumb\"},\"inLanguage\":\"fr-FR\",\"potentialAction\":[{\"@type\":\"ReadAction\",\"target\":[\"https:\/\/www.diocese-limoges.fr\/haute-vienne\/actualites\/bethleem-la-maison-du-pain\/\"]}]},{\"@type\":\"ImageObject\",\"inLanguage\":\"fr-FR\",\"@id\":\"https:\/\/www.diocese-limoges.fr\/haute-vienne\/actualites\/bethleem-la-maison-du-pain\/#primaryimage\",\"url\":\"https:\/\/www.diocese-limoges.fr\/haute-vienne\/wp-content\/uploads\/sites\/4\/2020\/11\/livre-de-la-parole-2.jpg\",\"contentUrl\":\"https:\/\/www.diocese-limoges.fr\/haute-vienne\/wp-content\/uploads\/sites\/4\/2020\/11\/livre-de-la-parole-2.jpg\",\"width\":448,\"height\":336},{\"@type\":\"BreadcrumbList\",\"@id\":\"https:\/\/www.diocese-limoges.fr\/haute-vienne\/actualites\/bethleem-la-maison-du-pain\/#breadcrumb\",\"itemListElement\":[{\"@type\":\"ListItem\",\"position\":1,\"name\":\"Accueil\",\"item\":\"https:\/\/www.diocese-limoges.fr\/haute-vienne\/\"},{\"@type\":\"ListItem\",\"position\":2,\"name\":\"Bethl\u00e9em : la \u00ab\u00a0Maison du Pain\u00a0\u00bb\"}]},{\"@type\":\"WebSite\",\"@id\":\"https:\/\/www.diocese-limoges.fr\/haute-vienne\/#website\",\"url\":\"https:\/\/www.diocese-limoges.fr\/haute-vienne\/\",\"name\":\"Doyenn\u00e9s de Haute Vienne\",\"description\":\"Dioc\u00e8se de Limoges\",\"potentialAction\":[{\"@type\":\"SearchAction\",\"target\":{\"@type\":\"EntryPoint\",\"urlTemplate\":\"https:\/\/www.diocese-limoges.fr\/haute-vienne\/?s={search_term_string}\"},\"query-input\":{\"@type\":\"PropertyValueSpecification\",\"valueRequired\":true,\"valueName\":\"search_term_string\"}}],\"inLanguage\":\"fr-FR\"},{\"@type\":\"Person\",\"@id\":\"https:\/\/www.diocese-limoges.fr\/haute-vienne\/#\/schema\/person\/07e59a9282b42d93e154a91d7ef4a911\",\"name\":\"saintaurelien\",\"image\":{\"@type\":\"ImageObject\",\"inLanguage\":\"fr-FR\",\"@id\":\"https:\/\/www.diocese-limoges.fr\/haute-vienne\/#\/schema\/person\/image\/\",\"url\":\"https:\/\/secure.gravatar.com\/avatar\/f995c9c29ef845bcf738b6c228937790e0fa5f34cd7a879b056eb08df917fe84?s=96&d=mm&r=g\",\"contentUrl\":\"https:\/\/secure.gravatar.com\/avatar\/f995c9c29ef845bcf738b6c228937790e0fa5f34cd7a879b056eb08df917fe84?s=96&d=mm&r=g\",\"caption\":\"saintaurelien\"},\"url\":\"https:\/\/www.diocese-limoges.fr\/haute-vienne\/author\/saintaurelien\/\"}]}<\/script>\n<!-- \/ Yoast SEO plugin. -->","yoast_head_json":{"title":"Bethl\u00e9em : la \"Maison du Pain\" - Doyenn\u00e9s de Haute Vienne","robots":{"index":"index","follow":"follow","max-snippet":"max-snippet:-1","max-image-preview":"max-image-preview:large","max-video-preview":"max-video-preview:-1"},"canonical":"https:\/\/www.diocese-limoges.fr\/haute-vienne\/actualites\/bethleem-la-maison-du-pain\/","og_locale":"fr_FR","og_type":"article","og_title":"Bethl\u00e9em : la \"Maison du Pain\" - Doyenn\u00e9s de Haute Vienne","og_description":"A Bethl\u00e9em, il y a quelques deux milles ans, il \u00e9tait question de Maison et de Pain ! Marie et Joseph \u00e9tait un couple comme les autres. Ils avaient pris la route, de Nazareth \u00e0 Bethl\u00e9em, pour ob\u00e9ir \u00e0 l\u2019ordre de l\u2019empereur Auguste et venir se faire recenser. Il fallait savoir combien l\u2019Empire comptait d\u2019habitants. [&hellip;]","og_url":"https:\/\/www.diocese-limoges.fr\/haute-vienne\/actualites\/bethleem-la-maison-du-pain\/","og_site_name":"Doyenn\u00e9s de Haute Vienne","article_published_time":"2020-12-27T20:59:48+00:00","article_modified_time":"2020-12-27T20:59:49+00:00","og_image":[{"width":448,"height":336,"url":"https:\/\/www.diocese-limoges.fr\/haute-vienne\/wp-content\/uploads\/sites\/4\/2020\/11\/livre-de-la-parole-2.jpg","type":"image\/jpeg"}],"author":"saintaurelien","twitter_card":"summary_large_image","twitter_misc":{"\u00c9crit par":"saintaurelien","Dur\u00e9e de lecture estim\u00e9e":"3 minutes"},"schema":{"@context":"https:\/\/schema.org","@graph":[{"@type":"WebPage","@id":"https:\/\/www.diocese-limoges.fr\/haute-vienne\/actualites\/bethleem-la-maison-du-pain\/","url":"https:\/\/www.diocese-limoges.fr\/haute-vienne\/actualites\/bethleem-la-maison-du-pain\/","name":"Bethl\u00e9em : la \"Maison du Pain\" - Doyenn\u00e9s de Haute Vienne","isPartOf":{"@id":"https:\/\/www.diocese-limoges.fr\/haute-vienne\/#website"},"primaryImageOfPage":{"@id":"https:\/\/www.diocese-limoges.fr\/haute-vienne\/actualites\/bethleem-la-maison-du-pain\/#primaryimage"},"image":{"@id":"https:\/\/www.diocese-limoges.fr\/haute-vienne\/actualites\/bethleem-la-maison-du-pain\/#primaryimage"},"thumbnailUrl":"https:\/\/www.diocese-limoges.fr\/haute-vienne\/wp-content\/uploads\/sites\/4\/2020\/11\/livre-de-la-parole-2.jpg","datePublished":"2020-12-27T20:59:48+00:00","dateModified":"2020-12-27T20:59:49+00:00","author":{"@id":"https:\/\/www.diocese-limoges.fr\/haute-vienne\/#\/schema\/person\/07e59a9282b42d93e154a91d7ef4a911"},"breadcrumb":{"@id":"https:\/\/www.diocese-limoges.fr\/haute-vienne\/actualites\/bethleem-la-maison-du-pain\/#breadcrumb"},"inLanguage":"fr-FR","potentialAction":[{"@type":"ReadAction","target":["https:\/\/www.diocese-limoges.fr\/haute-vienne\/actualites\/bethleem-la-maison-du-pain\/"]}]},{"@type":"ImageObject","inLanguage":"fr-FR","@id":"https:\/\/www.diocese-limoges.fr\/haute-vienne\/actualites\/bethleem-la-maison-du-pain\/#primaryimage","url":"https:\/\/www.diocese-limoges.fr\/haute-vienne\/wp-content\/uploads\/sites\/4\/2020\/11\/livre-de-la-parole-2.jpg","contentUrl":"https:\/\/www.diocese-limoges.fr\/haute-vienne\/wp-content\/uploads\/sites\/4\/2020\/11\/livre-de-la-parole-2.jpg","width":448,"height":336},{"@type":"BreadcrumbList","@id":"https:\/\/www.diocese-limoges.fr\/haute-vienne\/actualites\/bethleem-la-maison-du-pain\/#breadcrumb","itemListElement":[{"@type":"ListItem","position":1,"name":"Accueil","item":"https:\/\/www.diocese-limoges.fr\/haute-vienne\/"},{"@type":"ListItem","position":2,"name":"Bethl\u00e9em : la \u00ab\u00a0Maison du Pain\u00a0\u00bb"}]},{"@type":"WebSite","@id":"https:\/\/www.diocese-limoges.fr\/haute-vienne\/#website","url":"https:\/\/www.diocese-limoges.fr\/haute-vienne\/","name":"Doyenn\u00e9s de Haute Vienne","description":"Dioc\u00e8se de Limoges","potentialAction":[{"@type":"SearchAction","target":{"@type":"EntryPoint","urlTemplate":"https:\/\/www.diocese-limoges.fr\/haute-vienne\/?s={search_term_string}"},"query-input":{"@type":"PropertyValueSpecification","valueRequired":true,"valueName":"search_term_string"}}],"inLanguage":"fr-FR"},{"@type":"Person","@id":"https:\/\/www.diocese-limoges.fr\/haute-vienne\/#\/schema\/person\/07e59a9282b42d93e154a91d7ef4a911","name":"saintaurelien","image":{"@type":"ImageObject","inLanguage":"fr-FR","@id":"https:\/\/www.diocese-limoges.fr\/haute-vienne\/#\/schema\/person\/image\/","url":"https:\/\/secure.gravatar.com\/avatar\/f995c9c29ef845bcf738b6c228937790e0fa5f34cd7a879b056eb08df917fe84?s=96&d=mm&r=g","contentUrl":"https:\/\/secure.gravatar.com\/avatar\/f995c9c29ef845bcf738b6c228937790e0fa5f34cd7a879b056eb08df917fe84?s=96&d=mm&r=g","caption":"saintaurelien"},"url":"https:\/\/www.diocese-limoges.fr\/haute-vienne\/author\/saintaurelien\/"}]}},"_links":{"self":[{"href":"https:\/\/www.diocese-limoges.fr\/haute-vienne\/wp-json\/wp\/v2\/posts\/715","targetHints":{"allow":["GET"]}}],"collection":[{"href":"https:\/\/www.diocese-limoges.fr\/haute-vienne\/wp-json\/wp\/v2\/posts"}],"about":[{"href":"https:\/\/www.diocese-limoges.fr\/haute-vienne\/wp-json\/wp\/v2\/types\/post"}],"author":[{"embeddable":true,"href":"https:\/\/www.diocese-limoges.fr\/haute-vienne\/wp-json\/wp\/v2\/users\/26"}],"replies":[{"embeddable":true,"href":"https:\/\/www.diocese-limoges.fr\/haute-vienne\/wp-json\/wp\/v2\/comments?post=715"}],"version-history":[{"count":1,"href":"https:\/\/www.diocese-limoges.fr\/haute-vienne\/wp-json\/wp\/v2\/posts\/715\/revisions"}],"predecessor-version":[{"id":718,"href":"https:\/\/www.diocese-limoges.fr\/haute-vienne\/wp-json\/wp\/v2\/posts\/715\/revisions\/718"}],"wp:featuredmedia":[{"embeddable":true,"href":"https:\/\/www.diocese-limoges.fr\/haute-vienne\/wp-json\/wp\/v2\/media\/480"}],"wp:attachment":[{"href":"https:\/\/www.diocese-limoges.fr\/haute-vienne\/wp-json\/wp\/v2\/media?parent=715"}],"wp:term":[{"taxonomy":"category","embeddable":true,"href":"https:\/\/www.diocese-limoges.fr\/haute-vienne\/wp-json\/wp\/v2\/categories?post=715"},{"taxonomy":"post_tag","embeddable":true,"href":"https:\/\/www.diocese-limoges.fr\/haute-vienne\/wp-json\/wp\/v2\/tags?post=715"}],"curies":[{"name":"wp","href":"https:\/\/api.w.org\/{rel}","templated":true}]}}