{"id":775,"date":"2021-01-12T09:50:01","date_gmt":"2021-01-12T08:50:01","guid":{"rendered":"https:\/\/www.diocese-limoges.fr\/haute-vienne\/?p=775"},"modified":"2021-01-12T09:50:02","modified_gmt":"2021-01-12T08:50:02","slug":"une-investiture-un-passage-un-don","status":"publish","type":"post","link":"https:\/\/www.diocese-limoges.fr\/haute-vienne\/actualites\/une-investiture-un-passage-un-don\/","title":{"rendered":"Une investiture, un passage, un don"},"content":{"rendered":"\n<p class=\"has-vivid-red-color has-text-color has-normal-font-size\">Le bapt\u00eame, celui de J\u00e9sus mais aussi celui que chacun de nous a re\u00e7u est d\u2019abord une investiture.<\/p>\n\n\n\n<p>Si nous savons \u00e9couter dans notre coeur, c\u2019est \u00e0 chacun de nous que Dieu dit : \u201cTu es mon enfant bien-aim\u00e9. en toi je trouve ma joie.\u201d Alors, rien ne peut nous emp\u00eacher de nous convertir et de croire. Et si nous croyons, nous verrons le ciel s\u2019ouvrir pour montrer \u00e0 tous les hommes le chemin de la vie et la proximit\u00e9 de Dieu.<\/p>\n\n\n\n<p class=\"has-vivid-red-color has-text-color\">Le bapt\u00eame, celui de J\u00e9sus mais aussi celui que nous avons re\u00e7u est un passage<\/p>\n\n\n\n<p>Passage de l\u2019esclavage vers la libert\u00e9, des t\u00e9n\u00e8bres vers la lumi\u00e8re, de la nuit du p\u00e9ch\u00e9 vers la lumi\u00e8re de la v\u00e9rit\u00e9. L\u2019eau du bapt\u00eame est le lieu d\u2019une vie nouvelle enti\u00e8rement tourn\u00e9e vers Dieu. L\u2019eau est symbole de vie et de puret\u00e9. Elle abreuve la terre, la f\u00e9conde et fait germer la semence&#8230; L\u2019eau qui tombe du ciel alimente les fontaines et les sources&#8230; C\u2019est un don gratuit de Dieu qu\u2019il donne en abondance&#8230; Quand le Messie se r\u00e9v\u00e8le, c\u2019est une autre pluie qui baigne la terre&#8230; La Parole de Dieu se met \u00e0 l\u2019oeuvre et accomplit sa mission. Elle vient abreuver et f\u00e9conder nos coeur. Elle fait germer en nous la semence de l\u2019amour&#8230; L\u2019eau de nos rivi\u00e8res peut purifier les corps&#8230; L\u2019eau nouvelle de la Parole transforme les coeurs. La Parole de Dieu est vie et puret\u00e9. J\u00e9sus est cette Parole, le Verbe qui s\u2019est fait chair. Il vient sur la terre pour partager avec ses fr\u00e8res cet amour divin et combler le foss\u00e9 qui tenait l\u2019homme si \u00e9loign\u00e9 de Dieu. Il ira dans les villes et les villages proclamer \u00e0 tous la Bonne Nouvelle du Salut. Par son Fils venu prendre nos chemins, Dieu rend t\u00e9moignage de son amour. Il attend de nous que nous vivions de cet amour qu\u2019il nous a donn\u00e9 et que nous mettions notre foi en pratique. C\u2019est l\u2019invitation de saint Jean.<\/p>\n\n\n\n<p class=\"has-vivid-red-color has-text-color\">Le bapt\u00eame, celui de J\u00e9sus mais aussi celui que nous avons re\u00e7u est don de l\u2019Esprit.<\/p>\n\n\n\n<p>Par sa mort sur la croix, par le sang et l\u2019eau qui ont coul\u00e9 de son cot\u00e9 ouvert, J\u00e9sus nous a donn\u00e9 la force de l\u2019Esprit. Ainsi J\u00e9sus nous ouvre un chemin vers son P\u00e8re pour vivre du bonheur de Dieu. C\u2019est dans ce don absolu de l\u2019amour que nous pouvons puiser la force du t\u00e9moignage. Dans le silence de notre coeur rappelons-nous notre bapt\u00eame et accueillons cette paroles du Seigneur : \u201cTu es mon enfant bien-aim\u00e9, en toi je trouve ma joie.\u201d Quoi de plus r\u00e9confortant de savoir que Dieu trouve sa joie en chacun de nous !<\/p>\n\n\n\n<p class=\"has-text-align-right\">Michel LATERAS<\/p>\n","protected":false},"excerpt":{"rendered":"<p>Le bapt\u00eame, celui de J\u00e9sus mais aussi celui que chacun de nous a re\u00e7u est d\u2019abord une investiture. Si nous savons \u00e9couter dans notre coeur, c\u2019est \u00e0 chacun de nous que Dieu dit : \u201cTu es mon enfant bien-aim\u00e9. en toi je trouve ma joie.\u201d Alors, rien ne peut nous emp\u00eacher de nous convertir et [&hellip;]<\/p>\n","protected":false},"author":26,"featured_media":480,"comment_status":"closed","ping_status":"open","sticky":false,"template":"","format":"standard","meta":{"_acf_changed":false,"footnotes":""},"categories":[1],"tags":[],"class_list":["post-775","post","type-post","status-publish","format-standard","has-post-thumbnail","hentry","category-actualites"],"acf":[],"yoast_head":"<!-- This site is optimized with the Yoast SEO plugin v26.4 - https:\/\/yoast.com\/wordpress\/plugins\/seo\/ -->\n<title>Une investiture, un passage, un don - Doyenn\u00e9s de Haute Vienne<\/title>\n<meta name=\"robots\" content=\"index, follow, max-snippet:-1, max-image-preview:large, max-video-preview:-1\" \/>\n<link rel=\"canonical\" href=\"https:\/\/www.diocese-limoges.fr\/haute-vienne\/actualites\/une-investiture-un-passage-un-don\/\" \/>\n<meta property=\"og:locale\" content=\"fr_FR\" \/>\n<meta property=\"og:type\" content=\"article\" \/>\n<meta property=\"og:title\" content=\"Une investiture, un passage, un don - Doyenn\u00e9s de Haute Vienne\" \/>\n<meta property=\"og:description\" content=\"Le bapt\u00eame, celui de J\u00e9sus mais aussi celui que chacun de nous a re\u00e7u est d\u2019abord une investiture. Si nous savons \u00e9couter dans notre coeur, c\u2019est \u00e0 chacun de nous que Dieu dit : \u201cTu es mon enfant bien-aim\u00e9. en toi je trouve ma joie.\u201d Alors, rien ne peut nous emp\u00eacher de nous convertir et [&hellip;]\" \/>\n<meta property=\"og:url\" content=\"https:\/\/www.diocese-limoges.fr\/haute-vienne\/actualites\/une-investiture-un-passage-un-don\/\" \/>\n<meta property=\"og:site_name\" content=\"Doyenn\u00e9s de Haute Vienne\" \/>\n<meta property=\"article:published_time\" content=\"2021-01-12T08:50:01+00:00\" \/>\n<meta property=\"article:modified_time\" content=\"2021-01-12T08:50:02+00:00\" \/>\n<meta property=\"og:image\" content=\"https:\/\/www.diocese-limoges.fr\/haute-vienne\/wp-content\/uploads\/sites\/4\/2020\/11\/livre-de-la-parole-2.jpg\" \/>\n\t<meta property=\"og:image:width\" content=\"448\" \/>\n\t<meta property=\"og:image:height\" content=\"336\" \/>\n\t<meta property=\"og:image:type\" content=\"image\/jpeg\" \/>\n<meta name=\"author\" content=\"saintaurelien\" \/>\n<meta name=\"twitter:card\" content=\"summary_large_image\" \/>\n<meta name=\"twitter:label1\" content=\"\u00c9crit par\" \/>\n\t<meta name=\"twitter:data1\" content=\"saintaurelien\" \/>\n\t<meta name=\"twitter:label2\" content=\"Dur\u00e9e de lecture estim\u00e9e\" \/>\n\t<meta name=\"twitter:data2\" content=\"2 minutes\" \/>\n<script type=\"application\/ld+json\" class=\"yoast-schema-graph\">{\"@context\":\"https:\/\/schema.org\",\"@graph\":[{\"@type\":\"WebPage\",\"@id\":\"https:\/\/www.diocese-limoges.fr\/haute-vienne\/actualites\/une-investiture-un-passage-un-don\/\",\"url\":\"https:\/\/www.diocese-limoges.fr\/haute-vienne\/actualites\/une-investiture-un-passage-un-don\/\",\"name\":\"Une investiture, un passage, un don - Doyenn\u00e9s de Haute Vienne\",\"isPartOf\":{\"@id\":\"https:\/\/www.diocese-limoges.fr\/haute-vienne\/#website\"},\"primaryImageOfPage\":{\"@id\":\"https:\/\/www.diocese-limoges.fr\/haute-vienne\/actualites\/une-investiture-un-passage-un-don\/#primaryimage\"},\"image\":{\"@id\":\"https:\/\/www.diocese-limoges.fr\/haute-vienne\/actualites\/une-investiture-un-passage-un-don\/#primaryimage\"},\"thumbnailUrl\":\"https:\/\/www.diocese-limoges.fr\/haute-vienne\/wp-content\/uploads\/sites\/4\/2020\/11\/livre-de-la-parole-2.jpg\",\"datePublished\":\"2021-01-12T08:50:01+00:00\",\"dateModified\":\"2021-01-12T08:50:02+00:00\",\"author\":{\"@id\":\"https:\/\/www.diocese-limoges.fr\/haute-vienne\/#\/schema\/person\/07e59a9282b42d93e154a91d7ef4a911\"},\"breadcrumb\":{\"@id\":\"https:\/\/www.diocese-limoges.fr\/haute-vienne\/actualites\/une-investiture-un-passage-un-don\/#breadcrumb\"},\"inLanguage\":\"fr-FR\",\"potentialAction\":[{\"@type\":\"ReadAction\",\"target\":[\"https:\/\/www.diocese-limoges.fr\/haute-vienne\/actualites\/une-investiture-un-passage-un-don\/\"]}]},{\"@type\":\"ImageObject\",\"inLanguage\":\"fr-FR\",\"@id\":\"https:\/\/www.diocese-limoges.fr\/haute-vienne\/actualites\/une-investiture-un-passage-un-don\/#primaryimage\",\"url\":\"https:\/\/www.diocese-limoges.fr\/haute-vienne\/wp-content\/uploads\/sites\/4\/2020\/11\/livre-de-la-parole-2.jpg\",\"contentUrl\":\"https:\/\/www.diocese-limoges.fr\/haute-vienne\/wp-content\/uploads\/sites\/4\/2020\/11\/livre-de-la-parole-2.jpg\",\"width\":448,\"height\":336},{\"@type\":\"BreadcrumbList\",\"@id\":\"https:\/\/www.diocese-limoges.fr\/haute-vienne\/actualites\/une-investiture-un-passage-un-don\/#breadcrumb\",\"itemListElement\":[{\"@type\":\"ListItem\",\"position\":1,\"name\":\"Accueil\",\"item\":\"https:\/\/www.diocese-limoges.fr\/haute-vienne\/\"},{\"@type\":\"ListItem\",\"position\":2,\"name\":\"Une investiture, un passage, un don\"}]},{\"@type\":\"WebSite\",\"@id\":\"https:\/\/www.diocese-limoges.fr\/haute-vienne\/#website\",\"url\":\"https:\/\/www.diocese-limoges.fr\/haute-vienne\/\",\"name\":\"Doyenn\u00e9s de Haute Vienne\",\"description\":\"Dioc\u00e8se de Limoges\",\"potentialAction\":[{\"@type\":\"SearchAction\",\"target\":{\"@type\":\"EntryPoint\",\"urlTemplate\":\"https:\/\/www.diocese-limoges.fr\/haute-vienne\/?s={search_term_string}\"},\"query-input\":{\"@type\":\"PropertyValueSpecification\",\"valueRequired\":true,\"valueName\":\"search_term_string\"}}],\"inLanguage\":\"fr-FR\"},{\"@type\":\"Person\",\"@id\":\"https:\/\/www.diocese-limoges.fr\/haute-vienne\/#\/schema\/person\/07e59a9282b42d93e154a91d7ef4a911\",\"name\":\"saintaurelien\",\"image\":{\"@type\":\"ImageObject\",\"inLanguage\":\"fr-FR\",\"@id\":\"https:\/\/www.diocese-limoges.fr\/haute-vienne\/#\/schema\/person\/image\/\",\"url\":\"https:\/\/secure.gravatar.com\/avatar\/f995c9c29ef845bcf738b6c228937790e0fa5f34cd7a879b056eb08df917fe84?s=96&d=mm&r=g\",\"contentUrl\":\"https:\/\/secure.gravatar.com\/avatar\/f995c9c29ef845bcf738b6c228937790e0fa5f34cd7a879b056eb08df917fe84?s=96&d=mm&r=g\",\"caption\":\"saintaurelien\"},\"url\":\"https:\/\/www.diocese-limoges.fr\/haute-vienne\/author\/saintaurelien\/\"}]}<\/script>\n<!-- \/ Yoast SEO plugin. -->","yoast_head_json":{"title":"Une investiture, un passage, un don - Doyenn\u00e9s de Haute Vienne","robots":{"index":"index","follow":"follow","max-snippet":"max-snippet:-1","max-image-preview":"max-image-preview:large","max-video-preview":"max-video-preview:-1"},"canonical":"https:\/\/www.diocese-limoges.fr\/haute-vienne\/actualites\/une-investiture-un-passage-un-don\/","og_locale":"fr_FR","og_type":"article","og_title":"Une investiture, un passage, un don - Doyenn\u00e9s de Haute Vienne","og_description":"Le bapt\u00eame, celui de J\u00e9sus mais aussi celui que chacun de nous a re\u00e7u est d\u2019abord une investiture. Si nous savons \u00e9couter dans notre coeur, c\u2019est \u00e0 chacun de nous que Dieu dit : \u201cTu es mon enfant bien-aim\u00e9. en toi je trouve ma joie.\u201d Alors, rien ne peut nous emp\u00eacher de nous convertir et [&hellip;]","og_url":"https:\/\/www.diocese-limoges.fr\/haute-vienne\/actualites\/une-investiture-un-passage-un-don\/","og_site_name":"Doyenn\u00e9s de Haute Vienne","article_published_time":"2021-01-12T08:50:01+00:00","article_modified_time":"2021-01-12T08:50:02+00:00","og_image":[{"width":448,"height":336,"url":"https:\/\/www.diocese-limoges.fr\/haute-vienne\/wp-content\/uploads\/sites\/4\/2020\/11\/livre-de-la-parole-2.jpg","type":"image\/jpeg"}],"author":"saintaurelien","twitter_card":"summary_large_image","twitter_misc":{"\u00c9crit par":"saintaurelien","Dur\u00e9e de lecture estim\u00e9e":"2 minutes"},"schema":{"@context":"https:\/\/schema.org","@graph":[{"@type":"WebPage","@id":"https:\/\/www.diocese-limoges.fr\/haute-vienne\/actualites\/une-investiture-un-passage-un-don\/","url":"https:\/\/www.diocese-limoges.fr\/haute-vienne\/actualites\/une-investiture-un-passage-un-don\/","name":"Une investiture, un passage, un don - Doyenn\u00e9s de Haute Vienne","isPartOf":{"@id":"https:\/\/www.diocese-limoges.fr\/haute-vienne\/#website"},"primaryImageOfPage":{"@id":"https:\/\/www.diocese-limoges.fr\/haute-vienne\/actualites\/une-investiture-un-passage-un-don\/#primaryimage"},"image":{"@id":"https:\/\/www.diocese-limoges.fr\/haute-vienne\/actualites\/une-investiture-un-passage-un-don\/#primaryimage"},"thumbnailUrl":"https:\/\/www.diocese-limoges.fr\/haute-vienne\/wp-content\/uploads\/sites\/4\/2020\/11\/livre-de-la-parole-2.jpg","datePublished":"2021-01-12T08:50:01+00:00","dateModified":"2021-01-12T08:50:02+00:00","author":{"@id":"https:\/\/www.diocese-limoges.fr\/haute-vienne\/#\/schema\/person\/07e59a9282b42d93e154a91d7ef4a911"},"breadcrumb":{"@id":"https:\/\/www.diocese-limoges.fr\/haute-vienne\/actualites\/une-investiture-un-passage-un-don\/#breadcrumb"},"inLanguage":"fr-FR","potentialAction":[{"@type":"ReadAction","target":["https:\/\/www.diocese-limoges.fr\/haute-vienne\/actualites\/une-investiture-un-passage-un-don\/"]}]},{"@type":"ImageObject","inLanguage":"fr-FR","@id":"https:\/\/www.diocese-limoges.fr\/haute-vienne\/actualites\/une-investiture-un-passage-un-don\/#primaryimage","url":"https:\/\/www.diocese-limoges.fr\/haute-vienne\/wp-content\/uploads\/sites\/4\/2020\/11\/livre-de-la-parole-2.jpg","contentUrl":"https:\/\/www.diocese-limoges.fr\/haute-vienne\/wp-content\/uploads\/sites\/4\/2020\/11\/livre-de-la-parole-2.jpg","width":448,"height":336},{"@type":"BreadcrumbList","@id":"https:\/\/www.diocese-limoges.fr\/haute-vienne\/actualites\/une-investiture-un-passage-un-don\/#breadcrumb","itemListElement":[{"@type":"ListItem","position":1,"name":"Accueil","item":"https:\/\/www.diocese-limoges.fr\/haute-vienne\/"},{"@type":"ListItem","position":2,"name":"Une investiture, un passage, un don"}]},{"@type":"WebSite","@id":"https:\/\/www.diocese-limoges.fr\/haute-vienne\/#website","url":"https:\/\/www.diocese-limoges.fr\/haute-vienne\/","name":"Doyenn\u00e9s de Haute Vienne","description":"Dioc\u00e8se de Limoges","potentialAction":[{"@type":"SearchAction","target":{"@type":"EntryPoint","urlTemplate":"https:\/\/www.diocese-limoges.fr\/haute-vienne\/?s={search_term_string}"},"query-input":{"@type":"PropertyValueSpecification","valueRequired":true,"valueName":"search_term_string"}}],"inLanguage":"fr-FR"},{"@type":"Person","@id":"https:\/\/www.diocese-limoges.fr\/haute-vienne\/#\/schema\/person\/07e59a9282b42d93e154a91d7ef4a911","name":"saintaurelien","image":{"@type":"ImageObject","inLanguage":"fr-FR","@id":"https:\/\/www.diocese-limoges.fr\/haute-vienne\/#\/schema\/person\/image\/","url":"https:\/\/secure.gravatar.com\/avatar\/f995c9c29ef845bcf738b6c228937790e0fa5f34cd7a879b056eb08df917fe84?s=96&d=mm&r=g","contentUrl":"https:\/\/secure.gravatar.com\/avatar\/f995c9c29ef845bcf738b6c228937790e0fa5f34cd7a879b056eb08df917fe84?s=96&d=mm&r=g","caption":"saintaurelien"},"url":"https:\/\/www.diocese-limoges.fr\/haute-vienne\/author\/saintaurelien\/"}]}},"_links":{"self":[{"href":"https:\/\/www.diocese-limoges.fr\/haute-vienne\/wp-json\/wp\/v2\/posts\/775","targetHints":{"allow":["GET"]}}],"collection":[{"href":"https:\/\/www.diocese-limoges.fr\/haute-vienne\/wp-json\/wp\/v2\/posts"}],"about":[{"href":"https:\/\/www.diocese-limoges.fr\/haute-vienne\/wp-json\/wp\/v2\/types\/post"}],"author":[{"embeddable":true,"href":"https:\/\/www.diocese-limoges.fr\/haute-vienne\/wp-json\/wp\/v2\/users\/26"}],"replies":[{"embeddable":true,"href":"https:\/\/www.diocese-limoges.fr\/haute-vienne\/wp-json\/wp\/v2\/comments?post=775"}],"version-history":[{"count":1,"href":"https:\/\/www.diocese-limoges.fr\/haute-vienne\/wp-json\/wp\/v2\/posts\/775\/revisions"}],"predecessor-version":[{"id":776,"href":"https:\/\/www.diocese-limoges.fr\/haute-vienne\/wp-json\/wp\/v2\/posts\/775\/revisions\/776"}],"wp:featuredmedia":[{"embeddable":true,"href":"https:\/\/www.diocese-limoges.fr\/haute-vienne\/wp-json\/wp\/v2\/media\/480"}],"wp:attachment":[{"href":"https:\/\/www.diocese-limoges.fr\/haute-vienne\/wp-json\/wp\/v2\/media?parent=775"}],"wp:term":[{"taxonomy":"category","embeddable":true,"href":"https:\/\/www.diocese-limoges.fr\/haute-vienne\/wp-json\/wp\/v2\/categories?post=775"},{"taxonomy":"post_tag","embeddable":true,"href":"https:\/\/www.diocese-limoges.fr\/haute-vienne\/wp-json\/wp\/v2\/tags?post=775"}],"curies":[{"name":"wp","href":"https:\/\/api.w.org\/{rel}","templated":true}]}}