{"id":800,"date":"2021-01-13T16:29:41","date_gmt":"2021-01-13T15:29:41","guid":{"rendered":"https:\/\/www.diocese-limoges.fr\/haute-vienne\/?p=800"},"modified":"2021-01-13T16:29:42","modified_gmt":"2021-01-13T15:29:42","slug":"merci-pere-raymond-rouger","status":"publish","type":"post","link":"https:\/\/www.diocese-limoges.fr\/haute-vienne\/actualites\/merci-pere-raymond-rouger\/","title":{"rendered":"Merci P\u00e8re Raymond Rouger"},"content":{"rendered":"\n<div class=\"wp-block-image\"><figure class=\"aligncenter size-large\"><img loading=\"lazy\" decoding=\"async\" width=\"1024\" height=\"1024\" src=\"https:\/\/www.diocese-limoges.fr\/haute-vienne\/wp-content\/uploads\/sites\/4\/2021\/01\/rr640-1024x1024.jpg\" alt=\"P\u00e8re Raymond Rouger, Montfortain, 7 janvier 1940 - 4 janvier 2021\" class=\"wp-image-801\" srcset=\"https:\/\/www.diocese-limoges.fr\/haute-vienne\/wp-content\/uploads\/sites\/4\/2021\/01\/rr640.jpg 1024w, https:\/\/www.diocese-limoges.fr\/haute-vienne\/wp-content\/uploads\/sites\/4\/2021\/01\/rr640-300x300.jpg 300w, https:\/\/www.diocese-limoges.fr\/haute-vienne\/wp-content\/uploads\/sites\/4\/2021\/01\/rr640-150x150.jpg 150w, https:\/\/www.diocese-limoges.fr\/haute-vienne\/wp-content\/uploads\/sites\/4\/2021\/01\/rr640-768x768.jpg 768w\" sizes=\"auto, (max-width: 1024px) 100vw, 1024px\" \/><\/figure><\/div>\n\n\n\n<p class=\"has-text-align-center\">En ce d\u00e9but d&rsquo;ann\u00e9e, nous sommes tous orphelins\u2026..<br>Notre P\u00e8re ROUGER nous a quitt\u00e9s, ce 4 janvier 2021, avec cet impr\u00e9vu dont il avait le secret.<\/p>\n\n\n\n<p class=\"has-text-align-center\">Il n\u2019a pas \u00e9t\u00e9 rattrap\u00e9 par son cancer mais par un brutal infarctus que personne n\u2019avait vu venir.<br>Nous sommes orphelins de sa parole g\u00e9n\u00e9reuse, <br>de sa facult\u00e9 exceptionnelle \u00e0 percevoir les personnes,<br> \u00e0 les comprendre, \u00e0 les aimer comme elles sont.<br>Nous sommes orphelins de ses passions qui le rendaient si proche de nous :<br>la chasse, son chien, la bonne cuisine, les contacts humains quels qu\u2019ils soient, <br>les sujets les plus vari\u00e9s qui l\u2019int\u00e9ressaient toujours et la liste peut \u00eatre longue.<\/p>\n\n\n\n<p class=\"has-text-align-center\">Nous sommes orphelins et tr\u00e8s tristes mais nous sommes aussi convaincus que le Bon Dieu accueillera avec joie ce pr\u00eatre exceptionnel.<\/p>\n\n\n\n<p class=\"has-text-align-center\"><span style=\"color:#15950e\" class=\"has-inline-color\"><em><strong>Gr\u00e2ce et bonheur m&rsquo;accompagnent<br>tous les jours de ma vie;<br>J&rsquo;habiterai la maison du Seigneur<br>pour la dur\u00e9e de mes jours.<\/strong><\/em><\/span><\/p>\n\n\n\n<p class=\"has-text-align-center\"><em>Psaume 22<\/em><\/p>\n","protected":false},"excerpt":{"rendered":"<p>En ce d\u00e9but d&rsquo;ann\u00e9e, nous sommes tous orphelins\u2026..Notre P\u00e8re ROUGER nous a quitt\u00e9s, ce 4 janvier 2021, avec cet impr\u00e9vu dont il avait le secret. Il n\u2019a pas \u00e9t\u00e9 rattrap\u00e9 par son cancer mais par un brutal infarctus que personne n\u2019avait vu venir.Nous sommes orphelins de sa parole g\u00e9n\u00e9reuse, de sa facult\u00e9 exceptionnelle \u00e0 percevoir [&hellip;]<\/p>\n","protected":false},"author":7,"featured_media":803,"comment_status":"closed","ping_status":"open","sticky":false,"template":"","format":"standard","meta":{"_acf_changed":false,"footnotes":""},"categories":[1,7],"tags":[],"class_list":["post-800","post","type-post","status-publish","format-standard","has-post-thumbnail","hentry","category-actualites","category-lassomption"],"acf":[],"yoast_head":"<!-- This site is optimized with the Yoast SEO plugin v26.4 - https:\/\/yoast.com\/wordpress\/plugins\/seo\/ -->\n<title>Merci P\u00e8re Raymond Rouger - Doyenn\u00e9s de Haute Vienne<\/title>\n<meta name=\"robots\" content=\"index, follow, max-snippet:-1, max-image-preview:large, max-video-preview:-1\" \/>\n<link rel=\"canonical\" href=\"https:\/\/www.diocese-limoges.fr\/haute-vienne\/actualites\/merci-pere-raymond-rouger\/\" \/>\n<meta property=\"og:locale\" content=\"fr_FR\" \/>\n<meta property=\"og:type\" content=\"article\" \/>\n<meta property=\"og:title\" content=\"Merci P\u00e8re Raymond Rouger - Doyenn\u00e9s de Haute Vienne\" \/>\n<meta property=\"og:description\" content=\"En ce d\u00e9but d&rsquo;ann\u00e9e, nous sommes tous orphelins\u2026..Notre P\u00e8re ROUGER nous a quitt\u00e9s, ce 4 janvier 2021, avec cet impr\u00e9vu dont il avait le secret. Il n\u2019a pas \u00e9t\u00e9 rattrap\u00e9 par son cancer mais par un brutal infarctus que personne n\u2019avait vu venir.Nous sommes orphelins de sa parole g\u00e9n\u00e9reuse, de sa facult\u00e9 exceptionnelle \u00e0 percevoir [&hellip;]\" \/>\n<meta property=\"og:url\" content=\"https:\/\/www.diocese-limoges.fr\/haute-vienne\/actualites\/merci-pere-raymond-rouger\/\" \/>\n<meta property=\"og:site_name\" content=\"Doyenn\u00e9s de Haute Vienne\" \/>\n<meta property=\"article:published_time\" content=\"2021-01-13T15:29:41+00:00\" \/>\n<meta property=\"article:modified_time\" content=\"2021-01-13T15:29:42+00:00\" \/>\n<meta property=\"og:image\" content=\"https:\/\/www.diocese-limoges.fr\/haute-vienne\/wp-content\/uploads\/sites\/4\/2021\/01\/rrouger-montagelong.jpg\" \/>\n\t<meta property=\"og:image:width\" content=\"1024\" \/>\n\t<meta property=\"og:image:height\" content=\"272\" \/>\n\t<meta property=\"og:image:type\" content=\"image\/jpeg\" \/>\n<meta name=\"author\" content=\"assomption\" \/>\n<meta name=\"twitter:card\" content=\"summary_large_image\" \/>\n<meta name=\"twitter:label1\" content=\"\u00c9crit par\" \/>\n\t<meta name=\"twitter:data1\" content=\"assomption\" \/>\n\t<meta name=\"twitter:label2\" content=\"Dur\u00e9e de lecture estim\u00e9e\" \/>\n\t<meta name=\"twitter:data2\" content=\"1 minute\" \/>\n<script type=\"application\/ld+json\" class=\"yoast-schema-graph\">{\"@context\":\"https:\/\/schema.org\",\"@graph\":[{\"@type\":\"WebPage\",\"@id\":\"https:\/\/www.diocese-limoges.fr\/haute-vienne\/actualites\/merci-pere-raymond-rouger\/\",\"url\":\"https:\/\/www.diocese-limoges.fr\/haute-vienne\/actualites\/merci-pere-raymond-rouger\/\",\"name\":\"Merci P\u00e8re Raymond Rouger - Doyenn\u00e9s de Haute Vienne\",\"isPartOf\":{\"@id\":\"https:\/\/www.diocese-limoges.fr\/haute-vienne\/#website\"},\"primaryImageOfPage\":{\"@id\":\"https:\/\/www.diocese-limoges.fr\/haute-vienne\/actualites\/merci-pere-raymond-rouger\/#primaryimage\"},\"image\":{\"@id\":\"https:\/\/www.diocese-limoges.fr\/haute-vienne\/actualites\/merci-pere-raymond-rouger\/#primaryimage\"},\"thumbnailUrl\":\"https:\/\/www.diocese-limoges.fr\/haute-vienne\/wp-content\/uploads\/sites\/4\/2021\/01\/rrouger-montagelong.jpg\",\"datePublished\":\"2021-01-13T15:29:41+00:00\",\"dateModified\":\"2021-01-13T15:29:42+00:00\",\"author\":{\"@id\":\"https:\/\/www.diocese-limoges.fr\/haute-vienne\/#\/schema\/person\/d3c609b00f4f1396745c719afc5bb856\"},\"breadcrumb\":{\"@id\":\"https:\/\/www.diocese-limoges.fr\/haute-vienne\/actualites\/merci-pere-raymond-rouger\/#breadcrumb\"},\"inLanguage\":\"fr-FR\",\"potentialAction\":[{\"@type\":\"ReadAction\",\"target\":[\"https:\/\/www.diocese-limoges.fr\/haute-vienne\/actualites\/merci-pere-raymond-rouger\/\"]}]},{\"@type\":\"ImageObject\",\"inLanguage\":\"fr-FR\",\"@id\":\"https:\/\/www.diocese-limoges.fr\/haute-vienne\/actualites\/merci-pere-raymond-rouger\/#primaryimage\",\"url\":\"https:\/\/www.diocese-limoges.fr\/haute-vienne\/wp-content\/uploads\/sites\/4\/2021\/01\/rrouger-montagelong.jpg\",\"contentUrl\":\"https:\/\/www.diocese-limoges.fr\/haute-vienne\/wp-content\/uploads\/sites\/4\/2021\/01\/rrouger-montagelong.jpg\",\"width\":1024,\"height\":272,\"caption\":\"Merci Raymond Rouger\"},{\"@type\":\"BreadcrumbList\",\"@id\":\"https:\/\/www.diocese-limoges.fr\/haute-vienne\/actualites\/merci-pere-raymond-rouger\/#breadcrumb\",\"itemListElement\":[{\"@type\":\"ListItem\",\"position\":1,\"name\":\"Accueil\",\"item\":\"https:\/\/www.diocese-limoges.fr\/haute-vienne\/\"},{\"@type\":\"ListItem\",\"position\":2,\"name\":\"Merci P\u00e8re Raymond Rouger\"}]},{\"@type\":\"WebSite\",\"@id\":\"https:\/\/www.diocese-limoges.fr\/haute-vienne\/#website\",\"url\":\"https:\/\/www.diocese-limoges.fr\/haute-vienne\/\",\"name\":\"Doyenn\u00e9s de Haute Vienne\",\"description\":\"Dioc\u00e8se de Limoges\",\"potentialAction\":[{\"@type\":\"SearchAction\",\"target\":{\"@type\":\"EntryPoint\",\"urlTemplate\":\"https:\/\/www.diocese-limoges.fr\/haute-vienne\/?s={search_term_string}\"},\"query-input\":{\"@type\":\"PropertyValueSpecification\",\"valueRequired\":true,\"valueName\":\"search_term_string\"}}],\"inLanguage\":\"fr-FR\"},{\"@type\":\"Person\",\"@id\":\"https:\/\/www.diocese-limoges.fr\/haute-vienne\/#\/schema\/person\/d3c609b00f4f1396745c719afc5bb856\",\"name\":\"assomption\",\"image\":{\"@type\":\"ImageObject\",\"inLanguage\":\"fr-FR\",\"@id\":\"https:\/\/www.diocese-limoges.fr\/haute-vienne\/#\/schema\/person\/image\/\",\"url\":\"https:\/\/secure.gravatar.com\/avatar\/f2acefd1e9fc403a08150335662ec86c9ad79ed7788b5fd72e75403773bfcf35?s=96&d=mm&r=g\",\"contentUrl\":\"https:\/\/secure.gravatar.com\/avatar\/f2acefd1e9fc403a08150335662ec86c9ad79ed7788b5fd72e75403773bfcf35?s=96&d=mm&r=g\",\"caption\":\"assomption\"},\"url\":\"https:\/\/www.diocese-limoges.fr\/haute-vienne\/author\/assomption\/\"}]}<\/script>\n<!-- \/ Yoast SEO plugin. -->","yoast_head_json":{"title":"Merci P\u00e8re Raymond Rouger - Doyenn\u00e9s de Haute Vienne","robots":{"index":"index","follow":"follow","max-snippet":"max-snippet:-1","max-image-preview":"max-image-preview:large","max-video-preview":"max-video-preview:-1"},"canonical":"https:\/\/www.diocese-limoges.fr\/haute-vienne\/actualites\/merci-pere-raymond-rouger\/","og_locale":"fr_FR","og_type":"article","og_title":"Merci P\u00e8re Raymond Rouger - Doyenn\u00e9s de Haute Vienne","og_description":"En ce d\u00e9but d&rsquo;ann\u00e9e, nous sommes tous orphelins\u2026..Notre P\u00e8re ROUGER nous a quitt\u00e9s, ce 4 janvier 2021, avec cet impr\u00e9vu dont il avait le secret. Il n\u2019a pas \u00e9t\u00e9 rattrap\u00e9 par son cancer mais par un brutal infarctus que personne n\u2019avait vu venir.Nous sommes orphelins de sa parole g\u00e9n\u00e9reuse, de sa facult\u00e9 exceptionnelle \u00e0 percevoir [&hellip;]","og_url":"https:\/\/www.diocese-limoges.fr\/haute-vienne\/actualites\/merci-pere-raymond-rouger\/","og_site_name":"Doyenn\u00e9s de Haute Vienne","article_published_time":"2021-01-13T15:29:41+00:00","article_modified_time":"2021-01-13T15:29:42+00:00","og_image":[{"width":1024,"height":272,"url":"https:\/\/www.diocese-limoges.fr\/haute-vienne\/wp-content\/uploads\/sites\/4\/2021\/01\/rrouger-montagelong.jpg","type":"image\/jpeg"}],"author":"assomption","twitter_card":"summary_large_image","twitter_misc":{"\u00c9crit par":"assomption","Dur\u00e9e de lecture estim\u00e9e":"1 minute"},"schema":{"@context":"https:\/\/schema.org","@graph":[{"@type":"WebPage","@id":"https:\/\/www.diocese-limoges.fr\/haute-vienne\/actualites\/merci-pere-raymond-rouger\/","url":"https:\/\/www.diocese-limoges.fr\/haute-vienne\/actualites\/merci-pere-raymond-rouger\/","name":"Merci P\u00e8re Raymond Rouger - Doyenn\u00e9s de Haute Vienne","isPartOf":{"@id":"https:\/\/www.diocese-limoges.fr\/haute-vienne\/#website"},"primaryImageOfPage":{"@id":"https:\/\/www.diocese-limoges.fr\/haute-vienne\/actualites\/merci-pere-raymond-rouger\/#primaryimage"},"image":{"@id":"https:\/\/www.diocese-limoges.fr\/haute-vienne\/actualites\/merci-pere-raymond-rouger\/#primaryimage"},"thumbnailUrl":"https:\/\/www.diocese-limoges.fr\/haute-vienne\/wp-content\/uploads\/sites\/4\/2021\/01\/rrouger-montagelong.jpg","datePublished":"2021-01-13T15:29:41+00:00","dateModified":"2021-01-13T15:29:42+00:00","author":{"@id":"https:\/\/www.diocese-limoges.fr\/haute-vienne\/#\/schema\/person\/d3c609b00f4f1396745c719afc5bb856"},"breadcrumb":{"@id":"https:\/\/www.diocese-limoges.fr\/haute-vienne\/actualites\/merci-pere-raymond-rouger\/#breadcrumb"},"inLanguage":"fr-FR","potentialAction":[{"@type":"ReadAction","target":["https:\/\/www.diocese-limoges.fr\/haute-vienne\/actualites\/merci-pere-raymond-rouger\/"]}]},{"@type":"ImageObject","inLanguage":"fr-FR","@id":"https:\/\/www.diocese-limoges.fr\/haute-vienne\/actualites\/merci-pere-raymond-rouger\/#primaryimage","url":"https:\/\/www.diocese-limoges.fr\/haute-vienne\/wp-content\/uploads\/sites\/4\/2021\/01\/rrouger-montagelong.jpg","contentUrl":"https:\/\/www.diocese-limoges.fr\/haute-vienne\/wp-content\/uploads\/sites\/4\/2021\/01\/rrouger-montagelong.jpg","width":1024,"height":272,"caption":"Merci Raymond Rouger"},{"@type":"BreadcrumbList","@id":"https:\/\/www.diocese-limoges.fr\/haute-vienne\/actualites\/merci-pere-raymond-rouger\/#breadcrumb","itemListElement":[{"@type":"ListItem","position":1,"name":"Accueil","item":"https:\/\/www.diocese-limoges.fr\/haute-vienne\/"},{"@type":"ListItem","position":2,"name":"Merci P\u00e8re Raymond Rouger"}]},{"@type":"WebSite","@id":"https:\/\/www.diocese-limoges.fr\/haute-vienne\/#website","url":"https:\/\/www.diocese-limoges.fr\/haute-vienne\/","name":"Doyenn\u00e9s de Haute Vienne","description":"Dioc\u00e8se de Limoges","potentialAction":[{"@type":"SearchAction","target":{"@type":"EntryPoint","urlTemplate":"https:\/\/www.diocese-limoges.fr\/haute-vienne\/?s={search_term_string}"},"query-input":{"@type":"PropertyValueSpecification","valueRequired":true,"valueName":"search_term_string"}}],"inLanguage":"fr-FR"},{"@type":"Person","@id":"https:\/\/www.diocese-limoges.fr\/haute-vienne\/#\/schema\/person\/d3c609b00f4f1396745c719afc5bb856","name":"assomption","image":{"@type":"ImageObject","inLanguage":"fr-FR","@id":"https:\/\/www.diocese-limoges.fr\/haute-vienne\/#\/schema\/person\/image\/","url":"https:\/\/secure.gravatar.com\/avatar\/f2acefd1e9fc403a08150335662ec86c9ad79ed7788b5fd72e75403773bfcf35?s=96&d=mm&r=g","contentUrl":"https:\/\/secure.gravatar.com\/avatar\/f2acefd1e9fc403a08150335662ec86c9ad79ed7788b5fd72e75403773bfcf35?s=96&d=mm&r=g","caption":"assomption"},"url":"https:\/\/www.diocese-limoges.fr\/haute-vienne\/author\/assomption\/"}]}},"_links":{"self":[{"href":"https:\/\/www.diocese-limoges.fr\/haute-vienne\/wp-json\/wp\/v2\/posts\/800","targetHints":{"allow":["GET"]}}],"collection":[{"href":"https:\/\/www.diocese-limoges.fr\/haute-vienne\/wp-json\/wp\/v2\/posts"}],"about":[{"href":"https:\/\/www.diocese-limoges.fr\/haute-vienne\/wp-json\/wp\/v2\/types\/post"}],"author":[{"embeddable":true,"href":"https:\/\/www.diocese-limoges.fr\/haute-vienne\/wp-json\/wp\/v2\/users\/7"}],"replies":[{"embeddable":true,"href":"https:\/\/www.diocese-limoges.fr\/haute-vienne\/wp-json\/wp\/v2\/comments?post=800"}],"version-history":[{"count":1,"href":"https:\/\/www.diocese-limoges.fr\/haute-vienne\/wp-json\/wp\/v2\/posts\/800\/revisions"}],"predecessor-version":[{"id":802,"href":"https:\/\/www.diocese-limoges.fr\/haute-vienne\/wp-json\/wp\/v2\/posts\/800\/revisions\/802"}],"wp:featuredmedia":[{"embeddable":true,"href":"https:\/\/www.diocese-limoges.fr\/haute-vienne\/wp-json\/wp\/v2\/media\/803"}],"wp:attachment":[{"href":"https:\/\/www.diocese-limoges.fr\/haute-vienne\/wp-json\/wp\/v2\/media?parent=800"}],"wp:term":[{"taxonomy":"category","embeddable":true,"href":"https:\/\/www.diocese-limoges.fr\/haute-vienne\/wp-json\/wp\/v2\/categories?post=800"},{"taxonomy":"post_tag","embeddable":true,"href":"https:\/\/www.diocese-limoges.fr\/haute-vienne\/wp-json\/wp\/v2\/tags?post=800"}],"curies":[{"name":"wp","href":"https:\/\/api.w.org\/{rel}","templated":true}]}}